{"id":2069825,"date":"2026-07-30T00:00:00","date_gmt":"2026-07-29T21:00:00","guid":{"rendered":"https:\/\/analyse.optim.biz\/?p=2069825"},"modified":"2026-07-30T00:00:00","modified_gmt":"2026-07-29T21:00:00","slug":"consiliul-local-tulcea-aproba-implementarea-programului-masa-sanatoasa-la-liceul-tehnologic-henri-coanda","status":"publish","type":"post","link":"https:\/\/analyse.optim.biz\/?p=2069825","title":{"rendered":"Consiliul Local Tulcea aprob\u0103 implementarea programului \u201eMas\u0103 s\u0103n\u0103toas\u0103\u201d la Liceul Tehnologic \u201eHenri Coand\u0103\u201d"},"content":{"rendered":"<p>[analyse_image type=&#8221;featured&#8221; src=&#8221;https:\/\/ziaruldetulcea.ro\/wp-content\/uploads\/2026\/07\/FB_IMG_1785386373639-640&#215;300.jpg&#8221;]<\/p>\n<div class=\"post\">\n<p><img loading=\"lazy\" decoding=\"async\" class=\"alignleft size-full wp-image-43908\" src=\"https:\/\/ziaruldetulcea.ro\/wp-content\/uploads\/2026\/07\/FB_IMG_1785386373639.jpg\" alt width=\"960\" height=\"955\">Elevii Liceului Tehnologic \u201eHenri Coand\u0103\u201d din Tulcea vor beneficia, \u0219i \u00een anul \u0219colar 2026-2027, de un suport alimentar prin Programul na\u021bional \u201eMas\u0103 s\u0103n\u0103toas\u0103\u201d, \u00een baza unui proiect de hot\u0103r\u00e2re aflat pe ordinea de zi a \u0219edin\u021bei Consiliului Local Municipal Tulcea.<\/p>\n<p>Potrivit documenta\u021biei, municipalitatea va aproba m\u0103surile necesare pentru implementarea programului, precum \u0219i modalitatea de distribuire a pachetelor alimentare c\u0103tre elevi. Valoarea maxim\u0103 a unui suport alimentar este de <strong>16,5 lei pe beneficiar, pe zi<\/strong>, f\u0103r\u0103 TVA, \u00een limita fondurilor alocate de Guvern.<\/p>\n<h3>Peste 800 de elevi vor beneficia de program<\/h3>\n<p>Conform raportului de specialitate, <strong>810 elevi<\/strong> ai Liceului Tehnologic \u201eHenri Coand\u0103\u201d sunt inclu\u0219i \u00een program. Ace\u0219tia sunt repartiza\u021bi astfel:<\/p>\n<ul>\n<li>93 elevi din \u00eenv\u0103\u021b\u0103m\u00e2ntul primar;<\/li>\n<li>99 elevi din gimnaziu;<\/li>\n<li>437 elevi din liceu;<\/li>\n<li>71 elevi din \u00eenv\u0103\u021b\u0103m\u00e2ntul profesional;<\/li>\n<li>110 elevi din \u00eenv\u0103\u021b\u0103m\u00e2ntul postliceal.<\/li>\n<\/ul>\n<p>Pentru elevii care au restric\u021bii alimentare din motive medicale sau religioase vor fi preg\u0103tite meniuri adaptate, pe baza documentelor justificative depuse de p\u0103rin\u021bi sau elevii majori.<\/p>\n<h3>Pachetele alimentare vor fi distribuite zilnic<\/h3>\n<p>Programul prevede distribuirea zilnic\u0103 a unui pachet alimentar, \u00een timpul pauzelor, conform unui orar stabilit de unitatea de \u00eenv\u0103\u021b\u0103m\u00e2nt. Recep\u021bia \u0219i distribuirea vor fi realizate de personal desemnat, iar livrarea va fi organizat\u0103 astfel \u00eenc\u00e2t produsele s\u0103 fie consumate \u00een condi\u021bii de siguran\u021b\u0103 alimentar\u0103.<\/p>\n<p>Responsabilii programului vor transmite zilnic num\u0103rul elevilor prezen\u021bi, pentru ca furnizorul s\u0103 preg\u0103teasc\u0103 exact num\u0103rul necesar de pachete alimentare.<\/p>\n<h3>Scopul programului<\/h3>\n<p>Reprezentan\u021bii Prim\u0103riei Tulcea arat\u0103 c\u0103 Programul na\u021bional \u201eMas\u0103 s\u0103n\u0103toas\u0103\u201d urm\u0103re\u0219te cre\u0219terea particip\u0103rii copiilor la procesul educa\u021bional, reducerea abandonului \u0219colar \u0219i promovarea unor obiceiuri alimentare s\u0103n\u0103toase. Programul este finan\u021bat din fonduri de la bugetul de stat, iar autorit\u0103\u021bile locale asigur\u0103 implementarea acestuia la nivelul unit\u0103\u021bii de \u00eenv\u0103\u021b\u0103m\u00e2nt.<\/p>\n<p>Proiectul de hot\u0103r\u00e2re urmeaz\u0103 s\u0103 fie supus aprob\u0103rii Consiliului Local Tulcea \u00een \u0219edin\u021ba ordinar\u0103 de azi 30 iulie 2026.<\/p>\n<\/div>\n<p>[analyse_source url=&#8221;https:\/\/ziaruldetulcea.ro\/consiliul-local-tulcea-aproba-implementarea-programului-masa-sanatoasa-la-liceul-tehnologic-henri-coanda\/&#8221;]<\/p>\n","protected":false},"excerpt":{"rendered":"<p>[analyse_image type=&#8221;featured&#8221; src=&#8221;https:\/\/ziaruldetulcea.ro\/wp-content\/uploads\/2026\/07\/FB_IMG_1785386373639-640&#215;300.jpg&#8221;] Elevii Liceului Tehnologic \u201eHenri Coand\u0103\u201d din Tulcea vor beneficia, \u0219i \u00een anul \u0219colar 2026-2027, de un suport alimentar prin Programul na\u021bional \u201eMas\u0103 s\u0103n\u0103toas\u0103\u201d, \u00een baza unui proiect de hot\u0103r\u00e2re aflat pe ordinea de zi a \u0219edin\u021bei Consiliului Local Municipal Tulcea. Potrivit documenta\u021biei, municipalitatea va aproba m\u0103surile necesare pentru implementarea programului, precum \u0219i [&hellip;]<\/p>\n","protected":false},"author":1,"featured_media":0,"comment_status":"open","ping_status":"","sticky":false,"template":"","format":"standard","meta":{"footnotes":""},"categories":[89],"tags":[226,205],"class_list":["post-2069825","post","type-post","status-publish","format-standard","hentry","category-romania","tag-crawlmanager","tag-ziaruldetulcea-ro"],"_links":{"self":[{"href":"https:\/\/analyse.optim.biz\/index.php?rest_route=\/wp\/v2\/posts\/2069825","targetHints":{"allow":["GET"]}}],"collection":[{"href":"https:\/\/analyse.optim.biz\/index.php?rest_route=\/wp\/v2\/posts"}],"about":[{"href":"https:\/\/analyse.optim.biz\/index.php?rest_route=\/wp\/v2\/types\/post"}],"author":[{"embeddable":true,"href":"https:\/\/analyse.optim.biz\/index.php?rest_route=\/wp\/v2\/users\/1"}],"replies":[{"embeddable":true,"href":"https:\/\/analyse.optim.biz\/index.php?rest_route=%2Fwp%2Fv2%2Fcomments&post=2069825"}],"version-history":[{"count":0,"href":"https:\/\/analyse.optim.biz\/index.php?rest_route=\/wp\/v2\/posts\/2069825\/revisions"}],"wp:attachment":[{"href":"https:\/\/analyse.optim.biz\/index.php?rest_route=%2Fwp%2Fv2%2Fmedia&parent=2069825"}],"wp:term":[{"taxonomy":"category","embeddable":true,"href":"https:\/\/analyse.optim.biz\/index.php?rest_route=%2Fwp%2Fv2%2Fcategories&post=2069825"},{"taxonomy":"post_tag","embeddable":true,"href":"https:\/\/analyse.optim.biz\/index.php?rest_route=%2Fwp%2Fv2%2Ftags&post=2069825"}],"curies":[{"name":"wp","href":"https:\/\/api.w.org\/{rel}","templated":true}]}}