{"id":206974,"date":"2014-04-26T15:33:32","date_gmt":"2014-04-26T12:33:32","guid":{"rendered":"https:\/\/analyse.optim.biz\/?p=206974"},"modified":"2014-04-26T15:33:32","modified_gmt":"2014-04-26T12:33:32","slug":"crin-antonescu-am-facut-un-compromis-cu-omuletul-cu-barcuta","status":"publish","type":"post","link":"https:\/\/analyse.optim.biz\/?p=206974","title":{"rendered":"Crin Antonescu: Am f\u0103cut un compromis cu omule\u0163ul cu b\u0103rcu\u0163a"},"content":{"rendered":"<div class=\"entry data-app-meta data-app-meta-article\" data-embed-base-url-canonical=\"https:\/\/www.digi24.ro\/embed\/stiri\/actualitate\/politica\/crin-antonescu-am-facut-un-compromis-cu-omuletul-cu-barcuta-235007\">\n<p data-index=\"1\">Declara\u0163ia a fost f\u0103cut\u0103 \u00een fa\u0163a primarilor \u015fi a pre\u015fedin\u0163ilor de consilii jude\u0163ene liberali, c\u0103rora \u015feful partidului le-a cerut s\u0103 fac\u0103 tot posibilul \u00een aceast\u0103 campanie electoral\u0103.<\/p>\n<p data-index=\"2\">Crin Antonescu a lansat \u015fi o serie de atacuri dure la adresa fo\u015ftilor parteneri de guvernare, \u00een special a lui Victor Ponta: \u201eEu cred c\u0103 vrem s\u0103 tr\u0103im \u00een UE \u015fi o majoritate a rom\u00e2nilor vor asta \u015fi nu \u00een republica lui Maz\u0103re a lui Duicu, nu \u00een republica lui Ponta care de unde am pornit a\u015fa cum \u015fti\u0163i, azi seam\u0103n\u0103 din ce \u00een ce mai tare cu ce avea mai r\u0103u N\u0103stase \u00een 2003\u201d.<\/p>\n<p data-index=\"3\">Crin Antonescu nu a ratat ocazia de a ironiza vizita cu barca a lui <strong>Victor Ponta<\/strong> \u00een jude\u0163ul Teleorman, c\u00e2nd premierul i s-a adresat ministrului apelor, Doina Pan\u0103, cu apelativul \u201ef\u0103\u201d.<\/p>\n<p data-index=\"4\">\u201e<strong>Am f\u0103cut un compromis cu omule\u0163ul cu b\u0103rcu\u0163a. C\u00e2nd am v\u0103zut c\u0103 mint, am rupt-o \u015fi nu o vom reface (alian\u0163a \u2013 n.r.). Pentru asta nu e suficient s\u0103 nu mai avem de-a face cu oameni care vin pe vapoare \u015fi pleac\u0103 cu b\u0103rcu\u0163e, pentru asta trebuie s\u0103 avem propriul nostru mijloc de transport<\/strong>\u201d, a spus <strong>Crin Antonescu<\/strong>.<\/p>\n<p data-index=\"5\">Nici fostul pre\u015fedinte al PNL, C\u0103lin Popescu T\u0103riceanu, care a demisionat din PNL \u015fi a fost ales pre\u015fedintele Senatului cu sprijinul PSD, nu a sc\u0103pat de atacurile lui Crin Antonescu.<\/p>\n<p data-index=\"6\">\u201e<strong>T\u0103riceanu, din pre\u015fedinte al acestui partid a ales s\u0103 fie majordom la casa S\u00e2rbu, asta e. E \u00een politic\u0103, dar nu face politic\u0103<\/strong>\u201d, a spus liderul PNL.<\/p>\n<p data-index=\"7\">La final, acesta i-a anun\u0163at pe ale\u015fii locali ai partidului \u0163inta pentru europarlamentare: ob\u0163inerea a minimum un sfert din totalul voturilor.<\/p>\n<p data-index=\"8\">\u201ePNL \u015fi-a stabilit o \u0163int\u0103 de 25% la aceste alegeri \u015fi am spus \u015fi spun c\u0103 e o \u0163int\u0103 realist\u0103 \u015fi c\u0103 ipoteza vehiculat\u0103 c\u0103 am ob\u0163ine sub 20%, \u00eemi depun mandatul de pre\u015fedinte, adic\u0103 demisionez. Suntem oameni serio\u015fi, la noi onoarea e individual\u0103, nu colectiv\u0103 ca la PSD\u201d, a declarat Crin Antonescu.<\/p>\n<p data-index=\"9\">Potrivit sondajelor de opinie la nivel european, PNL este creditat abia cu 15,9% din sufragii, rezultat care s-ar traduce \u00een \u015fase mandate de europarlamentar.<\/p>\n<p data-index=\"10\">La alegerile din 2009, liberalii au ob\u0163inut chiar mai pu\u0163in, 14,5% din voturi \u015fi cinci eurodeputa\u0163i. \u00a0<\/p>\n<\/div>\n<p> Source URL: https:\/\/www.digi24.ro\/stiri\/actualitate\/politica\/crin-antonescu-am-facut-un-compromis-cu-omuletul-cu-barcuta-235007<\/p>\n","protected":false},"excerpt":{"rendered":"<p>Declara\u0163ia a fost f\u0103cut\u0103 \u00een fa\u0163a primarilor \u015fi a pre\u015fedin\u0163ilor de consilii jude\u0163ene liberali, c\u0103rora \u015feful partidului le-a cerut s\u0103 fac\u0103 tot posibilul \u00een aceast\u0103 campanie electoral\u0103. Crin Antonescu a lansat \u015fi o serie de atacuri dure la adresa fo\u015ftilor parteneri de guvernare, \u00een special a lui Victor Ponta: \u201eEu cred c\u0103 vrem s\u0103 tr\u0103im [&hellip;]<\/p>\n","protected":false},"author":1,"featured_media":206975,"comment_status":"open","ping_status":"","sticky":false,"template":"","format":"standard","meta":{"footnotes":""},"categories":[2],"tags":[11],"class_list":["post-206974","post","type-post","status-publish","format-standard","has-post-thumbnail","hentry","category-politics","tag-digi24"],"_links":{"self":[{"href":"https:\/\/analyse.optim.biz\/index.php?rest_route=\/wp\/v2\/posts\/206974","targetHints":{"allow":["GET"]}}],"collection":[{"href":"https:\/\/analyse.optim.biz\/index.php?rest_route=\/wp\/v2\/posts"}],"about":[{"href":"https:\/\/analyse.optim.biz\/index.php?rest_route=\/wp\/v2\/types\/post"}],"author":[{"embeddable":true,"href":"https:\/\/analyse.optim.biz\/index.php?rest_route=\/wp\/v2\/users\/1"}],"replies":[{"embeddable":true,"href":"https:\/\/analyse.optim.biz\/index.php?rest_route=%2Fwp%2Fv2%2Fcomments&post=206974"}],"version-history":[{"count":0,"href":"https:\/\/analyse.optim.biz\/index.php?rest_route=\/wp\/v2\/posts\/206974\/revisions"}],"wp:featuredmedia":[{"embeddable":true,"href":"https:\/\/analyse.optim.biz\/index.php?rest_route=\/wp\/v2\/media\/206975"}],"wp:attachment":[{"href":"https:\/\/analyse.optim.biz\/index.php?rest_route=%2Fwp%2Fv2%2Fmedia&parent=206974"}],"wp:term":[{"taxonomy":"category","embeddable":true,"href":"https:\/\/analyse.optim.biz\/index.php?rest_route=%2Fwp%2Fv2%2Fcategories&post=206974"},{"taxonomy":"post_tag","embeddable":true,"href":"https:\/\/analyse.optim.biz\/index.php?rest_route=%2Fwp%2Fv2%2Ftags&post=206974"}],"curies":[{"name":"wp","href":"https:\/\/api.w.org\/{rel}","templated":true}]}}