{"id":206963,"date":"2014-04-26T17:55:15","date_gmt":"2014-04-26T14:55:15","guid":{"rendered":"https:\/\/analyse.optim.biz\/?p=206963"},"modified":"2014-04-26T17:55:15","modified_gmt":"2014-04-26T14:55:15","slug":"martin-schulz-am-fost-surprins-de-observatiile-lui-traian-basescu-o-sa-il-intreb-personal-ce-a-vrut-sa-spuna","status":"publish","type":"post","link":"https:\/\/analyse.optim.biz\/?p=206963","title":{"rendered":"Martin Schulz: Am fost surprins de observa\u0163iile lui Traian B\u0103sescu, o s\u0103 \u00eel \u00eentreb personal ce a vrut s\u0103 spun\u0103"},"content":{"rendered":"<div class=\"entry data-app-meta data-app-meta-article\" data-embed-base-url-canonical=\"https:\/\/www.digi24.ro\/embed\/stiri\/actualitate\/politica\/martin-schulz-am-fost-surprins-de-observatiile-lui-traian-basescu-o-sa-il-intreb-personal-ce-a-vrut-sa-spuna-235034\">\n<p data-index=\"1\"><strong>Martin Schulz<\/strong> s-a ar\u0103tat surprins de afirma\u0163iile lui <strong>Traian B\u0103sescu<\/strong>. Oficialul european i-a cerut pre\u015fedintelui Rom\u00e2niei s\u0103 reciteasc\u0103 declara\u0163ia f\u0103cut\u0103 privind anexarea Crimeei.<\/p>\n<p data-index=\"2\">\u201e<span>Sunt pu\u0163in surprins de ce a spus despre mine. O s\u0103 \u00eel \u00eentreb personal ce se ascunde \u00een spatele acestor declara\u0163ii. Anexarea Crimeei este o \u00eenc\u0103lcare teribil\u0103 a legilor interna\u0163ionale. Rusia este obligat\u0103 s\u0103 respecte regulile interna\u0163ionale \u015fi ei le-au \u00eenc\u0103lcat. Astfel c\u0103 sanc\u0163iunile sunt justificate. Am ad\u0103ugat c\u0103 trebuie s\u0103 c\u0103ut\u0103m solu\u0163ii diplomatice. Dac\u0103 va exista o nou\u0103 amenin\u0163are, la adresa Republicii Moldova sau asupra altor state, ar trebui s\u0103 cre\u015ftem sanc\u0163iunile. Asta am spus. Dar poate c\u0103 nu a citit cu aten\u0163ie \u015fi \u00ee\u015fi va acorda timp s\u0103 citeasc\u0103 din nou\u201d, a r\u0103spuns <strong>Martin Schulz<\/strong>, pre\u0219edintele Parlamentului European, la \u00eentrebarea reporterului Digi24 Alina Manolache.<\/span><\/p>\n<p data-index=\"3\">Reac\u0163ia pre\u015fedintelui Parlamentului European vine dup\u0103 ce <strong>Traian B\u0103sescu<\/strong> a criticat dur atitudinea liderului sociali\u015ftilor europeni.<\/p>\n<p data-index=\"4\">\u201ePentru domnul Schulz, anexarea Crimeei era un fapt \u00eemplinit \u0219i asta e \u0219i trebuie s\u0103 fim lini\u0219ti\u021bi. Probabil aceea\u0219i abordare va avea dac\u0103 se \u00eent\u00e2mpl\u0103 \u0219i alte evolu\u021bii negative \u00een defavoarea Rom\u00e2niei\u201d, <a href=\"https:\/\/www.digi24.ro\/Stiri\/Digi24\/Actualitate\/Politica\/ANALIZA+Tribuna+institutiilor+statului+folosita+pentru+contre+po\" target=\"_blank\" data-skip-linkfix=\"1\" rel=\"noopener\">a declarat Traian B\u0103sescu<\/a>, pre\u015fedintele Rom\u00e2niei.<\/p>\n<p data-index=\"5\">Pre\u015fedintele a explicat c\u0103 se poate face o dezbatere pe acest\u0103 tem\u0103, dac\u0103 este \u00een avantajul \u0163\u0103rii noastre s\u0103 avem un pre\u015fedinte al Comisiei Europene socialist sau din spectrul Partidului Popular European.\u00a0<\/p>\n<\/div>\n<p> Source URL: https:\/\/www.digi24.ro\/stiri\/actualitate\/politica\/martin-schulz-am-fost-surprins-de-observatiile-lui-traian-basescu-o-sa-il-intreb-personal-ce-a-vrut-sa-spuna-235034<\/p>\n","protected":false},"excerpt":{"rendered":"<p>Martin Schulz s-a ar\u0103tat surprins de afirma\u0163iile lui Traian B\u0103sescu. Oficialul european i-a cerut pre\u015fedintelui Rom\u00e2niei s\u0103 reciteasc\u0103 declara\u0163ia f\u0103cut\u0103 privind anexarea Crimeei. \u201eSunt pu\u0163in surprins de ce a spus despre mine. O s\u0103 \u00eel \u00eentreb personal ce se ascunde \u00een spatele acestor declara\u0163ii. Anexarea Crimeei este o \u00eenc\u0103lcare teribil\u0103 a legilor interna\u0163ionale. Rusia este [&hellip;]<\/p>\n","protected":false},"author":1,"featured_media":206964,"comment_status":"open","ping_status":"","sticky":false,"template":"","format":"standard","meta":{"footnotes":""},"categories":[2],"tags":[11],"class_list":["post-206963","post","type-post","status-publish","format-standard","has-post-thumbnail","hentry","category-politics","tag-digi24"],"_links":{"self":[{"href":"https:\/\/analyse.optim.biz\/index.php?rest_route=\/wp\/v2\/posts\/206963","targetHints":{"allow":["GET"]}}],"collection":[{"href":"https:\/\/analyse.optim.biz\/index.php?rest_route=\/wp\/v2\/posts"}],"about":[{"href":"https:\/\/analyse.optim.biz\/index.php?rest_route=\/wp\/v2\/types\/post"}],"author":[{"embeddable":true,"href":"https:\/\/analyse.optim.biz\/index.php?rest_route=\/wp\/v2\/users\/1"}],"replies":[{"embeddable":true,"href":"https:\/\/analyse.optim.biz\/index.php?rest_route=%2Fwp%2Fv2%2Fcomments&post=206963"}],"version-history":[{"count":0,"href":"https:\/\/analyse.optim.biz\/index.php?rest_route=\/wp\/v2\/posts\/206963\/revisions"}],"wp:featuredmedia":[{"embeddable":true,"href":"https:\/\/analyse.optim.biz\/index.php?rest_route=\/wp\/v2\/media\/206964"}],"wp:attachment":[{"href":"https:\/\/analyse.optim.biz\/index.php?rest_route=%2Fwp%2Fv2%2Fmedia&parent=206963"}],"wp:term":[{"taxonomy":"category","embeddable":true,"href":"https:\/\/analyse.optim.biz\/index.php?rest_route=%2Fwp%2Fv2%2Fcategories&post=206963"},{"taxonomy":"post_tag","embeddable":true,"href":"https:\/\/analyse.optim.biz\/index.php?rest_route=%2Fwp%2Fv2%2Ftags&post=206963"}],"curies":[{"name":"wp","href":"https:\/\/api.w.org\/{rel}","templated":true}]}}