{"id":2069432,"date":"2026-07-29T09:12:07","date_gmt":"2026-07-29T06:12:07","guid":{"rendered":"https:\/\/analyse.optim.biz\/?p=2069432"},"modified":"2026-07-29T09:12:07","modified_gmt":"2026-07-29T06:12:07","slug":"continua-lucrarile-la-cresa-din-liteni-aceasta-va-putea-primi-40-de-copii-cu-virste-cuprinse-intre-1-si-3-ani","status":"publish","type":"post","link":"https:\/\/analyse.optim.biz\/?p=2069432","title":{"rendered":"Continu\u0103 lucr\u0103rile la cre\u0219a din Liteni. Aceasta va putea primi 40 de copii cu v\u00eerste cuprinse \u00eentre 1 \u0219i 3 ani"},"content":{"rendered":"<p>[analyse_image type=&#8221;featured&#8221; src=&#8221;https:\/\/www.radiotop.ro\/img\/media\/2026\/07\/cresa-liteni-macheta.jpg&#8221;]<\/p>\n<div class=\"entry-content no-share\">\n<div class=\"content-inner \">\n<p>Continu\u0103 lucr\u0103rile la \u201dCre\u0219\u0103 mic\u0103 cu 4 grupe\u201d din ora\u0219ul Liteni. \u00a0Conform primarului Tomi\u021b\u0103 Onisii, \u201dcl\u0103direa, cu o suprafa\u021b\u0103 desf\u0103\u0219urat\u0103 de aproximativ 1.250 de metri p\u0103tra\u021bi, este proiectat\u0103 la standarde actuale pentru un consum redus de energie. Va beneficia de panouri fotovoltaice, panouri solare pentru ap\u0103 cald\u0103, sisteme moderne de \u00eenc\u0103lzire (\u00een pardoseal\u0103) \u0219i ventila\u021bie, izola\u021bie performant\u0103 \u0219i spa\u021bii luminoase, sigure \u0219i prietenoase\u201d. Cre\u0219a va avea dormitoare, grupuri sanitare dedicate copiilor, cabinet medical, buc\u0103t\u0103rie, sp\u0103l\u0103torie, spa\u021bii administrative \u0219i tehnice, precum \u0219i un loc de joac\u0103 exterior cu o suprafa\u021b\u0103 generoas\u0103.<\/p>\n<p>Primarul spune c\u0103 la cre\u0219\u0103 vor putea fi primi\u021bi 40 de copii cu v\u00eerste cuprinse \u00eentre 1 \u0219i 3 ani.<\/p>\n<\/div>\n<\/div>\n<div class=\"content-inner \">\n<p>Continu\u0103 lucr\u0103rile la \u201dCre\u0219\u0103 mic\u0103 cu 4 grupe\u201d din ora\u0219ul Liteni. \u00a0Conform primarului Tomi\u021b\u0103 Onisii, \u201dcl\u0103direa, cu o suprafa\u021b\u0103 desf\u0103\u0219urat\u0103 de aproximativ 1.250 de metri p\u0103tra\u021bi, este proiectat\u0103 la standarde actuale pentru un consum redus de energie. Va beneficia de panouri fotovoltaice, panouri solare pentru ap\u0103 cald\u0103, sisteme moderne de \u00eenc\u0103lzire (\u00een pardoseal\u0103) \u0219i ventila\u021bie, izola\u021bie performant\u0103 \u0219i spa\u021bii luminoase, sigure \u0219i prietenoase\u201d. Cre\u0219a va avea dormitoare, grupuri sanitare dedicate copiilor, cabinet medical, buc\u0103t\u0103rie, sp\u0103l\u0103torie, spa\u021bii administrative \u0219i tehnice, precum \u0219i un loc de joac\u0103 exterior cu o suprafa\u021b\u0103 generoas\u0103.<\/p>\n<p>Primarul spune c\u0103 la cre\u0219\u0103 vor putea fi primi\u021bi 40 de copii cu v\u00eerste cuprinse \u00eentre 1 \u0219i 3 ani.<\/p>\n<\/div>\n<p>[analyse_source url=&#8221;https:\/\/www.radiotop.ro\/actualitate\/continua-lucrarile-la-cresa-din-liteni-aceasta-va-putea-primi-40-de-copii-cu-virste-cuprinse-intre-1-si-3-ani.html&#8221;]<\/p>\n","protected":false},"excerpt":{"rendered":"<p>[analyse_image type=&#8221;featured&#8221; src=&#8221;https:\/\/www.radiotop.ro\/img\/media\/2026\/07\/cresa-liteni-macheta.jpg&#8221;] Continu\u0103 lucr\u0103rile la \u201dCre\u0219\u0103 mic\u0103 cu 4 grupe\u201d din ora\u0219ul Liteni. \u00a0Conform primarului Tomi\u021b\u0103 Onisii, \u201dcl\u0103direa, cu o suprafa\u021b\u0103 desf\u0103\u0219urat\u0103 de aproximativ 1.250 de metri p\u0103tra\u021bi, este proiectat\u0103 la standarde actuale pentru un consum redus de energie. Va beneficia de panouri fotovoltaice, panouri solare pentru ap\u0103 cald\u0103, sisteme moderne de \u00eenc\u0103lzire (\u00een [&hellip;]<\/p>\n","protected":false},"author":1,"featured_media":0,"comment_status":"open","ping_status":"","sticky":false,"template":"","format":"standard","meta":{"footnotes":""},"categories":[89],"tags":[226,163],"class_list":["post-2069432","post","type-post","status-publish","format-standard","hentry","category-romania","tag-crawlmanager","tag-radiotop-ro"],"_links":{"self":[{"href":"https:\/\/analyse.optim.biz\/index.php?rest_route=\/wp\/v2\/posts\/2069432","targetHints":{"allow":["GET"]}}],"collection":[{"href":"https:\/\/analyse.optim.biz\/index.php?rest_route=\/wp\/v2\/posts"}],"about":[{"href":"https:\/\/analyse.optim.biz\/index.php?rest_route=\/wp\/v2\/types\/post"}],"author":[{"embeddable":true,"href":"https:\/\/analyse.optim.biz\/index.php?rest_route=\/wp\/v2\/users\/1"}],"replies":[{"embeddable":true,"href":"https:\/\/analyse.optim.biz\/index.php?rest_route=%2Fwp%2Fv2%2Fcomments&post=2069432"}],"version-history":[{"count":0,"href":"https:\/\/analyse.optim.biz\/index.php?rest_route=\/wp\/v2\/posts\/2069432\/revisions"}],"wp:attachment":[{"href":"https:\/\/analyse.optim.biz\/index.php?rest_route=%2Fwp%2Fv2%2Fmedia&parent=2069432"}],"wp:term":[{"taxonomy":"category","embeddable":true,"href":"https:\/\/analyse.optim.biz\/index.php?rest_route=%2Fwp%2Fv2%2Fcategories&post=2069432"},{"taxonomy":"post_tag","embeddable":true,"href":"https:\/\/analyse.optim.biz\/index.php?rest_route=%2Fwp%2Fv2%2Ftags&post=2069432"}],"curies":[{"name":"wp","href":"https:\/\/api.w.org\/{rel}","templated":true}]}}