{"id":2069429,"date":"2026-07-28T11:37:47","date_gmt":"2026-07-28T08:37:47","guid":{"rendered":"https:\/\/analyse.optim.biz\/?p=2069429"},"modified":"2026-07-28T11:37:47","modified_gmt":"2026-07-28T08:37:47","slug":"un-an-de-la-inundatiile-catastrofale-de-la-brosteni-gheorghe-soldan-inundatiile-de-la-brosteni-vor-ramine-in-memoria-noastra-ca-o-tragedie-dar-si-ca-una-dintre-cele-mai-puternice-lectii-de","status":"publish","type":"post","link":"https:\/\/analyse.optim.biz\/?p=2069429","title":{"rendered":"Un an de la inunda\u021biile catastrofale de la Bro\u0219teni. Gheorghe \u0218oldan: \u201dInunda\u021biile de la Bro\u0219teni vor r\u0103m\u00eene \u00een memoria noastr\u0103 ca o tragedie, dar \u0219i ca una dintre cele mai puternice lec\u021bii de solidaritate\u201d"},"content":{"rendered":"<p>[analyse_image type=&#8221;featured&#8221; src=&#8221;https:\/\/www.radiotop.ro\/img\/media\/2026\/07\/brosteni-inundatii-reconstructie-1.jpg&#8221;]<\/p>\n<div class=\"entry-content no-share\">\n<div class=\"content-inner \">\n<p>La un an de la inunda\u021biile catastrofale care au lovit ora\u0219ul Bro\u0219teni, pre\u0219edintele Consiliului Jude\u021bean Suceava a transmis un comunicat de pres\u0103 pe care \u00eel prezent\u0103m integral:<\/p>\n<p>\u00cen doar c\u00e2teva ore, ploile toren\u021biale au f\u0103cut ca r\u00e2ul Neagra s\u0103 ajung\u0103 la un debit istoric de 280 de metri cubi pe secund\u0103, de peste 70 de ori mai mare dec\u00e2t debitul s\u0103u mediu, de 3,83 metri cubi pe secund\u0103.<\/p>\n<p>Viitura le-a luat oamenilor tot: persoane dragi, case, anexe, magazine, ma\u0219ini, drumuri. Tot.<\/p>\n<p>\u00cenc\u0103 din primele ore am intervenit al\u0103turi de prefectul de atunci, Traian Andronachi, iar s\u0103pt\u0103m\u00e2ni la r\u00e2nd am fost aproape zilnic la Bro\u0219teni.<\/p>\n<p>Am spus atunci c\u0103 vom reconstrui tot ce au distrus apele.<\/p>\n<p>La c\u00e2teva s\u0103pt\u0103m\u00e2ni de la potop, nu mai era niciun drum \u00eenchis, re\u021belele de ap\u0103 \u0219i electricitate erau ref\u0103cute, iar circula\u021bia fusese restabilit\u0103 pe toate drumurile jude\u021bene afectate. Am alocat peste 20 de milioane de lei pentru refacerea zonei \u0219i sprijinirea comunit\u0103\u021bilor lovite de inunda\u021bii.<\/p>\n<p>Pe DJ 177A, \u00eentre Stulpicani, Ostra \u0219i Bro\u0219teni, drumul a fost cur\u0103\u021bat de aluviuni, iar por\u021biunile distruse au fost ref\u0103cute, inclusiv funda\u021bia \u0219i asfaltul.<\/p>\n<p>Pe DJ 174 \u0219i DJ 174E, \u00eentre Neagra \u0219i D\u00e2rmoxa, au fost \u00eenl\u0103turate aluviunile, cioatele \u0219i resturile aduse de viitur\u0103. Pe mai mul\u021bi kilometri, drumul a fost ref\u0103cut de la baz\u0103, au fost reparate c\u0103ile de acces la dou\u0103 poduri \u0219i au fost amenajate treceri provizorii \u00een locurile \u00een care podurile au fost distruse.<\/p>\n<p>Bro\u0219teniul a devenit \u00een scurt timp un uria\u0219 \u0219antier al solidarit\u0103\u021bii.<\/p>\n<p>Mii de oameni au venit s\u0103 ajute, s\u0103 cure\u021be, s\u0103 reconstruiasc\u0103 \u0219i s\u0103 le fie al\u0103turi celor lovi\u021bi de necaz. Al\u021bii, din jude\u021bul Suceava \u0219i din \u00eentreaga \u021bar\u0103, au donat sau au sprijinit comunitatea at\u00e2t c\u00e2t au putut.<\/p>\n<p>Consilii jude\u021bene, comunit\u0103\u021bi locale, primari, asocia\u021bii, ONG-uri, culte religioase, firme \u0219i oameni simpli \u0219i-au unit for\u021bele. La Bro\u0219teni, Rom\u00e2nia a ar\u0103tat c\u00e2t de puternic\u0103 poate fi atunci c\u00e2nd oamenii las\u0103 diferen\u021bele deoparte.<\/p>\n<p>\u201eAm sim\u021bit c\u0103 nu suntem singuri\u201d, mi-au spus mul\u021bi oameni din Bro\u0219teni.<\/p>\n<p>Acesta este, p\u00e2n\u0103 la urm\u0103, rostul nostru, al autorit\u0103\u021bilor, dar \u0219i al fiec\u0103ruia dintre noi: \u00een fa\u021ba necazului, oamenii s\u0103 simt\u0103 c\u0103 nu sunt singuri \u0219i c\u0103 nu au fost abandona\u021bi.<\/p>\n<p>La un an distan\u021b\u0103, zona Neagra, cea mai puternic afectat\u0103, este de nerecunoscut. Au r\u0103mas pu\u021bine urme care s\u0103 aminteasc\u0103 de potopul \u00een timpul c\u0103ruia elicopterele SMURD salvau oameni din mijlocul puhoaielor.<\/p>\n<p>Ast\u0103zi, multe case sunt reconstruite, altele sunt \u00eenc\u0103 \u00een lucru, drumurile sunt deschise, iar via\u021ba comunit\u0103\u021bii a revenit la normal. Mai sunt lucruri de f\u0103cut, dar diferen\u021ba fa\u021b\u0103 de imaginile de acum un an este uria\u0219\u0103.<\/p>\n<p>Oamenii nu vor uita \u00eens\u0103 niciodat\u0103 noaptea aceea \u0219i nici m\u00e2inile care s-au \u00eentins spre ei \u00een zilele care au urmat.<\/p>\n<p>\u00cen paralel cu interven\u021biile de urgen\u021b\u0103, am preg\u0103tit reconstruc\u021bia definitiv\u0103 a drumurilor DJ 174 \u0219i DJ 174E. Au fost realizate documenta\u021biile pentru refacerea \u0219i modernizarea, din fonduri europene nerambursabile, a 26 de kilometri de drum, 99 de pode\u021be \u0219i \u0219ase poduri. Tot ce a distrus apa va fi reconstruit mai sigur \u0219i mai rezistent.<\/p>\n<p>Un rol important l-a avut \u0219i Administra\u021bia Bazinal\u0103 de Ap\u0103 Siret, care a cur\u0103\u021bat \u0219i reconfigurat albia r\u00e2ului Neagra.<\/p>\n<p>\u00cen acela\u0219i timp, continu\u0103 investi\u021biile pentru refacerea ap\u0103r\u0103rilor de mal \u0219i reducerea riscului unor noi inunda\u021bii.<\/p>\n<p>Inunda\u021biile de la Bro\u0219teni vor r\u0103m\u00e2ne \u00een memoria noastr\u0103 ca o tragedie, dar \u0219i ca una dintre cele mai puternice lec\u021bii de solidaritate.<\/p>\n<p>Am demonstrat c\u0103, dincolo de avere, credin\u021b\u0103, organiza\u021bie, partid sau jude\u021b, \u00eempreun\u0103 putem forma cel mai puternic baraj \u00een fa\u021ba oric\u0103rei nenorociri.<\/p>\n<p>\u00cen numele sucevenilor \u0219i al tuturor comunit\u0103\u021bilor afectate, le mul\u021bumesc celor care au fost al\u0103turi de noi: celor care au salvat vie\u021bi, au cur\u0103\u021bat noroiul, au adus ap\u0103, hran\u0103 \u0219i materiale de construc\u021bie, au reconstruit case, au donat sau au ar\u0103tat, pur \u0219i simplu, c\u0103 le pas\u0103 \u0219i c\u0103 nu r\u0103m\u00e2n indiferen\u021bi.<\/p>\n<\/div>\n<\/div>\n<div class=\"content-inner \">\n<p>La un an de la inunda\u021biile catastrofale care au lovit ora\u0219ul Bro\u0219teni, pre\u0219edintele Consiliului Jude\u021bean Suceava a transmis un comunicat de pres\u0103 pe care \u00eel prezent\u0103m integral:<\/p>\n<p>\u00cen doar c\u00e2teva ore, ploile toren\u021biale au f\u0103cut ca r\u00e2ul Neagra s\u0103 ajung\u0103 la un debit istoric de 280 de metri cubi pe secund\u0103, de peste 70 de ori mai mare dec\u00e2t debitul s\u0103u mediu, de 3,83 metri cubi pe secund\u0103.<\/p>\n<p>Viitura le-a luat oamenilor tot: persoane dragi, case, anexe, magazine, ma\u0219ini, drumuri. Tot.<\/p>\n<p>\u00cenc\u0103 din primele ore am intervenit al\u0103turi de prefectul de atunci, Traian Andronachi, iar s\u0103pt\u0103m\u00e2ni la r\u00e2nd am fost aproape zilnic la Bro\u0219teni.<\/p>\n<p>Am spus atunci c\u0103 vom reconstrui tot ce au distrus apele.<\/p>\n<p>La c\u00e2teva s\u0103pt\u0103m\u00e2ni de la potop, nu mai era niciun drum \u00eenchis, re\u021belele de ap\u0103 \u0219i electricitate erau ref\u0103cute, iar circula\u021bia fusese restabilit\u0103 pe toate drumurile jude\u021bene afectate. Am alocat peste 20 de milioane de lei pentru refacerea zonei \u0219i sprijinirea comunit\u0103\u021bilor lovite de inunda\u021bii.<\/p>\n<p>Pe DJ 177A, \u00eentre Stulpicani, Ostra \u0219i Bro\u0219teni, drumul a fost cur\u0103\u021bat de aluviuni, iar por\u021biunile distruse au fost ref\u0103cute, inclusiv funda\u021bia \u0219i asfaltul.<\/p>\n<p>Pe DJ 174 \u0219i DJ 174E, \u00eentre Neagra \u0219i D\u00e2rmoxa, au fost \u00eenl\u0103turate aluviunile, cioatele \u0219i resturile aduse de viitur\u0103. Pe mai mul\u021bi kilometri, drumul a fost ref\u0103cut de la baz\u0103, au fost reparate c\u0103ile de acces la dou\u0103 poduri \u0219i au fost amenajate treceri provizorii \u00een locurile \u00een care podurile au fost distruse.<\/p>\n<p>Bro\u0219teniul a devenit \u00een scurt timp un uria\u0219 \u0219antier al solidarit\u0103\u021bii.<\/p>\n<p>Mii de oameni au venit s\u0103 ajute, s\u0103 cure\u021be, s\u0103 reconstruiasc\u0103 \u0219i s\u0103 le fie al\u0103turi celor lovi\u021bi de necaz. Al\u021bii, din jude\u021bul Suceava \u0219i din \u00eentreaga \u021bar\u0103, au donat sau au sprijinit comunitatea at\u00e2t c\u00e2t au putut.<\/p>\n<p>Consilii jude\u021bene, comunit\u0103\u021bi locale, primari, asocia\u021bii, ONG-uri, culte religioase, firme \u0219i oameni simpli \u0219i-au unit for\u021bele. La Bro\u0219teni, Rom\u00e2nia a ar\u0103tat c\u00e2t de puternic\u0103 poate fi atunci c\u00e2nd oamenii las\u0103 diferen\u021bele deoparte.<\/p>\n<p>\u201eAm sim\u021bit c\u0103 nu suntem singuri\u201d, mi-au spus mul\u021bi oameni din Bro\u0219teni.<\/p>\n<p>Acesta este, p\u00e2n\u0103 la urm\u0103, rostul nostru, al autorit\u0103\u021bilor, dar \u0219i al fiec\u0103ruia dintre noi: \u00een fa\u021ba necazului, oamenii s\u0103 simt\u0103 c\u0103 nu sunt singuri \u0219i c\u0103 nu au fost abandona\u021bi.<\/p>\n<p>La un an distan\u021b\u0103, zona Neagra, cea mai puternic afectat\u0103, este de nerecunoscut. Au r\u0103mas pu\u021bine urme care s\u0103 aminteasc\u0103 de potopul \u00een timpul c\u0103ruia elicopterele SMURD salvau oameni din mijlocul puhoaielor.<\/p>\n<p>Ast\u0103zi, multe case sunt reconstruite, altele sunt \u00eenc\u0103 \u00een lucru, drumurile sunt deschise, iar via\u021ba comunit\u0103\u021bii a revenit la normal. Mai sunt lucruri de f\u0103cut, dar diferen\u021ba fa\u021b\u0103 de imaginile de acum un an este uria\u0219\u0103.<\/p>\n<p>Oamenii nu vor uita \u00eens\u0103 niciodat\u0103 noaptea aceea \u0219i nici m\u00e2inile care s-au \u00eentins spre ei \u00een zilele care au urmat.<\/p>\n<p>\u00cen paralel cu interven\u021biile de urgen\u021b\u0103, am preg\u0103tit reconstruc\u021bia definitiv\u0103 a drumurilor DJ 174 \u0219i DJ 174E. Au fost realizate documenta\u021biile pentru refacerea \u0219i modernizarea, din fonduri europene nerambursabile, a 26 de kilometri de drum, 99 de pode\u021be \u0219i \u0219ase poduri. Tot ce a distrus apa va fi reconstruit mai sigur \u0219i mai rezistent.<\/p>\n<p>Un rol important l-a avut \u0219i Administra\u021bia Bazinal\u0103 de Ap\u0103 Siret, care a cur\u0103\u021bat \u0219i reconfigurat albia r\u00e2ului Neagra.<\/p>\n<p>\u00cen acela\u0219i timp, continu\u0103 investi\u021biile pentru refacerea ap\u0103r\u0103rilor de mal \u0219i reducerea riscului unor noi inunda\u021bii.<\/p>\n<p>Inunda\u021biile de la Bro\u0219teni vor r\u0103m\u00e2ne \u00een memoria noastr\u0103 ca o tragedie, dar \u0219i ca una dintre cele mai puternice lec\u021bii de solidaritate.<\/p>\n<p>Am demonstrat c\u0103, dincolo de avere, credin\u021b\u0103, organiza\u021bie, partid sau jude\u021b, \u00eempreun\u0103 putem forma cel mai puternic baraj \u00een fa\u021ba oric\u0103rei nenorociri.<\/p>\n<p>\u00cen numele sucevenilor \u0219i al tuturor comunit\u0103\u021bilor afectate, le mul\u021bumesc celor care au fost al\u0103turi de noi: celor care au salvat vie\u021bi, au cur\u0103\u021bat noroiul, au adus ap\u0103, hran\u0103 \u0219i materiale de construc\u021bie, au reconstruit case, au donat sau au ar\u0103tat, pur \u0219i simplu, c\u0103 le pas\u0103 \u0219i c\u0103 nu r\u0103m\u00e2n indiferen\u021bi.<\/p>\n<\/div>\n<p>[analyse_source url=&#8221;https:\/\/www.radiotop.ro\/actualitate\/un-an-de-la-inundatiile-catastrofale-de-la-brosteni-gheorghe-soldan-inundatiile-de-la-brosteni-vor-ramine-in-memoria-noastra-ca-o-tragedie-dar-si-ca-una-dintre-cele-mai-puternice-lectii-de.html&#8221;]<\/p>\n","protected":false},"excerpt":{"rendered":"<p>[analyse_image type=&#8221;featured&#8221; src=&#8221;https:\/\/www.radiotop.ro\/img\/media\/2026\/07\/brosteni-inundatii-reconstructie-1.jpg&#8221;] La un an de la inunda\u021biile catastrofale care au lovit ora\u0219ul Bro\u0219teni, pre\u0219edintele Consiliului Jude\u021bean Suceava a transmis un comunicat de pres\u0103 pe care \u00eel prezent\u0103m integral: \u00cen doar c\u00e2teva ore, ploile toren\u021biale au f\u0103cut ca r\u00e2ul Neagra s\u0103 ajung\u0103 la un debit istoric de 280 de metri cubi pe secund\u0103, de [&hellip;]<\/p>\n","protected":false},"author":1,"featured_media":0,"comment_status":"open","ping_status":"","sticky":false,"template":"","format":"standard","meta":{"footnotes":""},"categories":[89],"tags":[226,163],"class_list":["post-2069429","post","type-post","status-publish","format-standard","hentry","category-romania","tag-crawlmanager","tag-radiotop-ro"],"_links":{"self":[{"href":"https:\/\/analyse.optim.biz\/index.php?rest_route=\/wp\/v2\/posts\/2069429","targetHints":{"allow":["GET"]}}],"collection":[{"href":"https:\/\/analyse.optim.biz\/index.php?rest_route=\/wp\/v2\/posts"}],"about":[{"href":"https:\/\/analyse.optim.biz\/index.php?rest_route=\/wp\/v2\/types\/post"}],"author":[{"embeddable":true,"href":"https:\/\/analyse.optim.biz\/index.php?rest_route=\/wp\/v2\/users\/1"}],"replies":[{"embeddable":true,"href":"https:\/\/analyse.optim.biz\/index.php?rest_route=%2Fwp%2Fv2%2Fcomments&post=2069429"}],"version-history":[{"count":0,"href":"https:\/\/analyse.optim.biz\/index.php?rest_route=\/wp\/v2\/posts\/2069429\/revisions"}],"wp:attachment":[{"href":"https:\/\/analyse.optim.biz\/index.php?rest_route=%2Fwp%2Fv2%2Fmedia&parent=2069429"}],"wp:term":[{"taxonomy":"category","embeddable":true,"href":"https:\/\/analyse.optim.biz\/index.php?rest_route=%2Fwp%2Fv2%2Fcategories&post=2069429"},{"taxonomy":"post_tag","embeddable":true,"href":"https:\/\/analyse.optim.biz\/index.php?rest_route=%2Fwp%2Fv2%2Ftags&post=2069429"}],"curies":[{"name":"wp","href":"https:\/\/api.w.org\/{rel}","templated":true}]}}