{"id":2069427,"date":"2026-07-28T09:12:01","date_gmt":"2026-07-28T06:12:01","guid":{"rendered":"https:\/\/analyse.optim.biz\/?p=2069427"},"modified":"2026-07-28T09:12:01","modified_gmt":"2026-07-28T06:12:01","slug":"expozitia-capitol-nerostit-aminata-pentru-4-august-din-cauza-protestelor-din-sistemul-medical-mihai-pinzaru-pim-era-un-eveniment-mondial-care-era-marcat-si-aici-ca-o-atractie-a","status":"publish","type":"post","link":"https:\/\/analyse.optim.biz\/?p=2069427","title":{"rendered":"Expozi\u021bia \u201dCapitol Nerostit\u201d, am\u00eenat\u0103 pentru 4 august din cauza protestelor din sistemul medical. Mihai P\u00eenzaru-PIM: Era un eveniment mondial, care era marcat \u0219i aici, ca o atrac\u021bie a benevolen\u021bei \u0219i a \u00een\u021belegerii oamenilor de pe o sec\u021bie de boli infec\u021bioase"},"content":{"rendered":"<p>[analyse_image type=&#8221;featured&#8221; src=&#8221;https:\/\/www.radiotop.ro\/img\/media\/2025\/02\/pim-casandra.jpg&#8221;]<\/p>\n<div class=\"entry-content no-share\">\n<div class=\"content-inner \">\n<p>Expozi\u021bia de fotografie \u0219i grafic\u0103 \u201dCapitol Nerostit\u201d, care trebuia vernisat\u0103, ast\u0103zi, 28 iulie, la Sec\u021bia de Boli Infec\u021bioase a Spitalului Clinic Jude\u021bean Suceava, a fost am\u00eenat\u0103 pentru 4 august, din cauza mi\u0219c\u0103rilor de protest din sistemul medical. Evenimentul este organizat de Asocia\u021bia Institutul Bucovina, \u00een colaborare cu Sec\u021bia de Boli Infec\u021bioase, cu ocazia Zilei Mondiale de Lupt\u0103 \u00cempotriva Hepatitei.<\/p>\n<p>\u00cen cadrul unei interven\u021bii telefonice la Radio Top, artistul plastic Mihai P\u00eenzaru \u2013 PIM a declarat c\u0103 expozi\u021bia a fost preg\u0103tit\u0103 \u00eempreun\u0103 cu medicul Monica Terteliu \u0219i c\u0103 aceasta \u00ee\u0219i propune s\u0103 aduc\u0103 mai aproape de oameni activitatea \u0219i umanitatea personalului medical. A spus maestrul PIM: \u201dEra un eveniment mondial, care era marcat \u0219i aici, ca o atrac\u021bie a benevolen\u021bei \u0219i a \u00een\u021belegerii oamenilor de pe o sec\u021bie de boli infec\u021bioase\u201d.<\/p>\n<p>Expozi\u021bia reune\u0219te 60 de lucr\u0103ri. Fotografiile realizate de Ilker Sam Da\u011fli \u0219i Casandra Burz-P\u00eenzaru-Da\u011fli surprind un Istanbul mai pu\u021bin cunoscut turi\u0219tilor, iar cele 26 de lucr\u0103ri semnate de Mihai P\u00eenzaru \u2013 PIM s\u00eent portrete ale medicilor \u0219i asisten\u021bilor din Sec\u021bia de Boli Infec\u021bioase, realizate dup\u0103 perioada \u00een care artistul a fost internat aproape trei s\u0103pt\u0103m\u00eeni. Casandra este fiica domnului P\u00eenzaru, iar Sam etse ginerele acestuia. A declarat acesta: \u201dExpozi\u021bia mea se cheam\u0103 &lt;Dincolo de masc\u0103&gt; \u2013 adic\u0103 omul de dincolo, nu numai ochii lui, care vorbesc foarte mult\u2026 \u00cemi amintesc de medicul care m-a luat de la UPU \u0219i c\u0103ruia i-am citit \u00een ochi for\u021b\u0103 medical\u0103, bun\u0103tate uman\u0103, \u00eencredere\u2026 Dac\u0103 vrei s\u0103 vezi, s\u0103 cite\u0219ti umanul, a\u0219a, \u00een ceea ce \u00eenseamn\u0103 el lini\u0219te, nelini\u0219te, bucurie, triste\u021be, s\u0103 te ui\u021bi \u00een ochii celor care s\u00eent la sec\u021biile astea \u00een care poart\u0103 \u00een mod obligatoriu masc\u0103\u201d.<\/p>\n<p>La vernisaj vor participa reprezentan\u021bi ai conducerii Spitalului Jude\u021bean \u0219i ai institu\u021biilor din domeniul s\u0103n\u0103t\u0103\u021bii. Programul va fi completat de un moment muzical sus\u021binut de profesorul Johannes Raimund Onesiuc \u0219i de un moment poetic oferit de Adela \u0218ulea, elev\u0103 a Colegiului Na\u021bional \u201dPetru Rare\u0219\u201d.<\/p>\n<p>\u00a0<\/p>\n<\/div>\n<\/div>\n<div class=\"content-inner \">\n<p>Expozi\u021bia de fotografie \u0219i grafic\u0103 \u201dCapitol Nerostit\u201d, care trebuia vernisat\u0103, ast\u0103zi, 28 iulie, la Sec\u021bia de Boli Infec\u021bioase a Spitalului Clinic Jude\u021bean Suceava, a fost am\u00eenat\u0103 pentru 4 august, din cauza mi\u0219c\u0103rilor de protest din sistemul medical. Evenimentul este organizat de Asocia\u021bia Institutul Bucovina, \u00een colaborare cu Sec\u021bia de Boli Infec\u021bioase, cu ocazia Zilei Mondiale de Lupt\u0103 \u00cempotriva Hepatitei.<\/p>\n<p>\u00cen cadrul unei interven\u021bii telefonice la Radio Top, artistul plastic Mihai P\u00eenzaru \u2013 PIM a declarat c\u0103 expozi\u021bia a fost preg\u0103tit\u0103 \u00eempreun\u0103 cu medicul Monica Terteliu \u0219i c\u0103 aceasta \u00ee\u0219i propune s\u0103 aduc\u0103 mai aproape de oameni activitatea \u0219i umanitatea personalului medical. A spus maestrul PIM: \u201dEra un eveniment mondial, care era marcat \u0219i aici, ca o atrac\u021bie a benevolen\u021bei \u0219i a \u00een\u021belegerii oamenilor de pe o sec\u021bie de boli infec\u021bioase\u201d.<\/p>\n<p>Expozi\u021bia reune\u0219te 60 de lucr\u0103ri. Fotografiile realizate de Ilker Sam Da\u011fli \u0219i Casandra Burz-P\u00eenzaru-Da\u011fli surprind un Istanbul mai pu\u021bin cunoscut turi\u0219tilor, iar cele 26 de lucr\u0103ri semnate de Mihai P\u00eenzaru \u2013 PIM s\u00eent portrete ale medicilor \u0219i asisten\u021bilor din Sec\u021bia de Boli Infec\u021bioase, realizate dup\u0103 perioada \u00een care artistul a fost internat aproape trei s\u0103pt\u0103m\u00eeni. Casandra este fiica domnului P\u00eenzaru, iar Sam etse ginerele acestuia. A declarat acesta: \u201dExpozi\u021bia mea se cheam\u0103 &lt;Dincolo de masc\u0103&gt; \u2013 adic\u0103 omul de dincolo, nu numai ochii lui, care vorbesc foarte mult\u2026 \u00cemi amintesc de medicul care m-a luat de la UPU \u0219i c\u0103ruia i-am citit \u00een ochi for\u021b\u0103 medical\u0103, bun\u0103tate uman\u0103, \u00eencredere\u2026 Dac\u0103 vrei s\u0103 vezi, s\u0103 cite\u0219ti umanul, a\u0219a, \u00een ceea ce \u00eenseamn\u0103 el lini\u0219te, nelini\u0219te, bucurie, triste\u021be, s\u0103 te ui\u021bi \u00een ochii celor care s\u00eent la sec\u021biile astea \u00een care poart\u0103 \u00een mod obligatoriu masc\u0103\u201d.<\/p>\n<p>La vernisaj vor participa reprezentan\u021bi ai conducerii Spitalului Jude\u021bean \u0219i ai institu\u021biilor din domeniul s\u0103n\u0103t\u0103\u021bii. Programul va fi completat de un moment muzical sus\u021binut de profesorul Johannes Raimund Onesiuc \u0219i de un moment poetic oferit de Adela \u0218ulea, elev\u0103 a Colegiului Na\u021bional \u201dPetru Rare\u0219\u201d.<\/p>\n<p>\u00a0<\/p>\n<\/div>\n<p>[analyse_source url=&#8221;https:\/\/www.radiotop.ro\/actualitate\/expozitia-capitol-nerostit-aminata-pentru-4-august-din-cauza-protestelor-din-sistemul-medical-mihai-pinzaru-pim-era-un-eveniment-mondial-care-era-marcat-si-aici-ca-o-atractie-a.html&#8221;]<\/p>\n","protected":false},"excerpt":{"rendered":"<p>[analyse_image type=&#8221;featured&#8221; src=&#8221;https:\/\/www.radiotop.ro\/img\/media\/2025\/02\/pim-casandra.jpg&#8221;] Expozi\u021bia de fotografie \u0219i grafic\u0103 \u201dCapitol Nerostit\u201d, care trebuia vernisat\u0103, ast\u0103zi, 28 iulie, la Sec\u021bia de Boli Infec\u021bioase a Spitalului Clinic Jude\u021bean Suceava, a fost am\u00eenat\u0103 pentru 4 august, din cauza mi\u0219c\u0103rilor de protest din sistemul medical. Evenimentul este organizat de Asocia\u021bia Institutul Bucovina, \u00een colaborare cu Sec\u021bia de Boli Infec\u021bioase, cu [&hellip;]<\/p>\n","protected":false},"author":1,"featured_media":0,"comment_status":"open","ping_status":"","sticky":false,"template":"","format":"standard","meta":{"footnotes":""},"categories":[89],"tags":[226,163],"class_list":["post-2069427","post","type-post","status-publish","format-standard","hentry","category-romania","tag-crawlmanager","tag-radiotop-ro"],"_links":{"self":[{"href":"https:\/\/analyse.optim.biz\/index.php?rest_route=\/wp\/v2\/posts\/2069427","targetHints":{"allow":["GET"]}}],"collection":[{"href":"https:\/\/analyse.optim.biz\/index.php?rest_route=\/wp\/v2\/posts"}],"about":[{"href":"https:\/\/analyse.optim.biz\/index.php?rest_route=\/wp\/v2\/types\/post"}],"author":[{"embeddable":true,"href":"https:\/\/analyse.optim.biz\/index.php?rest_route=\/wp\/v2\/users\/1"}],"replies":[{"embeddable":true,"href":"https:\/\/analyse.optim.biz\/index.php?rest_route=%2Fwp%2Fv2%2Fcomments&post=2069427"}],"version-history":[{"count":0,"href":"https:\/\/analyse.optim.biz\/index.php?rest_route=\/wp\/v2\/posts\/2069427\/revisions"}],"wp:attachment":[{"href":"https:\/\/analyse.optim.biz\/index.php?rest_route=%2Fwp%2Fv2%2Fmedia&parent=2069427"}],"wp:term":[{"taxonomy":"category","embeddable":true,"href":"https:\/\/analyse.optim.biz\/index.php?rest_route=%2Fwp%2Fv2%2Fcategories&post=2069427"},{"taxonomy":"post_tag","embeddable":true,"href":"https:\/\/analyse.optim.biz\/index.php?rest_route=%2Fwp%2Fv2%2Ftags&post=2069427"}],"curies":[{"name":"wp","href":"https:\/\/api.w.org\/{rel}","templated":true}]}}