{"id":2069425,"date":"2026-07-30T15:14:24","date_gmt":"2026-07-30T12:14:24","guid":{"rendered":"https:\/\/analyse.optim.biz\/?p=2069425"},"modified":"2026-07-30T15:14:24","modified_gmt":"2026-07-30T12:14:24","slug":"un-barbat-s-a-autoincendiat-la-o-stina-din-ostra-si-se-afla-in-stare-grava","status":"publish","type":"post","link":"https:\/\/analyse.optim.biz\/?p=2069425","title":{"rendered":"Un b\u0103rbat s-a autoincendiat la o st\u00een\u0103 din Ostra \u0219i se afl\u0103 \u00een stare grav\u0103"},"content":{"rendered":"<p>[analyse_image type=&#8221;featured&#8221; src=&#8221;https:\/\/www.radiotop.ro\/img\/media\/2025\/06\/ambulanta-masina.jpg&#8221;]<\/p>\n<div class=\"entry-content no-share\">\n<div class=\"content-inner \">\n<p>Un b\u0103rbat \u00een v\u00eerst\u0103 de 64 de ani are arsuri pe aproximativ 90% din suprafa\u021ba corporal\u0103 grad 2,3 \u0219i 4, dupa ce \u0219i-a dat foc la o st\u00eena din Ostra.<\/p>\n<p>La ora 17 \u0219i 57 de minute, purt\u0103torul de cuv\u00eent al Serviciului Jude\u021bean de Ambulan\u021b\u0103 Suceava, dr. Dan Teodorovici, a anun\u021bat c\u0103 b\u0103rbatul a fost preluat \u00een stare grav\u0103 de o ambulan\u021b\u0103 tip B, care l-a predat ulterior echipajului tip C de la Suceava, care fusese trimis la \u00eent\u00eelnire. Pacientul a fost stabilizat \u0219i transportat la Spitalul Clinic Jude\u021bean. Starea acestuia este foarte grav\u0103.<\/p>\n<\/div>\n<\/div>\n<div class=\"content-inner \">\n<p>Un b\u0103rbat \u00een v\u00eerst\u0103 de 64 de ani are arsuri pe aproximativ 90% din suprafa\u021ba corporal\u0103 grad 2,3 \u0219i 4, dupa ce \u0219i-a dat foc la o st\u00eena din Ostra.<\/p>\n<p>La ora 17 \u0219i 57 de minute, purt\u0103torul de cuv\u00eent al Serviciului Jude\u021bean de Ambulan\u021b\u0103 Suceava, dr. Dan Teodorovici, a anun\u021bat c\u0103 b\u0103rbatul a fost preluat \u00een stare grav\u0103 de o ambulan\u021b\u0103 tip B, care l-a predat ulterior echipajului tip C de la Suceava, care fusese trimis la \u00eent\u00eelnire. Pacientul a fost stabilizat \u0219i transportat la Spitalul Clinic Jude\u021bean. Starea acestuia este foarte grav\u0103.<\/p>\n<\/div>\n<p>[analyse_source url=&#8221;https:\/\/www.radiotop.ro\/actualitate\/un-barbat-s-a-autoincendiat-la-o-stina-din-ostra-si-se-afla-in-stare-grava.html&#8221;]<\/p>\n","protected":false},"excerpt":{"rendered":"<p>[analyse_image type=&#8221;featured&#8221; src=&#8221;https:\/\/www.radiotop.ro\/img\/media\/2025\/06\/ambulanta-masina.jpg&#8221;] Un b\u0103rbat \u00een v\u00eerst\u0103 de 64 de ani are arsuri pe aproximativ 90% din suprafa\u021ba corporal\u0103 grad 2,3 \u0219i 4, dupa ce \u0219i-a dat foc la o st\u00eena din Ostra. La ora 17 \u0219i 57 de minute, purt\u0103torul de cuv\u00eent al Serviciului Jude\u021bean de Ambulan\u021b\u0103 Suceava, dr. Dan Teodorovici, a anun\u021bat c\u0103 [&hellip;]<\/p>\n","protected":false},"author":1,"featured_media":0,"comment_status":"open","ping_status":"","sticky":false,"template":"","format":"standard","meta":{"footnotes":""},"categories":[89],"tags":[226,163],"class_list":["post-2069425","post","type-post","status-publish","format-standard","hentry","category-romania","tag-crawlmanager","tag-radiotop-ro"],"_links":{"self":[{"href":"https:\/\/analyse.optim.biz\/index.php?rest_route=\/wp\/v2\/posts\/2069425","targetHints":{"allow":["GET"]}}],"collection":[{"href":"https:\/\/analyse.optim.biz\/index.php?rest_route=\/wp\/v2\/posts"}],"about":[{"href":"https:\/\/analyse.optim.biz\/index.php?rest_route=\/wp\/v2\/types\/post"}],"author":[{"embeddable":true,"href":"https:\/\/analyse.optim.biz\/index.php?rest_route=\/wp\/v2\/users\/1"}],"replies":[{"embeddable":true,"href":"https:\/\/analyse.optim.biz\/index.php?rest_route=%2Fwp%2Fv2%2Fcomments&post=2069425"}],"version-history":[{"count":0,"href":"https:\/\/analyse.optim.biz\/index.php?rest_route=\/wp\/v2\/posts\/2069425\/revisions"}],"wp:attachment":[{"href":"https:\/\/analyse.optim.biz\/index.php?rest_route=%2Fwp%2Fv2%2Fmedia&parent=2069425"}],"wp:term":[{"taxonomy":"category","embeddable":true,"href":"https:\/\/analyse.optim.biz\/index.php?rest_route=%2Fwp%2Fv2%2Fcategories&post=2069425"},{"taxonomy":"post_tag","embeddable":true,"href":"https:\/\/analyse.optim.biz\/index.php?rest_route=%2Fwp%2Fv2%2Ftags&post=2069425"}],"curies":[{"name":"wp","href":"https:\/\/api.w.org\/{rel}","templated":true}]}}