{"id":2069392,"date":"2026-07-30T14:21:56","date_gmt":"2026-07-30T11:21:56","guid":{"rendered":"https:\/\/analyse.optim.biz\/?p=2069392"},"modified":"2026-07-30T14:21:56","modified_gmt":"2026-07-30T11:21:56","slug":"5-must-know-narratives-of-the-tour-de-france-femmes","status":"publish","type":"post","link":"https:\/\/analyse.optim.biz\/?p=2069392","title":{"rendered":"5 Must-Know Narratives of the Tour de France Femmes"},"content":{"rendered":"<p>[analyse_image type=&#8221;featured&#8221; src=&#8221;https:\/\/velo-cdn.outsideonline.com\/wp-content\/uploads\/2026\/07\/Z8A_9381.jpg&#8221;]<\/p>\n<div class=\"content-wrap fp-contentTarget\">\n<div class=\"article-body\">\n<div class=\"mb-base-loose flex flex-wrap gap-(--spacing-base)\">\n<div class=\"fp-remove flex items-center justify-start gap-(--spacing-base-tight)\"><span class=\"font-utility-2 font-bold text-primary\">Shane Stokes<\/span><\/div>\n<\/div>\n<div class=\"pub-date font-utility-2 text-secondary\">Published July 30, 2026 08:21AM<\/div>\n<\/div>\n<p>Forget any withdrawal symptoms: as the dust settles on the men\u2019s Tour de France, the biggest race on the women\u2019s calendar gets underway this Saturday in Lausanne, Switzerland, and promises to be every bit as good. The top riders in the sport will clash across nine stages and varying terrain, with a time trial and summit finish on Mont Ventoux complicating GC campaigns and forcing the big names to play to their strengths.<\/p>\n<p>Here are five key things to know as this year\u2019s Tour de France Femmes sparks into life.<\/p>\n<h2>1: Ferrand-Pr\u00e9vot needs to raise her game<\/h2>\n<figure id=\"attachment_995618\" class=\"pom-image-wrap photo-alignnone\"><img decoding=\"async\" alt=\"Pauline Ferrand-Pr\u00e9vot was far above the competition last year. Will she be the same this time around? (Photo: Gruber Images)\" loading=\"lazy\" width=\"2400\" height=\"1500\" class=\"alignnone size-full wp-image-995618\" src=\"https:\/\/velo-cdn.outsideonline.com\/wp-content\/uploads\/2026\/07\/Z8C_9274-1.jpg?width=3840&amp;auto=webp&amp;quality=75&amp;fit=cover\"><figcaption class=\"pom-caption\"><span class=\"article__caption\">Pauline Ferrand-Pr\u00e9vot was far above the competition last year. Will she be the same this time around? (Photo: Gruber Images)<\/span><\/figcaption><\/figure>\n<p>Can Pauline Ferrand-Pr\u00e9vot repeat at the Tour de France Femmes avec Zwift?<\/p>\n<p>She believes she can, but it\u2019s far from a given.<\/p>\n<p>If she is to capture yellow again, the Frenchwoman will need to show far better form than what she has displayed this season.<\/p>\n<p>Thus far she has achieved a lot less than some of her key rivals, with just 12 days of racing, no wins, and two podium places as her best results.<\/p>\n<p>Second in the Ronde van Vlaanderen and third in Paris-Roubaix looked promising early on, but after that things went a bit flat, including a very modest 35th overall in the Vuelta Espa\u00f1a Femenina.<\/p>\n<div class=\"ad-placeholder-wrapper relative w-full border-t border-b border-border-light col-span-full my-3 md:col-span-10 md:col-start-2\">\n<div class=\"mb-[30px] min-h-[30px] text-center\"><span class=\"font-utility-4 font-medium tracking-[1px] text-neutral-500 uppercase\">ADVERTISEMENT<\/span><\/div>\n<\/div>\n<p>That contrasts with 2025, when she took a huge solo win in Paris-Roubaix. That was her first victory since returning to road racing from MTB, and showed just how well she had made the transition.<\/p>\n<p>One year on, Ferrand Pr\u00e9vot\u2019s rivals have done a lot more competition this season and shown far better form than her. But if she can engineer another huge peak like last summer, she will be right in the picture.<\/p>\n<p>There\u2019s one positive: last year she was a DNF in the Vuelta Espa\u00f1a Femenina so, in that regard, her 35th overall this time around is a more solid showing.<\/p>\n<p>Since then she has been working really hard. A short video clip released this week by her Visma-Lease a Bike team showed a similar drop in weight as compared to last year, something that led last summer to a lot of discussion and also some scathing comments from her rivals.<\/p>\n<p>Shedding weight in such a pronounced way is walking the tightrope between form and failure, and is also not sustainable. This is something Ferrand Pr\u00e9vot herself acknowledged last year, and may well explain her much more modest form in the worlds.<\/p>\n<div class=\"ad-placeholder-wrapper relative w-full border-t border-b border-border-light col-span-full my-3 md:col-span-10 md:col-start-2\">\n<div class=\"mb-[30px] min-h-[30px] text-center\"><span class=\"font-utility-4 font-medium tracking-[1px] text-neutral-500 uppercase\">ADVERTISEMENT<\/span><\/div>\n<\/div>\n<p>The stakes are very high: if she gets everything right and wins another Tour de France Femmes, her approach will be vindicated.<\/p>\n<p>But if her rivals are stronger than her this time, if her TT ability lets her down, or if anything goes wrong for her along the way, she risks being left with a very understated season.<\/p>\n<p>In that regard, the pressure is really on.<\/p>\n<h2>2: Vollering taking a complete different approach<\/h2>\n<figure id=\"attachment_995623\" class=\"pom-image-wrap photo-alignnone\"><img decoding=\"async\" alt=\"Demi Vollering overhauled race leader Anna van der Breggen to win the Giro d&apos;Italia Women (Photo: Andrea Amato\/NurPhoto via Getty Images)\" loading=\"lazy\" width=\"2400\" height=\"1600\" class=\"alignnone size-full wp-image-995623\" src=\"https:\/\/velo-cdn.outsideonline.com\/wp-content\/uploads\/2026\/07\/GettyImages-2279807358.jpg?width=3840&amp;auto=webp&amp;quality=75&amp;fit=cover\"><figcaption class=\"pom-caption\"><span class=\"article__caption\">Demi Vollering overhauled race leader Anna van der Breggen to win the Giro d\u2019Italia Women (Photo: Andrea Amato\/NurPhoto via Getty Images)<\/span><\/figcaption><\/figure>\n<p>If Ferrand Pr\u00e9vot has been so-so this year, Demi Vollering has been the absolute opposite. She\u2019s had a stunning season, channelling her disappointment of finishing second in last\u2019s Tour into pure determination this time around.<\/p>\n<p>Her year has been an exceptional one thus far and, even considering what Ferrand Pr\u00e9vot did last time around, Vollering will be top favorite for many.<\/p>\n<p>Consider her 2026 stats. The Dutchwoman has competed over 20 days, and has taken ten victories. That 50 percent strike rate is extraordinary.<\/p>\n<div class=\"ad-placeholder-wrapper relative w-full border-t border-b border-border-light col-span-full my-3 md:col-span-10 md:col-start-2\">\n<div class=\"mb-[30px] min-h-[30px] text-center\"><span class=\"font-utility-4 font-medium tracking-[1px] text-neutral-500 uppercase\">ADVERTISEMENT<\/span><\/div>\n<\/div>\n<p>She got things underway with two out of three stages plus the overall in the Setmana Ciclista Volta Femenina de la Comunitat Valenciana, then gathered pace with wins in Omloop Nieuwsblad, the Ronde van Vlaanderen, Fl\u00e8che Wallonne and Li\u00e8ge-Bastogne-Li\u00e8ge.<\/p>\n<p>She then started the Giro d\u2019Italia Women, winning stages five and eight, then overhauling race leader Anna van der Breggen on the final day.<\/p>\n<p>Since then Vollering has spent almost two months preparing fastidiously for the Tour de France Femmes. She sidestepped the Tour de Suisse Women to focus on training, wanting to ensure she is in peak shape for her biggest goal of the year.<\/p>\n<p>It\u2019s brought the biggest highs and lows of her career: so dominant in 2023, she lost out to Kasia Niewiadoma due to time lost in a crash in 2024, and then finished second overall but almost four minutes behind Ferrand-Pr\u00e9vot last year.<\/p>\n<div class=\"ad-placeholder-wrapper relative w-full border-t border-b border-border-light col-span-full my-3 md:col-span-10 md:col-start-2\">\n<div class=\"mb-[30px] min-h-[30px] text-center\"><span class=\"font-utility-4 font-medium tracking-[1px] text-neutral-500 uppercase\">ADVERTISEMENT<\/span><\/div>\n<\/div>\n<p>Vollering is a hugely driven competitor and she and the FDJ \u2013 Suez United are doing everything she can to ensure she will win this time around. Her approach is markedly different to that of Ferrand-Pr\u00e9vot. We\u2019ll soon see if high-quality consistency outpaces one big peak.<\/p>\n<h2>3: Marlen Reusser can put a troubled Tour history behind her<\/h2>\n<p>Thus far the Tour de France Femmes hasn\u2019t worked out well for Marlen Reusser. She has ridden it three times, withdrawing in 2022 and 2025 following a crash and illness respectively, and was just 28th overall in 2023, albeit winning the final time trial.<\/p>\n<p>The Swiss rider could and should have been a contender: she was second last year in both the Vuelta Espa\u00f1a Femenina and the Giro d\u2019Italia Women and those performances, as well as her 39 career wins show that she has what it takes.<\/p>\n<div class=\"ad-placeholder-wrapper relative w-full border-t border-b border-border-light col-span-full my-3 md:col-span-10 md:col-start-2\">\n<div class=\"mb-[30px] min-h-[30px] text-center\"><span class=\"font-utility-4 font-medium tracking-[1px] text-neutral-500 uppercase\">ADVERTISEMENT<\/span><\/div>\n<\/div>\n<p>Reusser was hugely impressive in the recent Tour de Suisse Women, taking the race lead when she won the stage 4 time trial and then making sure of the overall when she took the concluding uphill finish. Those wins occurred as she continued to rebuild after fracturing her spine in the Tour of Flanders and, weeks on from her Swiss wins, she could be stronger again.<\/p>\n<p>The Tour de France Femmes features the longest individual time trials since 2023. The winner then? Reusser. That will spur the current world champion onwards, and so too the fact that the race starts in her native Switzerland.<\/p>\n<p>If she\u2019s on her best form, she will be slap bang in the centre of things as the GC battle unfurls.<\/p>\n<h2>4: It\u2019s complicated for Kasia<\/h2>\n<p>Kasia Niewiadoma won the race overall in 2024, putting in an incredibly dogged defence of her yellow jersey on the final stage of Alpe d\u2019Huez. The ace climber would dearly love to take the race again and should relish the ascent of Mont Ventoux on stage 7 plus the four ascents of the Col d\u2019Eze on Sunday week.<\/p>\n<p>Both will play to her strengths of being one of the top uphill specialists in cycling.<\/p>\n<div class=\"ad-placeholder-wrapper relative w-full border-t border-b border-border-light col-span-full my-3 md:col-span-10 md:col-start-2\">\n<div class=\"mb-[30px] min-h-[30px] text-center\"><span class=\"font-utility-4 font-medium tracking-[1px] text-neutral-500 uppercase\">ADVERTISEMENT<\/span><\/div>\n<\/div>\n<p>However her dream of taking another yellow jersey is complicated by the route of this year\u2019s race. There is a 21km time trial on day 4 and, given her past history in TTs, the Canyon-Sram rider could end up losing a chunk of time.<\/p>\n<p>She surrendered 1:46 to Reusser over a similar distance in the Tour de Suisse and may find herself with a huge amount to do once the race hits the mountains.<\/p>\n<p>The fact that the race has just one summit finish this year also makes things difficult for her.<\/p>\n<p>Niewiadoma is always an aggressive, opportunistic rider, things will need to go perfectly this time around tactically and physically for her to succeed.<\/p>\n<h2>5: Four Tour stars in waiting<\/h2>\n<figure id=\"attachment_995622\" class=\"pom-image-wrap photo-alignnone\"><img decoding=\"async\" alt=\"Kim Le Court wore yellow for several days last year (Photo: Gruber Images)\" loading=\"lazy\" width=\"2400\" height=\"1601\" class=\"alignnone size-full wp-image-995622\" src=\"https:\/\/velo-cdn.outsideonline.com\/wp-content\/uploads\/2026\/07\/Z8A_1707.jpg?width=3840&amp;auto=webp&amp;quality=75&amp;fit=cover\"><figcaption class=\"pom-caption\"><span class=\"article__caption\">Kim Le Court wore yellow for several days last year (Photo: Gruber Images)<\/span><\/figcaption><\/figure>\n<p>Past winners Ferrand-Pr\u00e9vot, Kasia Niewiadoma and Demi Vollering will be on most people\u2019s favorite list this year, by virtue of that previous success.<\/p>\n<p>However there are several other big guns who could do something really special and take their first victory in the race.<\/p>\n<p>Anna van der Breggen previously won many of the biggest races in the sport, retired in 2021, then returned to the pro peloton prior to the start of last season.<\/p>\n<p>While year one was solid rather than spectacular, she has raised her game again in 2026 by virtue of having that first season in her legs.<\/p>\n<div class=\"ad-placeholder-wrapper relative w-full border-t border-b border-border-light col-span-full my-3 md:col-span-10 md:col-start-2\">\n<div class=\"mb-[30px] min-h-[30px] text-center\"><span class=\"font-utility-4 font-medium tracking-[1px] text-neutral-500 uppercase\">ADVERTISEMENT<\/span><\/div>\n<\/div>\n<p>The SD Worx Protime rider followed up a very Ardennes Classics campaign with success on stage 5 of the Volta Espa\u00f1a Femenina. That thrust her into the race lead but she lost it during the final stage to the up and coming star Paula Blasi (UAE Team ADQ).<\/p>\n<p>Van der Breggen had a real case of D\u00e9j\u00e0 vu one month later when she won stage 4 of the Giro d\u2019Italia Women and again took the race lead. She held it for several days but was deposed on Stage 9, finishing third overall.<\/p>\n<p>Since then she has trained hard for almost two months, trying to ready herself for her big season appointment. The stage 4 time trial should help nudge things in the right direction, and so too her improved climbing form. Actually winning will require everything falling into place, but her keen tactical mind will help her seize any opportunities.<\/p>\n<p>Another to watch include Kim Le Court, who won stage 5 last year and led the race for three days. She cracked in the high mountains but has worked hard and is vying to be more consistent this time around.<\/p>\n<p>Also promising are the UAE Team l\u2019Imad duo of Elisa Longo Borghini and Paula Blasi. Longo Borghini is a two time Giro d\u2019Italia Women winner but hasn\u2019t had the best of luck in the Tour de France Femmes. She was sixth in 2022 but then withdrew in 2023 and 2025 due to illness. She missed the race in 2024 through injury.<\/p>\n<p>That misfortune aside, she has many of the qualities needed for success, including the kind of attacking verve which could gain her time on the early selective stages.<\/p>\n<div class=\"ad-placeholder-wrapper relative w-full border-t border-b border-border-light col-span-full my-3 md:col-span-10 md:col-start-2\">\n<div class=\"mb-[30px] min-h-[30px] text-center\"><span class=\"font-utility-4 font-medium tracking-[1px] text-neutral-500 uppercase\">ADVERTISEMENT<\/span><\/div>\n<\/div>\n<p>Blasi is far less experienced than the other two, being just 23 and in her first full season as a WorldTour pro.<\/p>\n<p>However the Spaniard has stunned this year, soloing to victory in the Amstel Gold Race, overhauling Van der Breggen to win the Vuelta Espa\u00f1a Femenina, then taking the Durango Durango Emakumeen Raria, the CIC-Tour F\u00e9minin des Pyr\u00e9n\u00e9es and the Volta Ciclista a Catalunya Femenina in momentum-building run of form.<\/p>\n<p>What can she do in France? That remains to be seen. But such is her talent, anything and everything seems possible.<\/p>\n<\/div>\n<div class=\"article-body\">\n<div class=\"mb-base-loose flex flex-wrap gap-(--spacing-base)\">\n<div class=\"fp-remove flex items-center justify-start gap-(--spacing-base-tight)\"><span class=\"font-utility-2 font-bold text-primary\">Shane Stokes<\/span><\/div>\n<\/div>\n<div class=\"pub-date font-utility-2 text-secondary\">Published July 30, 2026 08:21AM<\/div>\n<\/div>\n<p>[analyse_source url=&#8221;https:\/\/velo.outsideonline.com\/road\/road-racing\/tour-de-france-femmes\/walking-tightrope-season-consistency\/&#8221;]<\/p>\n","protected":false},"excerpt":{"rendered":"<p>[analyse_image type=&#8221;featured&#8221; src=&#8221;https:\/\/velo-cdn.outsideonline.com\/wp-content\/uploads\/2026\/07\/Z8A_9381.jpg&#8221;] Shane Stokes Published July 30, 2026 08:21AM Forget any withdrawal symptoms: as the dust settles on the men\u2019s Tour de France, the biggest race on the women\u2019s calendar gets underway this Saturday in Lausanne, Switzerland, and promises to be every bit as good. The top riders in the sport will clash across [&hellip;]<\/p>\n","protected":false},"author":1,"featured_media":0,"comment_status":"open","ping_status":"","sticky":false,"template":"","format":"standard","meta":{"footnotes":""},"categories":[2],"tags":[226,71],"class_list":["post-2069392","post","type-post","status-publish","format-standard","hentry","category-politics","tag-crawlmanager","tag-velo-outsideonline-com"],"_links":{"self":[{"href":"https:\/\/analyse.optim.biz\/index.php?rest_route=\/wp\/v2\/posts\/2069392","targetHints":{"allow":["GET"]}}],"collection":[{"href":"https:\/\/analyse.optim.biz\/index.php?rest_route=\/wp\/v2\/posts"}],"about":[{"href":"https:\/\/analyse.optim.biz\/index.php?rest_route=\/wp\/v2\/types\/post"}],"author":[{"embeddable":true,"href":"https:\/\/analyse.optim.biz\/index.php?rest_route=\/wp\/v2\/users\/1"}],"replies":[{"embeddable":true,"href":"https:\/\/analyse.optim.biz\/index.php?rest_route=%2Fwp%2Fv2%2Fcomments&post=2069392"}],"version-history":[{"count":0,"href":"https:\/\/analyse.optim.biz\/index.php?rest_route=\/wp\/v2\/posts\/2069392\/revisions"}],"wp:attachment":[{"href":"https:\/\/analyse.optim.biz\/index.php?rest_route=%2Fwp%2Fv2%2Fmedia&parent=2069392"}],"wp:term":[{"taxonomy":"category","embeddable":true,"href":"https:\/\/analyse.optim.biz\/index.php?rest_route=%2Fwp%2Fv2%2Fcategories&post=2069392"},{"taxonomy":"post_tag","embeddable":true,"href":"https:\/\/analyse.optim.biz\/index.php?rest_route=%2Fwp%2Fv2%2Ftags&post=2069392"}],"curies":[{"name":"wp","href":"https:\/\/api.w.org\/{rel}","templated":true}]}}