{"id":2069389,"date":"2026-07-30T10:45:18","date_gmt":"2026-07-30T07:45:18","guid":{"rendered":"https:\/\/analyse.optim.biz\/?p=2069389"},"modified":"2026-07-30T10:45:18","modified_gmt":"2026-07-30T07:45:18","slug":"tadej-pogacar-and-who-heres-what-we-know-about-the-vuelta-a-espana-startlist","status":"publish","type":"post","link":"https:\/\/analyse.optim.biz\/?p=2069389","title":{"rendered":"Tadej Poga\u010dar and Who? Here&#8217;s What We Know About the Vuelta a Espa\u00f1a Startlist"},"content":{"rendered":"<p>[analyse_image type=&#8221;featured&#8221; src=&#8221;https:\/\/velo-cdn.outsideonline.com\/wp-content\/uploads\/2026\/07\/GettyImages-2287793942-scaled.jpg&#8221;]<\/p>\n<div class=\"content-wrap fp-contentTarget\">\n<div class=\"article-body\">\n<div class=\"mb-base-loose flex flex-wrap gap-(--spacing-base)\">\n<div class=\"fp-remove flex items-center justify-start gap-(--spacing-base-tight)\"><span class=\"font-utility-2 font-bold text-primary\">Jim Cotton<\/span><\/div>\n<\/div>\n<div class=\"pub-date font-utility-2 text-secondary\">Updated July 30, 2026 05:10AM<\/div>\n<\/div>\n<p>There\u2019s no better way to brush off the hangover of the Tour de France than to start mulling who\u2019s racing the Vuelta a Espa\u00f1a.<\/p>\n<p>And now\u2019s a good time to do it.<\/p>\n<p>The evidence pointing toward Tadej Poga\u010dar returning to the Spanish tour is mounting by the day.<\/p>\n<p>Elsewhere, Wout van Aert is blasting stage wins at the Tour of Denmark ahead of a near-guaranteed Vuelta a Espa\u00f1a participation.<\/p>\n<p>Tour de France stars Mads Pedersen and Mattias Skjelmose just confirmed they\u2019re doubling their grand tour summer with three weeks in Spain.<\/p>\n<p>Sepp Kuss, Primo\u017e Rogli\u010d, and Jo\u00e3o Almeida are other headliners in a crop of toppers expected to be at the start of the Spanish tour on August 22.<\/p>\n<p>Reigning <em>maillot rojo<\/em> Jonas Vingegaard has not outlined his plans for the summer after he crashed out of the Tour de France.<\/p>\n<p>However at this point, a Vuelta title defense seems unlikely for the Danish star.<\/p>\n<div class=\"ad-placeholder-wrapper relative w-full border-t border-b border-border-light col-span-full my-3 md:col-span-10 md:col-start-2\">\n<div class=\"mb-[30px] min-h-[30px] text-center\"><span class=\"font-utility-4 font-medium tracking-[1px] text-neutral-500 uppercase\">ADVERTISEMENT<\/span><\/div>\n<\/div>\n<h2>Tadej Poga\u010dar to the Vuelta a Espa\u00f1a \u2013 the rumor that just keeps giving<\/h2>\n<figure id=\"attachment_995598\" class=\"pom-image-wrap photo-alignnone\"><img decoding=\"async\" alt=\"Poga\u010dar won three stages and finished third when he debuted at at the Vuelta a Espa\u00f1a as a 19-year-old. \" loading=\"lazy\" width=\"1024\" height=\"683\" class=\"alignnone size-full wp-image-995598\" src=\"https:\/\/velo-cdn.outsideonline.com\/wp-content\/uploads\/2026\/07\/GettyImages-1174652991.jpg?width=2048&amp;auto=webp&amp;quality=75&amp;fit=cover\"><figcaption class=\"pom-caption\"><span class=\"article__caption\">Poga\u010dar won three stages and finished third when he debuted at the Vuelta as a 20-year-old. <\/span> (Photo: Tim de Waele\/Getty Images)<\/figcaption><\/figure>\n<p>If the question over whether Poga\u010dar will race the Vuelta a Espa\u00f1a feels familiar, that\u2019s because it is.<\/p>\n<p>The Slovenian\u2019s return to the race where it all started with his sensational grand tour debut in 2019 has been a discussion ever since he won the Giro d\u2019Italia in 2024.<\/p>\n<p>For Poga\u010dar, victory at the Vuelta would complete the grand tour grand slam, and is a key part of his quest to complete the cycling calendar.<\/p>\n<p>And it seemed highly likely through the start of last year \u2013 until a knee injury and deep fatigue from the Tour de France thwarted the plan.<\/p>\n<p>The rumor mill began spinning again just months later.<\/p>\n<p>Vuelta a Espa\u00f1a organizers reignited the debate last autumn when they confirmed further details of the race\u2019s 2026 <em>G<\/em><em>ran Sa<\/em><i>lida <\/i>from Monaco \u2013 Pogi\u2019s adopted home.<\/p>\n<p>The rumor mill got a fresh acceleration during the recent Tour de France. Both Prince Albert of Monaco and King Poga\u010dar of the peloton dropped mischievous hints it would happen.<\/p>\n<h2>Vuelta a Espa\u00f1a posts social media teaser<\/h2>\n<p>Any attempts by Poga\u010dar to backtrack and slow the speculation didn\u2019t last long.<\/p>\n<div class=\"ad-placeholder-wrapper relative w-full border-t border-b border-border-light col-span-full my-3 md:col-span-10 md:col-start-2\">\n<div class=\"mb-[30px] min-h-[30px] text-center\"><span class=\"font-utility-4 font-medium tracking-[1px] text-neutral-500 uppercase\">ADVERTISEMENT<\/span><\/div>\n<\/div>\n<p>Speaking after his spectacular two-up attack with Mathieu van der Poel in Paris on stage 21 of the Tour, Poga\u010dar said he was too cooked to think too far forward.<\/p>\n<p>The Vuelta a Espa\u00f1a is not yet a done deal.<\/p>\n<p>\u201cAt the moment, I don\u2019t feel fresh enough to ride the Vuelta if it were to start tomorrow. I can still decide in two weeks,\u201d Poga\u010dar said last weekend.<\/p>\n<p>Two days later, a hint-bomb landed into social media.<\/p>\n<p>The Vuelta a Espa\u00f1a media crew posted a reel Tuesday of Poga\u010dar\u2019s debut appearance at the race as a baby-faced wunderkind with the caption \u201csummer is getting interesting.\u201d<\/p>\n<p>Poga\u010dar\u2019s agent Alex Carrera told <em>Sky Sports<\/em> this week that UAE Emirates-XRG is finalizing the GOAT\u2019s program leading to his world title defense in September.<\/p>\n<p>Further details are expected to be confirmed later next week.<\/p>\n<p>Poga\u010dar\u2019s Slovenian frenemy Rogli\u010d and his GC-caliber teammate Almeida will be among those praying that \u201cThe Pog Program\u201d doesn\u2019t include a line for the Vuelta.<\/p>\n<h2>Riders expected to be at the 2026 Vuelta a Espa\u00f1a<\/h2>\n<figure id=\"attachment_995597\" class=\"pom-image-wrap photo-alignnone\"><img decoding=\"async\" alt loading=\"lazy\" width=\"1024\" height=\"683\" class=\"alignnone size-full wp-image-995597\" src=\"https:\/\/velo-cdn.outsideonline.com\/wp-content\/uploads\/2026\/07\/GettyImages-2287518800.jpg?width=2048&amp;auto=webp&amp;quality=75&amp;fit=cover\"><figcaption class=\"pom-caption\"><span class=\"article__caption\">Wout van Aert is already winning bike races after his elblow injury. He\u2019s all but confirmed he will be racing the Vuelta. (Photo: AFP via Getty Images)<\/span><\/figcaption><\/figure>\n<p>Here are the biggest names we\u2019re expecting to see at the Vuelta a Espa\u00f1a, based on recent reports.<\/p>\n<ul>\n<li><strong>Tadej Poga\u010dar (UAE Emirates-XRG):<\/strong> He wants it all.<\/li>\n<li><strong>Jo\u00e3o Almeida (UAE Emirates-XRG): <\/strong>On a quest to salvage a season derailed by illness.<\/li>\n<li><strong>Wout van Aert (Visma-Lease a Bike):<\/strong> Making up for lost time after Tour de France disappointment.<\/li>\n<li><strong>Sepp Kuss (Visma-Lease a Bike): <\/strong>Not done climbing, even after racing the Giro d\u2019Italia and Tour de France.<\/li>\n<li><strong>Matthew Brennan (Visma-Lease a Bike):<\/strong> Brit sprint sensation poised for grand tour debut.<\/li>\n<li><strong>Mads Pedersen (Lidl-Trek):<\/strong> Tour de France green jersey and defending Vuelta points champion wants more green for the wardrobe.<\/li>\n<li><strong>Mattias Skjelmose (Lidl-Trek):<\/strong> On Cloud 9 after finishing an unexpected 6th at the Tour de France.<\/li>\n<li><strong>Primo\u017e Rogli\u010d (Red Bull-Bora-Hansgrohe):<\/strong> Dreaming of breaking Robert Heras\u2019 five-win record.<\/li>\n<li><strong>Felix Gall (Decathlon CMA-CGM):<\/strong> Giro d\u2019Italia runner-up looking to prove it wasn\u2019t a one-off.<\/li>\n<li><strong>Cian Uijtdebroeks (Movistar):<\/strong> Leading the home team after sickness sufferfest at the Tour de France.<\/li>\n<\/ul>\n<\/div>\n<div class=\"article-body\">\n<div class=\"mb-base-loose flex flex-wrap gap-(--spacing-base)\">\n<div class=\"fp-remove flex items-center justify-start gap-(--spacing-base-tight)\"><span class=\"font-utility-2 font-bold text-primary\">Jim Cotton<\/span><\/div>\n<\/div>\n<div class=\"pub-date font-utility-2 text-secondary\">Updated July 30, 2026 05:10AM<\/div>\n<\/div>\n<p>[analyse_source url=&#8221;https:\/\/velo.outsideonline.com\/road\/road-racing\/tadej-pogacar-headlines-rumored-vuelta-a-espana-startlist\/&#8221;]<\/p>\n","protected":false},"excerpt":{"rendered":"<p>[analyse_image type=&#8221;featured&#8221; src=&#8221;https:\/\/velo-cdn.outsideonline.com\/wp-content\/uploads\/2026\/07\/GettyImages-2287793942-scaled.jpg&#8221;] Jim Cotton Updated July 30, 2026 05:10AM There\u2019s no better way to brush off the hangover of the Tour de France than to start mulling who\u2019s racing the Vuelta a Espa\u00f1a. And now\u2019s a good time to do it. The evidence pointing toward Tadej Poga\u010dar returning to the Spanish tour is mounting [&hellip;]<\/p>\n","protected":false},"author":1,"featured_media":0,"comment_status":"open","ping_status":"","sticky":false,"template":"","format":"standard","meta":{"footnotes":""},"categories":[2],"tags":[226,71],"class_list":["post-2069389","post","type-post","status-publish","format-standard","hentry","category-politics","tag-crawlmanager","tag-velo-outsideonline-com"],"_links":{"self":[{"href":"https:\/\/analyse.optim.biz\/index.php?rest_route=\/wp\/v2\/posts\/2069389","targetHints":{"allow":["GET"]}}],"collection":[{"href":"https:\/\/analyse.optim.biz\/index.php?rest_route=\/wp\/v2\/posts"}],"about":[{"href":"https:\/\/analyse.optim.biz\/index.php?rest_route=\/wp\/v2\/types\/post"}],"author":[{"embeddable":true,"href":"https:\/\/analyse.optim.biz\/index.php?rest_route=\/wp\/v2\/users\/1"}],"replies":[{"embeddable":true,"href":"https:\/\/analyse.optim.biz\/index.php?rest_route=%2Fwp%2Fv2%2Fcomments&post=2069389"}],"version-history":[{"count":0,"href":"https:\/\/analyse.optim.biz\/index.php?rest_route=\/wp\/v2\/posts\/2069389\/revisions"}],"wp:attachment":[{"href":"https:\/\/analyse.optim.biz\/index.php?rest_route=%2Fwp%2Fv2%2Fmedia&parent=2069389"}],"wp:term":[{"taxonomy":"category","embeddable":true,"href":"https:\/\/analyse.optim.biz\/index.php?rest_route=%2Fwp%2Fv2%2Fcategories&post=2069389"},{"taxonomy":"post_tag","embeddable":true,"href":"https:\/\/analyse.optim.biz\/index.php?rest_route=%2Fwp%2Fv2%2Ftags&post=2069389"}],"curies":[{"name":"wp","href":"https:\/\/api.w.org\/{rel}","templated":true}]}}