{"id":2069241,"date":"2026-07-30T14:06:24","date_gmt":"2026-07-30T11:06:24","guid":{"rendered":"https:\/\/analyse.optim.biz\/?p=2069241"},"modified":"2026-07-30T14:06:24","modified_gmt":"2026-07-30T11:06:24","slug":"pe-9-august-se-joaca-cupa-sirineasa-primarul-ion-bebe-streinu-invita-echipele-la-editia-cu-numarul-xxiii","status":"publish","type":"post","link":"https:\/\/analyse.optim.biz\/?p=2069241","title":{"rendered":"Pe 9 august se joac\u0103 Cupa \u0218irineasa: primarul Ion-Bebe Streinu invit\u0103 echipele la edi\u021bia cu num\u0103rul XXIII"},"content":{"rendered":"<p>[analyse_image type=&#8221;featured&#8221; src=&#8221;https:\/\/www.impactreal.ro\/wp-content\/uploads\/2026\/07\/sirineasa-1024&#215;683.png&#8221;]<\/p>\n<div class=\"single-news-content\">\n<div class=\"news-image\"><img loading=\"lazy\" decoding=\"async\" width=\"1536\" height=\"1024\" src=\"https:\/\/www.impactreal.ro\/wp-content\/uploads\/2026\/07\/sirineasa.png\" class=\"img-responsive wp-post-image\" alt=\"Pe 9 august se joac\u0103 Cupa \u0218irineasa: primarul Ion-Bebe Streinu invit\u0103 echipele la edi\u021bia cu num\u0103rul XXIII\"><\/div>\n<div class=\"news-detail clearfix\">\n<div class=\"entry-meta\"><span class=\"posted-date\"><a href=\"https:\/\/www.impactreal.ro\/2026\/07\/30\/pe-9-august-se-joaca-cupa-sirineasa-primarul-ion-bebe-streinu-invita-echipele-la-editia-cu-numarul-xxiii\/\" rel=\"bookmark\"><time class=\"entry-date published updated\" datetime=\"2026-07-30T17:06:24+03:00\">30 iulie 2026<\/time><\/a><\/span><span class=\"author vcard\"><a href=\"https:\/\/www.impactreal.ro\/author\/claudia-schiopu\/\">Claudia Schiopu<\/a><\/span><span class=\"cat-links\"><a href=\"https:\/\/www.impactreal.ro\/category\/administratie\/\" rel=\"category tag\">Administra\u0163ie<\/a><a href=\"https:\/\/www.impactreal.ro\/category\/sirineasa\/\" rel=\"category tag\">Sirineasa<\/a><\/span><\/div>\n<div class=\"news-content editor-content-entry\">\n<p>Fotbalul pune din nou \u0218irineasa pe harta competi\u021biilor sportive din jude\u021bul V\u00e2lcea. Duminic\u0103, 9 august, terenul sintetic al comunei va g\u0103zdui edi\u021bia a XXIII-a a Cupei \u0218irineasa, un turneu care, de-a lungul anilor, a adunat pe teren zeci de echipe \u0219i sute de iubitori ai sportului.<\/p>\n<p>Competi\u021bia va \u00eencepe la ora 09:00, iar programul meciurilor va fi stabilit dup\u0103 tragerea la sor\u021bi programat\u0103 pentru 6 august. Organizatorii se a\u0219teapt\u0103 la o participare numeroas\u0103, at\u00e2t din partea echipelor, c\u00e2t \u0219i a spectatorilor care vin, an de an, s\u0103 urm\u0103reasc\u0103 \u00eentrecerea.<\/p>\n<p>Primarul comunei \u0218irineasa, Ion-Bebe Streinu, \u00eei invit\u0103 pe to\u021bi cei pasiona\u021bi de fotbal s\u0103 fie prezen\u021bi la aceast\u0103 edi\u021bie \u0219i s\u0103 sus\u021bin\u0103 echipele \u00eenscrise \u00een competi\u021bie: \u201eC<em><strong>upa \u0218irineasa este un eveniment care a devenit o tradi\u021bie pentru localitatea noastr\u0103. Ne dorim s\u0103 avem parte de meciuri frumoase, desf\u0103\u0219urate \u00een spiritul fair-play-ului, \u0219i \u00eei a\u0219tept\u0103m cu drag at\u00e2t pe juc\u0103tori, c\u00e2t \u0219i pe spectatori<\/strong><\/em>\u201d, este mesajul transmis de primarul Ion-Bebe Streinu.<\/p>\n<p>\u00censcrierile sunt deschise, iar organizarea competi\u021biei este coordonat\u0103 de Daniel B\u0103canu, persoana desemnat\u0103 s\u0103 \u021bin\u0103 leg\u0103tura cu echipele participante \u0219i s\u0103 stabileasc\u0103 toate detaliile logistice.<\/p>\n<p>Ajuns\u0103 la edi\u021bia cu num\u0103rul 23, Cupa \u0218irineasa a dep\u0103\u0219it de mult statutul unei simple competi\u021bii locale. Pentru multe echipe din jude\u021b, turneul reprezint\u0103 ocazia de a \u00eencepe sezonul competi\u021bional \u00eentr-o atmosfer\u0103 prietenoas\u0103. Pentru localnici, evenimentul este unul dintre cele mai a\u0219teptate din timpul verii, transform\u00e2nd terenul sintetic \u00eentr-un loc unde fotbalul aduce \u00eempreun\u0103 juc\u0103tori, suporteri \u0219i familii.<\/p>\n<p><em><strong>A\u0219adar, pe 9 august, de la primele ore ale dimine\u021bii \u0219i p\u00e2n\u0103 la ultimul fluier al arbitrului, la \u0218irineasa se va tr\u0103i din nou \u00een ritmul fotbalului, odat\u0103 cu una dintre cele mai longevive competi\u021bii sportive organizate \u00een jude\u021b.<\/strong><\/em><\/p>\n<\/div>\n<\/div>\n<\/div>\n<div class=\"news-content editor-content-entry\">\n<p>Fotbalul pune din nou \u0218irineasa pe harta competi\u021biilor sportive din jude\u021bul V\u00e2lcea. Duminic\u0103, 9 august, terenul sintetic al comunei va g\u0103zdui edi\u021bia a XXIII-a a Cupei \u0218irineasa, un turneu care, de-a lungul anilor, a adunat pe teren zeci de echipe \u0219i sute de iubitori ai sportului.<\/p>\n<p>Competi\u021bia va \u00eencepe la ora 09:00, iar programul meciurilor va fi stabilit dup\u0103 tragerea la sor\u021bi programat\u0103 pentru 6 august. Organizatorii se a\u0219teapt\u0103 la o participare numeroas\u0103, at\u00e2t din partea echipelor, c\u00e2t \u0219i a spectatorilor care vin, an de an, s\u0103 urm\u0103reasc\u0103 \u00eentrecerea.<\/p>\n<p>Primarul comunei \u0218irineasa, Ion-Bebe Streinu, \u00eei invit\u0103 pe to\u021bi cei pasiona\u021bi de fotbal s\u0103 fie prezen\u021bi la aceast\u0103 edi\u021bie \u0219i s\u0103 sus\u021bin\u0103 echipele \u00eenscrise \u00een competi\u021bie: \u201eC<em><strong>upa \u0218irineasa este un eveniment care a devenit o tradi\u021bie pentru localitatea noastr\u0103. Ne dorim s\u0103 avem parte de meciuri frumoase, desf\u0103\u0219urate \u00een spiritul fair-play-ului, \u0219i \u00eei a\u0219tept\u0103m cu drag at\u00e2t pe juc\u0103tori, c\u00e2t \u0219i pe spectatori<\/strong><\/em>\u201d, este mesajul transmis de primarul Ion-Bebe Streinu.<\/p>\n<p>\u00censcrierile sunt deschise, iar organizarea competi\u021biei este coordonat\u0103 de Daniel B\u0103canu, persoana desemnat\u0103 s\u0103 \u021bin\u0103 leg\u0103tura cu echipele participante \u0219i s\u0103 stabileasc\u0103 toate detaliile logistice.<\/p>\n<p>Ajuns\u0103 la edi\u021bia cu num\u0103rul 23, Cupa \u0218irineasa a dep\u0103\u0219it de mult statutul unei simple competi\u021bii locale. Pentru multe echipe din jude\u021b, turneul reprezint\u0103 ocazia de a \u00eencepe sezonul competi\u021bional \u00eentr-o atmosfer\u0103 prietenoas\u0103. Pentru localnici, evenimentul este unul dintre cele mai a\u0219teptate din timpul verii, transform\u00e2nd terenul sintetic \u00eentr-un loc unde fotbalul aduce \u00eempreun\u0103 juc\u0103tori, suporteri \u0219i familii.<\/p>\n<p><em><strong>A\u0219adar, pe 9 august, de la primele ore ale dimine\u021bii \u0219i p\u00e2n\u0103 la ultimul fluier al arbitrului, la \u0218irineasa se va tr\u0103i din nou \u00een ritmul fotbalului, odat\u0103 cu una dintre cele mai longevive competi\u021bii sportive organizate \u00een jude\u021b.<\/strong><\/em><\/p>\n<\/div>\n<div class=\"news-content editor-content-entry\">\n<p>Fotbalul pune din nou \u0218irineasa pe harta competi\u021biilor sportive din jude\u021bul V\u00e2lcea. Duminic\u0103, 9 august, terenul sintetic al comunei va g\u0103zdui edi\u021bia a XXIII-a a Cupei \u0218irineasa, un turneu care, de-a lungul anilor, a adunat pe teren zeci de echipe \u0219i sute de iubitori ai sportului.<\/p>\n<p>Competi\u021bia va \u00eencepe la ora 09:00, iar programul meciurilor va fi stabilit dup\u0103 tragerea la sor\u021bi programat\u0103 pentru 6 august. Organizatorii se a\u0219teapt\u0103 la o participare numeroas\u0103, at\u00e2t din partea echipelor, c\u00e2t \u0219i a spectatorilor care vin, an de an, s\u0103 urm\u0103reasc\u0103 \u00eentrecerea.<\/p>\n<p>Primarul comunei \u0218irineasa, Ion-Bebe Streinu, \u00eei invit\u0103 pe to\u021bi cei pasiona\u021bi de fotbal s\u0103 fie prezen\u021bi la aceast\u0103 edi\u021bie \u0219i s\u0103 sus\u021bin\u0103 echipele \u00eenscrise \u00een competi\u021bie: \u201eC<em><strong>upa \u0218irineasa este un eveniment care a devenit o tradi\u021bie pentru localitatea noastr\u0103. Ne dorim s\u0103 avem parte de meciuri frumoase, desf\u0103\u0219urate \u00een spiritul fair-play-ului, \u0219i \u00eei a\u0219tept\u0103m cu drag at\u00e2t pe juc\u0103tori, c\u00e2t \u0219i pe spectatori<\/strong><\/em>\u201d, este mesajul transmis de primarul Ion-Bebe Streinu.<\/p>\n<p>\u00censcrierile sunt deschise, iar organizarea competi\u021biei este coordonat\u0103 de Daniel B\u0103canu, persoana desemnat\u0103 s\u0103 \u021bin\u0103 leg\u0103tura cu echipele participante \u0219i s\u0103 stabileasc\u0103 toate detaliile logistice.<\/p>\n<p>Ajuns\u0103 la edi\u021bia cu num\u0103rul 23, Cupa \u0218irineasa a dep\u0103\u0219it de mult statutul unei simple competi\u021bii locale. Pentru multe echipe din jude\u021b, turneul reprezint\u0103 ocazia de a \u00eencepe sezonul competi\u021bional \u00eentr-o atmosfer\u0103 prietenoas\u0103. Pentru localnici, evenimentul este unul dintre cele mai a\u0219teptate din timpul verii, transform\u00e2nd terenul sintetic \u00eentr-un loc unde fotbalul aduce \u00eempreun\u0103 juc\u0103tori, suporteri \u0219i familii.<\/p>\n<p><em><strong>A\u0219adar, pe 9 august, de la primele ore ale dimine\u021bii \u0219i p\u00e2n\u0103 la ultimul fluier al arbitrului, la \u0218irineasa se va tr\u0103i din nou \u00een ritmul fotbalului, odat\u0103 cu una dintre cele mai longevive competi\u021bii sportive organizate \u00een jude\u021b.<\/strong><\/em><\/p>\n<\/div>\n<p>[analyse_source url=&#8221;https:\/\/www.impactreal.ro\/2026\/07\/30\/pe-9-august-se-joaca-cupa-sirineasa-primarul-ion-bebe-streinu-invita-echipele-la-editia-cu-numarul-xxiii\/&#8221;]<\/p>\n","protected":false},"excerpt":{"rendered":"<p>[analyse_image type=&#8221;featured&#8221; src=&#8221;https:\/\/www.impactreal.ro\/wp-content\/uploads\/2026\/07\/sirineasa-1024&#215;683.png&#8221;] 30 iulie 2026Claudia SchiopuAdministra\u0163ieSirineasa Fotbalul pune din nou \u0218irineasa pe harta competi\u021biilor sportive din jude\u021bul V\u00e2lcea. Duminic\u0103, 9 august, terenul sintetic al comunei va g\u0103zdui edi\u021bia a XXIII-a a Cupei \u0218irineasa, un turneu care, de-a lungul anilor, a adunat pe teren zeci de echipe \u0219i sute de iubitori ai sportului. Competi\u021bia va [&hellip;]<\/p>\n","protected":false},"author":1,"featured_media":0,"comment_status":"open","ping_status":"","sticky":false,"template":"","format":"standard","meta":{"footnotes":""},"categories":[89],"tags":[226,212],"class_list":["post-2069241","post","type-post","status-publish","format-standard","hentry","category-romania","tag-crawlmanager","tag-impactreal-ro"],"_links":{"self":[{"href":"https:\/\/analyse.optim.biz\/index.php?rest_route=\/wp\/v2\/posts\/2069241","targetHints":{"allow":["GET"]}}],"collection":[{"href":"https:\/\/analyse.optim.biz\/index.php?rest_route=\/wp\/v2\/posts"}],"about":[{"href":"https:\/\/analyse.optim.biz\/index.php?rest_route=\/wp\/v2\/types\/post"}],"author":[{"embeddable":true,"href":"https:\/\/analyse.optim.biz\/index.php?rest_route=\/wp\/v2\/users\/1"}],"replies":[{"embeddable":true,"href":"https:\/\/analyse.optim.biz\/index.php?rest_route=%2Fwp%2Fv2%2Fcomments&post=2069241"}],"version-history":[{"count":0,"href":"https:\/\/analyse.optim.biz\/index.php?rest_route=\/wp\/v2\/posts\/2069241\/revisions"}],"wp:attachment":[{"href":"https:\/\/analyse.optim.biz\/index.php?rest_route=%2Fwp%2Fv2%2Fmedia&parent=2069241"}],"wp:term":[{"taxonomy":"category","embeddable":true,"href":"https:\/\/analyse.optim.biz\/index.php?rest_route=%2Fwp%2Fv2%2Fcategories&post=2069241"},{"taxonomy":"post_tag","embeddable":true,"href":"https:\/\/analyse.optim.biz\/index.php?rest_route=%2Fwp%2Fv2%2Ftags&post=2069241"}],"curies":[{"name":"wp","href":"https:\/\/api.w.org\/{rel}","templated":true}]}}