{"id":2069240,"date":"2026-07-30T13:20:56","date_gmt":"2026-07-30T10:20:56","guid":{"rendered":"https:\/\/analyse.optim.biz\/?p=2069240"},"modified":"2026-07-30T13:20:56","modified_gmt":"2026-07-30T10:20:56","slug":"doua-cladiri-noi-pentru-copiii-din-danicei-scoala-si-gradinita-se-ridica-din-temelii-cu-fonduri-europene","status":"publish","type":"post","link":"https:\/\/analyse.optim.biz\/?p=2069240","title":{"rendered":"Dou\u0103 cl\u0103diri noi pentru copiii din D\u0103nicei: \u0219coala \u0219i gr\u0103dini\u021ba se ridic\u0103 din temelii, cu fonduri europene"},"content":{"rendered":"<p>[analyse_image type=&#8221;featured&#8221; src=&#8221;https:\/\/www.impactreal.ro\/wp-content\/uploads\/2026\/07\/DANICEI-00-1024&#215;495.png&#8221;]<\/p>\n<div class=\"single-news-content\">\n<div class=\"news-image\"><img loading=\"lazy\" decoding=\"async\" width=\"1804\" height=\"872\" src=\"https:\/\/www.impactreal.ro\/wp-content\/uploads\/2026\/07\/DANICEI-00.png\" class=\"img-responsive wp-post-image\" alt=\"Dou\u0103 cl\u0103diri noi pentru copiii din D\u0103nicei: \u0219coala \u0219i gr\u0103dini\u021ba se ridic\u0103 din temelii, cu fonduri europene\"><\/div>\n<div class=\"news-detail clearfix\">\n<div class=\"entry-meta\"><span class=\"posted-date\"><a href=\"https:\/\/www.impactreal.ro\/2026\/07\/30\/doua-cladiri-noi-pentru-copiii-din-danicei-scoala-si-gradinita-se-ridica-din-temelii-cu-fonduri-europene\/\" rel=\"bookmark\"><time class=\"entry-date published updated\" datetime=\"2026-07-30T16:20:56+03:00\">30 iulie 2026<\/time><\/a><\/span><span class=\"author vcard\"><a href=\"https:\/\/www.impactreal.ro\/author\/claudia-schiopu\/\">Claudia Schiopu<\/a><\/span><span class=\"cat-links\"><a href=\"https:\/\/www.impactreal.ro\/category\/administratie\/\" rel=\"category tag\">Administra\u0163ie<\/a><a href=\"https:\/\/www.impactreal.ro\/category\/danicei-comuna-dezvoltare-valcea\/\" rel=\"category tag\">Danicei<\/a><\/span><\/div>\n<div class=\"news-content editor-content-entry\">\n<p><em>\u00cen centrul comunei D\u0103nicei se construiesc dou\u0103 dintre cele mai importante investi\u021bii din ultimii ani. Noua \u0219coal\u0103 \u0219i noua gr\u0103dini\u021b\u0103 sunt ridicate de la zero, dup\u0103 ce vechile cl\u0103diri, construite \u00een anii \u201950, nu au mai putut r\u0103spunde cerin\u021belor actuale. Lucr\u0103rile sunt finan\u021bate din fonduri europene, iar administra\u021bia local\u0103 preg\u0103te\u0219te deja urm\u0103toarele proiecte pentru copii<\/em>.<\/p>\n<p><img loading=\"lazy\" decoding=\"async\" class=\"alignnone size-medium wp-image-57981\" src=\"https:\/\/www.impactreal.ro\/wp-content\/uploads\/2026\/07\/SCALA-03-DANICEI-300x225.jpg\" alt width=\"300\" height=\"225\"><img loading=\"lazy\" decoding=\"async\" class=\"alignnone size-medium wp-image-57982\" src=\"https:\/\/www.impactreal.ro\/wp-content\/uploads\/2026\/07\/SCOALA-DANICEI-01-300x225.jpg\" alt width=\"300\" height=\"225\"><img decoding=\"async\" loading=\"lazy\" class=\"alignnone size-medium wp-image-57983\" src=\"https:\/\/www.impactreal.ro\/wp-content\/uploads\/2026\/07\/SCOALA-08-DANICEI-300x225.jpg\" alt width=\"300\" height=\"225\"><\/p>\n<p><strong><u>Constructorul dubleaz\u0103 echipele de lucru<\/u><\/strong><\/p>\n<p>Noua \u0219coal\u0103 se afl\u0103 \u00eentr-un stadiu avansat de execu\u021bie. Lucr\u0103rile au fost \u00eencetinite din cauza \u00eent\u00e2rzierii unor aloc\u0103ri financiare de la ADR Sud-Vest Oltenia, \u00eens\u0103 situa\u021bia a fost rezolvat\u0103.<\/p>\n<p>Primarul comunei D\u0103nicei, Dumitru Pirneci, spune c\u0103 firma care execut\u0103 investi\u021bia \u0219i-a asumat recuperarea timpului pierdut:<\/p>\n<p>\u201e<strong><em>Lucr\u0103rile la \u0219coal\u0103 au stagnat pu\u021bin pentru c\u0103 a fost o \u00eent\u00e2rziere la alocarea fondurilor de la ADR Sud-Vest Oltenia, \u00eens\u0103 problema s-a rezolvat. Constructorul ne-a promis c\u0103, de s\u0103pt\u0103m\u00e2na viitoare, va lucra cu dou\u0103 echipe pentru a recupera \u00eent\u00e2rzierea. Ne-am fi dorit ca noul an \u0219colar s\u0103 \u00eenceap\u0103 \u00een noua cl\u0103dire, \u00eens\u0103 acest lucru nu mai depinde doar de noi. Dup\u0103 terminarea lucr\u0103rilor trebuie parcurse toate procedurile legale, \u00eempreun\u0103 cu Inspectoratul \u0218colar \u0219i celelalte institu\u021bii care emit avizele. Chiar dac\u0103 elevii nu vor intra \u00een prima zi \u00een noua \u0219coal\u0103, imediat ce toate documentele vor fi \u00een regul\u0103 vom muta activitatea aici<\/em><\/strong>\u201d, a declarat primarul Dumitru Pirneci.<\/p>\n<p>Noua \u0219coal\u0103 va avea toate dot\u0103rile necesare desf\u0103\u0219ur\u0103rii cursurilor. Mobilierul \u0219i echipamentele au fost achizi\u021bionate printr-un proiect finan\u021bat prin PNRR. Cl\u0103direa dispune \u0219i de un teren de sport cu gazon sintetic. \u00cenc\u0103lzirea va fi asigurat\u0103, pentru \u00eenceput, de o central\u0103 pe lemne, p\u00e2n\u0103 la realizarea re\u021belei de gaze naturale.<\/p>\n<p><strong><u>O gr\u0103dini\u021b\u0103 construit\u0103 de la zero<\/u><\/strong><\/p>\n<p><img decoding=\"async\" loading=\"lazy\" class=\"alignnone size-medium wp-image-57984\" src=\"https:\/\/www.impactreal.ro\/wp-content\/uploads\/2026\/07\/GRADINITA-02-DANICEI-300x225.jpg\" alt width=\"300\" height=\"225\"><\/p>\n<p>Chiar l\u00e2ng\u0103 \u0219coal\u0103 se ridic\u0103 \u0219i noua gr\u0103dini\u021b\u0103, finan\u021bat\u0103 tot prin ADR Sud-Vest Oltenia.<\/p>\n<p>Cl\u0103direa va avea s\u0103li de grup\u0103 spa\u021bioase \u0219i luminoase, mobilier nou, sal\u0103 de mese, spa\u021bii multifunc\u021bionale \u0219i multe juc\u0103rii.<\/p>\n<p>Secretarul general al Prim\u0103riei D\u0103nicei, Ionu\u021b Voiman, \u00a0explic\u0103 faptul c\u0103 decizia construirii celor dou\u0103 cl\u0103diri a fost luat\u0103 deoarece vechile unit\u0103\u021bi de \u00eenv\u0103\u021b\u0103m\u00e2nt nu mai puteau fi modernizate \u00een condi\u021bii care s\u0103 r\u0103spund\u0103 cerin\u021belor actuale: \u201e<strong><em>\u0218colile din localitate au fost construite \u00een anii \u201950 \u0219i ajunseser\u0103 \u00eentr-o stare \u00een care repara\u021biile nu mai erau o solu\u021bie. Speciali\u0219tii au confirmat acest lucru, astfel c\u0103 am putut \u00eencepe construirea unei \u0219coli \u0219i a unei gr\u0103dini\u021be noi, de la zero, cu toate condi\u021biile necesare pentru copii<\/em><\/strong>, spune Ionu\u021b \u00a0Voiman<\/p>\n<p>Trebuie spus c\u0103, la D\u0103nicei, copiii beneficiaz\u0103 de transport gratuit cu un microbuz \u0219colar nou<\/p>\n<p><strong><u>Urmeaz\u0103 \u0219i un cabinet medical \u0219colar<\/u><\/strong><\/p>\n<p>Secretarul general al Prim\u0103riei D\u0103nicei, Ionu\u021b Narcis Voiman, afirm\u0103 c\u0103 administra\u021bia local\u0103 are \u00een derulare mai multe investi\u021bii finan\u021bate din fonduri europene, pentru fiecare fiind asigurat\u0103 contribu\u021bia proprie: \u201e<strong><em>Avem un portofoliu de proiecte cu bani europeni \u0219i pentru fiecare trebuie asigurat\u0103 cofinan\u021barea, inclusiv pentru \u0219coal\u0103 \u0219i pentru gr\u0103dini\u021b\u0103. Analiz\u0103m \u0219i posibilitatea construirii unui cabinet medical \u0219colar prin ADR Sud-Vest Oltenia. Avem doi medici \u00een localitate \u0219i consider\u0103m c\u0103 este nevoie de un spa\u021biu nou destinat acestui serviciu<\/em><\/strong>\u201d, a declarat Ionu\u021b Narcis Voiman.<\/p>\n<p><strong><u>Experien\u021b\u0103 \u00een fonduri europene, munc\u0103 dincolo de atribu\u021biile de secretar general<\/u><\/strong><\/p>\n<p>Secretarul general spune c\u0103 experien\u021ba \u00een accesarea fondurilor europene s-a construit \u00een timp, prin implicare:<\/p>\n<p>\u201e<strong><em>De c\u00e2nd am venit al\u0103turi de domnul primar, am vrut s\u0103 \u00een\u021beleg fiecare etap\u0103 a acces\u0103rii fondurilor europene. Primul proiect a fost pentru internet \u00een localitate. A urmat un centru social de aproximativ 100.000 de euro, apoi un proiect social de un milion de euro, realizat dup\u0103 foarte mult\u0103 munc\u0103 \u0219i multe drumuri. Au urmat proiectul pentru \u0219coal\u0103, \u00een valoare de aproximativ un milion de euro, gr\u0103dini\u021ba de aproximativ 600.000 de euro, iar prin GAL extindem iluminatul public astfel \u00eenc\u00e2t \u00eentreaga localitate s\u0103 fie acoperit\u0103<\/em><\/strong>\u201d, a precizat Ionu\u021b Narcis Voiman.<\/p>\n<p>La D\u0103nicei, \u0219coala \u0219i gr\u0103dini\u021ba care se ridic\u0103 acum vor schimba complet zona central\u0103 a localit\u0103\u021bii \u0219i vor oferi copiilor condi\u021bii pe care genera\u021biile anterioare nu le-au avut. \u00cen paralel, administra\u021bia local\u0103 preg\u0103te\u0219te noi proiecte europene care completeaz\u0103 investi\u021biile deja aflate \u00een lucru.<\/p>\n<p><img decoding=\"async\" loading=\"lazy\" class=\"alignnone size-medium wp-image-57985\" src=\"https:\/\/www.impactreal.ro\/wp-content\/uploads\/2026\/07\/danicei-01-secretar-primar-768x430-1-300x168.jpg\" alt width=\"300\" height=\"168\"><\/p>\n<p>\u00a0<\/p>\n<p>\u00a0<\/p>\n<p>\u00a0<\/p>\n<p>\u00a0<\/p>\n<p>\u00a0<\/p>\n<\/div>\n<\/div>\n<\/div>\n<div class=\"news-content editor-content-entry\">\n<p><em>\u00cen centrul comunei D\u0103nicei se construiesc dou\u0103 dintre cele mai importante investi\u021bii din ultimii ani. Noua \u0219coal\u0103 \u0219i noua gr\u0103dini\u021b\u0103 sunt ridicate de la zero, dup\u0103 ce vechile cl\u0103diri, construite \u00een anii \u201950, nu au mai putut r\u0103spunde cerin\u021belor actuale. Lucr\u0103rile sunt finan\u021bate din fonduri europene, iar administra\u021bia local\u0103 preg\u0103te\u0219te deja urm\u0103toarele proiecte pentru copii<\/em>.<\/p>\n<p><img loading=\"lazy\" decoding=\"async\" class=\"alignnone size-medium wp-image-57981\" src=\"https:\/\/www.impactreal.ro\/wp-content\/uploads\/2026\/07\/SCALA-03-DANICEI-300x225.jpg\" alt width=\"300\" height=\"225\"><img loading=\"lazy\" decoding=\"async\" class=\"alignnone size-medium wp-image-57982\" src=\"https:\/\/www.impactreal.ro\/wp-content\/uploads\/2026\/07\/SCOALA-DANICEI-01-300x225.jpg\" alt width=\"300\" height=\"225\"><img decoding=\"async\" loading=\"lazy\" class=\"alignnone size-medium wp-image-57983\" src=\"https:\/\/www.impactreal.ro\/wp-content\/uploads\/2026\/07\/SCOALA-08-DANICEI-300x225.jpg\" alt width=\"300\" height=\"225\"><\/p>\n<p><strong><u>Constructorul dubleaz\u0103 echipele de lucru<\/u><\/strong><\/p>\n<p>Noua \u0219coal\u0103 se afl\u0103 \u00eentr-un stadiu avansat de execu\u021bie. Lucr\u0103rile au fost \u00eencetinite din cauza \u00eent\u00e2rzierii unor aloc\u0103ri financiare de la ADR Sud-Vest Oltenia, \u00eens\u0103 situa\u021bia a fost rezolvat\u0103.<\/p>\n<p>Primarul comunei D\u0103nicei, Dumitru Pirneci, spune c\u0103 firma care execut\u0103 investi\u021bia \u0219i-a asumat recuperarea timpului pierdut:<\/p>\n<p>\u201e<strong><em>Lucr\u0103rile la \u0219coal\u0103 au stagnat pu\u021bin pentru c\u0103 a fost o \u00eent\u00e2rziere la alocarea fondurilor de la ADR Sud-Vest Oltenia, \u00eens\u0103 problema s-a rezolvat. Constructorul ne-a promis c\u0103, de s\u0103pt\u0103m\u00e2na viitoare, va lucra cu dou\u0103 echipe pentru a recupera \u00eent\u00e2rzierea. Ne-am fi dorit ca noul an \u0219colar s\u0103 \u00eenceap\u0103 \u00een noua cl\u0103dire, \u00eens\u0103 acest lucru nu mai depinde doar de noi. Dup\u0103 terminarea lucr\u0103rilor trebuie parcurse toate procedurile legale, \u00eempreun\u0103 cu Inspectoratul \u0218colar \u0219i celelalte institu\u021bii care emit avizele. Chiar dac\u0103 elevii nu vor intra \u00een prima zi \u00een noua \u0219coal\u0103, imediat ce toate documentele vor fi \u00een regul\u0103 vom muta activitatea aici<\/em><\/strong>\u201d, a declarat primarul Dumitru Pirneci.<\/p>\n<p>Noua \u0219coal\u0103 va avea toate dot\u0103rile necesare desf\u0103\u0219ur\u0103rii cursurilor. Mobilierul \u0219i echipamentele au fost achizi\u021bionate printr-un proiect finan\u021bat prin PNRR. Cl\u0103direa dispune \u0219i de un teren de sport cu gazon sintetic. \u00cenc\u0103lzirea va fi asigurat\u0103, pentru \u00eenceput, de o central\u0103 pe lemne, p\u00e2n\u0103 la realizarea re\u021belei de gaze naturale.<\/p>\n<p><strong><u>O gr\u0103dini\u021b\u0103 construit\u0103 de la zero<\/u><\/strong><\/p>\n<p><img decoding=\"async\" loading=\"lazy\" class=\"alignnone size-medium wp-image-57984\" src=\"https:\/\/www.impactreal.ro\/wp-content\/uploads\/2026\/07\/GRADINITA-02-DANICEI-300x225.jpg\" alt width=\"300\" height=\"225\"><\/p>\n<p>Chiar l\u00e2ng\u0103 \u0219coal\u0103 se ridic\u0103 \u0219i noua gr\u0103dini\u021b\u0103, finan\u021bat\u0103 tot prin ADR Sud-Vest Oltenia.<\/p>\n<p>Cl\u0103direa va avea s\u0103li de grup\u0103 spa\u021bioase \u0219i luminoase, mobilier nou, sal\u0103 de mese, spa\u021bii multifunc\u021bionale \u0219i multe juc\u0103rii.<\/p>\n<p>Secretarul general al Prim\u0103riei D\u0103nicei, Ionu\u021b Voiman, \u00a0explic\u0103 faptul c\u0103 decizia construirii celor dou\u0103 cl\u0103diri a fost luat\u0103 deoarece vechile unit\u0103\u021bi de \u00eenv\u0103\u021b\u0103m\u00e2nt nu mai puteau fi modernizate \u00een condi\u021bii care s\u0103 r\u0103spund\u0103 cerin\u021belor actuale: \u201e<strong><em>\u0218colile din localitate au fost construite \u00een anii \u201950 \u0219i ajunseser\u0103 \u00eentr-o stare \u00een care repara\u021biile nu mai erau o solu\u021bie. Speciali\u0219tii au confirmat acest lucru, astfel c\u0103 am putut \u00eencepe construirea unei \u0219coli \u0219i a unei gr\u0103dini\u021be noi, de la zero, cu toate condi\u021biile necesare pentru copii<\/em><\/strong>, spune Ionu\u021b \u00a0Voiman<\/p>\n<p>Trebuie spus c\u0103, la D\u0103nicei, copiii beneficiaz\u0103 de transport gratuit cu un microbuz \u0219colar nou<\/p>\n<p><strong><u>Urmeaz\u0103 \u0219i un cabinet medical \u0219colar<\/u><\/strong><\/p>\n<p>Secretarul general al Prim\u0103riei D\u0103nicei, Ionu\u021b Narcis Voiman, afirm\u0103 c\u0103 administra\u021bia local\u0103 are \u00een derulare mai multe investi\u021bii finan\u021bate din fonduri europene, pentru fiecare fiind asigurat\u0103 contribu\u021bia proprie: \u201e<strong><em>Avem un portofoliu de proiecte cu bani europeni \u0219i pentru fiecare trebuie asigurat\u0103 cofinan\u021barea, inclusiv pentru \u0219coal\u0103 \u0219i pentru gr\u0103dini\u021b\u0103. Analiz\u0103m \u0219i posibilitatea construirii unui cabinet medical \u0219colar prin ADR Sud-Vest Oltenia. Avem doi medici \u00een localitate \u0219i consider\u0103m c\u0103 este nevoie de un spa\u021biu nou destinat acestui serviciu<\/em><\/strong>\u201d, a declarat Ionu\u021b Narcis Voiman.<\/p>\n<p><strong><u>Experien\u021b\u0103 \u00een fonduri europene, munc\u0103 dincolo de atribu\u021biile de secretar general<\/u><\/strong><\/p>\n<p>Secretarul general spune c\u0103 experien\u021ba \u00een accesarea fondurilor europene s-a construit \u00een timp, prin implicare:<\/p>\n<p>\u201e<strong><em>De c\u00e2nd am venit al\u0103turi de domnul primar, am vrut s\u0103 \u00een\u021beleg fiecare etap\u0103 a acces\u0103rii fondurilor europene. Primul proiect a fost pentru internet \u00een localitate. A urmat un centru social de aproximativ 100.000 de euro, apoi un proiect social de un milion de euro, realizat dup\u0103 foarte mult\u0103 munc\u0103 \u0219i multe drumuri. Au urmat proiectul pentru \u0219coal\u0103, \u00een valoare de aproximativ un milion de euro, gr\u0103dini\u021ba de aproximativ 600.000 de euro, iar prin GAL extindem iluminatul public astfel \u00eenc\u00e2t \u00eentreaga localitate s\u0103 fie acoperit\u0103<\/em><\/strong>\u201d, a precizat Ionu\u021b Narcis Voiman.<\/p>\n<p>La D\u0103nicei, \u0219coala \u0219i gr\u0103dini\u021ba care se ridic\u0103 acum vor schimba complet zona central\u0103 a localit\u0103\u021bii \u0219i vor oferi copiilor condi\u021bii pe care genera\u021biile anterioare nu le-au avut. \u00cen paralel, administra\u021bia local\u0103 preg\u0103te\u0219te noi proiecte europene care completeaz\u0103 investi\u021biile deja aflate \u00een lucru.<\/p>\n<p><img decoding=\"async\" loading=\"lazy\" class=\"alignnone size-medium wp-image-57985\" src=\"https:\/\/www.impactreal.ro\/wp-content\/uploads\/2026\/07\/danicei-01-secretar-primar-768x430-1-300x168.jpg\" alt width=\"300\" height=\"168\"><\/p>\n<p>\u00a0<\/p>\n<p>\u00a0<\/p>\n<p>\u00a0<\/p>\n<p>\u00a0<\/p>\n<p>\u00a0<\/p>\n<\/div>\n<div class=\"news-content editor-content-entry\">\n<p><em>\u00cen centrul comunei D\u0103nicei se construiesc dou\u0103 dintre cele mai importante investi\u021bii din ultimii ani. Noua \u0219coal\u0103 \u0219i noua gr\u0103dini\u021b\u0103 sunt ridicate de la zero, dup\u0103 ce vechile cl\u0103diri, construite \u00een anii \u201950, nu au mai putut r\u0103spunde cerin\u021belor actuale. Lucr\u0103rile sunt finan\u021bate din fonduri europene, iar administra\u021bia local\u0103 preg\u0103te\u0219te deja urm\u0103toarele proiecte pentru copii<\/em>.<\/p>\n<p><img loading=\"lazy\" decoding=\"async\" class=\"alignnone size-medium wp-image-57981\" src=\"https:\/\/www.impactreal.ro\/wp-content\/uploads\/2026\/07\/SCALA-03-DANICEI-300x225.jpg\" alt width=\"300\" height=\"225\"><img loading=\"lazy\" decoding=\"async\" class=\"alignnone size-medium wp-image-57982\" src=\"https:\/\/www.impactreal.ro\/wp-content\/uploads\/2026\/07\/SCOALA-DANICEI-01-300x225.jpg\" alt width=\"300\" height=\"225\"><img decoding=\"async\" loading=\"lazy\" class=\"alignnone size-medium wp-image-57983\" src=\"https:\/\/www.impactreal.ro\/wp-content\/uploads\/2026\/07\/SCOALA-08-DANICEI-300x225.jpg\" alt width=\"300\" height=\"225\"><\/p>\n<p><strong><u>Constructorul dubleaz\u0103 echipele de lucru<\/u><\/strong><\/p>\n<p>Noua \u0219coal\u0103 se afl\u0103 \u00eentr-un stadiu avansat de execu\u021bie. Lucr\u0103rile au fost \u00eencetinite din cauza \u00eent\u00e2rzierii unor aloc\u0103ri financiare de la ADR Sud-Vest Oltenia, \u00eens\u0103 situa\u021bia a fost rezolvat\u0103.<\/p>\n<p>Primarul comunei D\u0103nicei, Dumitru Pirneci, spune c\u0103 firma care execut\u0103 investi\u021bia \u0219i-a asumat recuperarea timpului pierdut:<\/p>\n<p>\u201e<strong><em>Lucr\u0103rile la \u0219coal\u0103 au stagnat pu\u021bin pentru c\u0103 a fost o \u00eent\u00e2rziere la alocarea fondurilor de la ADR Sud-Vest Oltenia, \u00eens\u0103 problema s-a rezolvat. Constructorul ne-a promis c\u0103, de s\u0103pt\u0103m\u00e2na viitoare, va lucra cu dou\u0103 echipe pentru a recupera \u00eent\u00e2rzierea. Ne-am fi dorit ca noul an \u0219colar s\u0103 \u00eenceap\u0103 \u00een noua cl\u0103dire, \u00eens\u0103 acest lucru nu mai depinde doar de noi. Dup\u0103 terminarea lucr\u0103rilor trebuie parcurse toate procedurile legale, \u00eempreun\u0103 cu Inspectoratul \u0218colar \u0219i celelalte institu\u021bii care emit avizele. Chiar dac\u0103 elevii nu vor intra \u00een prima zi \u00een noua \u0219coal\u0103, imediat ce toate documentele vor fi \u00een regul\u0103 vom muta activitatea aici<\/em><\/strong>\u201d, a declarat primarul Dumitru Pirneci.<\/p>\n<p>Noua \u0219coal\u0103 va avea toate dot\u0103rile necesare desf\u0103\u0219ur\u0103rii cursurilor. Mobilierul \u0219i echipamentele au fost achizi\u021bionate printr-un proiect finan\u021bat prin PNRR. Cl\u0103direa dispune \u0219i de un teren de sport cu gazon sintetic. \u00cenc\u0103lzirea va fi asigurat\u0103, pentru \u00eenceput, de o central\u0103 pe lemne, p\u00e2n\u0103 la realizarea re\u021belei de gaze naturale.<\/p>\n<p><strong><u>O gr\u0103dini\u021b\u0103 construit\u0103 de la zero<\/u><\/strong><\/p>\n<p><img decoding=\"async\" loading=\"lazy\" class=\"alignnone size-medium wp-image-57984\" src=\"https:\/\/www.impactreal.ro\/wp-content\/uploads\/2026\/07\/GRADINITA-02-DANICEI-300x225.jpg\" alt width=\"300\" height=\"225\"><\/p>\n<p>Chiar l\u00e2ng\u0103 \u0219coal\u0103 se ridic\u0103 \u0219i noua gr\u0103dini\u021b\u0103, finan\u021bat\u0103 tot prin ADR Sud-Vest Oltenia.<\/p>\n<p>Cl\u0103direa va avea s\u0103li de grup\u0103 spa\u021bioase \u0219i luminoase, mobilier nou, sal\u0103 de mese, spa\u021bii multifunc\u021bionale \u0219i multe juc\u0103rii.<\/p>\n<p>Secretarul general al Prim\u0103riei D\u0103nicei, Ionu\u021b Voiman, \u00a0explic\u0103 faptul c\u0103 decizia construirii celor dou\u0103 cl\u0103diri a fost luat\u0103 deoarece vechile unit\u0103\u021bi de \u00eenv\u0103\u021b\u0103m\u00e2nt nu mai puteau fi modernizate \u00een condi\u021bii care s\u0103 r\u0103spund\u0103 cerin\u021belor actuale: \u201e<strong><em>\u0218colile din localitate au fost construite \u00een anii \u201950 \u0219i ajunseser\u0103 \u00eentr-o stare \u00een care repara\u021biile nu mai erau o solu\u021bie. Speciali\u0219tii au confirmat acest lucru, astfel c\u0103 am putut \u00eencepe construirea unei \u0219coli \u0219i a unei gr\u0103dini\u021be noi, de la zero, cu toate condi\u021biile necesare pentru copii<\/em><\/strong>, spune Ionu\u021b \u00a0Voiman<\/p>\n<p>Trebuie spus c\u0103, la D\u0103nicei, copiii beneficiaz\u0103 de transport gratuit cu un microbuz \u0219colar nou<\/p>\n<p><strong><u>Urmeaz\u0103 \u0219i un cabinet medical \u0219colar<\/u><\/strong><\/p>\n<p>Secretarul general al Prim\u0103riei D\u0103nicei, Ionu\u021b Narcis Voiman, afirm\u0103 c\u0103 administra\u021bia local\u0103 are \u00een derulare mai multe investi\u021bii finan\u021bate din fonduri europene, pentru fiecare fiind asigurat\u0103 contribu\u021bia proprie: \u201e<strong><em>Avem un portofoliu de proiecte cu bani europeni \u0219i pentru fiecare trebuie asigurat\u0103 cofinan\u021barea, inclusiv pentru \u0219coal\u0103 \u0219i pentru gr\u0103dini\u021b\u0103. Analiz\u0103m \u0219i posibilitatea construirii unui cabinet medical \u0219colar prin ADR Sud-Vest Oltenia. Avem doi medici \u00een localitate \u0219i consider\u0103m c\u0103 este nevoie de un spa\u021biu nou destinat acestui serviciu<\/em><\/strong>\u201d, a declarat Ionu\u021b Narcis Voiman.<\/p>\n<p><strong><u>Experien\u021b\u0103 \u00een fonduri europene, munc\u0103 dincolo de atribu\u021biile de secretar general<\/u><\/strong><\/p>\n<p>Secretarul general spune c\u0103 experien\u021ba \u00een accesarea fondurilor europene s-a construit \u00een timp, prin implicare:<\/p>\n<p>\u201e<strong><em>De c\u00e2nd am venit al\u0103turi de domnul primar, am vrut s\u0103 \u00een\u021beleg fiecare etap\u0103 a acces\u0103rii fondurilor europene. Primul proiect a fost pentru internet \u00een localitate. A urmat un centru social de aproximativ 100.000 de euro, apoi un proiect social de un milion de euro, realizat dup\u0103 foarte mult\u0103 munc\u0103 \u0219i multe drumuri. Au urmat proiectul pentru \u0219coal\u0103, \u00een valoare de aproximativ un milion de euro, gr\u0103dini\u021ba de aproximativ 600.000 de euro, iar prin GAL extindem iluminatul public astfel \u00eenc\u00e2t \u00eentreaga localitate s\u0103 fie acoperit\u0103<\/em><\/strong>\u201d, a precizat Ionu\u021b Narcis Voiman.<\/p>\n<p>La D\u0103nicei, \u0219coala \u0219i gr\u0103dini\u021ba care se ridic\u0103 acum vor schimba complet zona central\u0103 a localit\u0103\u021bii \u0219i vor oferi copiilor condi\u021bii pe care genera\u021biile anterioare nu le-au avut. \u00cen paralel, administra\u021bia local\u0103 preg\u0103te\u0219te noi proiecte europene care completeaz\u0103 investi\u021biile deja aflate \u00een lucru.<\/p>\n<p><img decoding=\"async\" loading=\"lazy\" class=\"alignnone size-medium wp-image-57985\" src=\"https:\/\/www.impactreal.ro\/wp-content\/uploads\/2026\/07\/danicei-01-secretar-primar-768x430-1-300x168.jpg\" alt width=\"300\" height=\"168\"><\/p>\n<p>\u00a0<\/p>\n<p>\u00a0<\/p>\n<p>\u00a0<\/p>\n<p>\u00a0<\/p>\n<p>\u00a0<\/p>\n<\/div>\n<p>[analyse_source url=&#8221;https:\/\/www.impactreal.ro\/2026\/07\/30\/doua-cladiri-noi-pentru-copiii-din-danicei-scoala-si-gradinita-se-ridica-din-temelii-cu-fonduri-europene\/&#8221;]<\/p>\n","protected":false},"excerpt":{"rendered":"<p>[analyse_image type=&#8221;featured&#8221; src=&#8221;https:\/\/www.impactreal.ro\/wp-content\/uploads\/2026\/07\/DANICEI-00-1024&#215;495.png&#8221;] 30 iulie 2026Claudia SchiopuAdministra\u0163ieDanicei \u00cen centrul comunei D\u0103nicei se construiesc dou\u0103 dintre cele mai importante investi\u021bii din ultimii ani. Noua \u0219coal\u0103 \u0219i noua gr\u0103dini\u021b\u0103 sunt ridicate de la zero, dup\u0103 ce vechile cl\u0103diri, construite \u00een anii \u201950, nu au mai putut r\u0103spunde cerin\u021belor actuale. Lucr\u0103rile sunt finan\u021bate din fonduri europene, iar administra\u021bia [&hellip;]<\/p>\n","protected":false},"author":1,"featured_media":0,"comment_status":"open","ping_status":"","sticky":false,"template":"","format":"standard","meta":{"footnotes":""},"categories":[89],"tags":[226,212],"class_list":["post-2069240","post","type-post","status-publish","format-standard","hentry","category-romania","tag-crawlmanager","tag-impactreal-ro"],"_links":{"self":[{"href":"https:\/\/analyse.optim.biz\/index.php?rest_route=\/wp\/v2\/posts\/2069240","targetHints":{"allow":["GET"]}}],"collection":[{"href":"https:\/\/analyse.optim.biz\/index.php?rest_route=\/wp\/v2\/posts"}],"about":[{"href":"https:\/\/analyse.optim.biz\/index.php?rest_route=\/wp\/v2\/types\/post"}],"author":[{"embeddable":true,"href":"https:\/\/analyse.optim.biz\/index.php?rest_route=\/wp\/v2\/users\/1"}],"replies":[{"embeddable":true,"href":"https:\/\/analyse.optim.biz\/index.php?rest_route=%2Fwp%2Fv2%2Fcomments&post=2069240"}],"version-history":[{"count":0,"href":"https:\/\/analyse.optim.biz\/index.php?rest_route=\/wp\/v2\/posts\/2069240\/revisions"}],"wp:attachment":[{"href":"https:\/\/analyse.optim.biz\/index.php?rest_route=%2Fwp%2Fv2%2Fmedia&parent=2069240"}],"wp:term":[{"taxonomy":"category","embeddable":true,"href":"https:\/\/analyse.optim.biz\/index.php?rest_route=%2Fwp%2Fv2%2Fcategories&post=2069240"},{"taxonomy":"post_tag","embeddable":true,"href":"https:\/\/analyse.optim.biz\/index.php?rest_route=%2Fwp%2Fv2%2Ftags&post=2069240"}],"curies":[{"name":"wp","href":"https:\/\/api.w.org\/{rel}","templated":true}]}}