{"id":2069225,"date":"2026-07-30T00:00:00","date_gmt":"2026-07-29T21:00:00","guid":{"rendered":"https:\/\/analyse.optim.biz\/?p=2069225"},"modified":"2026-07-30T00:00:00","modified_gmt":"2026-07-29T21:00:00","slug":"investitii-in-infrastructura-sportiva-sala-polivalenta-isi-deschide-portile-vezi-aici-programul-complet-al-meciurilor-fiba-u18","status":"publish","type":"post","link":"https:\/\/analyse.optim.biz\/?p=2069225","title":{"rendered":"INVESTI\u021aII \u00een INFRASTRUCTURA SPORTIV\u0102 Sala Polivalent\u0103 \u00ee\u0219i deschide por\u021bile Vezi AICI Programul complet al meciurilor FIBA U18"},"content":{"rendered":"<p>[analyse_image type=&#8221;featured&#8221; src=&#8221;https:\/\/ziaruldetulcea.ro\/wp-content\/uploads\/2026\/07\/758964199_1051670807224395_1231513084589621230_n-640&#215;300.jpg&#8221;]<\/p>\n<div class=\"post\">\n<p class=\"MsoNormal\"><b><span lang=\"EN-GB\"><img loading=\"lazy\" decoding=\"async\" class=\"alignleft size-full wp-image-43918\" src=\"https:\/\/ziaruldetulcea.ro\/wp-content\/uploads\/2026\/07\/758964199_1051670807224395_1231513084589621230_n.jpg\" alt width=\"1600\" height=\"900\">Vineri, 31 iulie 2026, este prima zi \u00een care tulcenii au acces liber \u00een una dintre cele mai importante investi\u021bii in infrastructura sportiv\u0103 din Rom\u00e2nia: Sala Polivalent\u0103 Tulcea, care va purta denumirea \u201e<i>Danubius Arena<\/i>\u201c. \u00cen prima zi a <\/span><\/b><b><span lang=\"EN-US\">FIBA U18 Women\u2019s EuroBasket 2026, e\u0219ti a\u0219teptat \u00een sal\u0103 \u00eencep\u00e2nd cu ora 13.30, atunci c\u00e2nd Lituania \u00eenfrunt\u0103 Irlanda.<\/span><\/b><\/p>\n<p class=\"MsoBodyText\"><span lang=\"EN-GB\">A fost finalizat\u0103 investi\u021bia privind construc\u021bia noii S\u0103li Polivalente, un proiect derulat de Compania Na\u021bional\u0103 de Investi\u021bii, av\u00e2nd ca beneficiar Consiliul Jude\u021bean Tulcea. <\/span><\/p>\n<p class=\"MsoBodyText\"><span lang=\"EN-GB\">Sala Polivalent\u0103 \u201eDanubius Arena\u201c va fi inaugurat\u0103 oficial \u00een cadrul unui eveniment care va avea loc vineri, 31 iulie 2026, \u00een intervalul 17.45 -18.15, \u00eenainte de primul meci al Na\u021bionalei Rom\u00e2niei. <\/span><\/p>\n<p class=\"MsoBodyText\"><span lang=\"EN-GB\">\u201e<i>Sala Polivalent\u0103 Tulcea, care va purta numele \u00abDanubius Arena\u00bb a fost unul dintre proiectele mele de suflet, o investi\u021bie pe care am promis-o tulcenilor \u0219i care, iat\u0103, a devenit realitate. Iar realitatea, trebuie s\u0103 recunoa\u0219tem, ne-a dep\u0103\u0219it cu mult a\u0219tept\u0103rile. Este o bijuterie de cl\u0103dire, de care sper din tot sufletul s\u0103 se poat\u0103 bucura c\u00e2t mai mul\u021bi tulceni (\u0219i nu numai). Pentru c\u0103 este o investi\u021bie pentru comunitatea noastr\u0103, pentru Tulcea \u0219i pentru tulceni, dar \u0219i pentru to\u021bi cei care ne vor c\u0103lca pragul \u0219i vor r\u0103m\u00e2ne impresiona\u021bi, sunt convins, de ceea ce vor vedea aici. Invit tulcenii s\u0103 vin\u0103 \u00een num\u0103r c\u00e2t mai mare la Sala Polivalent\u0103 fie vineri, \u00een ziua inaugur\u0103rii \u0219i a primelor meciuri din Campionatul European de Baschet, fie \u00een oricare din aceste zile \u00een care se desf\u0103\u0219oar\u0103 meciuri importante. Cred c\u0103 aceast\u0103 investi\u021bie nu este un motiv de m\u00e2ndrie numai pentru Compania Na\u021bional\u0103 de Investi\u021bii, pentru Consiliul Jude\u021bean Tulcea sau pentru antreprenor, ci trebuie s\u0103 fie un motiv de m\u00e2ndrie pentru fiecare tulcean \u00een parte<\/i>\u201c, a transmis pre\u0219edintele Consiliului Jude\u021bean Tulcea, Horia Teodorescu. <\/span><\/p>\n<p class=\"MsoNormal\"><span>DETALII TEHNICE Cu o suprafa\u021b\u0103 construit\u0103 desf\u0103\u0219urat\u0103 de peste 15.000 metri p\u0103tra\u021bi \u0219i o capacitate de peste 4.000 de locuri, obiectivul dispune de facilit\u0103\u021bi moderne, precum parcare subteran\u0103 cu 78 de locuri, vestiare pentru echipe \u0219i oficiali, \u00eempreun\u0103 cu toate spa\u021biile necesare desf\u0103\u0219ur\u0103rii competi\u021biilor \u0219i activit\u0103\u021bilor curente, spa\u021bii dedicate reprezentan\u021bilor mass-media, incluz\u00e2nd boxa presei, masa presei \u0219i sala pentru conferin\u021be de pres\u0103, sal\u0103 de antrenament cu teren de dimensiuni regulamentare pentru handbal.<\/span><\/p>\n<p class=\"MsoBodyText\"><b><span lang=\"IT\">Programul complet al Campionatului European de Baschet<\/span><\/b><\/p>\n<p class=\"MsoBodyText\"><span lang=\"IT\">Vineri, 31 iulie 2026, \u00eencep\u00e2nd cu ora 13.30, se d\u0103 startul oficial al <\/span><span lang=\"EN-US\">FIBA U18 Women\u2019s EuroBasket 2026, competi\u021bie european\u0103 organizat\u0103 de Federa\u021bia Rom\u00e2n\u0103 de Baschet, cu sprijinul Consiliului Jude\u021bean Tulcea. <\/span><\/p>\n<p class=\"MsoBodyText\"><span lang=\"IT\">Intrarea la toate meciurile este <b>LIBER\u0102<\/b>, iar iubitorii baschetului sunt invita\u021bi la Sala Polivalent\u0103 din Tulcea pentru a sus\u021bine na\u021bionala Rom\u00e2niei \u0219i pentru a urm\u0103ri la lucru unele dintre cele mai talentate tinere juc\u0103toare ale Europei.<\/span><\/p>\n<p class=\"MsoBodyText\" align=\"center\"><b><u><span lang=\"IT\">31 iulie 2026<\/span><\/u><\/b><\/p>\n<p class=\"MsoBodyText\"><span lang=\"IT\">13:30 \u2013 Lituania vs. Irlanda <\/span><\/p>\n<p class=\"MsoBodyText\"><span lang=\"IT\">16:00 \u2013 Israel vs. Elve\u021bia <\/span><\/p>\n<p class=\"MsoBodyText\"><span lang=\"IT\">18:30 \u2013 Rom\u00e2nia vs. Azerbaidjan <\/span><\/p>\n<p class=\"MsoBodyText\"><span lang=\"IT\">21:00 \u2013 Grecia vs. Marea Britanie<\/span><\/p>\n<p class=\"MsoBodyText\" align=\"center\"><b><u><span lang=\"IT\">1 august 2026<\/span><\/u><\/b><\/p>\n<p class=\"MsoBodyText\"><span lang=\"IT\">13:30 \u2013 Luxemburg vs. Austria <\/span><\/p>\n<p class=\"MsoBodyText\"><span lang=\"IT\">16:00 \u2013 Bulgaria vs. Ucraina <\/span><\/p>\n<p class=\"MsoBodyText\"><span lang=\"IT\">18:30 \u2013 Islanda vs. Rom\u00e2nia <\/span><\/p>\n<p class=\"MsoBodyText\"><span lang=\"IT\">21:00 \u2013 Slovacia vs. Danemarca<\/span><\/p>\n<p class=\"MsoBodyText\" align=\"center\"><b><u><span lang=\"IT\">2 august 2026<\/span><\/u><\/b><\/p>\n<p class=\"MsoBodyText\"><span lang=\"IT\">13:30 \u2013 Portugalia vs. Islanda <\/span><\/p>\n<p class=\"MsoBodyText\"><span lang=\"IT\">16:00 \u2013 Irlanda vs. Estonia <\/span><\/p>\n<p class=\"MsoBodyText\"><span lang=\"IT\">18:30 \u2013 Elve\u021bia vs. Norvegia <\/span><\/p>\n<p class=\"MsoBodyText\"><span lang=\"IT\">21:00 \u2013 Lituania vs. Luxemburg<\/span><span>\u00a0<\/span><\/p>\n<p class=\"MsoBodyText\" align=\"center\"><b><u><span lang=\"IT\">4 august 2026<\/span><\/u><\/b><\/p>\n<p class=\"MsoBodyText\"><span lang=\"IT\">13:30 \u2013 Islanda vs. \u021a\u0103rile de Jos <\/span><\/p>\n<p class=\"MsoBodyText\"><span lang=\"IT\">16:00 \u2013 Austria vs. Lituania <\/span><\/p>\n<p class=\"MsoBodyText\"><span lang=\"IT\">18:30 \u2013 Rom\u00e2nia vs. Portugalia <\/span><\/p>\n<p class=\"MsoBodyText\"><span lang=\"IT\">21:00 \u2013 Danemarca vs. Grecia<\/span><b><u><span lang=\"IT\"><span>\u00a0<\/span><\/span><\/u><\/b><\/p>\n<p class=\"MsoBodyText\" align=\"center\"><b><u><span lang=\"IT\">5 august 2026<\/span><\/u><\/b><\/p>\n<p class=\"MsoBodyText\"><span lang=\"IT\">13:30 \u2013 Estonia vs. Luxemburg <\/span><\/p>\n<p class=\"MsoBodyText\"><span lang=\"IT\">16:00 \u2013 Macedonia de Nord vs. Slovacia <\/span><\/p>\n<p class=\"MsoBodyText\"><span lang=\"IT\">18:30 \u2013 \u021a\u0103rile de Jos vs. Rom\u00e2nia <\/span><\/p>\n<p class=\"MsoBodyText\"><span lang=\"IT\">21:00 \u2013 Irlanda vs. Austria <\/span><\/p>\n<p class=\"MsoBodyText\"><span lang=\"IT\">\u00a0<\/span><\/p>\n<\/div>\n<p>[analyse_source url=&#8221;https:\/\/ziaruldetulcea.ro\/investitii-in-infrastructura-sportiva-sala-polivalenta-isi-deschide-portile-vezi-aici-programul-complet-al-meciurilor-fiba-u18\/&#8221;]<\/p>\n","protected":false},"excerpt":{"rendered":"<p>[analyse_image type=&#8221;featured&#8221; src=&#8221;https:\/\/ziaruldetulcea.ro\/wp-content\/uploads\/2026\/07\/758964199_1051670807224395_1231513084589621230_n-640&#215;300.jpg&#8221;] Vineri, 31 iulie 2026, este prima zi \u00een care tulcenii au acces liber \u00een una dintre cele mai importante investi\u021bii in infrastructura sportiv\u0103 din Rom\u00e2nia: Sala Polivalent\u0103 Tulcea, care va purta denumirea \u201eDanubius Arena\u201c. \u00cen prima zi a FIBA U18 Women\u2019s EuroBasket 2026, e\u0219ti a\u0219teptat \u00een sal\u0103 \u00eencep\u00e2nd cu ora 13.30, atunci [&hellip;]<\/p>\n","protected":false},"author":1,"featured_media":0,"comment_status":"open","ping_status":"","sticky":false,"template":"","format":"standard","meta":{"footnotes":""},"categories":[89],"tags":[226,205],"class_list":["post-2069225","post","type-post","status-publish","format-standard","hentry","category-romania","tag-crawlmanager","tag-ziaruldetulcea-ro"],"_links":{"self":[{"href":"https:\/\/analyse.optim.biz\/index.php?rest_route=\/wp\/v2\/posts\/2069225","targetHints":{"allow":["GET"]}}],"collection":[{"href":"https:\/\/analyse.optim.biz\/index.php?rest_route=\/wp\/v2\/posts"}],"about":[{"href":"https:\/\/analyse.optim.biz\/index.php?rest_route=\/wp\/v2\/types\/post"}],"author":[{"embeddable":true,"href":"https:\/\/analyse.optim.biz\/index.php?rest_route=\/wp\/v2\/users\/1"}],"replies":[{"embeddable":true,"href":"https:\/\/analyse.optim.biz\/index.php?rest_route=%2Fwp%2Fv2%2Fcomments&post=2069225"}],"version-history":[{"count":0,"href":"https:\/\/analyse.optim.biz\/index.php?rest_route=\/wp\/v2\/posts\/2069225\/revisions"}],"wp:attachment":[{"href":"https:\/\/analyse.optim.biz\/index.php?rest_route=%2Fwp%2Fv2%2Fmedia&parent=2069225"}],"wp:term":[{"taxonomy":"category","embeddable":true,"href":"https:\/\/analyse.optim.biz\/index.php?rest_route=%2Fwp%2Fv2%2Fcategories&post=2069225"},{"taxonomy":"post_tag","embeddable":true,"href":"https:\/\/analyse.optim.biz\/index.php?rest_route=%2Fwp%2Fv2%2Ftags&post=2069225"}],"curies":[{"name":"wp","href":"https:\/\/api.w.org\/{rel}","templated":true}]}}