{"id":2069183,"date":"2026-07-30T10:02:37","date_gmt":"2026-07-30T07:02:37","guid":{"rendered":"https:\/\/analyse.optim.biz\/?p=2069183"},"modified":"2026-07-30T10:02:37","modified_gmt":"2026-07-30T07:02:37","slug":"lume-lume-hai-la-tirg-incepe-pe-31-iulie-fuego-va-cinta-simbata-1-august-la-muzeul-satului-inainte-de-inceperea-motorfest-asadar-cele-doua-evenimente-nu-se-vor-inte","status":"publish","type":"post","link":"https:\/\/analyse.optim.biz\/?p=2069183","title":{"rendered":"\u201dLume, lume\u2026 hai la t\u00eerg!\u201d \u00eencepe pe 31 iulie. Fuego va c\u00eenta, s\u00eemb\u0103t\u0103, 1 august, la Muzeul Satului, \u00eenainte de \u00eenceperea MotorFest. A\u0219adar, cele dou\u0103 evenimente nu se vor intersecta"},"content":{"rendered":"<p>[analyse_image type=&#8221;featured&#8221; src=&#8221;https:\/\/www.radiotop.ro\/img\/media\/2023\/09\/mester-muzeul-satului.jpg&#8221;]<\/p>\n<div class=\"entry-content no-share\">\n<div class=\"content-inner \">\n<p>Directorul Muzeului Na\u021bional al Bucovinei, Emil Ursu, d\u0103 asigur\u0103ri c\u0103 recitalul sus\u021binut de Fuego, s\u00eemb\u0103t\u0103, 1 august, \u00een cadrul t\u00eergului \u201dLume, lume\u2026 hai la t\u00eerg!\u201d, nu se va suprapune cu programul MotorFest, organizat pe platoul Cet\u0103\u021bii de Scaun, peste drum de Muzeul Satului Bucovinean.<\/p>\n<p>\u00centr-o interven\u021bie telefonic\u0103 la Radio Top, Emil Ursu a declarat c\u0103 organizatorii celor dou\u0103 evenimente au stabilit un program care s\u0103 nu se intersecteze. A spus directorului muzeului: \u201dNoi ne-am \u00een\u021beles cu organizatorii Motorfest-ului. Fuego va c\u00eenta s\u00eemb\u0103t\u0103, pe 1 august, de la ora 18.00, iar Motorfest-ul va \u00eencepe de la ora 19.30. Timp de ajuns pentru ca noi s\u0103 ne derul\u0103m \u00een lini\u0219te evenimentul nostru\u201d.<\/p>\n<p>T\u00eergul se va desf\u0103\u0219ura \u00een perioada 31 iulie \u2013 2 august \u0219i va reuni aproximativ 100 de me\u0219teri populari din mai multe zone ale \u021b\u0103rii \u0219i din Republica Moldova, al\u0103turi de produc\u0103tori tradi\u021bionali \u0219i anticari. Emil Ursu a precizat c\u0103, la fel ca \u00een anii trecu\u021bi, o parte dintre comercian\u021bii prezen\u021bi la T\u00eergul Produc\u0103torilor Locali de l\u00eeng\u0103 Direc\u021bia Agricol\u0103 se vor muta pentru cele trei zile la Muzeul Satului Bucovinean.<\/p>\n<p>Programul artistic, care va con\u021bine multe momente folclorice, va \u00eencepe vineri, 31 iulie, de la ora 18.00, va continua s\u00eemb\u0103t\u0103, de la ora 17.00, cu recitalul lui Fuego programat de la ora 18.00, iar duminic\u0103 spectacolele \u00eencep la ora 17.00. Potrivit lui Emil Ursu, prognoza meteo este favorabil\u0103, iar organizatorii se a\u0219teapt\u0103 la o prezen\u021b\u0103 numeroas\u0103 a publicului.<\/p>\n<\/div>\n<\/div>\n<div class=\"content-inner \">\n<p>Directorul Muzeului Na\u021bional al Bucovinei, Emil Ursu, d\u0103 asigur\u0103ri c\u0103 recitalul sus\u021binut de Fuego, s\u00eemb\u0103t\u0103, 1 august, \u00een cadrul t\u00eergului \u201dLume, lume\u2026 hai la t\u00eerg!\u201d, nu se va suprapune cu programul MotorFest, organizat pe platoul Cet\u0103\u021bii de Scaun, peste drum de Muzeul Satului Bucovinean.<\/p>\n<p>\u00centr-o interven\u021bie telefonic\u0103 la Radio Top, Emil Ursu a declarat c\u0103 organizatorii celor dou\u0103 evenimente au stabilit un program care s\u0103 nu se intersecteze. A spus directorului muzeului: \u201dNoi ne-am \u00een\u021beles cu organizatorii Motorfest-ului. Fuego va c\u00eenta s\u00eemb\u0103t\u0103, pe 1 august, de la ora 18.00, iar Motorfest-ul va \u00eencepe de la ora 19.30. Timp de ajuns pentru ca noi s\u0103 ne derul\u0103m \u00een lini\u0219te evenimentul nostru\u201d.<\/p>\n<p>T\u00eergul se va desf\u0103\u0219ura \u00een perioada 31 iulie \u2013 2 august \u0219i va reuni aproximativ 100 de me\u0219teri populari din mai multe zone ale \u021b\u0103rii \u0219i din Republica Moldova, al\u0103turi de produc\u0103tori tradi\u021bionali \u0219i anticari. Emil Ursu a precizat c\u0103, la fel ca \u00een anii trecu\u021bi, o parte dintre comercian\u021bii prezen\u021bi la T\u00eergul Produc\u0103torilor Locali de l\u00eeng\u0103 Direc\u021bia Agricol\u0103 se vor muta pentru cele trei zile la Muzeul Satului Bucovinean.<\/p>\n<p>Programul artistic, care va con\u021bine multe momente folclorice, va \u00eencepe vineri, 31 iulie, de la ora 18.00, va continua s\u00eemb\u0103t\u0103, de la ora 17.00, cu recitalul lui Fuego programat de la ora 18.00, iar duminic\u0103 spectacolele \u00eencep la ora 17.00. Potrivit lui Emil Ursu, prognoza meteo este favorabil\u0103, iar organizatorii se a\u0219teapt\u0103 la o prezen\u021b\u0103 numeroas\u0103 a publicului.<\/p>\n<\/div>\n<p>[analyse_source url=&#8221;https:\/\/www.radiotop.ro\/timp-liber\/lume-lume-hai-la-tirg-incepe-pe-31-iulie-fuego-va-cinta-simbata-1-august-la-muzeul-satului-inainte-de-inceperea-motorfest-asadar-cele-doua-evenimente-nu-se-vor-intersecta.html&#8221;]<\/p>\n","protected":false},"excerpt":{"rendered":"<p>[analyse_image type=&#8221;featured&#8221; src=&#8221;https:\/\/www.radiotop.ro\/img\/media\/2023\/09\/mester-muzeul-satului.jpg&#8221;] Directorul Muzeului Na\u021bional al Bucovinei, Emil Ursu, d\u0103 asigur\u0103ri c\u0103 recitalul sus\u021binut de Fuego, s\u00eemb\u0103t\u0103, 1 august, \u00een cadrul t\u00eergului \u201dLume, lume\u2026 hai la t\u00eerg!\u201d, nu se va suprapune cu programul MotorFest, organizat pe platoul Cet\u0103\u021bii de Scaun, peste drum de Muzeul Satului Bucovinean. \u00centr-o interven\u021bie telefonic\u0103 la Radio Top, Emil Ursu [&hellip;]<\/p>\n","protected":false},"author":1,"featured_media":0,"comment_status":"open","ping_status":"","sticky":false,"template":"","format":"standard","meta":{"footnotes":""},"categories":[89],"tags":[226,163],"class_list":["post-2069183","post","type-post","status-publish","format-standard","hentry","category-romania","tag-crawlmanager","tag-radiotop-ro"],"_links":{"self":[{"href":"https:\/\/analyse.optim.biz\/index.php?rest_route=\/wp\/v2\/posts\/2069183","targetHints":{"allow":["GET"]}}],"collection":[{"href":"https:\/\/analyse.optim.biz\/index.php?rest_route=\/wp\/v2\/posts"}],"about":[{"href":"https:\/\/analyse.optim.biz\/index.php?rest_route=\/wp\/v2\/types\/post"}],"author":[{"embeddable":true,"href":"https:\/\/analyse.optim.biz\/index.php?rest_route=\/wp\/v2\/users\/1"}],"replies":[{"embeddable":true,"href":"https:\/\/analyse.optim.biz\/index.php?rest_route=%2Fwp%2Fv2%2Fcomments&post=2069183"}],"version-history":[{"count":0,"href":"https:\/\/analyse.optim.biz\/index.php?rest_route=\/wp\/v2\/posts\/2069183\/revisions"}],"wp:attachment":[{"href":"https:\/\/analyse.optim.biz\/index.php?rest_route=%2Fwp%2Fv2%2Fmedia&parent=2069183"}],"wp:term":[{"taxonomy":"category","embeddable":true,"href":"https:\/\/analyse.optim.biz\/index.php?rest_route=%2Fwp%2Fv2%2Fcategories&post=2069183"},{"taxonomy":"post_tag","embeddable":true,"href":"https:\/\/analyse.optim.biz\/index.php?rest_route=%2Fwp%2Fv2%2Ftags&post=2069183"}],"curies":[{"name":"wp","href":"https:\/\/api.w.org\/{rel}","templated":true}]}}