{"id":2069180,"date":"2026-07-30T09:54:27","date_gmt":"2026-07-30T06:54:27","guid":{"rendered":"https:\/\/analyse.optim.biz\/?p=2069180"},"modified":"2026-07-30T09:54:27","modified_gmt":"2026-07-30T06:54:27","slug":"aviz-important-pentru-varianta-ocolitoare-a-municipiului-falticeni","status":"publish","type":"post","link":"https:\/\/analyse.optim.biz\/?p=2069180","title":{"rendered":"Aviz important pentru varianta ocolitoare a municipiului F\u0103lticeni"},"content":{"rendered":"<p>[analyse_image type=&#8221;featured&#8221; src=&#8221;https:\/\/www.radiotop.ro\/img\/media\/2026\/07\/varianta-ocolitoare-falticeni.jpg&#8221;]<\/p>\n<div class=\"entry-content no-share\">\n<div class=\"content-inner \">\n<p>Ast\u0103zi, la Ministerul Dezvolt\u0103rii, proiectul variantei ocolitoare a municipiului F\u0103lticeni a primit aviz favorabil \u00een Consiliul Tehnico-Economic Interministerial, ultimul aviz necesar \u00eenainte de aprobarea indicatorilor tehnico-economici prin hot\u0103r\u00eere de Guvern.<\/p>\n<p>Pre\u0219edintele Consiliului Jude\u021bean Suceava, Gheorghe \u0218oldan, a anun\u021bat c\u0103 \u201ddin partea jude\u021bului a fost prezent fostul secretar de stat \u00een Ministerul Transporturilor, Cristian \u0218ologon, care a sus\u021binut necesitatea acestui proiect\u201d.<\/p>\n<p>Acesta a ad\u0103ugat: \u201dDup\u0103 adoptarea hot\u0103r\u00eerii de Guvern, putem prelua proiectul la Consiliul Jude\u021bean \u0219i demara licita\u021bia pentru proiectarea \u0219i execu\u021bia lucr\u0103rilor, contract care va avea o durat\u0103 de 24 de luni, cu o valoare de aproximativ 420 de milioane de lei. Este un moment important pentru un proiect despre care s-a vorbit \u00eenc\u0103 din 2010 \u0219i pe care am reu\u0219it s\u0103-l debloc\u0103m dup\u0103 foarte mul\u021bi ani\u201d.<\/p>\n<p>Conform pre\u0219edintelui CJ, \u201dcu o lungime de aproximativ 8,3 kilometri, varianta ocolitoare va include trei sensuri giratorii, dou\u0103 noduri rutiere, patru pasaje \u0219i viaducte, precum \u0219i dou\u0103 parc\u0103ri. Investi\u021bia va prelua traficul de tranzit \u0219i va reduce aglomera\u021bia, poluarea \u0219i timpul petrecut \u00een trafic \u00een municipiul F\u0103lticeni\u201d.<\/p>\n<\/div>\n<\/div>\n<div class=\"content-inner \">\n<p>Ast\u0103zi, la Ministerul Dezvolt\u0103rii, proiectul variantei ocolitoare a municipiului F\u0103lticeni a primit aviz favorabil \u00een Consiliul Tehnico-Economic Interministerial, ultimul aviz necesar \u00eenainte de aprobarea indicatorilor tehnico-economici prin hot\u0103r\u00eere de Guvern.<\/p>\n<p>Pre\u0219edintele Consiliului Jude\u021bean Suceava, Gheorghe \u0218oldan, a anun\u021bat c\u0103 \u201ddin partea jude\u021bului a fost prezent fostul secretar de stat \u00een Ministerul Transporturilor, Cristian \u0218ologon, care a sus\u021binut necesitatea acestui proiect\u201d.<\/p>\n<p>Acesta a ad\u0103ugat: \u201dDup\u0103 adoptarea hot\u0103r\u00eerii de Guvern, putem prelua proiectul la Consiliul Jude\u021bean \u0219i demara licita\u021bia pentru proiectarea \u0219i execu\u021bia lucr\u0103rilor, contract care va avea o durat\u0103 de 24 de luni, cu o valoare de aproximativ 420 de milioane de lei. Este un moment important pentru un proiect despre care s-a vorbit \u00eenc\u0103 din 2010 \u0219i pe care am reu\u0219it s\u0103-l debloc\u0103m dup\u0103 foarte mul\u021bi ani\u201d.<\/p>\n<p>Conform pre\u0219edintelui CJ, \u201dcu o lungime de aproximativ 8,3 kilometri, varianta ocolitoare va include trei sensuri giratorii, dou\u0103 noduri rutiere, patru pasaje \u0219i viaducte, precum \u0219i dou\u0103 parc\u0103ri. Investi\u021bia va prelua traficul de tranzit \u0219i va reduce aglomera\u021bia, poluarea \u0219i timpul petrecut \u00een trafic \u00een municipiul F\u0103lticeni\u201d.<\/p>\n<\/div>\n<p>[analyse_source url=&#8221;https:\/\/www.radiotop.ro\/administratie\/aviz-important-pentru-varianta-ocolitoare-a-municipiului-falticeni.html&#8221;]<\/p>\n","protected":false},"excerpt":{"rendered":"<p>[analyse_image type=&#8221;featured&#8221; src=&#8221;https:\/\/www.radiotop.ro\/img\/media\/2026\/07\/varianta-ocolitoare-falticeni.jpg&#8221;] Ast\u0103zi, la Ministerul Dezvolt\u0103rii, proiectul variantei ocolitoare a municipiului F\u0103lticeni a primit aviz favorabil \u00een Consiliul Tehnico-Economic Interministerial, ultimul aviz necesar \u00eenainte de aprobarea indicatorilor tehnico-economici prin hot\u0103r\u00eere de Guvern. Pre\u0219edintele Consiliului Jude\u021bean Suceava, Gheorghe \u0218oldan, a anun\u021bat c\u0103 \u201ddin partea jude\u021bului a fost prezent fostul secretar de stat \u00een Ministerul Transporturilor, [&hellip;]<\/p>\n","protected":false},"author":1,"featured_media":0,"comment_status":"open","ping_status":"","sticky":false,"template":"","format":"standard","meta":{"footnotes":""},"categories":[89],"tags":[226,163],"class_list":["post-2069180","post","type-post","status-publish","format-standard","hentry","category-romania","tag-crawlmanager","tag-radiotop-ro"],"_links":{"self":[{"href":"https:\/\/analyse.optim.biz\/index.php?rest_route=\/wp\/v2\/posts\/2069180","targetHints":{"allow":["GET"]}}],"collection":[{"href":"https:\/\/analyse.optim.biz\/index.php?rest_route=\/wp\/v2\/posts"}],"about":[{"href":"https:\/\/analyse.optim.biz\/index.php?rest_route=\/wp\/v2\/types\/post"}],"author":[{"embeddable":true,"href":"https:\/\/analyse.optim.biz\/index.php?rest_route=\/wp\/v2\/users\/1"}],"replies":[{"embeddable":true,"href":"https:\/\/analyse.optim.biz\/index.php?rest_route=%2Fwp%2Fv2%2Fcomments&post=2069180"}],"version-history":[{"count":0,"href":"https:\/\/analyse.optim.biz\/index.php?rest_route=\/wp\/v2\/posts\/2069180\/revisions"}],"wp:attachment":[{"href":"https:\/\/analyse.optim.biz\/index.php?rest_route=%2Fwp%2Fv2%2Fmedia&parent=2069180"}],"wp:term":[{"taxonomy":"category","embeddable":true,"href":"https:\/\/analyse.optim.biz\/index.php?rest_route=%2Fwp%2Fv2%2Fcategories&post=2069180"},{"taxonomy":"post_tag","embeddable":true,"href":"https:\/\/analyse.optim.biz\/index.php?rest_route=%2Fwp%2Fv2%2Ftags&post=2069180"}],"curies":[{"name":"wp","href":"https:\/\/api.w.org\/{rel}","templated":true}]}}