{"id":2069179,"date":"2026-07-30T07:56:22","date_gmt":"2026-07-30T04:56:22","guid":{"rendered":"https:\/\/analyse.optim.biz\/?p=2069179"},"modified":"2026-07-30T07:56:22","modified_gmt":"2026-07-30T04:56:22","slug":"10-ani-de-la-redeschiderea-muzeului-de-istorie-din-suceava-inaugurat-ca-cel-mai-modern-cel-mai-inovativ-si-cel-mai-bun-muzeu-din-tara-emil-ursu-ni-s-a-transmis-ati-rama","status":"publish","type":"post","link":"https:\/\/analyse.optim.biz\/?p=2069179","title":{"rendered":"10 ani de la redeschiderea Muzeului de Istorie din Suceava, inaugurat ca \u201dcel mai modern, cel mai inovativ \u0219i cel mai bun muzeu\u201d din \u021bar\u0103. Emil Ursu: Ni s-a transmis: \u201dA\u021bi r\u0103mas \u00eenc\u0103 cel mai bun muzeu din Rom\u00e2nia\u201d"},"content":{"rendered":"<p>[analyse_image type=&#8221;featured&#8221; src=&#8221;https:\/\/www.radiotop.ro\/img\/media\/2026\/07\/muzeu-curte-boieri.jpg&#8221;]<\/p>\n<div class=\"entry-content no-share\">\n<div class=\"content-inner \">\n<p>Muzeul de Istorie din Suceava marcheaz\u0103, pe 31 iulie, 10 ani de la redeschiderea sa, dup\u0103 un amplu proiect de reabilitare \u0219i reorganizare a expozi\u021biei permanente, realizat cu fonduri europene. Investi\u021bia a avut o valoare de aproximativ 11 milioane de euro.<\/p>\n<p>Directorul Muzeului Na\u021bional al Bucovinei, Emil Ursu, a declarat, \u00een cadrul unei interven\u021bii telefonice la Radio Top, c\u0103, la momentul redeschiderii, institu\u021bia era considerat\u0103 \u201dcel mai modern, cel mai inovativ \u0219i, cred, cel mai bun muzeu din Rom\u00e2nia\u201d. Potrivit acestuia, aprecierea se p\u0103streaz\u0103 \u0219i dup\u0103 un deceniu. A ad\u0103ugat domnul Ursu: \u201d\u00cen urm\u0103 cu c\u00eeteva s\u0103pt\u0103m\u00eeni au venit o serie de colegi de-ai no\u0219tri, de la Bucure\u0219ti, al\u0103turi de ambasadorul Chinei, care spuneau c\u0103 &lt;A\u021bi r\u0103mas \u00eenc\u0103 cel mai bun muzeu din Rom\u00e2nia, dup\u0103 10 ani&gt;, ceea ce este onorant pentru noi \u0219i, \u00een acela\u0219i timp, ne oblig\u0103 la a face mult mai multe lucruri\u201d.<\/p>\n<p>Emil Ursu a amintit c\u0103 proiectul de modernizare a fost realizat dup\u0103 conceptul arhitectului sucevean Constantin Gorcea \u0219i c\u0103 unul dintre principalele obiective a fost extinderea spa\u021biilor muzeale. A precizat directorul Muzeului Na\u021bional al Bucovinei: \u201dDe la 2.700 de metri p\u0103tra\u021bi, muzeul a ajuns la 7.300\u201d.<\/p>\n<\/div>\n<\/div>\n<div class=\"content-inner \">\n<p>Muzeul de Istorie din Suceava marcheaz\u0103, pe 31 iulie, 10 ani de la redeschiderea sa, dup\u0103 un amplu proiect de reabilitare \u0219i reorganizare a expozi\u021biei permanente, realizat cu fonduri europene. Investi\u021bia a avut o valoare de aproximativ 11 milioane de euro.<\/p>\n<p>Directorul Muzeului Na\u021bional al Bucovinei, Emil Ursu, a declarat, \u00een cadrul unei interven\u021bii telefonice la Radio Top, c\u0103, la momentul redeschiderii, institu\u021bia era considerat\u0103 \u201dcel mai modern, cel mai inovativ \u0219i, cred, cel mai bun muzeu din Rom\u00e2nia\u201d. Potrivit acestuia, aprecierea se p\u0103streaz\u0103 \u0219i dup\u0103 un deceniu. A ad\u0103ugat domnul Ursu: \u201d\u00cen urm\u0103 cu c\u00eeteva s\u0103pt\u0103m\u00eeni au venit o serie de colegi de-ai no\u0219tri, de la Bucure\u0219ti, al\u0103turi de ambasadorul Chinei, care spuneau c\u0103 &lt;A\u021bi r\u0103mas \u00eenc\u0103 cel mai bun muzeu din Rom\u00e2nia, dup\u0103 10 ani&gt;, ceea ce este onorant pentru noi \u0219i, \u00een acela\u0219i timp, ne oblig\u0103 la a face mult mai multe lucruri\u201d.<\/p>\n<p>Emil Ursu a amintit c\u0103 proiectul de modernizare a fost realizat dup\u0103 conceptul arhitectului sucevean Constantin Gorcea \u0219i c\u0103 unul dintre principalele obiective a fost extinderea spa\u021biilor muzeale. A precizat directorul Muzeului Na\u021bional al Bucovinei: \u201dDe la 2.700 de metri p\u0103tra\u021bi, muzeul a ajuns la 7.300\u201d.<\/p>\n<\/div>\n<p>[analyse_source url=&#8221;https:\/\/www.radiotop.ro\/actualitate\/10-ani-de-la-redeschiderea-muzeului-de-istorie-din-suceava-inaugurat-ca-cel-mai-modern-cel-mai-inovativ-si-cel-mai-bun-muzeu-din-tara-emil-ursu-ni-s-a-transmis-ati-rama.html&#8221;]<\/p>\n","protected":false},"excerpt":{"rendered":"<p>[analyse_image type=&#8221;featured&#8221; src=&#8221;https:\/\/www.radiotop.ro\/img\/media\/2026\/07\/muzeu-curte-boieri.jpg&#8221;] Muzeul de Istorie din Suceava marcheaz\u0103, pe 31 iulie, 10 ani de la redeschiderea sa, dup\u0103 un amplu proiect de reabilitare \u0219i reorganizare a expozi\u021biei permanente, realizat cu fonduri europene. Investi\u021bia a avut o valoare de aproximativ 11 milioane de euro. Directorul Muzeului Na\u021bional al Bucovinei, Emil Ursu, a declarat, \u00een cadrul [&hellip;]<\/p>\n","protected":false},"author":1,"featured_media":0,"comment_status":"open","ping_status":"","sticky":false,"template":"","format":"standard","meta":{"footnotes":""},"categories":[89],"tags":[226,163],"class_list":["post-2069179","post","type-post","status-publish","format-standard","hentry","category-romania","tag-crawlmanager","tag-radiotop-ro"],"_links":{"self":[{"href":"https:\/\/analyse.optim.biz\/index.php?rest_route=\/wp\/v2\/posts\/2069179","targetHints":{"allow":["GET"]}}],"collection":[{"href":"https:\/\/analyse.optim.biz\/index.php?rest_route=\/wp\/v2\/posts"}],"about":[{"href":"https:\/\/analyse.optim.biz\/index.php?rest_route=\/wp\/v2\/types\/post"}],"author":[{"embeddable":true,"href":"https:\/\/analyse.optim.biz\/index.php?rest_route=\/wp\/v2\/users\/1"}],"replies":[{"embeddable":true,"href":"https:\/\/analyse.optim.biz\/index.php?rest_route=%2Fwp%2Fv2%2Fcomments&post=2069179"}],"version-history":[{"count":0,"href":"https:\/\/analyse.optim.biz\/index.php?rest_route=\/wp\/v2\/posts\/2069179\/revisions"}],"wp:attachment":[{"href":"https:\/\/analyse.optim.biz\/index.php?rest_route=%2Fwp%2Fv2%2Fmedia&parent=2069179"}],"wp:term":[{"taxonomy":"category","embeddable":true,"href":"https:\/\/analyse.optim.biz\/index.php?rest_route=%2Fwp%2Fv2%2Fcategories&post=2069179"},{"taxonomy":"post_tag","embeddable":true,"href":"https:\/\/analyse.optim.biz\/index.php?rest_route=%2Fwp%2Fv2%2Ftags&post=2069179"}],"curies":[{"name":"wp","href":"https:\/\/api.w.org\/{rel}","templated":true}]}}