{"id":2069177,"date":"2026-07-30T10:13:40","date_gmt":"2026-07-30T07:13:40","guid":{"rendered":"https:\/\/analyse.optim.biz\/?p=2069177"},"modified":"2026-07-30T10:13:40","modified_gmt":"2026-07-30T07:13:40","slug":"dna-suceava-se-muta-temporar-la-muzeul-de-istorie-emil-ursu-dna-ul-functioneaza-cu-niste-conditii-de-securitate-de-siguranta-nationala-pentru-noi-lucrul-imbucurator-este-faptul-ca-muzeul-intrunes","status":"publish","type":"post","link":"https:\/\/analyse.optim.biz\/?p=2069177","title":{"rendered":"DNA Suceava se mut\u0103 temporar la Muzeul de Istorie. Emil Ursu: DNA-ul func\u021bioneaz\u0103 cu ni\u0219te condi\u021bii de securitate, de siguran\u021b\u0103 na\u021bional\u0103. Pentru noi, lucrul \u00eembucur\u0103tor este faptul c\u0103 Muzeul \u00eentrune\u0219te toate condi\u021biile necesare pentru a g\u0103zdui institu\u021bia"},"content":{"rendered":"<p>[analyse_image type=&#8221;featured&#8221; src=&#8221;https:\/\/www.radiotop.ro\/img\/media\/2025\/10\/muzeu-istorie-sus.jpg&#8221;]<\/p>\n<div class=\"entry-content no-share\">\n<div class=\"content-inner \">\n<p>Direc\u021bia Na\u021bional\u0103 Anticorup\u021bie Suceava se mut\u0103 temporar la Muzeul de Istorie, pe perioada lucr\u0103rilor de reabilitare a propriului sediu. Directorul Muzeului Na\u021bional al Bucovinei, dr. Emil Ursu, a declarat, la Radio Top, c\u0103 mutarea a \u00eenceput deja, iar DNA ar urma s\u0103 r\u0103m\u00een\u0103 la Muzeu aproximativ 12 luni.<\/p>\n<p>Emil Ursu a explicat c\u0103 solu\u021bia a fost identificat\u0103 \u00een contextul \u00een care Consiliul Jude\u021bean Suceava a ob\u021binut finan\u021bare pentru reabilitarea a patru cl\u0103diri, printre care \u0219i sediul DNA. A afirmat directorul muzeului: \u201dDNA-ul func\u021bioneaz\u0103 \u00een ni\u0219te parametri, cu ni\u0219te condi\u021bii de securitate, de siguran\u021b\u0103 na\u021bional\u0103 \u0219i a\u0219a mai departe. Pentru noi, pentru mine cel pu\u021bin, lucrul \u00eembucur\u0103tor este faptul c\u0103 Muzeul de Istorie \u00eentrune\u0219te toate aceste condi\u021bii, ceea ce este mare lucru \u0219i nu cred c\u0103 putem vorbi de multe muzee din Rom\u00e2nia care s\u0103 \u00eentruneasc\u0103 condi\u021bii de genul acesta\u201d.<\/p>\n<p>Acesta a amintit c\u0103, dup\u0103 incendiul de la Palatul Administrativ din martie 2021, Muzeul de Istorie a g\u0103zduit temporar activitatea Institu\u021biei Prefectului, fiind g\u0103sit\u0103 atunci o solu\u021bie de urgen\u021b\u0103 pentru continuarea activit\u0103\u021bii unei institu\u021bii a statului. La sf\u00eer\u0219itul anului 2025, Palatul Administrativ din Suceava a fost restaurat. Cl\u0103direa a fost consolidat\u0103 \u0219i adus\u0103 la standarde moderne, f\u0103r\u0103 a pierde \u00eens\u0103 farmecul \u0219i valoarea istoric\u0103.<\/p>\n<p>Directorul Muzeului Na\u021bional al Bucovinei a precizat c\u0103 mutarea DNA creeaz\u0103 un disconfort pentru opt angaja\u021bi ai institu\u021biei, care trebuie s\u0103 se mute \u00een alte birouri, \u00eens\u0103 a subliniat c\u0103 spa\u021biile destinate expozi\u021biilor \u0219i activit\u0103\u021bilor de educa\u021bie muzeal\u0103 nu s\u00eent afectate. A declarat domnul Ursu: \u201dSpre diferen\u021b\u0103 de perioada \u00een care am g\u0103zduit Prefectura, acum s\u0103lile de expozi\u021bii \u0219i educa\u021bie muzeal\u0103 nu s\u00eent atinse, nu s\u00eent ocupate \u0219i atunci acest lucru este benefic pentru activitate\u201d.<\/p>\n<p>\u00a0<\/p>\n<\/div>\n<\/div>\n<div class=\"content-inner \">\n<p>Direc\u021bia Na\u021bional\u0103 Anticorup\u021bie Suceava se mut\u0103 temporar la Muzeul de Istorie, pe perioada lucr\u0103rilor de reabilitare a propriului sediu. Directorul Muzeului Na\u021bional al Bucovinei, dr. Emil Ursu, a declarat, la Radio Top, c\u0103 mutarea a \u00eenceput deja, iar DNA ar urma s\u0103 r\u0103m\u00een\u0103 la Muzeu aproximativ 12 luni.<\/p>\n<p>Emil Ursu a explicat c\u0103 solu\u021bia a fost identificat\u0103 \u00een contextul \u00een care Consiliul Jude\u021bean Suceava a ob\u021binut finan\u021bare pentru reabilitarea a patru cl\u0103diri, printre care \u0219i sediul DNA. A afirmat directorul muzeului: \u201dDNA-ul func\u021bioneaz\u0103 \u00een ni\u0219te parametri, cu ni\u0219te condi\u021bii de securitate, de siguran\u021b\u0103 na\u021bional\u0103 \u0219i a\u0219a mai departe. Pentru noi, pentru mine cel pu\u021bin, lucrul \u00eembucur\u0103tor este faptul c\u0103 Muzeul de Istorie \u00eentrune\u0219te toate aceste condi\u021bii, ceea ce este mare lucru \u0219i nu cred c\u0103 putem vorbi de multe muzee din Rom\u00e2nia care s\u0103 \u00eentruneasc\u0103 condi\u021bii de genul acesta\u201d.<\/p>\n<p>Acesta a amintit c\u0103, dup\u0103 incendiul de la Palatul Administrativ din martie 2021, Muzeul de Istorie a g\u0103zduit temporar activitatea Institu\u021biei Prefectului, fiind g\u0103sit\u0103 atunci o solu\u021bie de urgen\u021b\u0103 pentru continuarea activit\u0103\u021bii unei institu\u021bii a statului. La sf\u00eer\u0219itul anului 2025, Palatul Administrativ din Suceava a fost restaurat. Cl\u0103direa a fost consolidat\u0103 \u0219i adus\u0103 la standarde moderne, f\u0103r\u0103 a pierde \u00eens\u0103 farmecul \u0219i valoarea istoric\u0103.<\/p>\n<p>Directorul Muzeului Na\u021bional al Bucovinei a precizat c\u0103 mutarea DNA creeaz\u0103 un disconfort pentru opt angaja\u021bi ai institu\u021biei, care trebuie s\u0103 se mute \u00een alte birouri, \u00eens\u0103 a subliniat c\u0103 spa\u021biile destinate expozi\u021biilor \u0219i activit\u0103\u021bilor de educa\u021bie muzeal\u0103 nu s\u00eent afectate. A declarat domnul Ursu: \u201dSpre diferen\u021b\u0103 de perioada \u00een care am g\u0103zduit Prefectura, acum s\u0103lile de expozi\u021bii \u0219i educa\u021bie muzeal\u0103 nu s\u00eent atinse, nu s\u00eent ocupate \u0219i atunci acest lucru este benefic pentru activitate\u201d.<\/p>\n<p>\u00a0<\/p>\n<\/div>\n<p>[analyse_source url=&#8221;https:\/\/www.radiotop.ro\/actualitate\/dna-suceava-se-muta-temporar-la-muzeul-de-istorie-emil-ursu-dna-ul-functioneaza-cu-niste-conditii-de-securitate-de-siguranta-nationala-pentru-noi-lucrul-imbucurator-este-faptul-ca-muzeul-intrunes.html&#8221;]<\/p>\n","protected":false},"excerpt":{"rendered":"<p>[analyse_image type=&#8221;featured&#8221; src=&#8221;https:\/\/www.radiotop.ro\/img\/media\/2025\/10\/muzeu-istorie-sus.jpg&#8221;] Direc\u021bia Na\u021bional\u0103 Anticorup\u021bie Suceava se mut\u0103 temporar la Muzeul de Istorie, pe perioada lucr\u0103rilor de reabilitare a propriului sediu. Directorul Muzeului Na\u021bional al Bucovinei, dr. Emil Ursu, a declarat, la Radio Top, c\u0103 mutarea a \u00eenceput deja, iar DNA ar urma s\u0103 r\u0103m\u00een\u0103 la Muzeu aproximativ 12 luni. Emil Ursu a explicat [&hellip;]<\/p>\n","protected":false},"author":1,"featured_media":0,"comment_status":"open","ping_status":"","sticky":false,"template":"","format":"standard","meta":{"footnotes":""},"categories":[89],"tags":[226,163],"class_list":["post-2069177","post","type-post","status-publish","format-standard","hentry","category-romania","tag-crawlmanager","tag-radiotop-ro"],"_links":{"self":[{"href":"https:\/\/analyse.optim.biz\/index.php?rest_route=\/wp\/v2\/posts\/2069177","targetHints":{"allow":["GET"]}}],"collection":[{"href":"https:\/\/analyse.optim.biz\/index.php?rest_route=\/wp\/v2\/posts"}],"about":[{"href":"https:\/\/analyse.optim.biz\/index.php?rest_route=\/wp\/v2\/types\/post"}],"author":[{"embeddable":true,"href":"https:\/\/analyse.optim.biz\/index.php?rest_route=\/wp\/v2\/users\/1"}],"replies":[{"embeddable":true,"href":"https:\/\/analyse.optim.biz\/index.php?rest_route=%2Fwp%2Fv2%2Fcomments&post=2069177"}],"version-history":[{"count":0,"href":"https:\/\/analyse.optim.biz\/index.php?rest_route=\/wp\/v2\/posts\/2069177\/revisions"}],"wp:attachment":[{"href":"https:\/\/analyse.optim.biz\/index.php?rest_route=%2Fwp%2Fv2%2Fmedia&parent=2069177"}],"wp:term":[{"taxonomy":"category","embeddable":true,"href":"https:\/\/analyse.optim.biz\/index.php?rest_route=%2Fwp%2Fv2%2Fcategories&post=2069177"},{"taxonomy":"post_tag","embeddable":true,"href":"https:\/\/analyse.optim.biz\/index.php?rest_route=%2Fwp%2Fv2%2Ftags&post=2069177"}],"curies":[{"name":"wp","href":"https:\/\/api.w.org\/{rel}","templated":true}]}}