{"id":2069153,"date":"2026-07-29T16:35:52","date_gmt":"2026-07-29T13:35:52","guid":{"rendered":"https:\/\/analyse.optim.biz\/?p=2069153"},"modified":"2026-07-29T16:35:52","modified_gmt":"2026-07-29T13:35:52","slug":"padurea-crang-are-nevoie-sa-fie-lasata-in-pace","status":"publish","type":"post","link":"https:\/\/analyse.optim.biz\/?p=2069153","title":{"rendered":"P\u0103durea Cr\u00e2ng are nevoie s\u0103 fie l\u0103sat\u0103 \u00een pace"},"content":{"rendered":"<p>[analyse_image type=&#8221;featured&#8221; src=&#8221;https:\/\/revistaverde.ro\/wp-content\/uploads\/2018\/01\/taieri-crang-1.jpg&#8221;]<\/p>\n<article id=\"post-15734\" class=\"post-15734 post type-post status-publish format-standard has-post-thumbnail hentry category-eco-tiri category-evnimente category-international\">\n<header class=\"entry-header mh-clearfix\">\n<h1 class=\"entry-title\">P\u0103durea Cr\u00e2ng are nevoie s\u0103 fie l\u0103sat\u0103 \u00een pace<\/h1>\n<p class=\"mh-meta entry-meta\"><span class=\"entry-meta-date updated\"><a href=\"https:\/\/revistaverde.ro\/2026\/07\/\">iulie 29, 2026<\/a><\/span><span class=\"entry-meta-author author vcard\"><a class=\"fn\" href=\"https:\/\/revistaverde.ro\/author\/revistaverdefrumoasa2017\/\">M\u0103rg\u0103rit GROSU<\/a><\/span><span class=\"entry-meta-categories\"><a href=\"https:\/\/revistaverde.ro\/category\/local\/eco-tiri\/\" rel=\"category tag\">Eco \u015etiri<\/a>, <a href=\"https:\/\/revistaverde.ro\/category\/local\/evnimente\/\" rel=\"category tag\">Evenimente<\/a>, <a href=\"https:\/\/revistaverde.ro\/category\/international\/\" rel=\"category tag\">international<\/a><\/span><span class=\"entry-meta-comments\"><a class=\"mh-comment-scroll\" href=\"https:\/\/revistaverde.ro\/2026\/07\/29\/padurea-crang-are-nevoie-sa-fie-lasata-in-pace\/#mh-comments\">0<\/a><\/span><\/p>\n<\/header>\n<div class=\"entry-content mh-clearfix\">\n<figure class=\"entry-thumbnail\"><img decoding=\"async\" src=\"https:\/\/revistaverde.ro\/wp-content\/uploads\/2018\/01\/taieri-crang-1-678x381.jpg\" alt title=\"taieri crang\"><\/figure>\n<p>Primarul Buz\u0103ului, Constantin Toma, \u00eencearc\u0103 s\u0103 manipuleze buzoienii printr-un mesaj prin care \u00ee\u0219i exprim\u0103 dragostea pentru natur\u0103 \u0219i mediul \u00eenconjur\u0103tor. Spune c\u0103 o hot\u0103r\u00e2re judec\u0103toreasc\u0103 definitiv\u0103, nu \u00eel \u00eempiedic\u0103 s\u0103 defri\u0219eze p\u0103durea Cr\u00e2ng \u0219i s\u0103 o transforme \u00eentr-un modern CARTIER REZIDEN\u021aIAL pentru boga\u021bi.<\/p>\n<p>Pentru, c\u0103 la asta se limiteaz\u0103 Contractul s\u0103u Climatic M 100. Este poarta de intrare cu drujbele \u00een p\u0103durea Cr\u00e2ng.<\/p>\n<p>M100 este probabil o marc\u0103 de drujb\u0103! Timbery M100.<\/p>\n<p>\u201eDragi buzoieni,<\/p>\n<p>De ceva vreme, \u00een spa\u021biul public se vehiculeaz\u0103 o teorie prin care se induce ideea c\u0103 prin anularea \u00een instan\u021b\u0103 a Hot\u0103r\u00e2rii Consiliului Local al Municipiului Buz\u0103u, prin care s-a aprobat a\u0219a numitul ,,Contract climatic\u201d \u2013 M100, Prim\u0103ria Municipiului Buz\u0103u ar trebui s\u0103 nu mai fac\u0103 nici un fel de investi\u021bie \u00een domeniul tranzi\u021biei spre neutralitate climatic\u0103\u2026\u2026\u201d<\/p>\n<p>Aduce ca argument suprem, transformarea unei \u0219coli, \u00een \u0219coal\u0103 circular\u0103, o inep\u021bie de care a r\u00e2s \u0219i pre\u0219edintele Klaus Iohannis.<\/p>\n<p>\u201dObiectivul acestei Hot\u0103r\u00e2ri de Consiliu Local nu a fost aprobarea unui contract care s\u0103 nasc\u0103 obliga\u021bii juridice sau sanc\u021biuni directe, \u00een sensul clasic al dreptului civil, ci a reprezentat doar un angajament politic, strategic \u0219i de planificare urban\u0103. Prin aceast\u0103 hot\u0103r\u00e2re de Consiliu Local, Municipiul Buz\u0103u s-a angajat s\u0103 ating\u0103 neutralitatea climatic\u0103 p\u00e2n\u0103 \u00een anul 2035\u201d, mai spune primarul cu ochii \u00een lacrimi.<\/p>\n<p>Numai c\u0103 primarul uit\u0103 s\u0103 spun\u0103 ce dorea domnia-sa prin implementarea acestui Contract Climatic M100, anulat de instan\u021b\u0103, prin lupta titanic\u0103 a expertului tehnic judiciar, Haritina Cr\u0103i\u021b\u0103. Primarul dorea modernizarea unei arii naturale protejate \u0219i o balt\u0103 cu de\u0219euri \u00een c\u00e2mp deschis, care s\u0103 \u00eemboln\u0103veasc\u0103 popula\u021bia. Aceste aspecte au fost vizate de c\u0103tre instan\u021b\u0103, iar judec\u0103torii au sanc\u021bionat astfel de porniri. O arie protejat\u0103 nu are nevoie de nicio investi\u021bie, iar o balt\u0103 de fecale aruncate pe c\u00e2mp, care s\u0103 decongestioneze sta\u021bia de epurare a ora\u0219ului, este o idee periculoas\u0103 pentru s\u0103n\u0103tatea popula\u021biei. Asta au constatat judec\u0103torii \u0219i l-au pus la col\u021b pe primar, dar \u0219i pe consilerii locali, care nu se g\u00e2ndesc dec\u00e2t la bun\u0103starea lor efemer\u0103.<\/p>\n<p>Consider\u0103m c\u0103 este timpul ca liderul PSD Buz\u0103u, deputatul Romeo Lungu, s\u0103 se g\u00e2ndeasc\u0103 la viitor, la cei ce vor veni dup\u0103 noi \u0219i s\u0103 lase pe veci p\u0103durea Cr\u00e2ng \u00een pace.<\/p>\n<p>HAI BUZ\u0102U!<\/p>\n<div class=\"col-md-2 col-sm-4 col-xs-4\"> .col-md-2 { float:left; width: 16.6667%; } <\/div>\n<div class=\"col-md-2 col-sm-4 col-xs-4\"> .col-md-2 { float:left; width: 16.6667%; } <\/p>\n<div class=\"fb-share-button\" data-href=\"https:\/\/revistaverde.ro\/2026\/07\/29\/padurea-crang-are-nevoie-sa-fie-lasata-in-pace\/\" data-layout=\"button\" data-size=\"large\" data-mobile-iframe=\"true\"><a class=\"fb-xfbml-parse-ignore\" target=\"_blank\" href=\"https:\/\/www.facebook.com\/sharer\/sharer.php?u=https%3A%2F%2Frevistaverde.ro%2F2026%2F07%2F29%2Fpadurea-crang-are-nevoie-sa-fie-lasata-in-pace%2F&amp;src=sdkpreparse\">Share<\/a><\/div>\n<\/div>\n<div class=\"col-md-2 col-sm-4 col-xs-4\"> .col-md-2 { float:left; width: 16.6667%; } <\/div>\n<\/div>\n<\/article>\n<div class=\"entry-content mh-clearfix\">\n<figure class=\"entry-thumbnail\"><img decoding=\"async\" src=\"https:\/\/revistaverde.ro\/wp-content\/uploads\/2018\/01\/taieri-crang-1-678x381.jpg\" alt title=\"taieri crang\"><\/figure>\n<p>Primarul Buz\u0103ului, Constantin Toma, \u00eencearc\u0103 s\u0103 manipuleze buzoienii printr-un mesaj prin care \u00ee\u0219i exprim\u0103 dragostea pentru natur\u0103 \u0219i mediul \u00eenconjur\u0103tor. Spune c\u0103 o hot\u0103r\u00e2re judec\u0103toreasc\u0103 definitiv\u0103, nu \u00eel \u00eempiedic\u0103 s\u0103 defri\u0219eze p\u0103durea Cr\u00e2ng \u0219i s\u0103 o transforme \u00eentr-un modern CARTIER REZIDEN\u021aIAL pentru boga\u021bi.<\/p>\n<p>Pentru, c\u0103 la asta se limiteaz\u0103 Contractul s\u0103u Climatic M 100. Este poarta de intrare cu drujbele \u00een p\u0103durea Cr\u00e2ng.<\/p>\n<p>M100 este probabil o marc\u0103 de drujb\u0103! Timbery M100.<\/p>\n<p>\u201eDragi buzoieni,<\/p>\n<p>De ceva vreme, \u00een spa\u021biul public se vehiculeaz\u0103 o teorie prin care se induce ideea c\u0103 prin anularea \u00een instan\u021b\u0103 a Hot\u0103r\u00e2rii Consiliului Local al Municipiului Buz\u0103u, prin care s-a aprobat a\u0219a numitul ,,Contract climatic\u201d \u2013 M100, Prim\u0103ria Municipiului Buz\u0103u ar trebui s\u0103 nu mai fac\u0103 nici un fel de investi\u021bie \u00een domeniul tranzi\u021biei spre neutralitate climatic\u0103\u2026\u2026\u201d<\/p>\n<p>Aduce ca argument suprem, transformarea unei \u0219coli, \u00een \u0219coal\u0103 circular\u0103, o inep\u021bie de care a r\u00e2s \u0219i pre\u0219edintele Klaus Iohannis.<\/p>\n<p>\u201dObiectivul acestei Hot\u0103r\u00e2ri de Consiliu Local nu a fost aprobarea unui contract care s\u0103 nasc\u0103 obliga\u021bii juridice sau sanc\u021biuni directe, \u00een sensul clasic al dreptului civil, ci a reprezentat doar un angajament politic, strategic \u0219i de planificare urban\u0103. Prin aceast\u0103 hot\u0103r\u00e2re de Consiliu Local, Municipiul Buz\u0103u s-a angajat s\u0103 ating\u0103 neutralitatea climatic\u0103 p\u00e2n\u0103 \u00een anul 2035\u201d, mai spune primarul cu ochii \u00een lacrimi.<\/p>\n<p>Numai c\u0103 primarul uit\u0103 s\u0103 spun\u0103 ce dorea domnia-sa prin implementarea acestui Contract Climatic M100, anulat de instan\u021b\u0103, prin lupta titanic\u0103 a expertului tehnic judiciar, Haritina Cr\u0103i\u021b\u0103. Primarul dorea modernizarea unei arii naturale protejate \u0219i o balt\u0103 cu de\u0219euri \u00een c\u00e2mp deschis, care s\u0103 \u00eemboln\u0103veasc\u0103 popula\u021bia. Aceste aspecte au fost vizate de c\u0103tre instan\u021b\u0103, iar judec\u0103torii au sanc\u021bionat astfel de porniri. O arie protejat\u0103 nu are nevoie de nicio investi\u021bie, iar o balt\u0103 de fecale aruncate pe c\u00e2mp, care s\u0103 decongestioneze sta\u021bia de epurare a ora\u0219ului, este o idee periculoas\u0103 pentru s\u0103n\u0103tatea popula\u021biei. Asta au constatat judec\u0103torii \u0219i l-au pus la col\u021b pe primar, dar \u0219i pe consilerii locali, care nu se g\u00e2ndesc dec\u00e2t la bun\u0103starea lor efemer\u0103.<\/p>\n<p>Consider\u0103m c\u0103 este timpul ca liderul PSD Buz\u0103u, deputatul Romeo Lungu, s\u0103 se g\u00e2ndeasc\u0103 la viitor, la cei ce vor veni dup\u0103 noi \u0219i s\u0103 lase pe veci p\u0103durea Cr\u00e2ng \u00een pace.<\/p>\n<p>HAI BUZ\u0102U!<\/p>\n<div class=\"col-md-2 col-sm-4 col-xs-4\"> .col-md-2 { float:left; width: 16.6667%; } <\/div>\n<div class=\"col-md-2 col-sm-4 col-xs-4\"> .col-md-2 { float:left; width: 16.6667%; } <\/p>\n<div class=\"fb-share-button\" data-href=\"https:\/\/revistaverde.ro\/2026\/07\/29\/padurea-crang-are-nevoie-sa-fie-lasata-in-pace\/\" data-layout=\"button\" data-size=\"large\" data-mobile-iframe=\"true\"><a class=\"fb-xfbml-parse-ignore\" target=\"_blank\" href=\"https:\/\/www.facebook.com\/sharer\/sharer.php?u=https%3A%2F%2Frevistaverde.ro%2F2026%2F07%2F29%2Fpadurea-crang-are-nevoie-sa-fie-lasata-in-pace%2F&amp;src=sdkpreparse\">Share<\/a><\/div>\n<\/div>\n<div class=\"col-md-2 col-sm-4 col-xs-4\"> .col-md-2 { float:left; width: 16.6667%; } <\/div>\n<\/div>\n<p>[analyse_source url=&#8221;https:\/\/revistaverde.ro\/2026\/07\/29\/padurea-crang-are-nevoie-sa-fie-lasata-in-pace\/&#8221;]<\/p>\n","protected":false},"excerpt":{"rendered":"<p>[analyse_image type=&#8221;featured&#8221; src=&#8221;https:\/\/revistaverde.ro\/wp-content\/uploads\/2018\/01\/taieri-crang-1.jpg&#8221;] P\u0103durea Cr\u00e2ng are nevoie s\u0103 fie l\u0103sat\u0103 \u00een pace iulie 29, 2026M\u0103rg\u0103rit GROSUEco \u015etiri, Evenimente, international0 Primarul Buz\u0103ului, Constantin Toma, \u00eencearc\u0103 s\u0103 manipuleze buzoienii printr-un mesaj prin care \u00ee\u0219i exprim\u0103 dragostea pentru natur\u0103 \u0219i mediul \u00eenconjur\u0103tor. Spune c\u0103 o hot\u0103r\u00e2re judec\u0103toreasc\u0103 definitiv\u0103, nu \u00eel \u00eempiedic\u0103 s\u0103 defri\u0219eze p\u0103durea Cr\u00e2ng \u0219i s\u0103 o [&hellip;]<\/p>\n","protected":false},"author":1,"featured_media":0,"comment_status":"open","ping_status":"","sticky":false,"template":"","format":"standard","meta":{"footnotes":""},"categories":[2],"tags":[226,57],"class_list":["post-2069153","post","type-post","status-publish","format-standard","hentry","category-politics","tag-crawlmanager","tag-revistaverde-ro"],"_links":{"self":[{"href":"https:\/\/analyse.optim.biz\/index.php?rest_route=\/wp\/v2\/posts\/2069153","targetHints":{"allow":["GET"]}}],"collection":[{"href":"https:\/\/analyse.optim.biz\/index.php?rest_route=\/wp\/v2\/posts"}],"about":[{"href":"https:\/\/analyse.optim.biz\/index.php?rest_route=\/wp\/v2\/types\/post"}],"author":[{"embeddable":true,"href":"https:\/\/analyse.optim.biz\/index.php?rest_route=\/wp\/v2\/users\/1"}],"replies":[{"embeddable":true,"href":"https:\/\/analyse.optim.biz\/index.php?rest_route=%2Fwp%2Fv2%2Fcomments&post=2069153"}],"version-history":[{"count":0,"href":"https:\/\/analyse.optim.biz\/index.php?rest_route=\/wp\/v2\/posts\/2069153\/revisions"}],"wp:attachment":[{"href":"https:\/\/analyse.optim.biz\/index.php?rest_route=%2Fwp%2Fv2%2Fmedia&parent=2069153"}],"wp:term":[{"taxonomy":"category","embeddable":true,"href":"https:\/\/analyse.optim.biz\/index.php?rest_route=%2Fwp%2Fv2%2Fcategories&post=2069153"},{"taxonomy":"post_tag","embeddable":true,"href":"https:\/\/analyse.optim.biz\/index.php?rest_route=%2Fwp%2Fv2%2Ftags&post=2069153"}],"curies":[{"name":"wp","href":"https:\/\/api.w.org\/{rel}","templated":true}]}}