{"id":2069152,"date":"2026-07-29T13:12:17","date_gmt":"2026-07-29T10:12:17","guid":{"rendered":"https:\/\/analyse.optim.biz\/?p=2069152"},"modified":"2026-07-29T13:12:17","modified_gmt":"2026-07-29T10:12:17","slug":"metalul-buzau-ataca-noul-sezon-cu-gandul-la-partea-superioara-a-clasamentului","status":"publish","type":"post","link":"https:\/\/analyse.optim.biz\/?p=2069152","title":{"rendered":"Metalul Buz\u0103u atac\u0103 noul sezon cu g\u00e2ndul la partea superioar\u0103 a clasamentului"},"content":{"rendered":"<p>[analyse_image type=&#8221;featured&#8221; src=&#8221;https:\/\/gazetabuzoiana.ro\/wp-content\/uploads\/2026\/07\/metalul.jpg&#8221;]<\/p>\n<div class=\"entry-content entry clearfix\">\n<p class=\"wp-block-paragraph\">Metalul Buz\u0103u prive\u0219te cu optimism spre noul sezon al Ligii 2, iar obiectivul echipei este unul clar: o clasare c\u00e2t mai bun\u0103, chiar dac\u0103 bugetul r\u0103m\u00e2ne unul inferior fa\u021b\u0103 de cel al forma\u021biilor care se lupt\u0103 pentru promovare. Antrenorul Valentin Stan spune c\u0103 echipa \u00ee\u0219i dore\u0219te s\u0103 continue progresul din ultimele sezoane \u0219i s\u0103 confirme evolu\u021biile apreciate din campionatul precedent.<\/p>\n<p class=\"wp-block-paragraph\">Tehnicianul consider\u0103 c\u0103 Metalul a demonstrat c\u0103 poate ob\u021bine rezultate importante chiar \u0219i \u00een condi\u021bii financiare modeste, iar acest lucru \u00eei ofer\u0103 \u00eencredere \u00eenaintea startului noii edi\u021bii de campionat. El subliniaz\u0103 c\u0103 lotul este construit \u00een func\u021bie de posibilit\u0103\u021bile clubului, \u00eens\u0103 spiritul de echip\u0103 \u0219i organizarea pot compensa diferen\u021bele de buget fa\u021b\u0103 de adversarii cu preten\u021bii.<\/p>\n<p class=\"wp-block-paragraph\">Valentin Stan recunoa\u0219te c\u0103 resursele financiare reprezint\u0103 \u00een continuare principala provocare pentru clubul buzoian, \u00eens\u0103 insist\u0103 c\u0103 acest aspect nu schimb\u0103 ambi\u021biile echipei.<\/p>\n<p class=\"wp-block-paragraph\"><strong><mark class=\"has-inline-color has-vivid-red-color\">\u201eVrem s\u0103 fim c\u00e2t mai sus. Anii trecu\u021bi am reu\u0219it s\u0103 demonstr\u0103m c\u0103 putem face lucruri frumoase \u0219i ne dorim s\u0103 continu\u0103m pe aceea\u0219i linie\u201d<\/mark><\/strong>, este mesajul transmis de antrenor \u00eenaintea debutului de sezon.<\/p>\n<p class=\"wp-block-paragraph\">\u00cen sezonul trecut, Metalul Buz\u0103u a avut un parcurs apreciat at\u00e2t \u00een Liga 2, c\u00e2t \u0219i \u00een Cupa Rom\u00e2niei, unde a ajuns p\u00e2n\u0103 \u00een fazele superioare ale competi\u021biei, confirm\u00e2nd c\u0103 poate fi un adversar incomod pentru orice echip\u0103. \u00cen noua edi\u021bie de campionat, conducerea \u0219i stafful tehnic sper\u0103 ca forma\u021bia s\u0103 fac\u0103 un nou pas \u00eenainte \u0219i s\u0103 se men\u021bin\u0103 \u00een lupta pentru locurile frunta\u0219e.<\/p>\n<div class=\"post-bottom-meta post-bottom-tags post-tags-modern\">\n<div class=\"post-bottom-meta-title\"> Etichete<\/div>\n<p><span class=\"tagcloud\"><a href=\"https:\/\/gazetabuzoiana.ro\/tag\/afc-metalul-buzau\/\" rel=\"tag\">AFC Metalul Buz\u0103u<\/a><a href=\"https:\/\/gazetabuzoiana.ro\/tag\/campionat\/\" rel=\"tag\">campionat<\/a><a href=\"https:\/\/gazetabuzoiana.ro\/tag\/fotbal\/\" rel=\"tag\">fotbal<\/a><a href=\"https:\/\/gazetabuzoiana.ro\/tag\/liga-2\/\" rel=\"tag\">Liga 2<\/a><a href=\"https:\/\/gazetabuzoiana.ro\/tag\/metalul-buzau-2\/\" rel=\"tag\">Metalul Buz\u0103u<\/a><a href=\"https:\/\/gazetabuzoiana.ro\/tag\/sezon-2026-2027\/\" rel=\"tag\">sezon 2026-2027<\/a><a href=\"https:\/\/gazetabuzoiana.ro\/tag\/valentin-stan\/\" rel=\"tag\">valentin stan<\/a><\/span><\/div>\n<\/div>\n<p>[analyse_source url=&#8221;https:\/\/gazetabuzoiana.ro\/2026\/07\/29\/metalul-buzau-ataca-noul-sezon-cu-gandul-la-partea-superioara-a-clasamentului\/&#8221;]<\/p>\n","protected":false},"excerpt":{"rendered":"<p>[analyse_image type=&#8221;featured&#8221; src=&#8221;https:\/\/gazetabuzoiana.ro\/wp-content\/uploads\/2026\/07\/metalul.jpg&#8221;] Metalul Buz\u0103u prive\u0219te cu optimism spre noul sezon al Ligii 2, iar obiectivul echipei este unul clar: o clasare c\u00e2t mai bun\u0103, chiar dac\u0103 bugetul r\u0103m\u00e2ne unul inferior fa\u021b\u0103 de cel al forma\u021biilor care se lupt\u0103 pentru promovare. Antrenorul Valentin Stan spune c\u0103 echipa \u00ee\u0219i dore\u0219te s\u0103 continue progresul din ultimele sezoane [&hellip;]<\/p>\n","protected":false},"author":1,"featured_media":0,"comment_status":"open","ping_status":"","sticky":false,"template":"","format":"standard","meta":{"footnotes":""},"categories":[2],"tags":[226,38],"class_list":["post-2069152","post","type-post","status-publish","format-standard","hentry","category-politics","tag-crawlmanager","tag-gazetabuzoiana-ro"],"_links":{"self":[{"href":"https:\/\/analyse.optim.biz\/index.php?rest_route=\/wp\/v2\/posts\/2069152","targetHints":{"allow":["GET"]}}],"collection":[{"href":"https:\/\/analyse.optim.biz\/index.php?rest_route=\/wp\/v2\/posts"}],"about":[{"href":"https:\/\/analyse.optim.biz\/index.php?rest_route=\/wp\/v2\/types\/post"}],"author":[{"embeddable":true,"href":"https:\/\/analyse.optim.biz\/index.php?rest_route=\/wp\/v2\/users\/1"}],"replies":[{"embeddable":true,"href":"https:\/\/analyse.optim.biz\/index.php?rest_route=%2Fwp%2Fv2%2Fcomments&post=2069152"}],"version-history":[{"count":0,"href":"https:\/\/analyse.optim.biz\/index.php?rest_route=\/wp\/v2\/posts\/2069152\/revisions"}],"wp:attachment":[{"href":"https:\/\/analyse.optim.biz\/index.php?rest_route=%2Fwp%2Fv2%2Fmedia&parent=2069152"}],"wp:term":[{"taxonomy":"category","embeddable":true,"href":"https:\/\/analyse.optim.biz\/index.php?rest_route=%2Fwp%2Fv2%2Fcategories&post=2069152"},{"taxonomy":"post_tag","embeddable":true,"href":"https:\/\/analyse.optim.biz\/index.php?rest_route=%2Fwp%2Fv2%2Ftags&post=2069152"}],"curies":[{"name":"wp","href":"https:\/\/api.w.org\/{rel}","templated":true}]}}