{"id":2069150,"date":"2026-07-29T11:00:00","date_gmt":"2026-07-29T08:00:00","guid":{"rendered":"https:\/\/analyse.optim.biz\/?p=2069150"},"modified":"2026-07-29T11:00:00","modified_gmt":"2026-07-29T08:00:00","slug":"info-transbus-statia-de-autobuz-parcul-crang-pe-sensul-de-mers-micro-14-%e2%86%92-parcul-crang-se-va-reloca-in-dreptul-directiei-silvice-buzau","status":"publish","type":"post","link":"https:\/\/analyse.optim.biz\/?p=2069150","title":{"rendered":"Info Transbus | Sta\u021bia de autobuz\u00a0\u201cParcul Cr\u00e2ng\u201d,\u00a0pe sensul de mers\u00a0Micro 14 \u2192 Parcul Cr\u00e2ng\u00a0se va reloca \u00een dreptul Direc\u021biei Silvice Buz\u0103u"},"content":{"rendered":"<p>[analyse_image type=&#8221;featured&#8221; src=&#8221;https:\/\/www.campusbuzau.ro\/wp-content\/uploads\/2026\/07\/statie-transbus-crang-relocata-la-directia-silvica.jpghttps:\/\/www.campusbuzau.ro\/wp-content\/uploads\/2026\/07\/statie-transbus-crang-relocata-la-directia-silvica.jpg&#8221;]<\/p>\n<div class=\"entry-content\">\n<p><strong><mark class=\"has-inline-color has-maincolor-color\">Stima\u021bi c\u0103l\u0103tori, datorit\u0103 lucr\u0103rilor pentru reabilitarea \u0219i modernizarea\u00a0 infrastructurii\u00a0 rutiere pe bulevardul Stadionului, sta\u021bia de autobuz\u00a0\u201cParcul Cr\u00e2ng\u201d,\u00a0pe sensul de mers\u00a0Micro 14 \u2192 Parcul Cr\u00e2ng\u00a0se va reloca p\u00e2n\u0103 la finalizarea lucr\u0103rilor \u00een dreptul Direc\u021biei Silvice Buz\u0103u, pentru toate traseele care deservesc Cartierul Micro 14.<\/mark><\/strong><\/p>\n<p><strong><mark class=\"has-inline-color has-maincolor-color\">Programul de transport \u0219i orarul curselor din capetele de linie ale traseelor nu se modific\u0103.<\/mark><\/strong><\/p>\n<p><strong><mark class=\"has-inline-color has-maincolor-color\">V\u0103 mul\u021bumim pentru \u00een\u021belegere.<\/mark><\/strong><\/p>\n<\/div>\n<p>[analyse_source url=&#8221;https:\/\/www.campusbuzau.ro\/info-transbus-statia-de-autobuz-parcul-crang-pe-sensul-de-mers-micro-14-%e2%86%92-parcul-crang-se-va-reloca-in-dreptul-directiei-silvice-buzau\/&#8221;]<\/p>\n","protected":false},"excerpt":{"rendered":"<p>[analyse_image type=&#8221;featured&#8221; src=&#8221;https:\/\/www.campusbuzau.ro\/wp-content\/uploads\/2026\/07\/statie-transbus-crang-relocata-la-directia-silvica.jpghttps:\/\/www.campusbuzau.ro\/wp-content\/uploads\/2026\/07\/statie-transbus-crang-relocata-la-directia-silvica.jpg&#8221;] Stima\u021bi c\u0103l\u0103tori, datorit\u0103 lucr\u0103rilor pentru reabilitarea \u0219i modernizarea\u00a0 infrastructurii\u00a0 rutiere pe bulevardul Stadionului, sta\u021bia de autobuz\u00a0\u201cParcul Cr\u00e2ng\u201d,\u00a0pe sensul de mers\u00a0Micro 14 \u2192 Parcul Cr\u00e2ng\u00a0se va reloca p\u00e2n\u0103 la finalizarea lucr\u0103rilor \u00een dreptul Direc\u021biei Silvice Buz\u0103u, pentru toate traseele care deservesc Cartierul Micro 14. Programul de transport \u0219i orarul curselor din capetele de [&hellip;]<\/p>\n","protected":false},"author":1,"featured_media":0,"comment_status":"open","ping_status":"","sticky":false,"template":"","format":"standard","meta":{"footnotes":""},"categories":[2],"tags":[118,226],"class_list":["post-2069150","post","type-post","status-publish","format-standard","hentry","category-politics","tag-campusbuzau-ro","tag-crawlmanager"],"_links":{"self":[{"href":"https:\/\/analyse.optim.biz\/index.php?rest_route=\/wp\/v2\/posts\/2069150","targetHints":{"allow":["GET"]}}],"collection":[{"href":"https:\/\/analyse.optim.biz\/index.php?rest_route=\/wp\/v2\/posts"}],"about":[{"href":"https:\/\/analyse.optim.biz\/index.php?rest_route=\/wp\/v2\/types\/post"}],"author":[{"embeddable":true,"href":"https:\/\/analyse.optim.biz\/index.php?rest_route=\/wp\/v2\/users\/1"}],"replies":[{"embeddable":true,"href":"https:\/\/analyse.optim.biz\/index.php?rest_route=%2Fwp%2Fv2%2Fcomments&post=2069150"}],"version-history":[{"count":0,"href":"https:\/\/analyse.optim.biz\/index.php?rest_route=\/wp\/v2\/posts\/2069150\/revisions"}],"wp:attachment":[{"href":"https:\/\/analyse.optim.biz\/index.php?rest_route=%2Fwp%2Fv2%2Fmedia&parent=2069150"}],"wp:term":[{"taxonomy":"category","embeddable":true,"href":"https:\/\/analyse.optim.biz\/index.php?rest_route=%2Fwp%2Fv2%2Fcategories&post=2069150"},{"taxonomy":"post_tag","embeddable":true,"href":"https:\/\/analyse.optim.biz\/index.php?rest_route=%2Fwp%2Fv2%2Ftags&post=2069150"}],"curies":[{"name":"wp","href":"https:\/\/api.w.org\/{rel}","templated":true}]}}