{"id":2069148,"date":"2026-07-30T13:40:00","date_gmt":"2026-07-30T10:40:00","guid":{"rendered":"https:\/\/analyse.optim.biz\/?p=2069148"},"modified":"2026-07-30T13:40:00","modified_gmt":"2026-07-30T10:40:00","slug":"info-transbus-traseul-19-va-fi-suplimentat-cu-3-curse-in-fiecare-zi-de-desfasurare-a-evenimentului-opa-buzau-greek-fest","status":"publish","type":"post","link":"https:\/\/analyse.optim.biz\/?p=2069148","title":{"rendered":"Info Transbus | Traseul 19 va fi suplimentat cu 3 curse \u00een fiecare zi de desf\u0103\u0219urare a evenimentului \u201eOpa! Buz\u0103u Greek Fest\u201d"},"content":{"rendered":"<p>[analyse_image type=&#8221;featured&#8221; src=&#8221;https:\/\/www.campusbuzau.ro\/wp-content\/uploads\/2026\/07\/traseul-19-transbus-suplimentare-opa-greek-fest.jpghttps:\/\/www.campusbuzau.ro\/wp-content\/uploads\/2026\/07\/traseul-19-transbus-suplimentare-opa-greek-fest.jpg&#8221;]<\/p>\n<div class=\"entry-content\">\n<p>Stima\u021bi c\u0103l\u0103tori, av\u00e2nd \u00een vedere organizarea de c\u0103tre\u00a0<strong>Consiliul Jude\u021bean Buz\u0103u, Centrul Jude\u021bean de Cultur\u0103 \u0219i Art\u0103 Buz\u0103u \u0219i Greek Dance Romania<\/strong>\u00a0a evenimentului\u00a0<strong>\u201eOpa! Buz\u0103u Greek Fest\u201d<\/strong>, care va avea loc \u00een zilele de\u00a0<strong>vineri \u2013 31 iulie 2026<\/strong>\u00a0\u0219i respectiv\u00a0<strong>s\u00e2mb\u0103t\u0103 \u2013 01 august 2026,<\/strong>\u00a0operatorul intern S.C. Trans Bus S.A. al Asocia\u021biei de Dezvoltare Intercomunitar\u0103 Buz\u0103u-M\u0103r\u0103cineni, va suplimenta\u00a0<strong>traseul 19<\/strong>, \u00een intervalul orar 17:00-22:30 cu 3 curse \u00een fiecare zi de desf\u0103\u0219urare a evenimentului; orarul curselor pe traseul 19 se prezint\u0103 astfel:<\/p>\n<p><strong><u>Traseul 19 CIT<\/u><\/strong><\/p>\n<p><strong><mark class=\"has-inline-color\">TUR:<\/mark><\/strong><\/p>\n<p><strong>CIT Buz\u0103u-Popas Merei facultativ-\u0218avalog facultativ-Merei moar\u0103-Merei La Croitorie-Merei \u0219coal\u0103-La Bulimac facultativ-La Banu facultativ-La Tea\u0219c\u0103-Gura S\u0103r\u0103\u021bii \u0219coal\u0103-Monteoru facultativ-La B\u0103canu-La Manoloiu-La F\u00e2nt\u00e2n\u0103 facultativ-CIT Monteoru-Magazin Iona\u0219cu-Cantina Ceres.<\/strong><\/p>\n<p><strong>Vineri 31.07.2026:<\/strong>\u00a006:30-07:30-08:30-12:30-14:50-16:30-17:00-18:00-19:00-<\/p>\n<p><strong>S\u00e2mb\u0103t\u0103 01.08.2026:<\/strong>\u00a006:30-07:30-12:30-14:50-17:00-18:00-19:00-<\/p>\n<p><strong><mark class=\"has-inline-color\">Retur<\/mark><\/strong><\/p>\n<p><strong>S\u0103rata Monteoru\u00a0Cantina Ceres<\/strong>\u00a0<strong>-Magazin Iona\u0219cu-CIT Monteoru-La F\u00e2nt\u00e2n\u0103 facultativ-La Manoloiu-La B\u0103canu-Monteoru facultativ-Gura S\u0103r\u0103\u021bii \u0219coal\u0103-La Tea\u0219c\u0103-La Banu facultativ-La Bulimac facultativ-Merei \u0219coal\u0103-Merei La Croitorie-Merei moar\u0103-\u0218avalog facultativ-Popas Merei facultativ-CIT Buz\u0103u.<\/strong><\/p>\n<p><strong>Vineri 31.07.2026:\u00a0<\/strong>05:15-06:15-07:45-08:45-11:00-13:15-15:55-17:15-17:45-18:45-19:45-22:30-<\/p>\n<p><strong>S\u00e2mb\u0103t\u0103 01.08.2026:\u00a0<\/strong>05:15-06:15-07:45-08:45-13:15-15:45-18:00-19:00-19:45-22:30-<\/p>\n<\/div>\n<p>[analyse_source url=&#8221;https:\/\/www.campusbuzau.ro\/info-transbus-traseul-19-va-fi-suplimentat-cu-3-curse-in-fiecare-zi-de-desfasurare-a-evenimentului-opa-buzau-greek-fest\/&#8221;]<\/p>\n","protected":false},"excerpt":{"rendered":"<p>[analyse_image type=&#8221;featured&#8221; src=&#8221;https:\/\/www.campusbuzau.ro\/wp-content\/uploads\/2026\/07\/traseul-19-transbus-suplimentare-opa-greek-fest.jpghttps:\/\/www.campusbuzau.ro\/wp-content\/uploads\/2026\/07\/traseul-19-transbus-suplimentare-opa-greek-fest.jpg&#8221;] Stima\u021bi c\u0103l\u0103tori, av\u00e2nd \u00een vedere organizarea de c\u0103tre\u00a0Consiliul Jude\u021bean Buz\u0103u, Centrul Jude\u021bean de Cultur\u0103 \u0219i Art\u0103 Buz\u0103u \u0219i Greek Dance Romania\u00a0a evenimentului\u00a0\u201eOpa! Buz\u0103u Greek Fest\u201d, care va avea loc \u00een zilele de\u00a0vineri \u2013 31 iulie 2026\u00a0\u0219i respectiv\u00a0s\u00e2mb\u0103t\u0103 \u2013 01 august 2026,\u00a0operatorul intern S.C. Trans Bus S.A. al Asocia\u021biei de Dezvoltare Intercomunitar\u0103 Buz\u0103u-M\u0103r\u0103cineni, [&hellip;]<\/p>\n","protected":false},"author":1,"featured_media":0,"comment_status":"open","ping_status":"","sticky":false,"template":"","format":"standard","meta":{"footnotes":""},"categories":[2],"tags":[118,226],"class_list":["post-2069148","post","type-post","status-publish","format-standard","hentry","category-politics","tag-campusbuzau-ro","tag-crawlmanager"],"_links":{"self":[{"href":"https:\/\/analyse.optim.biz\/index.php?rest_route=\/wp\/v2\/posts\/2069148","targetHints":{"allow":["GET"]}}],"collection":[{"href":"https:\/\/analyse.optim.biz\/index.php?rest_route=\/wp\/v2\/posts"}],"about":[{"href":"https:\/\/analyse.optim.biz\/index.php?rest_route=\/wp\/v2\/types\/post"}],"author":[{"embeddable":true,"href":"https:\/\/analyse.optim.biz\/index.php?rest_route=\/wp\/v2\/users\/1"}],"replies":[{"embeddable":true,"href":"https:\/\/analyse.optim.biz\/index.php?rest_route=%2Fwp%2Fv2%2Fcomments&post=2069148"}],"version-history":[{"count":0,"href":"https:\/\/analyse.optim.biz\/index.php?rest_route=\/wp\/v2\/posts\/2069148\/revisions"}],"wp:attachment":[{"href":"https:\/\/analyse.optim.biz\/index.php?rest_route=%2Fwp%2Fv2%2Fmedia&parent=2069148"}],"wp:term":[{"taxonomy":"category","embeddable":true,"href":"https:\/\/analyse.optim.biz\/index.php?rest_route=%2Fwp%2Fv2%2Fcategories&post=2069148"},{"taxonomy":"post_tag","embeddable":true,"href":"https:\/\/analyse.optim.biz\/index.php?rest_route=%2Fwp%2Fv2%2Ftags&post=2069148"}],"curies":[{"name":"wp","href":"https:\/\/api.w.org\/{rel}","templated":true}]}}