{"id":2068949,"date":"2026-07-29T18:43:39","date_gmt":"2026-07-29T15:43:39","guid":{"rendered":"https:\/\/analyse.optim.biz\/?p=2068949"},"modified":"2026-07-29T18:43:39","modified_gmt":"2026-07-29T15:43:39","slug":"inca-o-gradinita-pentru-copiii-din-budesti-ionel-vladulescu-spera-ca-santierul-sa-fie-deschis-pana-la-sfarsitul-acestui-an","status":"publish","type":"post","link":"https:\/\/analyse.optim.biz\/?p=2068949","title":{"rendered":"\u00cenc\u0103 o gr\u0103dini\u021b\u0103 pentru copiii din Bude\u0219ti: Ionel Vl\u0103dulescu sper\u0103 ca \u0219antierul s\u0103 fie deschis p\u00e2n\u0103 la sf\u00e2r\u0219itul acestui an"},"content":{"rendered":"<p>[analyse_image type=&#8221;featured&#8221; src=&#8221;https:\/\/www.impactreal.ro\/wp-content\/uploads\/2026\/07\/budesti-2026-1024&#215;576.png&#8221;]<\/p>\n<div class=\"single-news-content\">\n<div class=\"news-image\"><img loading=\"lazy\" decoding=\"async\" width=\"1672\" height=\"941\" src=\"https:\/\/www.impactreal.ro\/wp-content\/uploads\/2026\/07\/budesti-2026.png\" class=\"img-responsive wp-post-image\" alt=\"\u00cenc\u0103 o gr\u0103dini\u021b\u0103 pentru copiii din Bude\u0219ti: Ionel Vl\u0103dulescu sper\u0103 ca \u0219antierul s\u0103 fie deschis p\u00e2n\u0103 la sf\u00e2r\u0219itul acestui an\"><\/div>\n<div class=\"news-detail clearfix\">\n<div class=\"entry-meta\"><span class=\"posted-date\"><a href=\"https:\/\/www.impactreal.ro\/2026\/07\/29\/inca-o-gradinita-pentru-copiii-din-budesti-ionel-vladulescu-spera-ca-santierul-sa-fie-deschis-pana-la-sfarsitul-acestui-an\/\" rel=\"bookmark\"><time class=\"entry-date published updated\" datetime=\"2026-07-29T21:43:39+03:00\">29 iulie 2026<\/time><\/a><\/span><span class=\"author vcard\"><a href=\"https:\/\/www.impactreal.ro\/author\/claudia-schiopu\/\">Claudia Schiopu<\/a><\/span><span class=\"cat-links\"><a href=\"https:\/\/www.impactreal.ro\/category\/administratie\/\" rel=\"category tag\">Administra\u0163ie<\/a><a href=\"https:\/\/www.impactreal.ro\/category\/budesti\/\" rel=\"category tag\">Budesti<\/a><\/span><\/div>\n<div class=\"news-content editor-content-entry\">\n<p>Primarul comunei Bude\u0219ti, Ionel Vl\u0103dulescu, a semnat contractul de finan\u021bare pentru construirea unei noi gr\u0103dini\u021be \u00een curtea \u0219colii din centrul localit\u0103\u021bii. Cl\u0103direa va avea patru s\u0103li de grup\u0103, sal\u0103 de sport \u0219i un spa\u021biu pentru activit\u0103\u021bi \u0219i evenimente dedicate celor mici. Investi\u021bia va fi realizat\u0103 cu fonduri europene, prin Programul Regional Sud-Vest Oltenia 2021\u20132027.<\/p>\n<p>Proiectarea a \u00eenceput, urm\u00e2nd ob\u021binerea avizelor \u0219i organizarea licita\u021biei pentru lucr\u0103ri. Primarul sper\u0103 ca \u0219antierul s\u0103 fie deschis p\u00e2n\u0103 la sf\u00e2r\u0219itul acestui an.<\/p>\n<p><strong><u>Actuala cl\u0103dire a devenit ne\u00eenc\u0103p\u0103toare<\/u><\/strong><\/p>\n<p>\u00cen Bude\u0219ti func\u021bioneaz\u0103 deja o gr\u0103dini\u021b\u0103 construit\u0103 de la zero prin PNDL 2. Aceasta are trei s\u0103li de grup\u0103 \u0219i este frecventat\u0103 de peste 80 de copii. Num\u0103rul mare de cereri, inclusiv pentru programul prelungit, a determinat administra\u021bia local\u0103 s\u0103 preg\u0103teasc\u0103 o cl\u0103dire mai mare.<\/p>\n<p>\u201e<strong><em>Am semnat contractul de finan\u021bare pentru o nou\u0103 gr\u0103dini\u021b\u0103, care va fi construit\u0103 din temelii \u00een curtea \u0219colii din centrul localit\u0103\u021bii, cu fonduri europene. Urmeaz\u0103 s\u0103 vedem cine va c\u00e2\u0219tiga licita\u021bia. Mai avem o gr\u0103dini\u021b\u0103 nou\u0103 \u00een Bude\u0219ti, \u00eens\u0103 copiii nu mai \u00eencap, nu mai avem spa\u021bii suficiente. Din acest motiv construim o cl\u0103dire mai mare, cu o capacitate de patru grupe<\/em><\/strong>\u201d, a declarat primarul comunei Bude\u0219ti, Ionel Vl\u0103dulescu.<\/p>\n<p>Noua cl\u0103dire va avea spa\u021bii adaptate nevoilor copiilor \u0219i activit\u0103\u021bilor desf\u0103\u0219urate pe parcursul zilei.<\/p>\n<p>\u201e<strong><em>Gr\u0103dini\u021ba va avea o sal\u0103 de sport pentru cei mici, o sal\u0103 pentru evenimente potrivit\u0103 v\u00e2rstei lor \u0219i alte spa\u021bii necesare. Num\u0103rul copiilor din localitate a crescut. Avem deja o gr\u0103dini\u021b\u0103 construit\u0103 din temelii prin PNDL 2, dar acum este ne\u00eenc\u0103p\u0103toare. Sunt peste 80 de copii, cele trei s\u0103li de grup\u0103 sunt ocupate \u0219i avem foarte multe solicit\u0103ri. Am considerat c\u0103 trebuie s\u0103 mai construim o cl\u0103dire, care va fi destinat\u0103 programului<\/em><\/strong><strong><em>normal<\/em><\/strong>\u201d, a precizat Ionel Vl\u0103dulescu.<\/p>\n<p><strong><u>\u0218coal\u0103 nou\u0103 \u00een satul B\u00e2rse\u0219ti<\/u><\/strong><\/p>\n<p>Gr\u0103dini\u021ba din centrul comunei nu este singura investi\u021bie aflat\u0103 \u00een lucru \u00een domeniul educa\u021biei. \u00cen satul B\u00e2rse\u0219ti se construie\u0219te o \u0219coal\u0103 nou\u0103, lucr\u0103rile fiind deja \u00een desf\u0103\u0219urare.<\/p>\n<p>Aici, Administra\u021bia local\u0103 asigur\u0103 transport gratuit \u0219i o mas\u0103 cald\u0103 pentru elevi. To\u021bi copiii din Bude\u0219ti, cu v\u00e2rsta de p\u00e2n\u0103 la 18 ani, pot beneficia gratuit de tratamente stomatologice, indiferent dac\u0103 \u00eenva\u021b\u0103 sau nu la \u0219coala din localitate.<\/p>\n<p>La finalul fiec\u0103rui an \u0219colar, elevii cu rezultate bune sunt recompensa\u021bi de prim\u0103rie cu premii generoase. Printre acestea se num\u0103r\u0103 \u0219i bicicletele, oferite ca o \u00eencurajare pentru cei care \u00eenva\u021b\u0103 \u0219i \u00ee\u0219i doresc s\u0103 ob\u021bin\u0103 rezultate tot mai bune<\/p>\n<p>\u201e<strong><em>Construim \u0219i o \u0219coal\u0103 nou\u0103 \u00een satul B\u00e2rse\u0219ti, unde se lucreaz\u0103 din plin. Le asigur\u0103m copiilor din Bude\u0219ti transport gratuit, o mas\u0103 cald\u0103 \u0219i tratamente stomatologice gratuite p\u00e2n\u0103 la v\u00e2rsta de 18 ani. Aceste tratamente nu sunt oferite doar celor care frecventeaz\u0103 \u0219coala din localitate. La sf\u00e2r\u0219itul anului \u0219colar le acord\u0103m premii generoase, printre care biciclete, pentru a-i \u00eencuraja s\u0103 \u00eenve\u021be. C\u00e2t timp voi ocupa func\u021bia de primar, voi face tot ce \u00eemi st\u0103 \u00een putere pentru copi<\/em><\/strong>i\u201d, a declarat Ionel Vl\u0103dulescu.<\/p>\n<p><img loading=\"lazy\" decoding=\"async\" class=\"alignnone size-medium wp-image-57962\" src=\"https:\/\/www.impactreal.ro\/wp-content\/uploads\/2026\/07\/budesti-01-225x300.jpg\" alt width=\"225\" height=\"300\"><img loading=\"lazy\" decoding=\"async\" class=\"alignnone size-medium wp-image-57963\" src=\"https:\/\/www.impactreal.ro\/wp-content\/uploads\/2026\/07\/budesti-02-214x300.jpg\" alt width=\"214\" height=\"300\"><img decoding=\"async\" loading=\"lazy\" class=\"alignnone size-medium wp-image-57964\" src=\"https:\/\/www.impactreal.ro\/wp-content\/uploads\/2026\/07\/budesti-03-210x300.jpg\" alt width=\"210\" height=\"300\"><\/p>\n<\/div>\n<\/div>\n<\/div>\n<div class=\"news-content editor-content-entry\">\n<p>Primarul comunei Bude\u0219ti, Ionel Vl\u0103dulescu, a semnat contractul de finan\u021bare pentru construirea unei noi gr\u0103dini\u021be \u00een curtea \u0219colii din centrul localit\u0103\u021bii. Cl\u0103direa va avea patru s\u0103li de grup\u0103, sal\u0103 de sport \u0219i un spa\u021biu pentru activit\u0103\u021bi \u0219i evenimente dedicate celor mici. Investi\u021bia va fi realizat\u0103 cu fonduri europene, prin Programul Regional Sud-Vest Oltenia 2021\u20132027.<\/p>\n<p>Proiectarea a \u00eenceput, urm\u00e2nd ob\u021binerea avizelor \u0219i organizarea licita\u021biei pentru lucr\u0103ri. Primarul sper\u0103 ca \u0219antierul s\u0103 fie deschis p\u00e2n\u0103 la sf\u00e2r\u0219itul acestui an.<\/p>\n<p><strong><u>Actuala cl\u0103dire a devenit ne\u00eenc\u0103p\u0103toare<\/u><\/strong><\/p>\n<p>\u00cen Bude\u0219ti func\u021bioneaz\u0103 deja o gr\u0103dini\u021b\u0103 construit\u0103 de la zero prin PNDL 2. Aceasta are trei s\u0103li de grup\u0103 \u0219i este frecventat\u0103 de peste 80 de copii. Num\u0103rul mare de cereri, inclusiv pentru programul prelungit, a determinat administra\u021bia local\u0103 s\u0103 preg\u0103teasc\u0103 o cl\u0103dire mai mare.<\/p>\n<p>\u201e<strong><em>Am semnat contractul de finan\u021bare pentru o nou\u0103 gr\u0103dini\u021b\u0103, care va fi construit\u0103 din temelii \u00een curtea \u0219colii din centrul localit\u0103\u021bii, cu fonduri europene. Urmeaz\u0103 s\u0103 vedem cine va c\u00e2\u0219tiga licita\u021bia. Mai avem o gr\u0103dini\u021b\u0103 nou\u0103 \u00een Bude\u0219ti, \u00eens\u0103 copiii nu mai \u00eencap, nu mai avem spa\u021bii suficiente. Din acest motiv construim o cl\u0103dire mai mare, cu o capacitate de patru grupe<\/em><\/strong>\u201d, a declarat primarul comunei Bude\u0219ti, Ionel Vl\u0103dulescu.<\/p>\n<p>Noua cl\u0103dire va avea spa\u021bii adaptate nevoilor copiilor \u0219i activit\u0103\u021bilor desf\u0103\u0219urate pe parcursul zilei.<\/p>\n<p>\u201e<strong><em>Gr\u0103dini\u021ba va avea o sal\u0103 de sport pentru cei mici, o sal\u0103 pentru evenimente potrivit\u0103 v\u00e2rstei lor \u0219i alte spa\u021bii necesare. Num\u0103rul copiilor din localitate a crescut. Avem deja o gr\u0103dini\u021b\u0103 construit\u0103 din temelii prin PNDL 2, dar acum este ne\u00eenc\u0103p\u0103toare. Sunt peste 80 de copii, cele trei s\u0103li de grup\u0103 sunt ocupate \u0219i avem foarte multe solicit\u0103ri. Am considerat c\u0103 trebuie s\u0103 mai construim o cl\u0103dire, care va fi destinat\u0103 programului<\/em><\/strong><strong><em>normal<\/em><\/strong>\u201d, a precizat Ionel Vl\u0103dulescu.<\/p>\n<p><strong><u>\u0218coal\u0103 nou\u0103 \u00een satul B\u00e2rse\u0219ti<\/u><\/strong><\/p>\n<p>Gr\u0103dini\u021ba din centrul comunei nu este singura investi\u021bie aflat\u0103 \u00een lucru \u00een domeniul educa\u021biei. \u00cen satul B\u00e2rse\u0219ti se construie\u0219te o \u0219coal\u0103 nou\u0103, lucr\u0103rile fiind deja \u00een desf\u0103\u0219urare.<\/p>\n<p>Aici, Administra\u021bia local\u0103 asigur\u0103 transport gratuit \u0219i o mas\u0103 cald\u0103 pentru elevi. To\u021bi copiii din Bude\u0219ti, cu v\u00e2rsta de p\u00e2n\u0103 la 18 ani, pot beneficia gratuit de tratamente stomatologice, indiferent dac\u0103 \u00eenva\u021b\u0103 sau nu la \u0219coala din localitate.<\/p>\n<p>La finalul fiec\u0103rui an \u0219colar, elevii cu rezultate bune sunt recompensa\u021bi de prim\u0103rie cu premii generoase. Printre acestea se num\u0103r\u0103 \u0219i bicicletele, oferite ca o \u00eencurajare pentru cei care \u00eenva\u021b\u0103 \u0219i \u00ee\u0219i doresc s\u0103 ob\u021bin\u0103 rezultate tot mai bune<\/p>\n<p>\u201e<strong><em>Construim \u0219i o \u0219coal\u0103 nou\u0103 \u00een satul B\u00e2rse\u0219ti, unde se lucreaz\u0103 din plin. Le asigur\u0103m copiilor din Bude\u0219ti transport gratuit, o mas\u0103 cald\u0103 \u0219i tratamente stomatologice gratuite p\u00e2n\u0103 la v\u00e2rsta de 18 ani. Aceste tratamente nu sunt oferite doar celor care frecventeaz\u0103 \u0219coala din localitate. La sf\u00e2r\u0219itul anului \u0219colar le acord\u0103m premii generoase, printre care biciclete, pentru a-i \u00eencuraja s\u0103 \u00eenve\u021be. C\u00e2t timp voi ocupa func\u021bia de primar, voi face tot ce \u00eemi st\u0103 \u00een putere pentru copi<\/em><\/strong>i\u201d, a declarat Ionel Vl\u0103dulescu.<\/p>\n<p><img loading=\"lazy\" decoding=\"async\" class=\"alignnone size-medium wp-image-57962\" src=\"https:\/\/www.impactreal.ro\/wp-content\/uploads\/2026\/07\/budesti-01-225x300.jpg\" alt width=\"225\" height=\"300\"><img loading=\"lazy\" decoding=\"async\" class=\"alignnone size-medium wp-image-57963\" src=\"https:\/\/www.impactreal.ro\/wp-content\/uploads\/2026\/07\/budesti-02-214x300.jpg\" alt width=\"214\" height=\"300\"><img decoding=\"async\" loading=\"lazy\" class=\"alignnone size-medium wp-image-57964\" src=\"https:\/\/www.impactreal.ro\/wp-content\/uploads\/2026\/07\/budesti-03-210x300.jpg\" alt width=\"210\" height=\"300\"><\/p>\n<\/div>\n<div class=\"news-content editor-content-entry\">\n<p>Primarul comunei Bude\u0219ti, Ionel Vl\u0103dulescu, a semnat contractul de finan\u021bare pentru construirea unei noi gr\u0103dini\u021be \u00een curtea \u0219colii din centrul localit\u0103\u021bii. Cl\u0103direa va avea patru s\u0103li de grup\u0103, sal\u0103 de sport \u0219i un spa\u021biu pentru activit\u0103\u021bi \u0219i evenimente dedicate celor mici. Investi\u021bia va fi realizat\u0103 cu fonduri europene, prin Programul Regional Sud-Vest Oltenia 2021\u20132027.<\/p>\n<p>Proiectarea a \u00eenceput, urm\u00e2nd ob\u021binerea avizelor \u0219i organizarea licita\u021biei pentru lucr\u0103ri. Primarul sper\u0103 ca \u0219antierul s\u0103 fie deschis p\u00e2n\u0103 la sf\u00e2r\u0219itul acestui an.<\/p>\n<p><strong><u>Actuala cl\u0103dire a devenit ne\u00eenc\u0103p\u0103toare<\/u><\/strong><\/p>\n<p>\u00cen Bude\u0219ti func\u021bioneaz\u0103 deja o gr\u0103dini\u021b\u0103 construit\u0103 de la zero prin PNDL 2. Aceasta are trei s\u0103li de grup\u0103 \u0219i este frecventat\u0103 de peste 80 de copii. Num\u0103rul mare de cereri, inclusiv pentru programul prelungit, a determinat administra\u021bia local\u0103 s\u0103 preg\u0103teasc\u0103 o cl\u0103dire mai mare.<\/p>\n<p>\u201e<strong><em>Am semnat contractul de finan\u021bare pentru o nou\u0103 gr\u0103dini\u021b\u0103, care va fi construit\u0103 din temelii \u00een curtea \u0219colii din centrul localit\u0103\u021bii, cu fonduri europene. Urmeaz\u0103 s\u0103 vedem cine va c\u00e2\u0219tiga licita\u021bia. Mai avem o gr\u0103dini\u021b\u0103 nou\u0103 \u00een Bude\u0219ti, \u00eens\u0103 copiii nu mai \u00eencap, nu mai avem spa\u021bii suficiente. Din acest motiv construim o cl\u0103dire mai mare, cu o capacitate de patru grupe<\/em><\/strong>\u201d, a declarat primarul comunei Bude\u0219ti, Ionel Vl\u0103dulescu.<\/p>\n<p>Noua cl\u0103dire va avea spa\u021bii adaptate nevoilor copiilor \u0219i activit\u0103\u021bilor desf\u0103\u0219urate pe parcursul zilei.<\/p>\n<p>\u201e<strong><em>Gr\u0103dini\u021ba va avea o sal\u0103 de sport pentru cei mici, o sal\u0103 pentru evenimente potrivit\u0103 v\u00e2rstei lor \u0219i alte spa\u021bii necesare. Num\u0103rul copiilor din localitate a crescut. Avem deja o gr\u0103dini\u021b\u0103 construit\u0103 din temelii prin PNDL 2, dar acum este ne\u00eenc\u0103p\u0103toare. Sunt peste 80 de copii, cele trei s\u0103li de grup\u0103 sunt ocupate \u0219i avem foarte multe solicit\u0103ri. Am considerat c\u0103 trebuie s\u0103 mai construim o cl\u0103dire, care va fi destinat\u0103 programului<\/em><\/strong><strong><em>normal<\/em><\/strong>\u201d, a precizat Ionel Vl\u0103dulescu.<\/p>\n<p><strong><u>\u0218coal\u0103 nou\u0103 \u00een satul B\u00e2rse\u0219ti<\/u><\/strong><\/p>\n<p>Gr\u0103dini\u021ba din centrul comunei nu este singura investi\u021bie aflat\u0103 \u00een lucru \u00een domeniul educa\u021biei. \u00cen satul B\u00e2rse\u0219ti se construie\u0219te o \u0219coal\u0103 nou\u0103, lucr\u0103rile fiind deja \u00een desf\u0103\u0219urare.<\/p>\n<p>Aici, Administra\u021bia local\u0103 asigur\u0103 transport gratuit \u0219i o mas\u0103 cald\u0103 pentru elevi. To\u021bi copiii din Bude\u0219ti, cu v\u00e2rsta de p\u00e2n\u0103 la 18 ani, pot beneficia gratuit de tratamente stomatologice, indiferent dac\u0103 \u00eenva\u021b\u0103 sau nu la \u0219coala din localitate.<\/p>\n<p>La finalul fiec\u0103rui an \u0219colar, elevii cu rezultate bune sunt recompensa\u021bi de prim\u0103rie cu premii generoase. Printre acestea se num\u0103r\u0103 \u0219i bicicletele, oferite ca o \u00eencurajare pentru cei care \u00eenva\u021b\u0103 \u0219i \u00ee\u0219i doresc s\u0103 ob\u021bin\u0103 rezultate tot mai bune<\/p>\n<p>\u201e<strong><em>Construim \u0219i o \u0219coal\u0103 nou\u0103 \u00een satul B\u00e2rse\u0219ti, unde se lucreaz\u0103 din plin. Le asigur\u0103m copiilor din Bude\u0219ti transport gratuit, o mas\u0103 cald\u0103 \u0219i tratamente stomatologice gratuite p\u00e2n\u0103 la v\u00e2rsta de 18 ani. Aceste tratamente nu sunt oferite doar celor care frecventeaz\u0103 \u0219coala din localitate. La sf\u00e2r\u0219itul anului \u0219colar le acord\u0103m premii generoase, printre care biciclete, pentru a-i \u00eencuraja s\u0103 \u00eenve\u021be. C\u00e2t timp voi ocupa func\u021bia de primar, voi face tot ce \u00eemi st\u0103 \u00een putere pentru copi<\/em><\/strong>i\u201d, a declarat Ionel Vl\u0103dulescu.<\/p>\n<p><img loading=\"lazy\" decoding=\"async\" class=\"alignnone size-medium wp-image-57962\" src=\"https:\/\/www.impactreal.ro\/wp-content\/uploads\/2026\/07\/budesti-01-225x300.jpg\" alt width=\"225\" height=\"300\"><img loading=\"lazy\" decoding=\"async\" class=\"alignnone size-medium wp-image-57963\" src=\"https:\/\/www.impactreal.ro\/wp-content\/uploads\/2026\/07\/budesti-02-214x300.jpg\" alt width=\"214\" height=\"300\"><img decoding=\"async\" loading=\"lazy\" class=\"alignnone size-medium wp-image-57964\" src=\"https:\/\/www.impactreal.ro\/wp-content\/uploads\/2026\/07\/budesti-03-210x300.jpg\" alt width=\"210\" height=\"300\"><\/p>\n<\/div>\n<p>[analyse_source url=&#8221;https:\/\/www.impactreal.ro\/2026\/07\/29\/inca-o-gradinita-pentru-copiii-din-budesti-ionel-vladulescu-spera-ca-santierul-sa-fie-deschis-pana-la-sfarsitul-acestui-an\/&#8221;]<\/p>\n","protected":false},"excerpt":{"rendered":"<p>[analyse_image type=&#8221;featured&#8221; src=&#8221;https:\/\/www.impactreal.ro\/wp-content\/uploads\/2026\/07\/budesti-2026-1024&#215;576.png&#8221;] 29 iulie 2026Claudia SchiopuAdministra\u0163ieBudesti Primarul comunei Bude\u0219ti, Ionel Vl\u0103dulescu, a semnat contractul de finan\u021bare pentru construirea unei noi gr\u0103dini\u021be \u00een curtea \u0219colii din centrul localit\u0103\u021bii. Cl\u0103direa va avea patru s\u0103li de grup\u0103, sal\u0103 de sport \u0219i un spa\u021biu pentru activit\u0103\u021bi \u0219i evenimente dedicate celor mici. Investi\u021bia va fi realizat\u0103 cu fonduri europene, [&hellip;]<\/p>\n","protected":false},"author":1,"featured_media":0,"comment_status":"open","ping_status":"","sticky":false,"template":"","format":"standard","meta":{"footnotes":""},"categories":[89],"tags":[226,212],"class_list":["post-2068949","post","type-post","status-publish","format-standard","hentry","category-romania","tag-crawlmanager","tag-impactreal-ro"],"_links":{"self":[{"href":"https:\/\/analyse.optim.biz\/index.php?rest_route=\/wp\/v2\/posts\/2068949","targetHints":{"allow":["GET"]}}],"collection":[{"href":"https:\/\/analyse.optim.biz\/index.php?rest_route=\/wp\/v2\/posts"}],"about":[{"href":"https:\/\/analyse.optim.biz\/index.php?rest_route=\/wp\/v2\/types\/post"}],"author":[{"embeddable":true,"href":"https:\/\/analyse.optim.biz\/index.php?rest_route=\/wp\/v2\/users\/1"}],"replies":[{"embeddable":true,"href":"https:\/\/analyse.optim.biz\/index.php?rest_route=%2Fwp%2Fv2%2Fcomments&post=2068949"}],"version-history":[{"count":0,"href":"https:\/\/analyse.optim.biz\/index.php?rest_route=\/wp\/v2\/posts\/2068949\/revisions"}],"wp:attachment":[{"href":"https:\/\/analyse.optim.biz\/index.php?rest_route=%2Fwp%2Fv2%2Fmedia&parent=2068949"}],"wp:term":[{"taxonomy":"category","embeddable":true,"href":"https:\/\/analyse.optim.biz\/index.php?rest_route=%2Fwp%2Fv2%2Fcategories&post=2068949"},{"taxonomy":"post_tag","embeddable":true,"href":"https:\/\/analyse.optim.biz\/index.php?rest_route=%2Fwp%2Fv2%2Ftags&post=2068949"}],"curies":[{"name":"wp","href":"https:\/\/api.w.org\/{rel}","templated":true}]}}