{"id":2068947,"date":"2026-07-29T16:35:11","date_gmt":"2026-07-29T13:35:11","guid":{"rendered":"https:\/\/analyse.optim.biz\/?p=2068947"},"modified":"2026-07-29T16:35:11","modified_gmt":"2026-07-29T13:35:11","slug":"pentru-primarul-din-dragoesti-nu-i-loc-de-vacanta-pregateste-o-noua-structura-pentru-echipa-de-fotbal-si-continua-sa-puna-ordine-in-situatia-financiara","status":"publish","type":"post","link":"https:\/\/analyse.optim.biz\/?p=2068947","title":{"rendered":"Pentru primarul din Dr\u0103goe\u0219ti nu-i loc de vacan\u021b\u0103: preg\u0103te\u0219te o nou\u0103 structur\u0103 pentru echipa de fotbal \u0219i continu\u0103 s\u0103 pun\u0103 ordine \u00een situa\u021bia financiar\u0103"},"content":{"rendered":"<p>[analyse_image type=&#8221;featured&#8221; src=&#8221;https:\/\/www.impactreal.ro\/wp-content\/uploads\/2025\/11\/DRAGOESTI-BONCAN-011-e1785342907897.jpg&#8221;]<\/p>\n<div class=\"single-news-content\">\n<div class=\"news-image\"><img loading=\"lazy\" decoding=\"async\" width=\"1935\" height=\"1503\" src=\"https:\/\/www.impactreal.ro\/wp-content\/uploads\/2025\/11\/DRAGOESTI-BONCAN-011-e1785342907897.jpg\" class=\"img-responsive wp-post-image\" alt=\"Pentru primarul din Dr\u0103goe\u0219ti nu-i loc de vacan\u021b\u0103: preg\u0103te\u0219te o nou\u0103 structur\u0103 pentru echipa de fotbal \u0219i continu\u0103 s\u0103 pun\u0103 ordine \u00een situa\u021bia financiar\u0103\"><\/div>\n<div class=\"news-detail clearfix\">\n<div class=\"entry-meta\"><span class=\"posted-date\"><a href=\"https:\/\/www.impactreal.ro\/2026\/07\/29\/pentru-primarul-din-dragoesti-nu-i-loc-de-vacanta-pregateste-o-noua-structura-pentru-echipa-de-fotbal-si-continua-sa-puna-ordine-in-situatia-financiara\/\" rel=\"bookmark\"><time class=\"entry-date published\" datetime=\"2026-07-29T19:35:11+03:00\">29 iulie 2026<\/time><time class=\"updated\" datetime=\"2026-07-29T20:02:23+03:00\">29 iulie 2026<\/time><\/a><\/span><span class=\"author vcard\"><a href=\"https:\/\/www.impactreal.ro\/author\/claudia-schiopu\/\">Claudia Schiopu<\/a><\/span><span class=\"cat-links\"><a href=\"https:\/\/www.impactreal.ro\/category\/administratie\/\" rel=\"category tag\">Administra\u0163ie<\/a><a href=\"https:\/\/www.impactreal.ro\/category\/dragoesti\/\" rel=\"category tag\">Dragoesti<\/a><\/span><\/div>\n<div class=\"news-content editor-content-entry\">\n<p>Luna august este perioada \u00een care mul\u021bi dintre locuitorii comunei Dr\u0103goe\u0219ti revin acas\u0103 din str\u0103in\u0103tate. Din acest motiv, administra\u021bia local\u0103 a desf\u0103\u0219urat ac\u021biuni de cur\u0103\u021benie \u00een toate satele, astfel \u00eenc\u00e2t localitatea s\u0103 \u00eei \u00eent\u00e2mpine \u00een cele mai bune condi\u021bii. Primarul Dorinel Boncan spune c\u0103 nu se g\u00e2nde\u0219te la concediu, deoarece sunt multe lucruri de f\u0103cut \u0219i fiecare zi este folosit\u0103 pentru rezolvarea problemelor din comun\u0103.<\/p>\n<p><strong><u>Cur\u0103\u021benia r\u0103m\u00e2ne o prioritate<\/u><\/strong><\/p>\n<p>\u00cen aceast\u0103 perioad\u0103 au fost cur\u0103\u021bate drumurile, \u0219an\u021burile \u0219i spa\u021biile verzi, iar vegeta\u021bia a fost toaletat\u0103 pentru ca autospecialele de salubrizare \u0219i ambulan\u021bele s\u0103 poat\u0103 circula f\u0103r\u0103 dificult\u0103\u021bi.<\/p>\n<p>Primarul spune c\u0103 administra\u021bia dispune acum \u0219i de un utilaj nou, cump\u0103rat prin Grupul de Ac\u021biune Local\u0103, care u\u0219ureaz\u0103 foarte mult aceste lucr\u0103ri:<\/p>\n<p>\u201e<strong><em>Nu iau vacan\u021b\u0103, avem treab\u0103. Deocamdat\u0103 facem ac\u021biuni de cur\u0103\u021benie \u00een localitate. Vrem s\u0103 fie permanent curat\u0103. Vine luna august \u0219i \u00een aceast\u0103 lun\u0103 vin foarte mul\u021bi cet\u0103\u021beni acas\u0103, oameni care lucreaz\u0103 \u00een str\u0103in\u0103tate, \u0219i vreau s\u0103 fie cur\u0103\u021benie. Avem \u00een dotarea parcului auto \u0219i un tractora\u0219 pe care l-am achizi\u021bionat nou prin GAL \u0219i ne ajut\u0103 foarte mult. Am toaletat zonele ca s\u0103 intre ma\u0219ina de gunoi, ambulan\u021ba \u0219i celelalte autovehicule f\u0103r\u0103 probleme<\/em><\/strong>\u201d, spune Dorinel Boncan.<\/p>\n<p><strong><u>Datoriile au sc\u0103zut de la 22 la 9 miliarde de lei vechi<\/u><\/strong><\/p>\n<p>De\u0219i activitatea continu\u0103, cea mai mare provocare r\u0103m\u00e2ne situa\u021bia financiar\u0103 a prim\u0103riei. Primarul afirm\u0103 c\u0103 resursele sunt limitate, iar o mare parte din buget este direc\u021bionat\u0103 c\u0103tre plata obliga\u021biilor mo\u0219tenite. \u0218i asta pentru c\u0103, atunci c\u00e2nd a preluat mandatul, datoriile \u00eensumau 22 de miliarde de lei vechi. Dup\u0103 doi ani de munc\u0103, acestea au fost reduse la aproximativ\u00a0 9\u00a0 miliarde de lei vechi:<\/p>\n<p>\u201e<strong><em>Nu sunt bani. Toat\u0103 lumea vine cu propuneri \u0219i \u00ee\u0219i dore\u0219te s\u0103 facem c\u00e2te ceva, dar trebuie s\u0103 spun adev\u0103rul. Pl\u0103tim datoriile mo\u0219tenite. Am aici pe mas\u0103 listele cu aceste datorii. C\u00e2nd mai reu\u0219esc s\u0103 achit c\u00e2te ceva, mut suma pe cealalt\u0103 list\u0103. C\u00e2nd am preluat mandatul erau datorii de dou\u0103zeci \u0219i dou\u0103 de miliarde de lei vechi. Ast\u0103zi mai avem aproximativ\u00a0 nou\u0103\u00a0 miliarde de lei vechi. Nu este u\u0219or, dar experien\u021ba din mediul antreprenorial m-a ajutat s\u0103 g\u0103sesc solu\u021bii astfel \u00eenc\u00e2t activitatea prim\u0103riei s\u0103 nu fie blocat\u0103<\/em><\/strong>\u201d, afirm\u0103 primarul.<\/p>\n<p>Spune c\u0103 unul dintre cele mai importante rezultate a fost cre\u0219terea gradului de colectare a taxelor \u0219i impozitelor locale:<\/p>\n<p>\u201e<strong><em>Am reu\u0219it s\u0103 recuper\u0103m multe sume restante. Au fost persoane care nu \u00ee\u0219i pl\u0103tiser\u0103 taxele din 2012. Erau datorii de nou\u0103 mii de lei, de dou\u0103sprezece mii de lei. Au fost oameni care nici nu \u0219tiau c\u0103 au aceste restan\u021be. I-am c\u0103utat personal, i-am adus la prim\u0103rie \u0219i au pl\u0103tit. Cre\u0219terea gradului de colectare ne-a ajutat foarte mult s\u0103 reducem din datorii<\/em><\/strong>\u201d, explic\u0103 Dorinel Boncan.<\/p>\n<p>Primarul spune c\u0103 toate dificult\u0103\u021bile \u00eent\u00e2lnite \u00eel motiveaz\u0103 s\u0103 g\u0103seasc\u0103 solu\u021bii \u0219i s\u0103 continue procesul de redresare financiar\u0103:<\/p>\n<p><strong><em>\u201eProblemele nu fac altceva dec\u00e2t s\u0103 m\u0103 ambi\u021bioneze \u0219i s\u0103 m\u0103 provoace. Aici este adev\u0103rata provocare, s\u0103 \u0219tii s\u0103 rezolvi problemele \u0219i s\u0103 sco\u021bi lucrurile la liman<\/em><\/strong>\u201d<\/p>\n<p><strong><u>O nou\u0103 organizare pentru echipa de fotbal<\/u><\/strong><\/p>\n<p>Pe l\u00e2ng\u0103 activitatea administrativ\u0103, conducerea prim\u0103riei a adus modific\u0103ri importante pentru echipa de fotbal a localit\u0103\u021bii. Actualul Club Sportiv Oltul Dr\u0103goe\u0219ti este \u00een etapa de reorganizare sub forma unei asocia\u021bii sportive. Scopul este atragerea unor surse suplimentare de finan\u021bare \u0219i reducerea presiunii asupra bugetului local:<\/p>\n<p>\u201e<strong><em>Facem toate demersurile pentru \u00eenfiin\u021barea Asocia\u021biei Sportive Oltul Dr\u0103goe\u0219ti. Trebuie s\u0103 schimb\u0103m statutul ca s\u0103 putem beneficia \u0219i de redirec\u021bionarea celor 3,5% din impozit \u0219i de alte forme legale de sprijin. Cheltuielile sunt foarte mari \u0219i doar din bugetul prim\u0103riei nu le putem sus\u021bine. Vom aloca ceea ce permite legea, iar restul trebuie s\u0103 vin\u0103 din autofinan\u021bare \u0219i din sprijinul celor care doresc s\u0103 fie al\u0103turi de echip\u0103<\/em><\/strong>.\u201d<\/p>\n<p>Primarul spune c\u0103 a sprijinit forma\u021bia de fotbal \u0219i \u00eenainte de a ocupa aceast\u0103 func\u021bie \u0219i consider\u0103 c\u0103 sportul trebuie sus\u021binut \u00een continuare: \u201e<strong><em>Este nevoie de bani pentru deplas\u0103ri, pentru motorin\u0103, pentru \u00eentre\u021binere \u0219i pentru multe alte cheltuieli. Avem \u0219i echip\u0103 de juniori \u0219i vrem s\u0103 continu\u0103m aceast\u0103 activitate<\/em><\/strong>.\u201d<\/p>\n<p><strong><u>\u00cencredere \u00een echip\u0103 \u0219i \u00een tinerii din Dr\u0103goe\u0219ti<\/u><\/strong><\/p>\n<p>La finalul sezonului, Oltul Dr\u0103goe\u0219ti a \u00eencheiat campionatul la jum\u0103tatea clasamentului. Pentru Dorinel Boncan, rezultatul este unul care confirm\u0103 seriozitatea juc\u0103torilor \u0219i a celor implica\u021bi \u00een activitatea echipei: \u201e<strong>Clasamentul s-a \u00eencheiat, iar echipa noastr\u0103 este la jum\u0103tatea clasamentului. Sunt m\u00e2ndru de b\u0103ie\u021bi. Consider c\u0103 sunt exact acolo unde trebuie \u0219i merit\u0103 tot sprijinul nostru pentru ceea ce fac\u201d<\/strong><\/p>\n<p>\u00a0<\/p>\n<p>\u00a0<\/p>\n<p>\u00a0<\/p>\n<p>\u00a0<\/p>\n<p>\u00a0<\/p>\n<p>\u00a0<\/p>\n<p>\u00a0<\/p>\n<p>\u00a0<\/p>\n<\/div>\n<\/div>\n<\/div>\n<div class=\"news-content editor-content-entry\">\n<p>Luna august este perioada \u00een care mul\u021bi dintre locuitorii comunei Dr\u0103goe\u0219ti revin acas\u0103 din str\u0103in\u0103tate. Din acest motiv, administra\u021bia local\u0103 a desf\u0103\u0219urat ac\u021biuni de cur\u0103\u021benie \u00een toate satele, astfel \u00eenc\u00e2t localitatea s\u0103 \u00eei \u00eent\u00e2mpine \u00een cele mai bune condi\u021bii. Primarul Dorinel Boncan spune c\u0103 nu se g\u00e2nde\u0219te la concediu, deoarece sunt multe lucruri de f\u0103cut \u0219i fiecare zi este folosit\u0103 pentru rezolvarea problemelor din comun\u0103.<\/p>\n<p><strong><u>Cur\u0103\u021benia r\u0103m\u00e2ne o prioritate<\/u><\/strong><\/p>\n<p>\u00cen aceast\u0103 perioad\u0103 au fost cur\u0103\u021bate drumurile, \u0219an\u021burile \u0219i spa\u021biile verzi, iar vegeta\u021bia a fost toaletat\u0103 pentru ca autospecialele de salubrizare \u0219i ambulan\u021bele s\u0103 poat\u0103 circula f\u0103r\u0103 dificult\u0103\u021bi.<\/p>\n<p>Primarul spune c\u0103 administra\u021bia dispune acum \u0219i de un utilaj nou, cump\u0103rat prin Grupul de Ac\u021biune Local\u0103, care u\u0219ureaz\u0103 foarte mult aceste lucr\u0103ri:<\/p>\n<p>\u201e<strong><em>Nu iau vacan\u021b\u0103, avem treab\u0103. Deocamdat\u0103 facem ac\u021biuni de cur\u0103\u021benie \u00een localitate. Vrem s\u0103 fie permanent curat\u0103. Vine luna august \u0219i \u00een aceast\u0103 lun\u0103 vin foarte mul\u021bi cet\u0103\u021beni acas\u0103, oameni care lucreaz\u0103 \u00een str\u0103in\u0103tate, \u0219i vreau s\u0103 fie cur\u0103\u021benie. Avem \u00een dotarea parcului auto \u0219i un tractora\u0219 pe care l-am achizi\u021bionat nou prin GAL \u0219i ne ajut\u0103 foarte mult. Am toaletat zonele ca s\u0103 intre ma\u0219ina de gunoi, ambulan\u021ba \u0219i celelalte autovehicule f\u0103r\u0103 probleme<\/em><\/strong>\u201d, spune Dorinel Boncan.<\/p>\n<p><strong><u>Datoriile au sc\u0103zut de la 22 la 9 miliarde de lei vechi<\/u><\/strong><\/p>\n<p>De\u0219i activitatea continu\u0103, cea mai mare provocare r\u0103m\u00e2ne situa\u021bia financiar\u0103 a prim\u0103riei. Primarul afirm\u0103 c\u0103 resursele sunt limitate, iar o mare parte din buget este direc\u021bionat\u0103 c\u0103tre plata obliga\u021biilor mo\u0219tenite. \u0218i asta pentru c\u0103, atunci c\u00e2nd a preluat mandatul, datoriile \u00eensumau 22 de miliarde de lei vechi. Dup\u0103 doi ani de munc\u0103, acestea au fost reduse la aproximativ\u00a0 9\u00a0 miliarde de lei vechi:<\/p>\n<p>\u201e<strong><em>Nu sunt bani. Toat\u0103 lumea vine cu propuneri \u0219i \u00ee\u0219i dore\u0219te s\u0103 facem c\u00e2te ceva, dar trebuie s\u0103 spun adev\u0103rul. Pl\u0103tim datoriile mo\u0219tenite. Am aici pe mas\u0103 listele cu aceste datorii. C\u00e2nd mai reu\u0219esc s\u0103 achit c\u00e2te ceva, mut suma pe cealalt\u0103 list\u0103. C\u00e2nd am preluat mandatul erau datorii de dou\u0103zeci \u0219i dou\u0103 de miliarde de lei vechi. Ast\u0103zi mai avem aproximativ\u00a0 nou\u0103\u00a0 miliarde de lei vechi. Nu este u\u0219or, dar experien\u021ba din mediul antreprenorial m-a ajutat s\u0103 g\u0103sesc solu\u021bii astfel \u00eenc\u00e2t activitatea prim\u0103riei s\u0103 nu fie blocat\u0103<\/em><\/strong>\u201d, afirm\u0103 primarul.<\/p>\n<p>Spune c\u0103 unul dintre cele mai importante rezultate a fost cre\u0219terea gradului de colectare a taxelor \u0219i impozitelor locale:<\/p>\n<p>\u201e<strong><em>Am reu\u0219it s\u0103 recuper\u0103m multe sume restante. Au fost persoane care nu \u00ee\u0219i pl\u0103tiser\u0103 taxele din 2012. Erau datorii de nou\u0103 mii de lei, de dou\u0103sprezece mii de lei. Au fost oameni care nici nu \u0219tiau c\u0103 au aceste restan\u021be. I-am c\u0103utat personal, i-am adus la prim\u0103rie \u0219i au pl\u0103tit. Cre\u0219terea gradului de colectare ne-a ajutat foarte mult s\u0103 reducem din datorii<\/em><\/strong>\u201d, explic\u0103 Dorinel Boncan.<\/p>\n<p>Primarul spune c\u0103 toate dificult\u0103\u021bile \u00eent\u00e2lnite \u00eel motiveaz\u0103 s\u0103 g\u0103seasc\u0103 solu\u021bii \u0219i s\u0103 continue procesul de redresare financiar\u0103:<\/p>\n<p><strong><em>\u201eProblemele nu fac altceva dec\u00e2t s\u0103 m\u0103 ambi\u021bioneze \u0219i s\u0103 m\u0103 provoace. Aici este adev\u0103rata provocare, s\u0103 \u0219tii s\u0103 rezolvi problemele \u0219i s\u0103 sco\u021bi lucrurile la liman<\/em><\/strong>\u201d<\/p>\n<p><strong><u>O nou\u0103 organizare pentru echipa de fotbal<\/u><\/strong><\/p>\n<p>Pe l\u00e2ng\u0103 activitatea administrativ\u0103, conducerea prim\u0103riei a adus modific\u0103ri importante pentru echipa de fotbal a localit\u0103\u021bii. Actualul Club Sportiv Oltul Dr\u0103goe\u0219ti este \u00een etapa de reorganizare sub forma unei asocia\u021bii sportive. Scopul este atragerea unor surse suplimentare de finan\u021bare \u0219i reducerea presiunii asupra bugetului local:<\/p>\n<p>\u201e<strong><em>Facem toate demersurile pentru \u00eenfiin\u021barea Asocia\u021biei Sportive Oltul Dr\u0103goe\u0219ti. Trebuie s\u0103 schimb\u0103m statutul ca s\u0103 putem beneficia \u0219i de redirec\u021bionarea celor 3,5% din impozit \u0219i de alte forme legale de sprijin. Cheltuielile sunt foarte mari \u0219i doar din bugetul prim\u0103riei nu le putem sus\u021bine. Vom aloca ceea ce permite legea, iar restul trebuie s\u0103 vin\u0103 din autofinan\u021bare \u0219i din sprijinul celor care doresc s\u0103 fie al\u0103turi de echip\u0103<\/em><\/strong>.\u201d<\/p>\n<p>Primarul spune c\u0103 a sprijinit forma\u021bia de fotbal \u0219i \u00eenainte de a ocupa aceast\u0103 func\u021bie \u0219i consider\u0103 c\u0103 sportul trebuie sus\u021binut \u00een continuare: \u201e<strong><em>Este nevoie de bani pentru deplas\u0103ri, pentru motorin\u0103, pentru \u00eentre\u021binere \u0219i pentru multe alte cheltuieli. Avem \u0219i echip\u0103 de juniori \u0219i vrem s\u0103 continu\u0103m aceast\u0103 activitate<\/em><\/strong>.\u201d<\/p>\n<p><strong><u>\u00cencredere \u00een echip\u0103 \u0219i \u00een tinerii din Dr\u0103goe\u0219ti<\/u><\/strong><\/p>\n<p>La finalul sezonului, Oltul Dr\u0103goe\u0219ti a \u00eencheiat campionatul la jum\u0103tatea clasamentului. Pentru Dorinel Boncan, rezultatul este unul care confirm\u0103 seriozitatea juc\u0103torilor \u0219i a celor implica\u021bi \u00een activitatea echipei: \u201e<strong>Clasamentul s-a \u00eencheiat, iar echipa noastr\u0103 este la jum\u0103tatea clasamentului. Sunt m\u00e2ndru de b\u0103ie\u021bi. Consider c\u0103 sunt exact acolo unde trebuie \u0219i merit\u0103 tot sprijinul nostru pentru ceea ce fac\u201d<\/strong><\/p>\n<p>\u00a0<\/p>\n<p>\u00a0<\/p>\n<p>\u00a0<\/p>\n<p>\u00a0<\/p>\n<p>\u00a0<\/p>\n<p>\u00a0<\/p>\n<p>\u00a0<\/p>\n<p>\u00a0<\/p>\n<\/div>\n<div class=\"news-content editor-content-entry\">\n<p>Luna august este perioada \u00een care mul\u021bi dintre locuitorii comunei Dr\u0103goe\u0219ti revin acas\u0103 din str\u0103in\u0103tate. Din acest motiv, administra\u021bia local\u0103 a desf\u0103\u0219urat ac\u021biuni de cur\u0103\u021benie \u00een toate satele, astfel \u00eenc\u00e2t localitatea s\u0103 \u00eei \u00eent\u00e2mpine \u00een cele mai bune condi\u021bii. Primarul Dorinel Boncan spune c\u0103 nu se g\u00e2nde\u0219te la concediu, deoarece sunt multe lucruri de f\u0103cut \u0219i fiecare zi este folosit\u0103 pentru rezolvarea problemelor din comun\u0103.<\/p>\n<p><strong><u>Cur\u0103\u021benia r\u0103m\u00e2ne o prioritate<\/u><\/strong><\/p>\n<p>\u00cen aceast\u0103 perioad\u0103 au fost cur\u0103\u021bate drumurile, \u0219an\u021burile \u0219i spa\u021biile verzi, iar vegeta\u021bia a fost toaletat\u0103 pentru ca autospecialele de salubrizare \u0219i ambulan\u021bele s\u0103 poat\u0103 circula f\u0103r\u0103 dificult\u0103\u021bi.<\/p>\n<p>Primarul spune c\u0103 administra\u021bia dispune acum \u0219i de un utilaj nou, cump\u0103rat prin Grupul de Ac\u021biune Local\u0103, care u\u0219ureaz\u0103 foarte mult aceste lucr\u0103ri:<\/p>\n<p>\u201e<strong><em>Nu iau vacan\u021b\u0103, avem treab\u0103. Deocamdat\u0103 facem ac\u021biuni de cur\u0103\u021benie \u00een localitate. Vrem s\u0103 fie permanent curat\u0103. Vine luna august \u0219i \u00een aceast\u0103 lun\u0103 vin foarte mul\u021bi cet\u0103\u021beni acas\u0103, oameni care lucreaz\u0103 \u00een str\u0103in\u0103tate, \u0219i vreau s\u0103 fie cur\u0103\u021benie. Avem \u00een dotarea parcului auto \u0219i un tractora\u0219 pe care l-am achizi\u021bionat nou prin GAL \u0219i ne ajut\u0103 foarte mult. Am toaletat zonele ca s\u0103 intre ma\u0219ina de gunoi, ambulan\u021ba \u0219i celelalte autovehicule f\u0103r\u0103 probleme<\/em><\/strong>\u201d, spune Dorinel Boncan.<\/p>\n<p><strong><u>Datoriile au sc\u0103zut de la 22 la 9 miliarde de lei vechi<\/u><\/strong><\/p>\n<p>De\u0219i activitatea continu\u0103, cea mai mare provocare r\u0103m\u00e2ne situa\u021bia financiar\u0103 a prim\u0103riei. Primarul afirm\u0103 c\u0103 resursele sunt limitate, iar o mare parte din buget este direc\u021bionat\u0103 c\u0103tre plata obliga\u021biilor mo\u0219tenite. \u0218i asta pentru c\u0103, atunci c\u00e2nd a preluat mandatul, datoriile \u00eensumau 22 de miliarde de lei vechi. Dup\u0103 doi ani de munc\u0103, acestea au fost reduse la aproximativ\u00a0 9\u00a0 miliarde de lei vechi:<\/p>\n<p>\u201e<strong><em>Nu sunt bani. Toat\u0103 lumea vine cu propuneri \u0219i \u00ee\u0219i dore\u0219te s\u0103 facem c\u00e2te ceva, dar trebuie s\u0103 spun adev\u0103rul. Pl\u0103tim datoriile mo\u0219tenite. Am aici pe mas\u0103 listele cu aceste datorii. C\u00e2nd mai reu\u0219esc s\u0103 achit c\u00e2te ceva, mut suma pe cealalt\u0103 list\u0103. C\u00e2nd am preluat mandatul erau datorii de dou\u0103zeci \u0219i dou\u0103 de miliarde de lei vechi. Ast\u0103zi mai avem aproximativ\u00a0 nou\u0103\u00a0 miliarde de lei vechi. Nu este u\u0219or, dar experien\u021ba din mediul antreprenorial m-a ajutat s\u0103 g\u0103sesc solu\u021bii astfel \u00eenc\u00e2t activitatea prim\u0103riei s\u0103 nu fie blocat\u0103<\/em><\/strong>\u201d, afirm\u0103 primarul.<\/p>\n<p>Spune c\u0103 unul dintre cele mai importante rezultate a fost cre\u0219terea gradului de colectare a taxelor \u0219i impozitelor locale:<\/p>\n<p>\u201e<strong><em>Am reu\u0219it s\u0103 recuper\u0103m multe sume restante. Au fost persoane care nu \u00ee\u0219i pl\u0103tiser\u0103 taxele din 2012. Erau datorii de nou\u0103 mii de lei, de dou\u0103sprezece mii de lei. Au fost oameni care nici nu \u0219tiau c\u0103 au aceste restan\u021be. I-am c\u0103utat personal, i-am adus la prim\u0103rie \u0219i au pl\u0103tit. Cre\u0219terea gradului de colectare ne-a ajutat foarte mult s\u0103 reducem din datorii<\/em><\/strong>\u201d, explic\u0103 Dorinel Boncan.<\/p>\n<p>Primarul spune c\u0103 toate dificult\u0103\u021bile \u00eent\u00e2lnite \u00eel motiveaz\u0103 s\u0103 g\u0103seasc\u0103 solu\u021bii \u0219i s\u0103 continue procesul de redresare financiar\u0103:<\/p>\n<p><strong><em>\u201eProblemele nu fac altceva dec\u00e2t s\u0103 m\u0103 ambi\u021bioneze \u0219i s\u0103 m\u0103 provoace. Aici este adev\u0103rata provocare, s\u0103 \u0219tii s\u0103 rezolvi problemele \u0219i s\u0103 sco\u021bi lucrurile la liman<\/em><\/strong>\u201d<\/p>\n<p><strong><u>O nou\u0103 organizare pentru echipa de fotbal<\/u><\/strong><\/p>\n<p>Pe l\u00e2ng\u0103 activitatea administrativ\u0103, conducerea prim\u0103riei a adus modific\u0103ri importante pentru echipa de fotbal a localit\u0103\u021bii. Actualul Club Sportiv Oltul Dr\u0103goe\u0219ti este \u00een etapa de reorganizare sub forma unei asocia\u021bii sportive. Scopul este atragerea unor surse suplimentare de finan\u021bare \u0219i reducerea presiunii asupra bugetului local:<\/p>\n<p>\u201e<strong><em>Facem toate demersurile pentru \u00eenfiin\u021barea Asocia\u021biei Sportive Oltul Dr\u0103goe\u0219ti. Trebuie s\u0103 schimb\u0103m statutul ca s\u0103 putem beneficia \u0219i de redirec\u021bionarea celor 3,5% din impozit \u0219i de alte forme legale de sprijin. Cheltuielile sunt foarte mari \u0219i doar din bugetul prim\u0103riei nu le putem sus\u021bine. Vom aloca ceea ce permite legea, iar restul trebuie s\u0103 vin\u0103 din autofinan\u021bare \u0219i din sprijinul celor care doresc s\u0103 fie al\u0103turi de echip\u0103<\/em><\/strong>.\u201d<\/p>\n<p>Primarul spune c\u0103 a sprijinit forma\u021bia de fotbal \u0219i \u00eenainte de a ocupa aceast\u0103 func\u021bie \u0219i consider\u0103 c\u0103 sportul trebuie sus\u021binut \u00een continuare: \u201e<strong><em>Este nevoie de bani pentru deplas\u0103ri, pentru motorin\u0103, pentru \u00eentre\u021binere \u0219i pentru multe alte cheltuieli. Avem \u0219i echip\u0103 de juniori \u0219i vrem s\u0103 continu\u0103m aceast\u0103 activitate<\/em><\/strong>.\u201d<\/p>\n<p><strong><u>\u00cencredere \u00een echip\u0103 \u0219i \u00een tinerii din Dr\u0103goe\u0219ti<\/u><\/strong><\/p>\n<p>La finalul sezonului, Oltul Dr\u0103goe\u0219ti a \u00eencheiat campionatul la jum\u0103tatea clasamentului. Pentru Dorinel Boncan, rezultatul este unul care confirm\u0103 seriozitatea juc\u0103torilor \u0219i a celor implica\u021bi \u00een activitatea echipei: \u201e<strong>Clasamentul s-a \u00eencheiat, iar echipa noastr\u0103 este la jum\u0103tatea clasamentului. Sunt m\u00e2ndru de b\u0103ie\u021bi. Consider c\u0103 sunt exact acolo unde trebuie \u0219i merit\u0103 tot sprijinul nostru pentru ceea ce fac\u201d<\/strong><\/p>\n<p>\u00a0<\/p>\n<p>\u00a0<\/p>\n<p>\u00a0<\/p>\n<p>\u00a0<\/p>\n<p>\u00a0<\/p>\n<p>\u00a0<\/p>\n<p>\u00a0<\/p>\n<p>\u00a0<\/p>\n<\/div>\n<p>[analyse_source url=&#8221;https:\/\/www.impactreal.ro\/2026\/07\/29\/pentru-primarul-din-dragoesti-nu-i-loc-de-vacanta-pregateste-o-noua-structura-pentru-echipa-de-fotbal-si-continua-sa-puna-ordine-in-situatia-financiara\/&#8221;]<\/p>\n","protected":false},"excerpt":{"rendered":"<p>[analyse_image type=&#8221;featured&#8221; src=&#8221;https:\/\/www.impactreal.ro\/wp-content\/uploads\/2025\/11\/DRAGOESTI-BONCAN-011-e1785342907897.jpg&#8221;] 29 iulie 202629 iulie 2026Claudia SchiopuAdministra\u0163ieDragoesti Luna august este perioada \u00een care mul\u021bi dintre locuitorii comunei Dr\u0103goe\u0219ti revin acas\u0103 din str\u0103in\u0103tate. Din acest motiv, administra\u021bia local\u0103 a desf\u0103\u0219urat ac\u021biuni de cur\u0103\u021benie \u00een toate satele, astfel \u00eenc\u00e2t localitatea s\u0103 \u00eei \u00eent\u00e2mpine \u00een cele mai bune condi\u021bii. Primarul Dorinel Boncan spune c\u0103 nu se [&hellip;]<\/p>\n","protected":false},"author":1,"featured_media":0,"comment_status":"open","ping_status":"","sticky":false,"template":"","format":"standard","meta":{"footnotes":""},"categories":[89],"tags":[226,212],"class_list":["post-2068947","post","type-post","status-publish","format-standard","hentry","category-romania","tag-crawlmanager","tag-impactreal-ro"],"_links":{"self":[{"href":"https:\/\/analyse.optim.biz\/index.php?rest_route=\/wp\/v2\/posts\/2068947","targetHints":{"allow":["GET"]}}],"collection":[{"href":"https:\/\/analyse.optim.biz\/index.php?rest_route=\/wp\/v2\/posts"}],"about":[{"href":"https:\/\/analyse.optim.biz\/index.php?rest_route=\/wp\/v2\/types\/post"}],"author":[{"embeddable":true,"href":"https:\/\/analyse.optim.biz\/index.php?rest_route=\/wp\/v2\/users\/1"}],"replies":[{"embeddable":true,"href":"https:\/\/analyse.optim.biz\/index.php?rest_route=%2Fwp%2Fv2%2Fcomments&post=2068947"}],"version-history":[{"count":0,"href":"https:\/\/analyse.optim.biz\/index.php?rest_route=\/wp\/v2\/posts\/2068947\/revisions"}],"wp:attachment":[{"href":"https:\/\/analyse.optim.biz\/index.php?rest_route=%2Fwp%2Fv2%2Fmedia&parent=2068947"}],"wp:term":[{"taxonomy":"category","embeddable":true,"href":"https:\/\/analyse.optim.biz\/index.php?rest_route=%2Fwp%2Fv2%2Fcategories&post=2068947"},{"taxonomy":"post_tag","embeddable":true,"href":"https:\/\/analyse.optim.biz\/index.php?rest_route=%2Fwp%2Fv2%2Ftags&post=2068947"}],"curies":[{"name":"wp","href":"https:\/\/api.w.org\/{rel}","templated":true}]}}