{"id":2068937,"date":"2026-07-30T11:29:17","date_gmt":"2026-07-30T08:29:17","guid":{"rendered":"https:\/\/analyse.optim.biz\/?p=2068937"},"modified":"2026-07-30T11:29:17","modified_gmt":"2026-07-30T08:29:17","slug":"timisoara-avanseaza-lucrarile-la-pasajul-polona-incep-restrictiile-de-circulatie-in-zona","status":"publish","type":"post","link":"https:\/\/analyse.optim.biz\/?p=2068937","title":{"rendered":"Timi\u0219oara: Avanseaz\u0103 lucr\u0103rile la Pasajul Polon\u0103. \u00cencep restric\u021biile de circula\u021bie \u00een zon\u0103"},"content":{"rendered":"<p>[analyse_image type=&#8221;featured&#8221; src=&#8221;http:\/\/www.banatulmeu.ro\/wp-content\/uploads\/2026\/07\/Pasaj-Polona-3-e1784633198503.jpeg&#8221;]<\/p>\n<div class=\"post-content-bd\">\n<p>Lucr\u0103rile de reconstruc\u021bie a Pasajului Polon\u0103 din Timi\u0219oara intr\u0103 \u00eentr-o nou\u0103 etap\u0103, odat\u0103 cu continuarea interven\u021biilor la structura de rezisten\u021b\u0103. Potrivit Prim\u0103riei Timi\u0219oara, constructorul lucreaz\u0103 \u00een prezent la zidurile de sprijin \u0219i preg\u0103te\u0219te platforma necesar\u0103 pentru execu\u021bia pilo\u021bilor.<\/p>\n<p>Pentru desf\u0103\u0219urarea lucr\u0103rilor \u00een condi\u021bii de siguran\u021b\u0103, \u00een zon\u0103 vor fi introduse restric\u021bii de circula\u021bie. Benzile destinate traficului auto vor fi \u00eengustate pentru a permite interven\u021biile la marginea carosabilului, iar accesul spre \u0219i dinspre strada Wilhelm Tell va fi semaforizat. Circula\u021bia \u00een acest punct se va desf\u0103\u0219ura alternativ, pe o singur\u0103 band\u0103.<\/p>\n<p>Reconstruc\u021bia Pasajului Polon\u0103 face parte dintr-un proiect amplu de modernizare a infrastructurii rutiere din vestul ora\u0219ului. Investi\u021bia vizeaz\u0103 \u00eembun\u0103t\u0103\u021birea leg\u0103turii dintre cartierul Freidorf, zona industrial\u0103 \u0219i localitatea Utvin.<\/p>\n<p>Proiectul prevede amenajarea unor trotuare noi, realizarea de piste pentru biciclete, reconstruirea a trei pasaje \u0219i reabilitarea unui tronson de aproximativ 1,5 kilometri de drum.<\/p>\n<\/div>\n<p>[analyse_source url=&#8221;https:\/\/www.banatulmeu.ro\/timisoara-avanseaza-lucrarile-la-pasajul-polona-incep-restrictiile-de-circulatie-in-zona\/&#8221;]<\/p>\n","protected":false},"excerpt":{"rendered":"<p>[analyse_image type=&#8221;featured&#8221; src=&#8221;http:\/\/www.banatulmeu.ro\/wp-content\/uploads\/2026\/07\/Pasaj-Polona-3-e1784633198503.jpeg&#8221;] Lucr\u0103rile de reconstruc\u021bie a Pasajului Polon\u0103 din Timi\u0219oara intr\u0103 \u00eentr-o nou\u0103 etap\u0103, odat\u0103 cu continuarea interven\u021biilor la structura de rezisten\u021b\u0103. Potrivit Prim\u0103riei Timi\u0219oara, constructorul lucreaz\u0103 \u00een prezent la zidurile de sprijin \u0219i preg\u0103te\u0219te platforma necesar\u0103 pentru execu\u021bia pilo\u021bilor. Pentru desf\u0103\u0219urarea lucr\u0103rilor \u00een condi\u021bii de siguran\u021b\u0103, \u00een zon\u0103 vor fi introduse restric\u021bii de [&hellip;]<\/p>\n","protected":false},"author":1,"featured_media":0,"comment_status":"open","ping_status":"","sticky":false,"template":"","format":"standard","meta":{"footnotes":""},"categories":[89],"tags":[204,226],"class_list":["post-2068937","post","type-post","status-publish","format-standard","hentry","category-romania","tag-banatulmeu-ro","tag-crawlmanager"],"_links":{"self":[{"href":"https:\/\/analyse.optim.biz\/index.php?rest_route=\/wp\/v2\/posts\/2068937","targetHints":{"allow":["GET"]}}],"collection":[{"href":"https:\/\/analyse.optim.biz\/index.php?rest_route=\/wp\/v2\/posts"}],"about":[{"href":"https:\/\/analyse.optim.biz\/index.php?rest_route=\/wp\/v2\/types\/post"}],"author":[{"embeddable":true,"href":"https:\/\/analyse.optim.biz\/index.php?rest_route=\/wp\/v2\/users\/1"}],"replies":[{"embeddable":true,"href":"https:\/\/analyse.optim.biz\/index.php?rest_route=%2Fwp%2Fv2%2Fcomments&post=2068937"}],"version-history":[{"count":0,"href":"https:\/\/analyse.optim.biz\/index.php?rest_route=\/wp\/v2\/posts\/2068937\/revisions"}],"wp:attachment":[{"href":"https:\/\/analyse.optim.biz\/index.php?rest_route=%2Fwp%2Fv2%2Fmedia&parent=2068937"}],"wp:term":[{"taxonomy":"category","embeddable":true,"href":"https:\/\/analyse.optim.biz\/index.php?rest_route=%2Fwp%2Fv2%2Fcategories&post=2068937"},{"taxonomy":"post_tag","embeddable":true,"href":"https:\/\/analyse.optim.biz\/index.php?rest_route=%2Fwp%2Fv2%2Ftags&post=2068937"}],"curies":[{"name":"wp","href":"https:\/\/api.w.org\/{rel}","templated":true}]}}