{"id":2068935,"date":"2026-07-29T15:02:20","date_gmt":"2026-07-29T12:02:20","guid":{"rendered":"https:\/\/analyse.optim.biz\/?p=2068935"},"modified":"2026-07-29T15:02:20","modified_gmt":"2026-07-29T12:02:20","slug":"garda-de-mediu-timis-control-pe-santierul-noului-stadion-din-calea-buziasului-amenda-aplicata-pentru-gunoaie","status":"publish","type":"post","link":"https:\/\/analyse.optim.biz\/?p=2068935","title":{"rendered":"Garda de Mediu Timi\u015f, control pe \u015fantierul noului stadion din Calea Buzia\u015fului! Amend\u0103 aplicat\u0103 pentru gunoaie"},"content":{"rendered":"<p>[analyse_image type=&#8221;featured&#8221; src=&#8221;http:\/\/www.banatulmeu.ro\/wp-content\/uploads\/2026\/07\/758943821_1335057732133482_8077351008741112541_n-e1785340861648.jpg&#8221;]<\/p>\n<div class=\"post-content-bd\">\n<p>Un control al G\u0103rzii de Mediu Timi\u015f a fost realizat pe \u015fantierul noului stadion construit de Prim\u0103ria Timi\u015foara \u00een Calea Buzia\u015fului. Potrivit institu\u0163iei, verific\u0103rile au fost efectuate \u00een urma sesiz\u0103rilor unor cet\u0103\u0163eni privind modul de gestionare a de\u0219eurilor.<\/p>\n<p>\u201c<em>\u00cen urma verific\u0103rilor efectuate \u00een teren au fost constatate urm\u0103toarele neconformit\u0103\u021bi: de\u0219eurile provenite din activitatea de construc\u021bie nu sunt gestionate corespunz\u0103tor. La data controlului, pe amplasament erau stocate aproximativ 718,7 tone de de\u0219euri, depozitate direct pe sol, \u00een cantit\u0103\u021bi mari, unele amestecate; modul de depozitare favorizeaz\u0103 antrenarea particulelor de praf \u00een atmosfer\u0103 \u00een condi\u021bii de v\u00e2nt, contribuind la cre\u0219terea concentra\u021biei de pulberi \u00een suspensie \u0219i gener\u00e2nd disconfort pentru locuitorii din vecin\u0103tatea \u0219antierului. Potrivit OUG nr. 92\/2021 privind regimul de\u0219eurilor, produc\u0103torii \u0219i de\u021bin\u0103torii de de\u0219euri au obliga\u021bia de a asigura valorificarea acestora \u0219i gestionarea lor astfel \u00eenc\u00e2t s\u0103 nu fie afectat\u0103 s\u0103n\u0103tatea popula\u021biei \u0219i mediul<\/em>\u201c, a informat Garda de Mediu Timi\u015f.<\/p>\n<p>Conform institu\u0163iei, \u00ce\u00een cadrul controlului s-a constatat c\u0103 m\u0103surile stabilite anterior au fost \u00eendeplinite doar par\u021bial. \u015ei anume, a fost montat\u0103 o plas\u0103 de protec\u021bie pe amplasament, \u00eens\u0103 cantit\u0103\u021bile mari de materiale \u0219i de\u0219euri depozitate dep\u0103\u0219esc nivelul acesteia, astfel \u00eenc\u00e2t m\u0103sura nu elimin\u0103 riscul dispers\u0103rii prafului; din de\u0219eurile aflate pe stoc a fost predat\u0103 c\u0103tre operatori autoriza\u021bi o cantitate de 7,88 tone, \u00eens\u0103 la data prezentului control se aflau \u00eenc\u0103 pe amplasament 17,12 tone din categoria respectiv\u0103 de de\u0219euri.<\/p>\n<p>Pentru neconformit\u0103\u021bile constatate, comisarii G\u0103rzii de Mediu Timi\u0219 au aplicat o amend\u0103 \u00een valoare de 50.000 lei firmei care execut\u0103 lucr\u0103rile.<\/p>\n<p><em>\u201cTotodat\u0103, au fost dispuse urm\u0103toarele m\u0103suri obligatorii: gestionarea corespunz\u0103toare a tuturor de\u0219eurilor generate pe \u0219antier, astfel \u00eenc\u00e2t acestea s\u0103 nu pun\u0103 \u00een pericol s\u0103n\u0103tatea popula\u021biei \u0219i s\u0103 nu produc\u0103 efecte negative asupra mediului, pe \u00eentreaga perioad\u0103 de desf\u0103\u0219urare a lucr\u0103rilor; reducerea cantit\u0103\u021bilor de de\u0219euri stocate pe amplasament \u0219i transmiterea c\u0103tre GNM CJ Timi\u0219 a dovezilor privind valorificarea\/eliminarea acestora, astfel \u00eenc\u00e2t stocarea s\u0103 nu genereze riscuri de contaminare a aerului, apei, solului, florei \u0219i faunei<\/em>\u201c, a transmis Garda de Mediu Timi\u015f.<\/p>\n<p>Termenul pentru \u00eendeplinirea m\u0103surii privind reducerea stocurilor de de\u0219euri este data de 24 august.<\/p>\n<div id=\"gallery-1\" class=\"gallery galleryid-188600 gallery-columns-3 gallery-size-thumbnail\">\n<figure class=\"gallery-item\">\n<div class=\"gallery-icon landscape\"><a href=\"https:\/\/www.banatulmeu.ro\/wp-content\/uploads\/2026\/07\/759904221_1335057668800155_5428616862346745944_n-e1785340798264.jpg\"><img loading=\"lazy\" decoding=\"async\" width=\"150\" height=\"150\" src=\"https:\/\/www.banatulmeu.ro\/wp-content\/uploads\/2026\/07\/759904221_1335057668800155_5428616862346745944_n-150x150.jpg\" class=\"attachment-thumbnail size-thumbnail\" alt><img loading=\"lazy\" decoding=\"async\" width=\"150\" height=\"150\" src=\"https:\/\/www.banatulmeu.ro\/wp-content\/uploads\/2026\/07\/759904221_1335057668800155_5428616862346745944_n-150x150.jpg\" class=\"attachment-thumbnail size-thumbnail\" alt><\/a><\/div>\n<\/figure>\n<figure class=\"gallery-item\">\n<div class=\"gallery-icon landscape\"><a href=\"https:\/\/www.banatulmeu.ro\/wp-content\/uploads\/2026\/07\/759224709_1335057632133492_5609385945524285220_n-e1785340782232.jpg\"><img loading=\"lazy\" decoding=\"async\" width=\"150\" height=\"150\" src=\"https:\/\/www.banatulmeu.ro\/wp-content\/uploads\/2026\/07\/759224709_1335057632133492_5609385945524285220_n-150x150.jpg\" class=\"attachment-thumbnail size-thumbnail\" alt><img loading=\"lazy\" decoding=\"async\" width=\"150\" height=\"150\" src=\"https:\/\/www.banatulmeu.ro\/wp-content\/uploads\/2026\/07\/759224709_1335057632133492_5609385945524285220_n-150x150.jpg\" class=\"attachment-thumbnail size-thumbnail\" alt><\/a><\/div>\n<\/figure>\n<\/div>\n<p>\u00a0<\/p>\n<\/div>\n<p>[analyse_source url=&#8221;https:\/\/www.banatulmeu.ro\/garda-de-mediu-timis-control-pe-santierul-noului-stadion-din-calea-buziasului-amenda-aplicata-pentru-gunoaie\/&#8221;]<\/p>\n","protected":false},"excerpt":{"rendered":"<p>[analyse_image type=&#8221;featured&#8221; src=&#8221;http:\/\/www.banatulmeu.ro\/wp-content\/uploads\/2026\/07\/758943821_1335057732133482_8077351008741112541_n-e1785340861648.jpg&#8221;] Un control al G\u0103rzii de Mediu Timi\u015f a fost realizat pe \u015fantierul noului stadion construit de Prim\u0103ria Timi\u015foara \u00een Calea Buzia\u015fului. Potrivit institu\u0163iei, verific\u0103rile au fost efectuate \u00een urma sesiz\u0103rilor unor cet\u0103\u0163eni privind modul de gestionare a de\u0219eurilor. \u201c\u00cen urma verific\u0103rilor efectuate \u00een teren au fost constatate urm\u0103toarele neconformit\u0103\u021bi: de\u0219eurile provenite din [&hellip;]<\/p>\n","protected":false},"author":1,"featured_media":0,"comment_status":"open","ping_status":"","sticky":false,"template":"","format":"standard","meta":{"footnotes":""},"categories":[89],"tags":[204,226],"class_list":["post-2068935","post","type-post","status-publish","format-standard","hentry","category-romania","tag-banatulmeu-ro","tag-crawlmanager"],"_links":{"self":[{"href":"https:\/\/analyse.optim.biz\/index.php?rest_route=\/wp\/v2\/posts\/2068935","targetHints":{"allow":["GET"]}}],"collection":[{"href":"https:\/\/analyse.optim.biz\/index.php?rest_route=\/wp\/v2\/posts"}],"about":[{"href":"https:\/\/analyse.optim.biz\/index.php?rest_route=\/wp\/v2\/types\/post"}],"author":[{"embeddable":true,"href":"https:\/\/analyse.optim.biz\/index.php?rest_route=\/wp\/v2\/users\/1"}],"replies":[{"embeddable":true,"href":"https:\/\/analyse.optim.biz\/index.php?rest_route=%2Fwp%2Fv2%2Fcomments&post=2068935"}],"version-history":[{"count":0,"href":"https:\/\/analyse.optim.biz\/index.php?rest_route=\/wp\/v2\/posts\/2068935\/revisions"}],"wp:attachment":[{"href":"https:\/\/analyse.optim.biz\/index.php?rest_route=%2Fwp%2Fv2%2Fmedia&parent=2068935"}],"wp:term":[{"taxonomy":"category","embeddable":true,"href":"https:\/\/analyse.optim.biz\/index.php?rest_route=%2Fwp%2Fv2%2Fcategories&post=2068935"},{"taxonomy":"post_tag","embeddable":true,"href":"https:\/\/analyse.optim.biz\/index.php?rest_route=%2Fwp%2Fv2%2Ftags&post=2068935"}],"curies":[{"name":"wp","href":"https:\/\/api.w.org\/{rel}","templated":true}]}}