{"id":2068930,"date":"2026-07-28T15:15:46","date_gmt":"2026-07-28T12:15:46","guid":{"rendered":"https:\/\/analyse.optim.biz\/?p=2068930"},"modified":"2026-07-28T15:15:46","modified_gmt":"2026-07-28T12:15:46","slug":"ministerul-transporturilor-80-dintre-calatori-nu-recomanda-mersul-cu-trenul","status":"publish","type":"post","link":"https:\/\/analyse.optim.biz\/?p=2068930","title":{"rendered":"Ministerul Transporturilor: 80% dintre c\u0103l\u0103tori nu recomand\u0103 mersul cu trenul"},"content":{"rendered":"<p>[analyse_image type=&#8221;featured&#8221; src=&#8221;https:\/\/orasul-timisoara.ro\/wp-content\/uploads\/2026\/05\/tren-gara-statie.jpg&#8221;]<\/p>\n<article id=\"post-39898\" class=\"td-post-template-7 post-39898 post type-post status-publish format-standard has-post-thumbnail category-featured category-stiri-nationale-si-internationale category-turism tag-aer-conditionat tag-calatori tag-cfr-calatori-2 tag-despagubiri-2 tag-infrastructura-feroviara tag-intarzieri-trenuri tag-locomotive-diesel tag-ministerul-transporturilor tag-radu-miruta tag-sesizari tag-transport-feroviar tag-trenuri td-container-wrap\">\n<div class=\"td-full-screen-header-image-wrap\">\n<div class=\"td-container td-post-header\">\n<div class=\"td-crumb-container\">\n<div class=\"entry-crumbs\"><span><a title=\"Vede\u021bi toate articolele \u00een \u0218tiri na\u021bionale \u0219i interna\u021bionale\" class=\"entry-crumb\" href=\"https:\/\/orasul-timisoara.ro\/local-category\/stiri-nationale-si-internationale\/\">\u0218tiri na\u021bionale \u0219i interna\u021bionale<\/a><\/span><span class=\"td-bred-no-url-last\">Ministerul Transporturilor: 80% dintre c\u0103l\u0103tori nu recomand\u0103 mersul cu trenul<\/span><\/div>\n<\/div>\n<div class=\"td-post-header-holder\">\n<div class=\"td-parallax-header\">\n<header class=\"td-post-title\">\n<ul class=\"td-category\">\n<li class=\"entry-category\"><a href=\"https:\/\/orasul-timisoara.ro\/local-category\/stiri-nationale-si-internationale\/\">\u0218tiri na\u021bionale \u0219i interna\u021bionale<\/a><\/li>\n<li class=\"entry-category\"><a href=\"https:\/\/orasul-timisoara.ro\/local-category\/turism\/\">Turism<\/a><\/li>\n<\/ul>\n<h1 class=\"entry-title\">Ministerul Transporturilor: 80% dintre c\u0103l\u0103tori nu recomand\u0103 mersul cu trenul<\/h1>\n<div class=\"td-module-meta-info\">\n<div class=\"td-post-author-name\">\n<div class=\"td-author-by\">De c\u0103tre<\/div>\n<p><a href=\"https:\/\/orasul-timisoara.ro\/author\/timisoara\/\">redactia<\/a><\/p>\n<div class=\"td-author-line\"> &#8211; <\/div>\n<\/div>\n<p><span class=\"td-post-date\"><time class=\"entry-date updated td-module-date\" datetime=\"2026-07-28T18:15:46+03:00\">28\/07\/2026<\/time><\/span><\/div>\n<\/header>\n<\/div>\n<\/div>\n<\/div>\n<div id=\"td-full-screen-header-image\" class=\"td-image-gradient-style7\"><img decoding=\"async\" class=\"td-backstretch\" src=\"https:\/\/orasul-timisoara.ro\/wp-content\/uploads\/2026\/05\/tren-gara-statie.jpg\"><\/div>\n<\/div>\n<div class=\"td-container\">\n<div class=\"td-pb-row\">\n<div class=\"td-pb-span8 td-main-content\" role=\"main\">\n<div class=\"td-ss-main-content\">\n<div class=\"td-post-sharing-top\">\n<div class=\"td-post-sharing-classic\"><iframe title=\"topFacebookLike\" frameborder src=\"https:\/\/www.facebook.com\/plugins\/like.php?href=https:\/\/orasul-timisoara.ro\/local-39898\/&amp;layout=button_count&amp;show_faces=false&amp;width=105&amp;action=like&amp;colorscheme=light&amp;height=21\"><\/iframe><\/div>\n<div id=\"td_social_sharing_article_top\" class=\"td-post-sharing td-ps-bg td-ps-notext td-post-sharing-style1 \">\n<div class=\"td-post-sharing-visible\"><a class=\"td-social-sharing-button td-social-sharing-button-js td-social-network td-social-facebook\" href=\"https:\/\/www.facebook.com\/sharer.php?u=https%3A%2F%2Forasul-timisoara.ro%2Flocal-39898%2F\" title=\"Facebook\"><\/p>\n<div class=\"td-social-but-text\">Facebook<\/div>\n<p><\/a><a class=\"td-social-sharing-button td-social-sharing-button-js td-social-network td-social-twitter\" href=\"https:\/\/twitter.com\/intent\/tweet?text=Ministerul+Transporturilor%3A+80%25+dintre+c%C4%83l%C4%83tori+nu+recomand%C4%83+mersul+cu+trenul&amp;url=https%3A%2F%2Forasul-timisoara.ro%2Flocal-39898%2F&amp;via=orasultm\" title=\"Twitter\"><\/p>\n<div class=\"td-social-but-text\">Twitter<\/div>\n<p><\/a><a class=\"td-social-sharing-button td-social-sharing-button-js td-social-network td-social-whatsapp\" href=\"https:\/\/api.whatsapp.com\/send?text=Ministerul+Transporturilor%3A+80%25+dintre+c%C4%83l%C4%83tori+nu+recomand%C4%83+mersul+cu+trenul%20%0A%0A%20https:\/\/orasul-timisoara.ro\/local-39898\/\" title=\"WhatsApp\"><\/p>\n<div class=\"td-social-but-text\">WhatsApp<\/div>\n<p><\/a><a class=\"td-social-sharing-button td-social-sharing-button-js td-social-network td-social-linkedin\" href=\"https:\/\/www.linkedin.com\/shareArticle?mini=true&amp;url=https:\/\/orasul-timisoara.ro\/local-39898\/&amp;title=Ministerul+Transporturilor%3A+80%25+dintre+c%C4%83l%C4%83tori+nu+recomand%C4%83+mersul+cu+trenul\" title=\"Linkedin\"><\/p>\n<div class=\"td-social-but-text\">Linkedin<\/div>\n<p><\/a><a class=\"td-social-sharing-button td-social-sharing-button-js td-social-network td-social-reddit\" href=\"https:\/\/reddit.com\/submit?url=https:\/\/orasul-timisoara.ro\/local-39898\/&amp;title=Ministerul+Transporturilor%3A+80%25+dintre+c%C4%83l%C4%83tori+nu+recomand%C4%83+mersul+cu+trenul\" title=\"ReddIt\"><\/p>\n<div class=\"td-social-but-text\">ReddIt<\/div>\n<p><\/a><a class=\"td-social-sharing-button td-social-sharing-button-js td-social-network td-social-mail\" href=\"mailto:?subject=Ministerul%20Transporturilor:%2080%25%20dintre%20c%C4%83l%C4%83tori%20nu%20recomand%C4%83%20mersul%20cu%20trenul&amp;body=https:\/\/orasul-timisoara.ro\/local-39898\/\" title=\"Email\"><\/p>\n<div class=\"td-social-but-text\">Email<\/div>\n<p><\/a><a class=\"td-social-sharing-button td-social-sharing-button-js td-social-network td-social-print\" href=\"https:\/\/orasul-timisoara.ro\/local-39898\/\" title=\"Imprimare\"><\/p>\n<div class=\"td-social-but-text\">Imprimare<\/div>\n<p><\/a><\/div>\n<\/div>\n<\/div>\n<div class=\"td-post-content tagdiv-type\">\n<p class=\"wp-block-paragraph\">Ministrul interimar al Transporturilor, Radu Miru\u021b\u0103, a anun\u021bat mar\u021bi c\u0103 a primit 1.725 de sesiz\u0103ri din partea c\u0103l\u0103torilor privind condi\u021biile de c\u0103l\u0103torie cu trenul, iar concluziile sunt \u00eengrijor\u0103toare. Potrivit datelor prezentate \u00eentr-o conferin\u021b\u0103 de pres\u0103, aproximativ 80% dintre persoanele care au completat formularul de feedback au declarat c\u0103 nu ar recomanda c\u0103l\u0103toria cu trenul.<\/p>\n<p class=\"wp-block-paragraph\">Oficialul a precizat c\u0103 o mare parte dintre reclama\u021bii au fost deja analizate, iar autorit\u0103\u021bile au \u00eenceput s\u0103 ia m\u0103suri pentru remedierea problemelor semnalate. Printre cele mai frecvente nemul\u021bumiri se num\u0103r\u0103 lipsa aerului condi\u021bionat, starea toaletelor, supraaglomerarea \u0219i \u00eent\u00e2rzierile trenurilor.<\/p>\n<h2 class=\"wp-block-heading\">Peste 1.700 de sesiz\u0103ri primite de Ministerul Transporturilor<\/h2>\n<p class=\"wp-block-paragraph\">Radu Miru\u021b\u0103 a explicat c\u0103 formularul pus la dispozi\u021bia c\u0103l\u0103torilor a generat 1.725 de sesiz\u0103ri, dintre care 1.180 au fost deja verificate punctual.<\/p>\n<p class=\"wp-block-paragraph\">\u201eVin \u00een fa\u021ba dumneavoastr\u0103 pentru cei care pl\u0103tesc bilete de tren, de avion \u0219i diverse alte taxe. Nu se pot face minuni peste noapte \u0219i e nevoie s\u0103 adres\u0103m aceste probleme pentru ca ele s\u0103 dispar\u0103\u201d, a declarat ministrul.<\/p>\n<p class=\"wp-block-paragraph\">Potrivit acestuia, concluzia cea mai \u00eengrijor\u0103toare este c\u0103 patru din cinci persoane care au transmis sesiz\u0103ri spun c\u0103 nu ar recomanda altor oameni s\u0103 c\u0103l\u0103toreasc\u0103 cu trenul \u00een actualele condi\u021bii.<\/p>\n<h2 class=\"wp-block-heading\">Aerul condi\u021bionat, principala nemul\u021bumire a c\u0103l\u0103torilor<\/h2>\n<p class=\"wp-block-paragraph\">Cea mai frecvent\u0103 problem\u0103 reclamat\u0103 \u00een sezonul cald este lipsa aerului condi\u021bionat \u00een trenuri.<\/p>\n<p class=\"wp-block-paragraph\">Ministrul a precizat c\u0103, \u00een cazul trenurilor Interregio, instala\u021biile de climatizare sunt obligatorii, \u00eens\u0103 aproximativ 60% dintre c\u0103l\u0103torii care ar fi trebuit s\u0103 beneficieze de acest serviciu au semnalat c\u0103 sistemele nu func\u021bioneaz\u0103.<\/p>\n<p class=\"wp-block-paragraph\">Pe l\u00e2ng\u0103 aceast\u0103 problem\u0103, sesiz\u0103rile au vizat \u0219i starea toaletelor, gradul ridicat de ocupare al vagoanelor \u0219i \u00eent\u00e2rzierile \u00een circula\u021bia trenurilor.<\/p>\n<h2 class=\"wp-block-heading\">Cauzele defec\u021biunilor au fost analizate de speciali\u0219ti<\/h2>\n<p class=\"wp-block-paragraph\">Radu Miru\u021b\u0103 a prezentat \u0219i principalele motive identificate pentru func\u021bionarea defectuoas\u0103 a instala\u021biilor de climatizare.<\/p>\n<p class=\"wp-block-paragraph\">Potrivit acestuia, aproximativ 15% dintre probleme sunt generate de locomotivele diesel vechi, care nu mai au capacitatea tehnic\u0103 necesar\u0103 pentru a asigura r\u0103cirea eficient\u0103 a garniturilor.<\/p>\n<p class=\"wp-block-paragraph\">Alte 18% dintre situa\u021bii apar \u00een momentul travers\u0103rii zonelor neutre de pe liniile electrificate. \u00cen aceste sectoare, \u00eentreruperea temporar\u0103 a aliment\u0103rii cu energie poate genera erori la reconectare, ceea ce duce la oprirea instala\u021biilor de aer condi\u021bionat.<\/p>\n<p class=\"wp-block-paragraph\">Cea mai mare pondere, aproximativ 40% din cazuri, este cauzat\u0103 de supra\u00eenc\u0103lzirea instala\u021biilor \u00een perioadele cu temperaturi foarte ridicate. \u00cen astfel de situa\u021bii, sistemele intr\u0103 automat \u00een regim de protec\u021bie \u0219i \u00ee\u0219i \u00eentrerup func\u021bionarea.<\/p>\n<h2 class=\"wp-block-heading\">Ministerul anun\u021b\u0103 primele m\u0103suri pentru remedierea problemelor<\/h2>\n<p class=\"wp-block-paragraph\">Pentru reducerea num\u0103rului de defec\u021biuni, Ministerul Transporturilor a dispus un prim set de m\u0103suri tehnice.<\/p>\n<p class=\"wp-block-paragraph\">Una dintre acestea vizeaz\u0103 modificarea software-ului instala\u021biilor de climatizare, astfel \u00eenc\u00e2t parametrii de func\u021bionare s\u0103 fie adapta\u021bi condi\u021biilor din timpul verii. Potrivit ministrului, p\u00e2n\u0103 \u00een prezent au fost actualizate aproximativ 130 de vagoane, iar \u00een majoritatea cazurilor interven\u021biile au avut rezultatele a\u0219teptate.<\/p>\n<p class=\"wp-block-paragraph\">O alt\u0103 m\u0103sur\u0103 prevede reducerea num\u0103rului de vagoane din compunerea anumitor trenuri, pentru ca locomotivele s\u0103 poat\u0103 asigura o r\u0103cire mai eficient\u0103 a garniturilor aflate \u00een circula\u021bie.<\/p>\n<h2 class=\"wp-block-heading\">Zeci de sanc\u021biuni disciplinare \u0219i verific\u0103ri la firmele de cur\u0103\u021benie<\/h2>\n<p class=\"wp-block-paragraph\">\u00cen urma verific\u0103rilor efectuate la CFR C\u0103l\u0103tori au fost identificate \u0219i situa\u021bii care \u021bin de ne\u00eendeplinirea obliga\u021biilor de serviciu.<\/p>\n<p class=\"wp-block-paragraph\">Radu Miru\u021b\u0103 a anun\u021bat c\u0103 au fost deschise 56 de dosare de cercetare disciplinar\u0103. Dintre acestea, 39 s-au \u00eencheiat cu diminu\u0103ri salariale, iar alte 17 persoane au primit avertisment scris.<\/p>\n<p class=\"wp-block-paragraph\">Au fost analizate \u0219i activit\u0103\u021bile firmelor responsabile de cur\u0103\u021benia din trenuri. \u00cen total, au fost verificate 188 de situa\u021bii, iar aproximativ jum\u0103tate dintre operatorii implica\u021bi au fost sanc\u021biona\u021bi prin depunctare, m\u0103sur\u0103 care le poate afecta participarea la viitoare proceduri contractuale.<\/p>\n<h2 class=\"wp-block-heading\">Fiecare tren va avea un director responsabil<\/h2>\n<p class=\"wp-block-paragraph\">Ministrul interimar al Transporturilor sus\u021bine c\u0103 una dintre problemele constatate a fost lipsa unei responsabilit\u0103\u021bi clare \u00een gestionarea incidentelor.<\/p>\n<p class=\"wp-block-paragraph\">\u201eFiecare zice c\u0103 nu este el responsabil\u201d, a afirmat Radu Miru\u021b\u0103, explic\u00e2nd c\u0103 a decis introducerea unui sistem prin care fiecare dintre cele 1.265 de trenuri care circul\u0103 zilnic s\u0103 fie atribuit unui director responsabil.<\/p>\n<p class=\"wp-block-paragraph\">Potrivit acestuia, \u00een cazul apari\u021biei unor probleme repetate, directorii care au \u00een responsabilitate trenurile respective vor putea fi sanc\u021biona\u021bi.<\/p>\n<h2 class=\"wp-block-heading\">Formular pentru desp\u0103gubirea c\u0103l\u0103torilor \u00eent\u00e2rzia\u021bi<\/h2>\n<p class=\"wp-block-paragraph\">\u00cen cadrul conferin\u021bei de pres\u0103, ministrul a anun\u021bat \u0219i publicarea pe site-ul CFR C\u0103l\u0103tori a unui formular destinat pasagerilor afecta\u021bi de \u00eent\u00e2rzieri importante pe rutele interna\u021bionale.<\/p>\n<p class=\"wp-block-paragraph\">Persoanele care c\u0103l\u0103toresc cu trenuri ce \u00eenregistreaz\u0103 \u00eent\u00e2rzieri de peste 60 de minute pot solicita desp\u0103gubiri prin completarea acestui formular, m\u0103sura fiind menit\u0103 s\u0103 faciliteze exercitarea drepturilor prev\u0103zute pentru pasagerii transportului feroviar.<\/p>\n<p class=\"wp-block-paragraph\">Rezultatele centralizate \u00een urma sesiz\u0103rilor transmise de c\u0103l\u0103tori \u0219i m\u0103surile anun\u021bate de Ministerul Transporturilor contureaz\u0103 o imagine a problemelor cu care se confrunt\u0103 \u00een prezent transportul feroviar de c\u0103l\u0103tori. Autorit\u0103\u021bile sus\u021bin c\u0103 verific\u0103rile \u0219i interven\u021biile vor continua, obiectivul fiind \u00eembun\u0103t\u0103\u021birea condi\u021biilor de c\u0103l\u0103torie \u0219i cre\u0219terea gradului de satisfac\u021bie al pasagerilor.<\/p>\n<\/div>\n<footer>\n<div class=\"td-post-source-tags\">\n<ul class=\"td-tags td-post-small-box clearfix\">\n<li><span>ETICHETE<\/span><\/li>\n<li><a href=\"https:\/\/orasul-timisoara.ro\/local-tag\/aer-conditionat\/\">aer condi\u021bionat<\/a><\/li>\n<li><a href=\"https:\/\/orasul-timisoara.ro\/local-tag\/calatori\/\">c\u0103l\u0103tori<\/a><\/li>\n<li><a href=\"https:\/\/orasul-timisoara.ro\/local-tag\/cfr-calatori-2\/\">CFR C\u0103l\u0103tori<\/a><\/li>\n<li><a href=\"https:\/\/orasul-timisoara.ro\/local-tag\/despagubiri-2\/\">desp\u0103gubiri<\/a><\/li>\n<li><a href=\"https:\/\/orasul-timisoara.ro\/local-tag\/infrastructura-feroviara\/\">infrastructur\u0103 feroviar\u0103<\/a><\/li>\n<li><a href=\"https:\/\/orasul-timisoara.ro\/local-tag\/intarzieri-trenuri\/\">\u00eent\u00e2rzieri trenuri<\/a><\/li>\n<li><a href=\"https:\/\/orasul-timisoara.ro\/local-tag\/locomotive-diesel\/\">locomotive diesel<\/a><\/li>\n<li><a href=\"https:\/\/orasul-timisoara.ro\/local-tag\/ministerul-transporturilor\/\">ministerul transporturilor<\/a><\/li>\n<li><a href=\"https:\/\/orasul-timisoara.ro\/local-tag\/radu-miruta\/\">Radu Miru\u021b\u0103<\/a><\/li>\n<li><a href=\"https:\/\/orasul-timisoara.ro\/local-tag\/sesizari\/\">sesiz\u0103ri<\/a><\/li>\n<li><a href=\"https:\/\/orasul-timisoara.ro\/local-tag\/transport-feroviar\/\">transport feroviar<\/a><\/li>\n<li><a href=\"https:\/\/orasul-timisoara.ro\/local-tag\/trenuri\/\">trenuri<\/a><\/li>\n<\/ul>\n<\/div>\n<div class=\"td-post-sharing-bottom\">\n<div class=\"td-post-sharing-classic\"><iframe title=\"bottomFacebookLike\" frameborder src=\"https:\/\/www.facebook.com\/plugins\/like.php?href=https:\/\/orasul-timisoara.ro\/local-39898\/&amp;layout=button_count&amp;show_faces=false&amp;width=105&amp;action=like&amp;colorscheme=light&amp;height=21\"><\/iframe><\/div>\n<div id=\"td_social_sharing_article_bottom\" class=\"td-post-sharing td-ps-bg td-ps-notext td-post-sharing-style1 \">\n<div class=\"td-post-sharing-visible\"><a class=\"td-social-sharing-button td-social-sharing-button-js td-social-network td-social-facebook\" href=\"https:\/\/www.facebook.com\/sharer.php?u=https%3A%2F%2Forasul-timisoara.ro%2Flocal-39898%2F\" title=\"Facebook\"><\/p>\n<div class=\"td-social-but-text\">Facebook<\/div>\n<p><\/a><a class=\"td-social-sharing-button td-social-sharing-button-js td-social-network td-social-twitter\" href=\"https:\/\/twitter.com\/intent\/tweet?text=Ministerul+Transporturilor%3A+80%25+dintre+c%C4%83l%C4%83tori+nu+recomand%C4%83+mersul+cu+trenul&amp;url=https%3A%2F%2Forasul-timisoara.ro%2Flocal-39898%2F&amp;via=orasultm\" title=\"Twitter\"><\/p>\n<div class=\"td-social-but-text\">Twitter<\/div>\n<p><\/a><a class=\"td-social-sharing-button td-social-sharing-button-js td-social-network td-social-whatsapp\" href=\"https:\/\/api.whatsapp.com\/send?text=Ministerul+Transporturilor%3A+80%25+dintre+c%C4%83l%C4%83tori+nu+recomand%C4%83+mersul+cu+trenul%20%0A%0A%20https:\/\/orasul-timisoara.ro\/local-39898\/\" title=\"WhatsApp\"><\/p>\n<div class=\"td-social-but-text\">WhatsApp<\/div>\n<p><\/a><a class=\"td-social-sharing-button td-social-sharing-button-js td-social-network td-social-linkedin\" href=\"https:\/\/www.linkedin.com\/shareArticle?mini=true&amp;url=https:\/\/orasul-timisoara.ro\/local-39898\/&amp;title=Ministerul+Transporturilor%3A+80%25+dintre+c%C4%83l%C4%83tori+nu+recomand%C4%83+mersul+cu+trenul\" title=\"Linkedin\"><\/p>\n<div class=\"td-social-but-text\">Linkedin<\/div>\n<p><\/a><a class=\"td-social-sharing-button td-social-sharing-button-js td-social-network td-social-reddit\" href=\"https:\/\/reddit.com\/submit?url=https:\/\/orasul-timisoara.ro\/local-39898\/&amp;title=Ministerul+Transporturilor%3A+80%25+dintre+c%C4%83l%C4%83tori+nu+recomand%C4%83+mersul+cu+trenul\" title=\"ReddIt\"><\/p>\n<div class=\"td-social-but-text\">ReddIt<\/div>\n<p><\/a><a class=\"td-social-sharing-button td-social-sharing-button-js td-social-network td-social-mail\" href=\"mailto:?subject=Ministerul%20Transporturilor:%2080%25%20dintre%20c%C4%83l%C4%83tori%20nu%20recomand%C4%83%20mersul%20cu%20trenul&amp;body=https:\/\/orasul-timisoara.ro\/local-39898\/\" title=\"Email\"><\/p>\n<div class=\"td-social-but-text\">Email<\/div>\n<p><\/a><a class=\"td-social-sharing-button td-social-sharing-button-js td-social-network td-social-print\" href=\"https:\/\/orasul-timisoara.ro\/local-39898\/\" title=\"Imprimare\"><\/p>\n<div class=\"td-social-but-text\">Imprimare<\/div>\n<p><\/a><\/div>\n<\/div>\n<\/div>\n<div class=\"td-block-row td-post-next-prev\">\n<div class=\"td-block-span6 td-post-prev-post\">\n<div class=\"td-post-next-prev-content\"><span>Articolul precedent<\/span><a href=\"https:\/\/orasul-timisoara.ro\/local-39894\/\">Bega \u0219i sculpturile din Alpinet, redescoperite printr-un nou proiect cultural<\/a><\/div>\n<\/div>\n<div class=\"td-block-span6 td-post-next-post\">\n<div class=\"td-post-next-prev-content\"><span>Articolul urm\u0103tor<\/span><a href=\"https:\/\/orasul-timisoara.ro\/local-39900\/\">Medalii de aur pentru Timi\u0219oara la Campionatul Mondial de Karate WUKF 2026 : Timea Szasz, dubl\u0103 campioan\u0103 mondial\u0103<\/a><\/div>\n<\/div>\n<\/div>\n<div class=\"td-author-name vcard author\"><span class=\"fn\"><a href=\"https:\/\/orasul-timisoara.ro\/author\/timisoara\/\">redactia<\/a><\/span><\/div>\n<p><span class=\"td-page-meta\"><\/span><span class=\"td-page-meta\"><span class=\"td-page-meta\"><\/span><\/span><span class=\"td-page-meta\"><\/span><\/footer>\n<div class=\"td_block_wrap td_block_related_posts tdi_3 td_with_ajax_pagination td-pb-border-top td_block_template_8\" data-td-block-uid=\"tdi_3\">\n<h4 class=\"td-related-title td-block-title\"><a id=\"tdi_4\" class=\"td-related-left td-cur-simple-item\" data-td_filter_value data-td_block_id=\"tdi_3\" href=\"https:\/\/orasul-timisoara.ro\/local-39898\/\">ARTICOLE SIMILARE<\/a><a id=\"tdi_5\" class=\"td-related-right\" data-td_filter_value=\"td_related_more_from_author\" data-td_block_id=\"tdi_3\" href=\"https:\/\/orasul-timisoara.ro\/local-39898\/\">DE LA ACELA\u0218I AUTOR<\/a><\/h4>\n<div id=\"tdi_3\" class=\"td_block_inner\">\n<div class=\"td-related-row\">\n<div class=\"td-related-span4\">\n<div class=\"td_module_related_posts td-animation-stack td_mod_related_posts\">\n<div class=\"td-module-image\">\n<div class=\"td-module-thumb\"><a href=\"https:\/\/orasul-timisoara.ro\/local-39546\/\" rel=\"bookmark\" class=\"td-image-wrap \" title=\"Un nou pas pentru Centura de Vest a Timi\u0219oarei: \u00eencep procedurile de expropriere\"><img loading=\"lazy\" decoding=\"async\" class=\"entry-thumb\" src=\"https:\/\/orasul-timisoara.ro\/wp-content\/uploads\/2026\/07\/expropiere-centura-436x300.jpg\" alt title=\"Un nou pas pentru Centura de Vest a Timi\u0219oarei: \u00eencep procedurile de expropriere\" width=\"218\" height=\"150\"><\/a><\/div>\n<\/div>\n<div class=\"item-details\">\n<h3 class=\"entry-title td-module-title\"><a href=\"https:\/\/orasul-timisoara.ro\/local-39546\/\" rel=\"bookmark\" title=\"Un nou pas pentru Centura de Vest a Timi\u0219oarei: \u00eencep procedurile de expropriere\">Un nou pas pentru Centura de Vest a Timi\u0219oarei: \u00eencep procedurile de expropriere<\/a><\/h3>\n<\/div>\n<\/div>\n<\/div>\n<div class=\"td-related-span4\">\n<div class=\"td_module_related_posts td-animation-stack td_mod_related_posts\">\n<div class=\"td-module-image\">\n<div class=\"td-module-thumb\"><a href=\"https:\/\/orasul-timisoara.ro\/local-39202\/\" rel=\"bookmark\" class=\"td-image-wrap \" title=\"C\u0103l\u0103torii cu trenul spre Germania devin mai simple: CFR introduce biletul electronic\"><img loading=\"lazy\" decoding=\"async\" class=\"entry-thumb\" src=\"https:\/\/orasul-timisoara.ro\/wp-content\/uploads\/2026\/06\/tren-gara-436x300.jpg\" alt title=\"C\u0103l\u0103torii cu trenul spre Germania devin mai simple: CFR introduce biletul electronic\" width=\"218\" height=\"150\"><\/a><\/div>\n<\/div>\n<div class=\"item-details\">\n<h3 class=\"entry-title td-module-title\"><a href=\"https:\/\/orasul-timisoara.ro\/local-39202\/\" rel=\"bookmark\" title=\"C\u0103l\u0103torii cu trenul spre Germania devin mai simple: CFR introduce biletul electronic\">C\u0103l\u0103torii cu trenul spre Germania devin mai simple: CFR introduce biletul electronic<\/a><\/h3>\n<\/div>\n<\/div>\n<\/div>\n<div class=\"td-related-span4\">\n<div class=\"td_module_related_posts td-animation-stack td_mod_related_posts\">\n<div class=\"td-module-image\">\n<div class=\"td-module-thumb\"><a href=\"https:\/\/orasul-timisoara.ro\/local-38925\/\" rel=\"bookmark\" class=\"td-image-wrap \" title=\"Montarea elementelor de infrastructur\u0103 continu\u0103 pe calea ferat\u0103 dintre Lugoj \u2013 Timi\u0219oara. Noul pod feroviar peste Bega cre\u0219te de la o zi la alta\"><img loading=\"lazy\" decoding=\"async\" class=\"entry-thumb\" src=\"https:\/\/orasul-timisoara.ro\/wp-content\/uploads\/2026\/05\/pod-cfr-lugoj-bega-436x300.jpg\" alt title=\"Montarea elementelor de infrastructur\u0103 continu\u0103 pe calea ferat\u0103 dintre Lugoj \u2013 Timi\u0219oara. Noul pod feroviar peste Bega cre\u0219te de la o zi la alta\" width=\"218\" height=\"150\"><\/a><\/div>\n<\/div>\n<div class=\"item-details\">\n<h3 class=\"entry-title td-module-title\"><a href=\"https:\/\/orasul-timisoara.ro\/local-38925\/\" rel=\"bookmark\" title=\"Montarea elementelor de infrastructur\u0103 continu\u0103 pe calea ferat\u0103 dintre Lugoj \u2013 Timi\u0219oara. Noul pod feroviar peste Bega cre\u0219te de la o zi la alta\">Montarea elementelor de infrastructur\u0103 continu\u0103 pe calea ferat\u0103 dintre Lugoj \u2013 Timi\u0219oara. Noul pod feroviar peste Bega cre\u0219te de la o zi la alta<\/a><\/h3>\n<\/div>\n<\/div>\n<\/div>\n<\/div>\n<\/div>\n<\/div>\n<div class=\"comments\" id=\"comments\">\n<div id=\"respond\" class=\"comment-respond\">\n<h3 id=\"reply-title\" class=\"comment-reply-title\">L\u0102SA\u021aI UN MESAJ<\/h3>\n<div class=\"comment-form-input-wrap td-form-comment\">\n<div class=\"td-warning-comment\">V\u0103 rug\u0103m s\u0103 introduce\u021bi comentariul dvs.!<\/div>\n<\/div>\n<div class=\"comment-form-input-wrap td-form-author\">\n<div class=\"td-warning-author\">Introduce\u021bi aici numele dvs.<\/div>\n<\/div>\n<div class=\"comment-form-input-wrap td-form-email\">\n<div class=\"td-warning-email-error\">A\u021bi introdus o adres\u0103 de e-mail incorect\u0103!<\/div>\n<div class=\"td-warning-email\">V\u0103 rug\u0103m s\u0103 introduce\u021bi adresa dvs. de e-mail aici<\/div>\n<\/div>\n<\/div>\n<p class=\"akismet_comment_form_privacy_notice\">Acest site folose\u0219te Akismet pentru a reduce spamul. <a href=\"https:\/\/akismet.com\/privacy\/\" target=\"_blank\" rel=\"nofollow noopener\">Afl\u0103 cum sunt procesate datele comentariilor tale<\/a>.<\/p>\n<\/div>\n<\/div>\n<\/div>\n<div class=\"td-pb-span4 td-main-sidebar\" role=\"complementary\">\n<div class=\"td-ss-main-sidebar\">\n<aside id=\"block-4\" class=\"td_block_template_8 widget block-4 widget_block widget_media_image\">\n<figure class=\"wp-block-image size-full\"><img loading=\"lazy\" decoding=\"async\" width=\"336\" height=\"280\" src=\"https:\/\/orasul-timisoara.ro\/wp-content\/uploads\/2024\/11\/ReTIM-Abonamentul-Verde-Google-Ads-336x280px.gif\" alt class=\"wp-image-29257\"><\/figure>\n<\/aside>\n<div class=\"td_block_wrap td_block_social_counter td_block_widget tdi_6 td-social-style5 td-social-boxed td-pb-border-top td_block_template_8\">\n<div class=\"td-block-title-wrap\">\n<h4 class=\"td-block-title\"><span>Urm\u0103re\u0219te-ne pe Social Media<\/span><\/h4>\n<\/div>\n<div class=\"td-social-list\">\n<div class=\"td_social_type td-pb-margin-side td_social_facebook\">\n<div class=\"td-social-box\"><span class=\"td_social_info td_social_info_counter\">344,595<\/span><span class=\"td_social_info td_social_info_name\">Fani<\/span><span class=\"td_social_button\"><a href=\"https:\/\/www.facebook.com\/247timisoara\" target=\"_blank\" rel=\"nofollow\">\u00cemi place<\/a><\/span><\/div>\n<\/div>\n<div class=\"td_social_type td-pb-margin-side td_social_instagram\">\n<div class=\"td-social-box\"><span class=\"td_social_info td_social_info_counter\">4,416<\/span><span class=\"td_social_info td_social_info_name\">Cititori<\/span><span class=\"td_social_button\"><a href=\"https:\/\/instagram.com\/orasultimisoararo\/\" target=\"_blank\" rel=\"nofollow\">Conecta\u021bi-v\u0103<\/a><\/span><\/div>\n<\/div>\n<div class=\"td_social_type td-pb-margin-side td_social_rss\">\n<div class=\"td-social-box\"><span class=\"td_social_info td_social_info_counter\">12,506<\/span><span class=\"td_social_info td_social_info_name\">Cititori<\/span><span class=\"td_social_button\"><a href=\"https:\/\/orasul-timisoara.ro\/feed\/\" target=\"_blank\" rel=\"nofollow\">Conecta\u021bi-v\u0103<\/a><\/span><\/div>\n<\/div>\n<div class=\"td_social_type td-pb-margin-side td_social_tiktok\">\n<div class=\"td-social-box\"><span class=\"td_social_info td_social_info_counter\">1,500<\/span><span class=\"td_social_info td_social_info_name\">Cititori<\/span><span class=\"td_social_button\"><a href=\"https:\/\/www.tiktok.com\/@orasultimisoara\" target=\"_blank\" rel=\"nofollow\">Conecta\u021bi-v\u0103<\/a><\/span><\/div>\n<\/div>\n<div class=\"td_social_type td-pb-margin-side td_social_twitter\">\n<div class=\"td-social-box\"><span class=\"td_social_info td_social_info_counter\">1,595<\/span><span class=\"td_social_info td_social_info_name\">Cititori<\/span><span class=\"td_social_button\"><a href=\"https:\/\/twitter.com\/orasultm\" target=\"_blank\" rel=\"nofollow\">Conecta\u021bi-v\u0103<\/a><\/span><\/div>\n<\/div>\n<div class=\"td_social_type td-pb-margin-side td_social_youtube\">\n<div class=\"td-social-box\"><span class=\"td_social_info td_social_info_counter\">3,506<\/span><span class=\"td_social_info td_social_info_name\">Abona\u021bi<\/span><span class=\"td_social_button\"><a href=\"https:\/\/www.youtube.com\/channel\/UCQNsQvs2XCSIm1Z-AHRturw?sub_confirmation=1\" target=\"_blank\" rel=\"nofollow\">Abona\u021bi-v\u0103<\/a><\/span><\/div>\n<\/div>\n<\/div>\n<\/div>\n<aside id=\"text-7\" class=\"td_block_template_8 widget text-7 widget_text\">\n<h4 class=\"td-block-title\"><span>C\u0103ut\u0103ri populare pe OTM<\/span><\/h4>\n<div class=\"textwidget\"><a href=\"https:\/\/orasul-timisoara.ro\/?s=timisoara\"><span>Timisoara<\/span><\/a><a href=\"https:\/\/orasul-timisoara.ro\/?s=calin+dobra\"><span>Calin Dobra<\/span><\/a><a href=\"https:\/\/orasul-timisoara.ro\/?s=primaria+timisoara\"><span>Primaria Timisoara<\/span><\/a><a href=\"https:\/\/orasul-timisoara.ro\/?s=dominic+fritz\"><span>Dominic Fritz<\/span><\/a><a href=\"https:\/\/orasul-timisoara.ro\/?s=nicolae+robu\"><span>Nicolae Robu<\/span><\/a><a href=\"https:\/\/orasul-timisoara.ro\/?s=consiliul+local+timisoara\">Consiliul Local Timisoara<\/a><a href=\"https:\/\/orasul-timisoara.ro\/?s=consiliul+judetean+timis\"><span>Consiliul Judetean Timis<\/span><\/a><a href=\"https:\/\/orasul-timisoara.ro\/?s=cjt\"><span>CJT<\/span><\/a><a href=\"https:\/\/orasul-timisoara.ro\/?s=Alfred+Simonis\"><span>Alfred Simonis<\/span><\/a><a href=\"https:\/\/orasul-timisoara.ro\/?s=PNL\"><span>PNL<\/span><\/a><a href=\"https:\/\/orasul-timisoara.ro\/?s=coronavirus\"><span>coronavirus<\/span><\/a><a href=\"https:\/\/orasul-timisoara.ro\/?s=teatru+timisoara\">teatru Timisoara<\/a><a href=\"https:\/\/orasul-timisoara.ro\/?s=restaurante\"><span>restaurante Timisoara<\/span><\/a><a href=\"https:\/\/orasul-timisoara.ro\/?s=diskoteka\"><span>Diskoteka<\/span><\/a><a href=\"https:\/\/orasul-timisoara.ro\/?s=iulius+town\"><span>Iulius Town<\/span><\/a><a href=\"https:\/\/orasul-timisoara.ro\/?s=iulius+mall\"><span>Iulius Mall<\/span><\/a><a href=\"https:\/\/orasul-timisoara.ro\/?s=stpt\"><span>STPT<\/span><\/a><a href=\"https:\/\/orasul-timisoara.ro\/?s=alin+nica\"><span>Alin Nica<\/span><\/a><a href=\"https:\/\/orasul-timisoara.ro\/?s=psd\"><span>PSD<\/span><\/a><a href=\"https:\/\/orasul-timisoara.ro\/?s=aeroport\"><span>Aeroportul International Timisoara<\/span><\/a><a href=\"https:\/\/orasul-timisoara.ro\/?s=babes\"><span>Spitalul Victor Babes Timisoara<\/span><\/a><a href=\"https:\/\/orasul-timisoara.ro\/?s=poli\"><span>Poli Timi\u0219oara<\/span><\/a><a href=\"https:\/\/orasul-timisoara.ro\/?s=carantina\"><span>carantina<\/span><\/a><a href=\"https:\/\/orasul-timisoara.ro\/?s=aquatim\"><span>Aquatim<\/span><\/a><a href=\"https:\/\/orasul-timisoara.ro\/local-category\/stiri-timisoara\/\"><span>Stiri Timisoara<\/span><\/a><a href=\"https:\/\/orasul-timisoara.ro\/local-category\/investitii-in-timisoara\/\"><span>Investi\u021bii in Timi\u0219oara<\/span><\/a><a href=\"https:\/\/orasul-timisoara.ro\/local-9463\/\"><span>shaorma<\/span><\/a><a href=\"https:\/\/orasul-timisoara.ro\/?s=trafic\"><span>trafic rutier<\/span><\/a><a href=\"https:\/\/orasul-timisoara.ro\/?s=politia\"><span>politia locala timisoara<\/span><\/a><a href=\"https:\/\/orasul-timisoara.ro\/?s=roxana\"><span>Roxana Iliescu<\/span><\/a><a href=\"https:\/\/orasul-timisoara.ro\/?s=colterm\"><span>Colterm<\/span><\/a><a href=\"https:\/\/orasul-timisoara.ro\/?s=latcau\"><span>Ruben La\u021bc\u0103u<\/span><\/a><a href=\"https:\/\/orasul-timisoara.ro\/?s=timis\"><span>\u0218tiri din Timi\u0219<\/span><\/a><a href=\"https:\/\/orasul-timisoara.ro\/?s=spital\"><span>Spitale din Timi\u0219oara<\/span><\/a><a href=\"https:\/\/orasul-timisoara.ro\/?s=tabara\"><span>Cosmin Tab\u0103r\u0103<\/span><\/a><\/div>\n<\/aside>\n<aside id=\"rss-2\" class=\"td_block_template_8 widget rss-2 widget_rss\">\n<h4 class=\"td-block-title\"><span><a class=\"rsswidget rss-widget-feed\" href=\"https:\/\/fashionfridays.ro\/feed\"><img decoding=\"async\" class=\"rss-widget-icon\" width=\"14\" height=\"14\" src=\"https:\/\/orasul-timisoara.ro\/wp-includes\/images\/rss.png\" alt=\"RSS\" loading=\"lazy\"><\/a><a class=\"rsswidget rss-widget-title\" href=\"https:\/\/fashionfridays.ro\/\">Fashion Fridays<\/a><\/span><\/h4>\n<ul>\n<li><a class=\"rsswidget\" href=\"https:\/\/fashionfridays.ro\/romania-devine-a-29-a-piata-vogue-o-noua-era-pentru-industria-locala-de-moda\/\">Rom\u00e2nia devine a 29-a pia\u021b\u0103 Vogue: o nou\u0103 er\u0103 pentru industria local\u0103 de mod\u0103<\/a>\n<div class=\"rssSummary\">Revista Vogue \u00ee\u0219i extinde prezen\u021ba global\u0103 \u0219i va fi lansat\u0103 oficial \u00een Rom\u00e2nia \u00een prim\u0103vara anului 2027, marc\u00e2nd intrarea pe cea de-a 29-a pia\u021b\u0103 interna\u021bional\u0103. Proiectul este realizat \u00een parteneriat cu AEMME Publishing, o companie media recent \u00eenfiin\u021bat\u0103, care va publica edi\u021bia local\u0103 sub licen\u021b\u0103. Noua edi\u021bie, Vogue Rom\u00e2nia, \u00ee\u0219i propune s\u0103 combine autoritatea global\u0103 [\u2026]<\/div>\n<\/li>\n<\/ul>\n<\/aside>\n<aside id=\"rss-4\" class=\"td_block_template_8 widget rss-4 widget_rss\">\n<h4 class=\"td-block-title\"><span><a class=\"rsswidget rss-widget-feed\" href=\"https:\/\/emasini.ro\/feed\"><img decoding=\"async\" class=\"rss-widget-icon\" width=\"14\" height=\"14\" src=\"https:\/\/orasul-timisoara.ro\/wp-includes\/images\/rss.png\" alt=\"RSS\" loading=\"lazy\"><\/a><a class=\"rsswidget rss-widget-title\" href=\"https:\/\/emasini.ro\/\">eMasini<\/a><\/span><\/h4>\n<ul>\n<li><a class=\"rsswidget\" href=\"https:\/\/emasini.ro\/bmw-testeaza-noul-i4-convertible-primul-cabrio-electric-accesibil-al-marcii\/\">BMW testeaz\u0103 noul i4 Convertible, primul cabrio electric accesibil al m\u0103rcii<\/a>\n<div class=\"rssSummary\">BMW accelereaz\u0103 dezvoltarea noii genera\u021bii de modele electrice bazate pe platforma Neue Klasse, iar unul dintre cele mai interesante proiecte aflate \u00een teste este viitorul BMW i4 Convertible. Prototipul camuflat a fost surprins pe \u0219osele, confirm\u00e2nd c\u0103 produc\u0103torul german preg\u0103te\u0219te o decapotabil\u0103 electric\u0103 destinat\u0103 unui segment \u00een care oferta este, \u00een prezent, extrem de limitat\u0103. [\u2026]<\/div>\n<\/li>\n<\/ul>\n<\/aside>\n<\/div>\n<\/div>\n<\/div>\n<\/div>\n<\/article>\n<div class=\"td-post-content tagdiv-type\">\n<p class=\"wp-block-paragraph\">Ministrul interimar al Transporturilor, Radu Miru\u021b\u0103, a anun\u021bat mar\u021bi c\u0103 a primit 1.725 de sesiz\u0103ri din partea c\u0103l\u0103torilor privind condi\u021biile de c\u0103l\u0103torie cu trenul, iar concluziile sunt \u00eengrijor\u0103toare. Potrivit datelor prezentate \u00eentr-o conferin\u021b\u0103 de pres\u0103, aproximativ 80% dintre persoanele care au completat formularul de feedback au declarat c\u0103 nu ar recomanda c\u0103l\u0103toria cu trenul.<\/p>\n<p class=\"wp-block-paragraph\">Oficialul a precizat c\u0103 o mare parte dintre reclama\u021bii au fost deja analizate, iar autorit\u0103\u021bile au \u00eenceput s\u0103 ia m\u0103suri pentru remedierea problemelor semnalate. Printre cele mai frecvente nemul\u021bumiri se num\u0103r\u0103 lipsa aerului condi\u021bionat, starea toaletelor, supraaglomerarea \u0219i \u00eent\u00e2rzierile trenurilor.<\/p>\n<h2 class=\"wp-block-heading\">Peste 1.700 de sesiz\u0103ri primite de Ministerul Transporturilor<\/h2>\n<p class=\"wp-block-paragraph\">Radu Miru\u021b\u0103 a explicat c\u0103 formularul pus la dispozi\u021bia c\u0103l\u0103torilor a generat 1.725 de sesiz\u0103ri, dintre care 1.180 au fost deja verificate punctual.<\/p>\n<p class=\"wp-block-paragraph\">\u201eVin \u00een fa\u021ba dumneavoastr\u0103 pentru cei care pl\u0103tesc bilete de tren, de avion \u0219i diverse alte taxe. Nu se pot face minuni peste noapte \u0219i e nevoie s\u0103 adres\u0103m aceste probleme pentru ca ele s\u0103 dispar\u0103\u201d, a declarat ministrul.<\/p>\n<p class=\"wp-block-paragraph\">Potrivit acestuia, concluzia cea mai \u00eengrijor\u0103toare este c\u0103 patru din cinci persoane care au transmis sesiz\u0103ri spun c\u0103 nu ar recomanda altor oameni s\u0103 c\u0103l\u0103toreasc\u0103 cu trenul \u00een actualele condi\u021bii.<\/p>\n<h2 class=\"wp-block-heading\">Aerul condi\u021bionat, principala nemul\u021bumire a c\u0103l\u0103torilor<\/h2>\n<p class=\"wp-block-paragraph\">Cea mai frecvent\u0103 problem\u0103 reclamat\u0103 \u00een sezonul cald este lipsa aerului condi\u021bionat \u00een trenuri.<\/p>\n<p class=\"wp-block-paragraph\">Ministrul a precizat c\u0103, \u00een cazul trenurilor Interregio, instala\u021biile de climatizare sunt obligatorii, \u00eens\u0103 aproximativ 60% dintre c\u0103l\u0103torii care ar fi trebuit s\u0103 beneficieze de acest serviciu au semnalat c\u0103 sistemele nu func\u021bioneaz\u0103.<\/p>\n<p class=\"wp-block-paragraph\">Pe l\u00e2ng\u0103 aceast\u0103 problem\u0103, sesiz\u0103rile au vizat \u0219i starea toaletelor, gradul ridicat de ocupare al vagoanelor \u0219i \u00eent\u00e2rzierile \u00een circula\u021bia trenurilor.<\/p>\n<h2 class=\"wp-block-heading\">Cauzele defec\u021biunilor au fost analizate de speciali\u0219ti<\/h2>\n<p class=\"wp-block-paragraph\">Radu Miru\u021b\u0103 a prezentat \u0219i principalele motive identificate pentru func\u021bionarea defectuoas\u0103 a instala\u021biilor de climatizare.<\/p>\n<p class=\"wp-block-paragraph\">Potrivit acestuia, aproximativ 15% dintre probleme sunt generate de locomotivele diesel vechi, care nu mai au capacitatea tehnic\u0103 necesar\u0103 pentru a asigura r\u0103cirea eficient\u0103 a garniturilor.<\/p>\n<p class=\"wp-block-paragraph\">Alte 18% dintre situa\u021bii apar \u00een momentul travers\u0103rii zonelor neutre de pe liniile electrificate. \u00cen aceste sectoare, \u00eentreruperea temporar\u0103 a aliment\u0103rii cu energie poate genera erori la reconectare, ceea ce duce la oprirea instala\u021biilor de aer condi\u021bionat.<\/p>\n<p class=\"wp-block-paragraph\">Cea mai mare pondere, aproximativ 40% din cazuri, este cauzat\u0103 de supra\u00eenc\u0103lzirea instala\u021biilor \u00een perioadele cu temperaturi foarte ridicate. \u00cen astfel de situa\u021bii, sistemele intr\u0103 automat \u00een regim de protec\u021bie \u0219i \u00ee\u0219i \u00eentrerup func\u021bionarea.<\/p>\n<h2 class=\"wp-block-heading\">Ministerul anun\u021b\u0103 primele m\u0103suri pentru remedierea problemelor<\/h2>\n<p class=\"wp-block-paragraph\">Pentru reducerea num\u0103rului de defec\u021biuni, Ministerul Transporturilor a dispus un prim set de m\u0103suri tehnice.<\/p>\n<p class=\"wp-block-paragraph\">Una dintre acestea vizeaz\u0103 modificarea software-ului instala\u021biilor de climatizare, astfel \u00eenc\u00e2t parametrii de func\u021bionare s\u0103 fie adapta\u021bi condi\u021biilor din timpul verii. Potrivit ministrului, p\u00e2n\u0103 \u00een prezent au fost actualizate aproximativ 130 de vagoane, iar \u00een majoritatea cazurilor interven\u021biile au avut rezultatele a\u0219teptate.<\/p>\n<p class=\"wp-block-paragraph\">O alt\u0103 m\u0103sur\u0103 prevede reducerea num\u0103rului de vagoane din compunerea anumitor trenuri, pentru ca locomotivele s\u0103 poat\u0103 asigura o r\u0103cire mai eficient\u0103 a garniturilor aflate \u00een circula\u021bie.<\/p>\n<h2 class=\"wp-block-heading\">Zeci de sanc\u021biuni disciplinare \u0219i verific\u0103ri la firmele de cur\u0103\u021benie<\/h2>\n<p class=\"wp-block-paragraph\">\u00cen urma verific\u0103rilor efectuate la CFR C\u0103l\u0103tori au fost identificate \u0219i situa\u021bii care \u021bin de ne\u00eendeplinirea obliga\u021biilor de serviciu.<\/p>\n<p class=\"wp-block-paragraph\">Radu Miru\u021b\u0103 a anun\u021bat c\u0103 au fost deschise 56 de dosare de cercetare disciplinar\u0103. Dintre acestea, 39 s-au \u00eencheiat cu diminu\u0103ri salariale, iar alte 17 persoane au primit avertisment scris.<\/p>\n<p class=\"wp-block-paragraph\">Au fost analizate \u0219i activit\u0103\u021bile firmelor responsabile de cur\u0103\u021benia din trenuri. \u00cen total, au fost verificate 188 de situa\u021bii, iar aproximativ jum\u0103tate dintre operatorii implica\u021bi au fost sanc\u021biona\u021bi prin depunctare, m\u0103sur\u0103 care le poate afecta participarea la viitoare proceduri contractuale.<\/p>\n<h2 class=\"wp-block-heading\">Fiecare tren va avea un director responsabil<\/h2>\n<p class=\"wp-block-paragraph\">Ministrul interimar al Transporturilor sus\u021bine c\u0103 una dintre problemele constatate a fost lipsa unei responsabilit\u0103\u021bi clare \u00een gestionarea incidentelor.<\/p>\n<p class=\"wp-block-paragraph\">\u201eFiecare zice c\u0103 nu este el responsabil\u201d, a afirmat Radu Miru\u021b\u0103, explic\u00e2nd c\u0103 a decis introducerea unui sistem prin care fiecare dintre cele 1.265 de trenuri care circul\u0103 zilnic s\u0103 fie atribuit unui director responsabil.<\/p>\n<p class=\"wp-block-paragraph\">Potrivit acestuia, \u00een cazul apari\u021biei unor probleme repetate, directorii care au \u00een responsabilitate trenurile respective vor putea fi sanc\u021biona\u021bi.<\/p>\n<h2 class=\"wp-block-heading\">Formular pentru desp\u0103gubirea c\u0103l\u0103torilor \u00eent\u00e2rzia\u021bi<\/h2>\n<p class=\"wp-block-paragraph\">\u00cen cadrul conferin\u021bei de pres\u0103, ministrul a anun\u021bat \u0219i publicarea pe site-ul CFR C\u0103l\u0103tori a unui formular destinat pasagerilor afecta\u021bi de \u00eent\u00e2rzieri importante pe rutele interna\u021bionale.<\/p>\n<p class=\"wp-block-paragraph\">Persoanele care c\u0103l\u0103toresc cu trenuri ce \u00eenregistreaz\u0103 \u00eent\u00e2rzieri de peste 60 de minute pot solicita desp\u0103gubiri prin completarea acestui formular, m\u0103sura fiind menit\u0103 s\u0103 faciliteze exercitarea drepturilor prev\u0103zute pentru pasagerii transportului feroviar.<\/p>\n<p class=\"wp-block-paragraph\">Rezultatele centralizate \u00een urma sesiz\u0103rilor transmise de c\u0103l\u0103tori \u0219i m\u0103surile anun\u021bate de Ministerul Transporturilor contureaz\u0103 o imagine a problemelor cu care se confrunt\u0103 \u00een prezent transportul feroviar de c\u0103l\u0103tori. Autorit\u0103\u021bile sus\u021bin c\u0103 verific\u0103rile \u0219i interven\u021biile vor continua, obiectivul fiind \u00eembun\u0103t\u0103\u021birea condi\u021biilor de c\u0103l\u0103torie \u0219i cre\u0219terea gradului de satisfac\u021bie al pasagerilor.<\/p>\n<\/div>\n<p>[analyse_source url=&#8221;https:\/\/orasul-timisoara.ro\/local-39898\/&#8221;]<\/p>\n","protected":false},"excerpt":{"rendered":"<p>[analyse_image type=&#8221;featured&#8221; src=&#8221;https:\/\/orasul-timisoara.ro\/wp-content\/uploads\/2026\/05\/tren-gara-statie.jpg&#8221;] \u0218tiri na\u021bionale \u0219i interna\u021bionaleMinisterul Transporturilor: 80% dintre c\u0103l\u0103tori nu recomand\u0103 mersul cu trenul \u0218tiri na\u021bionale \u0219i interna\u021bionale Turism Ministerul Transporturilor: 80% dintre c\u0103l\u0103tori nu recomand\u0103 mersul cu trenul De c\u0103tre redactia &#8211; 28\/07\/2026 Facebook Twitter WhatsApp Linkedin ReddIt Email Imprimare Ministrul interimar al Transporturilor, Radu Miru\u021b\u0103, a anun\u021bat mar\u021bi c\u0103 a primit [&hellip;]<\/p>\n","protected":false},"author":1,"featured_media":0,"comment_status":"open","ping_status":"","sticky":false,"template":"","format":"standard","meta":{"footnotes":""},"categories":[89],"tags":[226,189],"class_list":["post-2068930","post","type-post","status-publish","format-standard","hentry","category-romania","tag-crawlmanager","tag-orasul-timisoara-ro"],"_links":{"self":[{"href":"https:\/\/analyse.optim.biz\/index.php?rest_route=\/wp\/v2\/posts\/2068930","targetHints":{"allow":["GET"]}}],"collection":[{"href":"https:\/\/analyse.optim.biz\/index.php?rest_route=\/wp\/v2\/posts"}],"about":[{"href":"https:\/\/analyse.optim.biz\/index.php?rest_route=\/wp\/v2\/types\/post"}],"author":[{"embeddable":true,"href":"https:\/\/analyse.optim.biz\/index.php?rest_route=\/wp\/v2\/users\/1"}],"replies":[{"embeddable":true,"href":"https:\/\/analyse.optim.biz\/index.php?rest_route=%2Fwp%2Fv2%2Fcomments&post=2068930"}],"version-history":[{"count":0,"href":"https:\/\/analyse.optim.biz\/index.php?rest_route=\/wp\/v2\/posts\/2068930\/revisions"}],"wp:attachment":[{"href":"https:\/\/analyse.optim.biz\/index.php?rest_route=%2Fwp%2Fv2%2Fmedia&parent=2068930"}],"wp:term":[{"taxonomy":"category","embeddable":true,"href":"https:\/\/analyse.optim.biz\/index.php?rest_route=%2Fwp%2Fv2%2Fcategories&post=2068930"},{"taxonomy":"post_tag","embeddable":true,"href":"https:\/\/analyse.optim.biz\/index.php?rest_route=%2Fwp%2Fv2%2Ftags&post=2068930"}],"curies":[{"name":"wp","href":"https:\/\/api.w.org\/{rel}","templated":true}]}}