{"id":2068906,"date":"2026-07-29T13:07:38","date_gmt":"2026-07-29T10:07:38","guid":{"rendered":"https:\/\/analyse.optim.biz\/?p=2068906"},"modified":"2026-07-29T13:07:38","modified_gmt":"2026-07-29T10:07:38","slug":"17-carti-de-patrimoniu-ale-muzeului-judetean-buzau-vor-fi-restaurate-in-laboratorul-muzeului-brailei","status":"publish","type":"post","link":"https:\/\/analyse.optim.biz\/?p=2068906","title":{"rendered":"17 c\u0103r\u021bi de patrimoniu ale Muzeului Jude\u021bean Buz\u0103u vor fi restaurate \u00een laboratorul Muzeului Br\u0103ilei"},"content":{"rendered":"<p>[analyse_image type=&#8221;featured&#8221; src=&#8221;https:\/\/gazetabuzoiana.ro\/wp-content\/uploads\/2026\/07\/bibliofila.jpg&#8221;]<\/p>\n<div class=\"entry-content entry clearfix\">\n<p class=\"wp-block-paragraph\">Un nou lot de c\u0103r\u021bi vechi cu valoare de patrimoniu din colec\u021bia Muzeului Jude\u021bean Buz\u0103u a intrat \u00een proces de restaurare. Este vorba despre 17 volume cu valoare bibliofil\u0103, transportate la Laboratorul de Restaurare Carte \u0219i Document al Muzeului Br\u0103ilei \u201eCarol I\u201d, unde vor beneficia de interven\u021bii de conservare \u0219i restaurare realizate de speciali\u0219ti.<\/p>\n<p class=\"wp-block-paragraph\">Potrivit reprezentan\u021bilor Muzeului Br\u0103ilei, volumele fac parte din patrimoniul Muzeului Jude\u021bean Buz\u0103u \u0219i necesit\u0103 lucr\u0103ri de specialitate pentru a fi protejate \u00eempotriva degrad\u0103rii \u0219i pentru a putea fi p\u0103strate \u00een condi\u021bii optime pe termen lung. Restaurarea presupune interven\u021bii complexe, adaptate fiec\u0103rui exemplar, astfel \u00eenc\u00e2t autenticitatea \u0219i integritatea documentelor istorice s\u0103 fie conservate.<\/p>\n<p class=\"wp-block-paragraph\">Ac\u021biunea continu\u0103 colaborarea dintre cele dou\u0103 institu\u021bii muzeale. \u00cen toamna anului trecut, alte zece c\u0103r\u021bi vechi din patrimoniul Muzeului Jude\u021bean Buz\u0103u au fost restaurate la Br\u0103ila, iar pentru 2026 era prev\u0103zut\u0103 extinderea programului de restaurare a fondului de carte veche.<\/p>\n<p class=\"wp-block-paragraph\">Directorul Muzeului Jude\u021bean Buz\u0103u, Daniel Costache, declara la \u00eenceputul acestui an c\u0103 institu\u021bia de\u021bine aproximativ 40 de volume de interes na\u021bional cu valoare bibliofil\u0103, majoritatea c\u0103r\u021bi biserice\u0219ti din secolele XVII-XVIII, iar restaurarea acestora reprezint\u0103 o prioritate \u00eenainte de includerea lor \u00eentr-un amplu program de conservare.<\/p>\n<p class=\"wp-block-paragraph\">Prin aceste interven\u021bii, patrimoniul scris al jude\u021bului Buz\u0103u este protejat \u0219i preg\u0103tit pentru a fi transmis genera\u021biilor viitoare \u00een cele mai bune condi\u021bii.<\/p>\n<div class=\"post-bottom-meta post-bottom-tags post-tags-modern\">\n<div class=\"post-bottom-meta-title\"> Etichete<\/div>\n<p><span class=\"tagcloud\"><a href=\"https:\/\/gazetabuzoiana.ro\/tag\/carte-bibliofila\/\" rel=\"tag\">carte bibliofil\u0103<\/a><a href=\"https:\/\/gazetabuzoiana.ro\/tag\/carti-vechi\/\" rel=\"tag\">c\u0103r\u021bi vechi<\/a><a href=\"https:\/\/gazetabuzoiana.ro\/tag\/conservare-patrimoniu\/\" rel=\"tag\">conservare patrimoniu<\/a><a href=\"https:\/\/gazetabuzoiana.ro\/tag\/daniel-costache\/\" rel=\"tag\">Daniel Costache<\/a><a href=\"https:\/\/gazetabuzoiana.ro\/tag\/laborator-de-restaurare\/\" rel=\"tag\">laborator de restaurare<\/a><a href=\"https:\/\/gazetabuzoiana.ro\/tag\/muzeul-brailei-carol-i\/\" rel=\"tag\">Muzeul Br\u0103ilei Carol I<\/a><a href=\"https:\/\/gazetabuzoiana.ro\/tag\/muzeul-judetean-buzau\/\" rel=\"tag\">Muzeul Jude\u021bean Buz\u0103u<\/a><a href=\"https:\/\/gazetabuzoiana.ro\/tag\/patrimoniu-cultural\/\" rel=\"tag\">patrimoniu cultural<\/a><a href=\"https:\/\/gazetabuzoiana.ro\/tag\/patrimoniul-buzaului\/\" rel=\"tag\">patrimoniul Buz\u0103ului<\/a><a href=\"https:\/\/gazetabuzoiana.ro\/tag\/restaurare-carti\/\" rel=\"tag\">restaurare c\u0103r\u021bi<\/a><\/span><\/div>\n<\/div>\n<p>[analyse_source url=&#8221;https:\/\/gazetabuzoiana.ro\/2026\/07\/29\/17-carti-de-patrimoniu-ale-muzeului-judetean-buzau-vor-fi-restaurate-in-laboratorul-muzeului-brailei\/&#8221;]<\/p>\n","protected":false},"excerpt":{"rendered":"<p>[analyse_image type=&#8221;featured&#8221; src=&#8221;https:\/\/gazetabuzoiana.ro\/wp-content\/uploads\/2026\/07\/bibliofila.jpg&#8221;] Un nou lot de c\u0103r\u021bi vechi cu valoare de patrimoniu din colec\u021bia Muzeului Jude\u021bean Buz\u0103u a intrat \u00een proces de restaurare. Este vorba despre 17 volume cu valoare bibliofil\u0103, transportate la Laboratorul de Restaurare Carte \u0219i Document al Muzeului Br\u0103ilei \u201eCarol I\u201d, unde vor beneficia de interven\u021bii de conservare \u0219i restaurare realizate [&hellip;]<\/p>\n","protected":false},"author":1,"featured_media":0,"comment_status":"open","ping_status":"","sticky":false,"template":"","format":"standard","meta":{"footnotes":""},"categories":[2],"tags":[226,38],"class_list":["post-2068906","post","type-post","status-publish","format-standard","hentry","category-politics","tag-crawlmanager","tag-gazetabuzoiana-ro"],"_links":{"self":[{"href":"https:\/\/analyse.optim.biz\/index.php?rest_route=\/wp\/v2\/posts\/2068906","targetHints":{"allow":["GET"]}}],"collection":[{"href":"https:\/\/analyse.optim.biz\/index.php?rest_route=\/wp\/v2\/posts"}],"about":[{"href":"https:\/\/analyse.optim.biz\/index.php?rest_route=\/wp\/v2\/types\/post"}],"author":[{"embeddable":true,"href":"https:\/\/analyse.optim.biz\/index.php?rest_route=\/wp\/v2\/users\/1"}],"replies":[{"embeddable":true,"href":"https:\/\/analyse.optim.biz\/index.php?rest_route=%2Fwp%2Fv2%2Fcomments&post=2068906"}],"version-history":[{"count":0,"href":"https:\/\/analyse.optim.biz\/index.php?rest_route=\/wp\/v2\/posts\/2068906\/revisions"}],"wp:attachment":[{"href":"https:\/\/analyse.optim.biz\/index.php?rest_route=%2Fwp%2Fv2%2Fmedia&parent=2068906"}],"wp:term":[{"taxonomy":"category","embeddable":true,"href":"https:\/\/analyse.optim.biz\/index.php?rest_route=%2Fwp%2Fv2%2Fcategories&post=2068906"},{"taxonomy":"post_tag","embeddable":true,"href":"https:\/\/analyse.optim.biz\/index.php?rest_route=%2Fwp%2Fv2%2Ftags&post=2068906"}],"curies":[{"name":"wp","href":"https:\/\/api.w.org\/{rel}","templated":true}]}}