{"id":206883,"date":"2014-04-28T10:55:07","date_gmt":"2014-04-28T07:55:07","guid":{"rendered":"https:\/\/analyse.optim.biz\/?p=206883"},"modified":"2014-04-28T10:55:07","modified_gmt":"2014-04-28T07:55:07","slug":"victor-ponta-mesaje-pentru-crin-antonescu-nu-o-sa-il-regret-pe-basescu-in-al-doilea-rand-nu-va-ajunge-domnia-sa-la-cotroceni","status":"publish","type":"post","link":"https:\/\/analyse.optim.biz\/?p=206883","title":{"rendered":"Victor Ponta, mesaje pentru Crin Antonescu: Nu o s\u0103 \u00eel regret pe B\u0103sescu. \u00cen al doilea r\u00e2nd nu va ajunge domnia sa la Cotroceni\u00a0"},"content":{"rendered":"<div class=\"entry data-app-meta data-app-meta-article\" data-embed-base-url-canonical=\"https:\/\/www.digi24.ro\/embed\/stiri\/actualitate\/politica\/victor-ponta-mesaje-pentru-crin-antonescu-nu-o-sa-il-regret-pe-basescu-in-al-doilea-rand-nu-va-ajunge-domnia-sa-la-cotroceni-235404\">\n<p data-index=\"1\">Pre\u015fedintele PNL,<strong><a href=\"https:\/\/www.digi24.ro\/Stiri\/Digi24\/Actualitate\/Politica\/Crin+Antonescu+catre+Victor+Ponta+Ai+sa-l+regreti+pe+Basescu\" target=\"_blank\" data-skip-linkfix=\"1\" rel=\"noopener\">Crin Antonescu<\/a>,<\/strong> i-a transmis, duminic\u0103, de la Ploie\u015fti, premierului Victor Ponta mesajul: \u201eAi s\u0103-l regre\u0163i pe B\u0103sescu!\u201d. El a explicat c\u0103, dac\u0103 el va ajunge pre\u015fedintele \u0163\u0103rii, nu va face pacturi de coabitare, iar Victor Ponta nu va mai face parte din guvern.<\/p>\n<p data-index=\"2\">\u201eSe \u00een\u015feal\u0103. \u00cen primul r\u00e2nd nu o s\u0103 \u00eel regret niciodat\u0103 pe domnul B\u0103sescu, din punctul \u0103sta de vedere s\u0103 stea lini\u015ftit. \u00cen al doilea r\u00e2nd nu va ajunge domnia sa la Cotroceni. Putea s\u0103 ajung\u0103 ca \u015fi candidat al USL, nefiind candidat al USL&#8230; Din ambele puncte de vedere se \u00een\u015feal\u0103, nu o s\u0103 \u00eel regret pe domnul B\u0103sescu\u201d, a replicat ast\u0103zi premierul Victor Ponta.<\/p>\n<p data-index=\"3\">\u201e<span>Vom g\u0103si acel pre\u015fedinte \u0219i \u00eel vom sprijini, care poate s\u0103 fac\u0103 acele lucruri pe care rom\u00e2nii le a\u015fteapt\u0103. O s\u0103 fiu din nou \u00een prima linie a acestei b\u0103t\u0103lii. De data asta cred c\u0103 voi c\u00e2\u015ftiga. Dac\u0103 ve\u021bi considera c\u0103 eu trebuie s\u0103 fiu, bine\u00een\u021beles c\u0103 voi fi acel candidat\u201d, a declarat s\u00e2mb\u0103t\u0103 <strong><a href=\"https:\/\/www.digi24.ro\/Stiri\/Digi24\/Actualitate\/Politica\/Victor+Ponta+pregatit+pentru+Cotroceni+Daca+veti+considera+ca+eu\" target=\"_blank\" data-skip-linkfix=\"1\" rel=\"noopener\">Victor Ponta.<\/a><\/strong><\/span><\/p>\n<p data-index=\"4\">Mesajul a fost lansat la prezentarea candida\u0163ilor alian\u0163ei PSD-UNPR-PC pentru europarlamentare.<\/p>\n<\/div>\n<p> Source URL: https:\/\/www.digi24.ro\/stiri\/actualitate\/politica\/victor-ponta-mesaje-pentru-crin-antonescu-nu-o-sa-il-regret-pe-basescu-in-al-doilea-rand-nu-va-ajunge-domnia-sa-la-cotroceni-235404<\/p>\n","protected":false},"excerpt":{"rendered":"<p>Pre\u015fedintele PNL,Crin Antonescu, i-a transmis, duminic\u0103, de la Ploie\u015fti, premierului Victor Ponta mesajul: \u201eAi s\u0103-l regre\u0163i pe B\u0103sescu!\u201d. El a explicat c\u0103, dac\u0103 el va ajunge pre\u015fedintele \u0163\u0103rii, nu va face pacturi de coabitare, iar Victor Ponta nu va mai face parte din guvern. \u201eSe \u00een\u015feal\u0103. \u00cen primul r\u00e2nd nu o s\u0103 \u00eel regret niciodat\u0103 [&hellip;]<\/p>\n","protected":false},"author":1,"featured_media":206884,"comment_status":"open","ping_status":"","sticky":false,"template":"","format":"standard","meta":{"footnotes":""},"categories":[2],"tags":[11],"class_list":["post-206883","post","type-post","status-publish","format-standard","has-post-thumbnail","hentry","category-politics","tag-digi24"],"_links":{"self":[{"href":"https:\/\/analyse.optim.biz\/index.php?rest_route=\/wp\/v2\/posts\/206883","targetHints":{"allow":["GET"]}}],"collection":[{"href":"https:\/\/analyse.optim.biz\/index.php?rest_route=\/wp\/v2\/posts"}],"about":[{"href":"https:\/\/analyse.optim.biz\/index.php?rest_route=\/wp\/v2\/types\/post"}],"author":[{"embeddable":true,"href":"https:\/\/analyse.optim.biz\/index.php?rest_route=\/wp\/v2\/users\/1"}],"replies":[{"embeddable":true,"href":"https:\/\/analyse.optim.biz\/index.php?rest_route=%2Fwp%2Fv2%2Fcomments&post=206883"}],"version-history":[{"count":0,"href":"https:\/\/analyse.optim.biz\/index.php?rest_route=\/wp\/v2\/posts\/206883\/revisions"}],"wp:featuredmedia":[{"embeddable":true,"href":"https:\/\/analyse.optim.biz\/index.php?rest_route=\/wp\/v2\/media\/206884"}],"wp:attachment":[{"href":"https:\/\/analyse.optim.biz\/index.php?rest_route=%2Fwp%2Fv2%2Fmedia&parent=206883"}],"wp:term":[{"taxonomy":"category","embeddable":true,"href":"https:\/\/analyse.optim.biz\/index.php?rest_route=%2Fwp%2Fv2%2Fcategories&post=206883"},{"taxonomy":"post_tag","embeddable":true,"href":"https:\/\/analyse.optim.biz\/index.php?rest_route=%2Fwp%2Fv2%2Ftags&post=206883"}],"curies":[{"name":"wp","href":"https:\/\/api.w.org\/{rel}","templated":true}]}}