{"id":2068776,"date":"2026-07-30T00:00:00","date_gmt":"2026-07-29T21:00:00","guid":{"rendered":"https:\/\/analyse.optim.biz\/?p=2068776"},"modified":"2026-07-30T00:00:00","modified_gmt":"2026-07-29T21:00:00","slug":"taxiurile-din-tulcea-vor-avea-noi-statii-de-asteptare-primaria-propune-modificarea-regulamentului-de-transport","status":"publish","type":"post","link":"https:\/\/analyse.optim.biz\/?p=2068776","title":{"rendered":"Taxiurile din Tulcea vor avea noi sta\u021bii de a\u0219teptare. Prim\u0103ria propune modificarea regulamentului de transport"},"content":{"rendered":"<p>[analyse_image type=&#8221;featured&#8221; src=&#8221;https:\/\/ziaruldetulcea.ro\/wp-content\/uploads\/2026\/07\/Screenshot_20260730_081644_Maps-640&#215;300.jpg&#8221;]<\/p>\n<div class=\"post\">\n<p><img loading=\"lazy\" decoding=\"async\" class=\"alignleft size-full wp-image-43915\" src=\"https:\/\/ziaruldetulcea.ro\/wp-content\/uploads\/2026\/07\/Screenshot_20260730_081644_Maps-scaled.jpg\" alt width=\"2560\" height=\"1230\">Mai multe sta\u021bii pentru taxiuri din municipiul Tulcea urmeaz\u0103 s\u0103 fie relocate sau reorganizate, \u00een func\u021bie de noile condi\u021bii de trafic \u0219i de investi\u021biile realizate \u00een infrastructura rutier\u0103. Modific\u0103rile sunt cuprinse \u00eentr-un proiect de hot\u0103r\u00e2re care va fi dezb\u0103tut \u0219i supus aprob\u0103rii Consiliului Local \u00een \u0219edin\u021ba din 30 iulie 2026.<\/p>\n<p>Potrivit documenta\u021biei, schimb\u0103rile sunt necesare dup\u0103 finalizarea lucr\u0103rilor de modernizare a str\u0103zii Isaccei \u0219i a zonei industriale Vest, unde au fost amenajate noi sensuri giratorii \u0219i au fost modificate condi\u021biile de circula\u021bie. \u00cen urma acestor investi\u021bii, unele sta\u021bii de taxi nu mai pot func\u021biona \u00een actualele amplasamente, iar altele sunt mutate pentru a \u00eembun\u0103t\u0103\u021bi siguran\u021ba traficului \u0219i accesul c\u0103l\u0103torilor.<\/p>\n<h3>Principalele modific\u0103ri propuse<\/h3>\n<p>Proiectul prevede:<\/p>\n<ul>\n<li><strong>\u00eenfiin\u021barea unei noi sta\u021bii de taxi cu \u0219ase locuri<\/strong> pe strada Comer\u021bului, \u00een spatele cl\u0103dirii ANAF;<\/li>\n<li><strong>mutarea sta\u021biei de pe strada Gr\u0103dinarilor<\/strong>, \u00een zona intersec\u021biei Gr\u0103dinarilor \u2013 Prislav, unde vor fi amenajate cinci locuri;<\/li>\n<li><strong>desfiin\u021barea sta\u021biei de pe strada Isaccei \u2013 ITA<\/strong> \u0219i mutarea celor opt locuri \u00een sta\u021bia de pe strada Isaccei, vizavi de Alum S.A., l\u00e2ng\u0103 Park&amp;Ride, unde capacitatea va cre\u0219te la 13 locuri;<\/li>\n<li><strong>eliminarea sta\u021biei de pe strada Isaccei \u2013 intrare Ore\u0219elul Copiilor<\/strong>, ca urmare a modific\u0103rilor de trafic din zon\u0103.<\/li>\n<\/ul>\n<p>Restul prevederilor regulamentului privind transportul \u00een regim de taxi \u0219i \u00een regim de \u00eenchiriere r\u0103m\u00e2n neschimbate.<\/p>\n<h3>M\u0103surile au fost analizate \u00eempreun\u0103 cu institu\u021biile implicate<\/h3>\n<p>\u00cenainte de promovarea proiectului, Prim\u0103ria Tulcea a organizat procedura de transparen\u021b\u0103 decizional\u0103 \u0219i a solicitat puncte de vedere din partea Poli\u021biei Rutiere, administratorului drumurilor \u0219i organiza\u021biilor profesionale ale taximetri\u0219tilor. Documenta\u021bia arat\u0103 c\u0103 au fost primite avize \u0219i observa\u021bii privind amplasarea noilor sta\u021bii.<\/p>\n<p>Biroul Rutier a transmis aviz favorabil, cu recomandarea ca noile sta\u021bii s\u0103 fie marcate corespunz\u0103tor pentru protejarea participan\u021bilor la trafic. Administratorul drumurilor \u0219i Camera Na\u021bional\u0103 a Taximetri\u0219tilor \u2013 Filiala Tulcea au emis, de asemenea, avize favorabile, \u00een timp ce Asocia\u021bia Profesional\u0103 a Taximetri\u0219tilor din Jude\u021bul Tulcea a formulat unele observa\u021bii privind mutarea anumitor sta\u021bii.<\/p>\n<p>Dac\u0103 proiectul va fi aprobat de Consiliul Local, noile amplasamente vor fi introduse \u00een regulamentul privind organizarea \u0219i executarea serviciului de transport \u00een regim de taxi din municipiul Tulcea, urm\u00e2nd s\u0103 fie amenajate \u0219i semnalizate corespunz\u0103tor.<\/p>\n<\/div>\n<p>[analyse_source url=&#8221;https:\/\/ziaruldetulcea.ro\/taxiurile-din-tulcea-vor-avea-noi-statii-de-asteptare-primaria-propune-modificarea-regulamentului-de-transport\/&#8221;]<\/p>\n","protected":false},"excerpt":{"rendered":"<p>[analyse_image type=&#8221;featured&#8221; src=&#8221;https:\/\/ziaruldetulcea.ro\/wp-content\/uploads\/2026\/07\/Screenshot_20260730_081644_Maps-640&#215;300.jpg&#8221;] Mai multe sta\u021bii pentru taxiuri din municipiul Tulcea urmeaz\u0103 s\u0103 fie relocate sau reorganizate, \u00een func\u021bie de noile condi\u021bii de trafic \u0219i de investi\u021biile realizate \u00een infrastructura rutier\u0103. Modific\u0103rile sunt cuprinse \u00eentr-un proiect de hot\u0103r\u00e2re care va fi dezb\u0103tut \u0219i supus aprob\u0103rii Consiliului Local \u00een \u0219edin\u021ba din 30 iulie 2026. Potrivit documenta\u021biei, [&hellip;]<\/p>\n","protected":false},"author":1,"featured_media":0,"comment_status":"open","ping_status":"","sticky":false,"template":"","format":"standard","meta":{"footnotes":""},"categories":[89],"tags":[226,205],"class_list":["post-2068776","post","type-post","status-publish","format-standard","hentry","category-romania","tag-crawlmanager","tag-ziaruldetulcea-ro"],"_links":{"self":[{"href":"https:\/\/analyse.optim.biz\/index.php?rest_route=\/wp\/v2\/posts\/2068776","targetHints":{"allow":["GET"]}}],"collection":[{"href":"https:\/\/analyse.optim.biz\/index.php?rest_route=\/wp\/v2\/posts"}],"about":[{"href":"https:\/\/analyse.optim.biz\/index.php?rest_route=\/wp\/v2\/types\/post"}],"author":[{"embeddable":true,"href":"https:\/\/analyse.optim.biz\/index.php?rest_route=\/wp\/v2\/users\/1"}],"replies":[{"embeddable":true,"href":"https:\/\/analyse.optim.biz\/index.php?rest_route=%2Fwp%2Fv2%2Fcomments&post=2068776"}],"version-history":[{"count":0,"href":"https:\/\/analyse.optim.biz\/index.php?rest_route=\/wp\/v2\/posts\/2068776\/revisions"}],"wp:attachment":[{"href":"https:\/\/analyse.optim.biz\/index.php?rest_route=%2Fwp%2Fv2%2Fmedia&parent=2068776"}],"wp:term":[{"taxonomy":"category","embeddable":true,"href":"https:\/\/analyse.optim.biz\/index.php?rest_route=%2Fwp%2Fv2%2Fcategories&post=2068776"},{"taxonomy":"post_tag","embeddable":true,"href":"https:\/\/analyse.optim.biz\/index.php?rest_route=%2Fwp%2Fv2%2Ftags&post=2068776"}],"curies":[{"name":"wp","href":"https:\/\/api.w.org\/{rel}","templated":true}]}}