{"id":2068744,"date":"2026-07-30T06:05:19","date_gmt":"2026-07-30T03:05:19","guid":{"rendered":"https:\/\/analyse.optim.biz\/?p=2068744"},"modified":"2026-07-30T06:05:19","modified_gmt":"2026-07-30T03:05:19","slug":"criza-energiei-confirmata-de-la-guvern-ilie-bolojan-indeamna-romanii-sa-reduca-consumul-de-energie","status":"publish","type":"post","link":"https:\/\/analyse.optim.biz\/?p=2068744","title":{"rendered":"Criza energiei, confirmat\u0103 de la Guvern: Ilie Bolojan \u00eendeamn\u0103 rom\u00e2nii s\u0103 reduc\u0103 consumul de energie"},"content":{"rendered":"<p>[analyse_image type=&#8221;featured&#8221; src=&#8221;https:\/\/r3media.ro\/wp-content\/uploads\/2023\/08\/nuclearelectrica-cernavoda-e1785391468297.jpghttps:\/\/r3media.ro\/wp-content\/uploads\/2023\/08\/nuclearelectrica-cernavoda-e1785391468297.jpg&#8221;]<\/p>\n<article id=\"template-id-109\" class=\"post-109 tdb_templates type-tdb_templates status-publish post\">\n<div id=\"tdi_2\" class=\"tdc-zone\">\n<div class=\"tdc_zone tdi_3  wpb_row td-pb-row\">\n<div id=\"tdi_4\" class=\"tdc-row\">\n<div class=\"vc_row tdi_5  wpb_row td-pb-row\">\n<div class=\"vc_column tdi_7  wpb_column vc_column_container tdc-column td-pb-span8\">\n<div class=\"wpb_wrapper\">\n<div class=\"td_block_wrap tdb_breadcrumbs tdi_8 td-pb-border-top td_block_template_1 tdb-breadcrumbs \" data-td-block-uid=\"tdi_8\">\n<div class=\"tdb-block-inner td-fix-index\"><span><a title=\"Vede\u021bi toate articolele \u00een ENERGIE\" class=\"tdb-entry-crumb\" href=\"https:\/\/r3media.ro\/category\/energie\/\">ENERGIE<\/a><\/span><span class=\"tdb-bred-no-url-last\">Criza energiei, confirmat\u0103 de la Guvern: Ilie Bolojan \u00eendeamn\u0103 rom\u00e2nii s\u0103 reduc\u0103&#8230;<\/span><\/div>\n<\/div>\n<div class=\"td_block_wrap tdb_single_categories tdi_9 td-pb-border-top td_block_template_1 \" data-td-block-uid=\"tdi_9\">\n<div class=\"tdb-category td-fix-index\"><a class=\"tdb-entry-category\" href=\"https:\/\/r3media.ro\/category\/energie\/\">ENERGIE<\/a><a class=\"tdb-entry-category\" href=\"https:\/\/r3media.ro\/category\/featured\/\">FEATURED<\/a><a class=\"tdb-entry-category\" href=\"https:\/\/r3media.ro\/category\/stiri\/\">\u0218TIRI<\/a><\/div>\n<\/div>\n<div class=\"td_block_wrap tdb_title tdi_10 tdb-single-title td-pb-border-top td_block_template_1\" data-td-block-uid=\"tdi_10\">\n<div class=\"tdb-block-inner td-fix-index\">\n<h1 class=\"tdb-title-text\">Criza energiei, confirmat\u0103 de la Guvern: Ilie Bolojan \u00eendeamn\u0103 rom\u00e2nii s\u0103 reduc\u0103 consumul de energie<\/h1>\n<\/div>\n<\/div>\n<div class=\"vc_row_inner tdi_12  vc_row vc_inner wpb_row td-pb-row\">\n<div class=\"vc_column_inner tdi_14  wpb_column vc_column_container tdc-inner-column td-pb-span12\">\n<div class=\"vc_column-inner\">\n<div class=\"wpb_wrapper\">\n<div class=\"td_block_wrap tdb_single_author tdi_15 td-pb-border-top td_block_template_1 tdb-post-meta\" data-td-block-uid=\"tdi_15\">\n<div class=\"tdb-block-inner td-fix-index\">\n<div class=\"tdb-author-name-wrap\"><a class=\"tdb-author-name\" href=\"https:\/\/r3media.ro\/author\/redactia\/\">Redac\u021bia<\/a><\/div>\n<\/div>\n<\/div>\n<div class=\"td_block_wrap tdb_single_date tdi_16 td-pb-border-top td_block_template_1 tdb-post-meta\" data-td-block-uid=\"tdi_16\">\n<div class=\"tdb-block-inner td-fix-index\"><time class=\"entry-date updated td-module-date\" datetime=\"2026-07-30T09:05:19+03:00\">30\/07\/2026<\/time><\/div>\n<\/div>\n<\/div>\n<\/div>\n<\/div>\n<\/div>\n<div class=\"td_block_wrap tdb_single_featured_image tdi_17 tdb-content-horiz-left td-pb-border-top td_block_template_1\" data-td-block-uid=\"tdi_17\">\n<div class=\"tdb-block-inner td-fix-index\">\n<figure><figcaption class=\"tdb-caption-text\">Sursa: Facebook Nuclearelectrica Oficial<\/figcaption><\/figure>\n<\/div>\n<\/div>\n<div class=\"td_block_wrap tdb_single_content tdi_18 td-pb-border-top td_block_template_1 td-post-content tagdiv-type\" data-td-block-uid=\"tdi_18\">\n<div class=\"tdb-block-inner td-fix-index\">\n<p><strong>Ilie Bolojan, premier interimar al Rom\u00e2niei, a confirmat criza energiei prin care trece \u021bara, dup\u0103 ce a \u00eendemnat rom\u00e2nii s\u0103 reduc\u0103 consumul de energie.<\/strong><\/p>\n<p>Bolojan a spus c\u0103 Rom\u00e2nia este afectat\u0103 de oprirea celei de-a doua unit\u0103\u021bi de la Cernavod\u0103.<\/p>\n<p>\u201eFolosesc acest prilej s\u0103 fac un apel c\u0103tre cet\u0103\u021benii Rom\u00e2niei, c\u0103tre mari consumatori industriali s\u0103 aib\u0103 \u00een vedere posibilitatea unei reduceri voluntare, pur \u0219i simplu, de a avea grij\u0103 c\u00e2t consum\u0103 \u00een orele de sear\u0103, a\u0219a cum am spus, de la 20:00 la 23:00, atunci c\u00e2nd avem un deficit de energie\u201d, a transmis premierul interimar la <a href=\"https:\/\/www.digi24.ro\/stiri\/bolojan-apel-catre-romani-dupa-oprirea-centralei-nucleare-de-la-cernavoda-reduceti-consumul-de-energie-in-orele-de-varf-3884557\" target=\"_blank\" rel=\"noopener\">Digi 24<\/a>.<\/p>\n<p>El a subliniat c\u0103 \u00een restul zilei sistemul energetic func\u021bioneaz\u0103 \u00een condi\u021bii normale, datorit\u0103 produc\u021biei din surse regenerabile \u0219i capacit\u0103\u021bilor de stocare.<\/p>\n<p>\u201e\u00cen rest nu sunt niciun fel de probleme \u00een cursul zilei pentru c\u0103 avem o produc\u021bie important\u0103 pe componenta de fotovoltaic, de eolian \u0219i treptat s-a dezvoltat \u0219i stocarea. Acum vedem ce \u00eenseamn\u0103 s\u0103 nu fie f\u0103cut de-a lungul anilor investi\u021bii \u00een aceast\u0103 zon\u0103 de energie, care s\u0103 ne creeze rezerve de capacitate, \u00een a\u0219a fel \u00eenc\u00e2t s\u0103 putem trece peste astfel de perioade. Dar asta este situa\u021bia \u0219i o astfel de secet\u0103 n-a mai fost de mul\u021bi ani \u0219i afecteaz\u0103 puternic nivelul Dun\u0103rii\u201d, a afirmat \u0219eful PNL.<\/p>\n<p>Potrivit premierului demis, aceast\u0103 situa\u021bie ar putea dura o s\u0103pt\u0103m\u00e2n\u0103 \u2013 dou\u0103.<\/p>\n<p>\u201eAceast\u0103 perioad\u0103 ar putea s\u0103 dureze o s\u0103pt\u0103m\u00e2n\u0103 sau dou\u0103, pentru c\u0103, conform prognozelor meteo, nu se \u00eentrevede o cre\u0219tere a precipita\u021biilor \u00een bazinul inferior al Dun\u0103rii, care s\u0103 creasc\u0103 nivelul Dun\u0103rii.<\/p>\n<p>\u00cen mod normal ar trebui s\u0103 se \u00eembun\u0103t\u0103\u021beasc\u0103 nivelul debitului, s\u0103 creasc\u0103 \u00een a\u0219a fel \u00eenc\u00e2t s\u0103 se poat\u0103 reporni cel pu\u021bin unul dintre cele dou\u0103 grupuri\u201d, a mai spus Ilie Bolojan. Oprirea Unit\u0103\u021bii 2 vine dup\u0103 ce, mar\u021bi, \u0219i reactorul 1 al Centralei Nuclearoelectrice Cernavod\u0103 a fost oprit controlat din acela\u0219i motiv: nivelul extrem de sc\u0103zut al Dun\u0103rii, provocat de seceta sever\u0103.<\/p>\n<div class=\"crp_related     crp-masonry\">\n<h2>\u00ceN CONTEXT<\/h2>\n<ul>\n<li><a href=\"https:\/\/r3media.ro\/moralitate-pe-stomacul-gol-mihai-morar-fotografiat-restaurant-ilie-bolojan-romanii-impovarati-taxe-si-impozite-jurnalist-necrutator-george-simion-calin-georgescu\/\" class=\"crp_link post-114898\"><span class=\"crp_title\">Moralitate pe stomacul gol? | Mihai Morar a fost fotografiat la restaurant cu Ilie Bolojan,\u2026<\/span><\/a><\/li>\n<li><a href=\"https:\/\/r3media.ro\/video-antena-1-ilie-bolojan-demis-pnl-demisii\/\" class=\"crp_link post-116093\"><span class=\"crp_title\">VIDEO | Antena 1 a modificat interviul cu Ilie Bolojan \u0219i a eliminat la montaj partea \u00een\u2026<\/span><\/a><\/li>\n<li><a href=\"https:\/\/r3media.ro\/nicusor-dan-ilie-bolojan-premier-guvern-criza\/\" class=\"crp_link post-116338\"><span class=\"crp_title\">Nicu\u0219or Dan, mesaj pentru Ilie Bolojan? Nu a\u0219 vrea s\u0103 numesc un guvern care s\u0103 nasc\u0103 o alt\u0103 criz\u0103<\/span><\/a><\/li>\n<li><a href=\"https:\/\/r3media.ro\/mihai-morar-nu-se-dezice-de-ilie-bolojan-mai-bine-bolojenist-decat-pesedist-mai-bine-bolojan-decat-pesedan\/\" class=\"crp_link post-116059\"><span class=\"crp_title\">Mihai Morar nu se dezice de Ilie Bolojan: Mai bine bolojenist dec\u00e2t pesedist. Mai bine\u2026<\/span><\/a><\/li>\n<li><a href=\"https:\/\/r3media.ro\/ilie-bolojan-demitere-ionut-mosteanu-ministrul-apararii-mintit-cv-terminat-universitate-capul-sus\/\" class=\"crp_link post-114298\"><span class=\"crp_title\">Revolt\u0103tor! Ilie Bolojan nu-l demite pe Ionu\u021b Mo\u0219teanu, ministrul care a min\u021bit \u00een CV c\u0103 a\u2026<\/span><\/a><\/li>\n<li><a href=\"https:\/\/r3media.ro\/tribunalul-bucuresti-suspenda-decizii-adoptate-congres-pnl-victorie-contestatari-ilie-bolojan\/\" class=\"crp_link post-119599\"><span class=\"crp_title\">Tribunalul Bucure\u0219ti a suspendat deciziile adoptate la Congresul PNL: Victorie \u00een linie\u2026<\/span><\/a><\/li>\n<li><a href=\"https:\/\/r3media.ro\/george-simion-drona-galati-reactii\/\" class=\"crp_link post-117247\"><span class=\"crp_title\">George Simion, dup\u0103 drona de la Gala\u021bi: A\u021bi fi fost \u00een stare chiar \u0219i pentru drona din\u2026<\/span><\/a><\/li>\n<li><a href=\"https:\/\/r3media.ro\/in-romania-trebuie-sa-te-sustina-strainii-nu-romanii-manfred-weber-ppe-se-da-de-ceasul-mortii-pentru-ilie-bolojan-si-acuza-psd-ca-s-a-indepartat-de-valorile-pro-europene\/\" class=\"crp_link post-115925\"><span class=\"crp_title\">\u00cen Rom\u00e2nia trebuie s\u0103 te sus\u021bin\u0103 str\u0103inii, nu rom\u00e2nii: Manfred Weber (PPE) se d\u0103 de ceasul\u2026<\/span><\/a><\/li>\n<\/ul>\n<\/div>\n<\/div>\n<\/div>\n<div class=\"td_block_wrap tdb_single_tags tdi_19 td-pb-border-top td_block_template_1\" data-td-block-uid=\"tdi_19\">\n<div class=\"tdb-block-inner td-fix-index\">\n<ul class=\"tdb-tags\">\n<li><span>SUBIECTE FIERBIN\u021aI<\/span><\/li>\n<li><a href=\"https:\/\/r3media.ro\/tag\/centrala-de-la-cernavoda\/\">centrala de la cernavoda<\/a><\/li>\n<li><a href=\"https:\/\/r3media.ro\/tag\/criza-energetica\/\">criza energetica<\/a><\/li>\n<li><a href=\"https:\/\/r3media.ro\/tag\/ilie-bolojan\/\">Ilie Bolojan<\/a><\/li>\n<\/ul>\n<\/div>\n<\/div>\n<div class=\"td_block_wrap td_block_9 tdi_20 td_with_ajax_pagination td-pb-border-top td_block_template_1 td-column-2 td_block_padding td_block_bot_line\" data-td-block-uid=\"tdi_20\">\n<div class=\"td-block-title-wrap\">\n<h4 class=\"block-title td-block-title\"><span class=\"td-pulldown-size\">CITE\u0218TE MAI MULT<\/span><\/h4>\n<\/div>\n<div id=\"tdi_20\" class=\"td_block_inner\">\n<div class=\"td-block-row\">\n<div class=\"td-block-span6\">\n<div class=\"td_module_8 td_module_wrap\">\n<div class=\"item-details\">\n<h3 class=\"entry-title td-module-title\"><a href=\"https:\/\/r3media.ro\/cornel-nistorescu-drone-razboi-ucraina\/\" rel=\"bookmark\" title=\"Cornel Nistorescu, dup\u0103 incidentele cu drone: Adie a aer de r\u0103zboi. De mirare c\u0103 dronele ucrainene nu au st\u00e2rnit at\u00e2ta t\u0103r\u0103boi\">Cornel Nistorescu, dup\u0103 incidentele cu drone: Adie a aer de r\u0103zboi. De mirare c\u0103&#8230;<\/a><\/h3>\n<div class=\"td-module-meta-info\"><a href=\"https:\/\/r3media.ro\/category\/actualitate\/\" class=\"td-post-category\">ACTUALITATE<\/a><span class=\"td-post-author-name\"><a href=\"https:\/\/r3media.ro\/author\/radu_ursan\/\">Radu Ursan<\/a><span>&#8211;<\/span><\/span><span class=\"td-post-date\"><time class=\"entry-date updated td-module-date\" datetime=\"2026-07-28T10:21:51+03:00\">28\/07\/2026<\/time><\/span><\/div>\n<\/div>\n<\/div>\n<\/div>\n<div class=\"td-block-span6\">\n<div class=\"td_module_8 td_module_wrap\">\n<div class=\"item-details\">\n<h3 class=\"entry-title td-module-title\"><a href=\"https:\/\/r3media.ro\/bnr-recomanda-romani-rezerve-de-cash-atacuri-cibernetice-numerar-relevant-criza\/\" rel=\"bookmark\" title=\"BNR le recomand\u0103 rom\u00e2nilor s\u0103 p\u0103streze rezerve de cash: Numerarul se poate dovedi relevant \u00een criz\u0103\">BNR le recomand\u0103 rom\u00e2nilor s\u0103 p\u0103streze rezerve de cash: Numerarul se poate dovedi relevant&#8230;<\/a><\/h3>\n<div class=\"td-module-meta-info\"><a href=\"https:\/\/r3media.ro\/category\/actualitate\/\" class=\"td-post-category\">ACTUALITATE<\/a><span class=\"td-post-author-name\"><a href=\"https:\/\/r3media.ro\/author\/oana\/\">Oana Ivan<\/a><span>&#8211;<\/span><\/span><span class=\"td-post-date\"><time class=\"entry-date updated td-module-date\" datetime=\"2026-07-27T13:11:47+03:00\">27\/07\/2026<\/time><\/span><\/div>\n<\/div>\n<\/div>\n<\/div>\n<\/div>\n<div class=\"td-block-row\">\n<div class=\"td-block-span6\">\n<div class=\"td_module_8 td_module_wrap\">\n<div class=\"item-details\">\n<h3 class=\"entry-title td-module-title\"><a href=\"https:\/\/r3media.ro\/statul-roman-a-semnat-actul-propriei-disparitii\/\" rel=\"bookmark\" title=\"Statul rom\u00e2n a semnat actul propriei dispari\u021bii?\">Statul rom\u00e2n a semnat actul propriei dispari\u021bii?<\/a><\/h3>\n<div class=\"td-module-meta-info\"><a href=\"https:\/\/r3media.ro\/category\/opinii\/\" class=\"td-post-category\">OPINII<\/a><span class=\"td-post-author-name\"><a href=\"https:\/\/r3media.ro\/author\/gabipopa\/\">Gabriel Popa<\/a><span>&#8211;<\/span><\/span><span class=\"td-post-date\"><time class=\"entry-date updated td-module-date\" datetime=\"2026-07-27T15:07:05+03:00\">27\/07\/2026<\/time><\/span><\/div>\n<\/div>\n<\/div>\n<\/div>\n<div class=\"td-block-span6\">\n<div class=\"td_module_8 td_module_wrap\">\n<div class=\"item-details\">\n<h3 class=\"entry-title td-module-title\"><a href=\"https:\/\/r3media.ro\/prima-oara-istorie-presedintia-document-primplan-patriotism-european\/\" rel=\"bookmark\" title=\"Pentru prima oar\u0103 \u00een istorie, Pre\u0219edin\u021bia Rom\u00e2niei emite un document care pune pe primul plan o alt\u0103 entitate dec\u00e2t \u021bara noastr\u0103: patriotismul european\">Pentru prima oar\u0103 \u00een istorie, Pre\u0219edin\u021bia Rom\u00e2niei emite un document care pune pe primul&#8230;<\/a><\/h3>\n<div class=\"td-module-meta-info\"><a href=\"https:\/\/r3media.ro\/category\/actualitate\/\" class=\"td-post-category\">ACTUALITATE<\/a><span class=\"td-post-author-name\"><a href=\"https:\/\/r3media.ro\/author\/teodor_stan\/\">Teodor Stan<\/a><span>&#8211;<\/span><\/span><span class=\"td-post-date\"><time class=\"entry-date updated td-module-date\" datetime=\"2026-07-26T11:44:31+03:00\">26\/07\/2026<\/time><\/span><\/div>\n<\/div>\n<\/div>\n<\/div>\n<\/div>\n<div class=\"td-block-row\">\n<div class=\"td-block-span6\">\n<div class=\"td_module_8 td_module_wrap\">\n<div class=\"item-details\">\n<h3 class=\"entry-title td-module-title\"><a href=\"https:\/\/r3media.ro\/film-nou-stapanul-inelelor-corect-politic-regizor-andy-serkis-diversitate-tolkien-mitologie-nordica\/\" rel=\"bookmark\" title=\"Noul film \u201eSt\u0103p\u00e2nul Inelelor\u201d nu va fi corect politic. Regizorul Andy Serkis: J.R.R. Tolkien a fost influen\u021bat de mitologia nordic\u0103. Nu vrem o distribu\u021bie de dragul de a bifa c\u0103su\u021be\">Noul film \u201eSt\u0103p\u00e2nul Inelelor\u201d nu va fi corect politic. Regizorul Andy Serkis: J.R.R. Tolkien&#8230;<\/a><\/h3>\n<div class=\"td-module-meta-info\"><a href=\"https:\/\/r3media.ro\/category\/actualitate\/\" class=\"td-post-category\">ACTUALITATE<\/a><span class=\"td-post-author-name\"><a href=\"https:\/\/r3media.ro\/author\/oana\/\">Oana Ivan<\/a><span>&#8211;<\/span><\/span><span class=\"td-post-date\"><time class=\"entry-date updated td-module-date\" datetime=\"2026-07-26T15:49:31+03:00\">26\/07\/2026<\/time><\/span><\/div>\n<\/div>\n<\/div>\n<\/div>\n<div class=\"td-block-span6\">\n<div class=\"td_module_8 td_module_wrap\">\n<div class=\"item-details\">\n<h3 class=\"entry-title td-module-title\"><a href=\"https:\/\/r3media.ro\/dictatura-forma-suprema-a-democratiei\/\" rel=\"bookmark\" title=\"Dictatura \u2013 forma suprem\u0103 a democra\u021biei\">Dictatura \u2013 forma suprem\u0103 a democra\u021biei<\/a><\/h3>\n<div class=\"td-module-meta-info\"><a href=\"https:\/\/r3media.ro\/category\/opinii\/\" class=\"td-post-category\">OPINII<\/a><span class=\"td-post-author-name\"><a href=\"https:\/\/r3media.ro\/author\/tru\/\">TRU (Traian Ungureanu)<\/a><span>&#8211;<\/span><\/span><span class=\"td-post-date\"><time class=\"entry-date updated td-module-date\" datetime=\"2026-07-25T16:43:11+03:00\">25\/07\/2026<\/time><\/span><\/div>\n<\/div>\n<\/div>\n<\/div>\n<\/div>\n<div class=\"td-block-row\">\n<div class=\"td-block-span6\">\n<div class=\"td_module_8 td_module_wrap\">\n<div class=\"item-details\">\n<h3 class=\"entry-title td-module-title\"><a href=\"https:\/\/r3media.ro\/marea-britanie-apa-inteligenta-artificiala-romania-centru-ai-restrictii-consum-apa\/\" rel=\"bookmark\" title=\"Marea Britanie nu mai are suficient\u0103 ap\u0103 pentru Inteligen\u021ba Artificial\u0103, dar Rom\u00e2nia vrea s\u0103 g\u0103zduiasc\u0103 un centru AI care consum\u0103 c\u00e2t sute de mii de oameni \u0219i impune restric\u021bii la consumul de ap\u0103 al popula\u021biei\">Marea Britanie nu mai are suficient\u0103 ap\u0103 pentru Inteligen\u021ba Artificial\u0103, dar Rom\u00e2nia vrea s\u0103&#8230;<\/a><\/h3>\n<div class=\"td-module-meta-info\"><a href=\"https:\/\/r3media.ro\/category\/actualitate\/\" class=\"td-post-category\">ACTUALITATE<\/a><span class=\"td-post-author-name\"><a href=\"https:\/\/r3media.ro\/author\/radu_ursan\/\">Radu Ursan<\/a><span>&#8211;<\/span><\/span><span class=\"td-post-date\"><time class=\"entry-date updated td-module-date\" datetime=\"2026-07-23T11:44:13+03:00\">23\/07\/2026<\/time><\/span><\/div>\n<\/div>\n<\/div>\n<\/div>\n<div class=\"td-block-span6\">\n<div class=\"td_module_8 td_module_wrap\">\n<div class=\"item-details\">\n<h3 class=\"entry-title td-module-title\"><a href=\"https:\/\/r3media.ro\/campion-olimpic-olaf-tufte-mort-subit-50-ani\/\" rel=\"bookmark\" title=\"Campionul olimpic Olaf Tufte a murit subit la 50 de ani\">Campionul olimpic Olaf Tufte a murit subit la 50 de ani<\/a><\/h3>\n<div class=\"td-module-meta-info\"><a href=\"https:\/\/r3media.ro\/category\/actualitate\/\" class=\"td-post-category\">ACTUALITATE<\/a><span class=\"td-post-author-name\"><a href=\"https:\/\/r3media.ro\/author\/oana\/\">Oana Ivan<\/a><span>&#8211;<\/span><\/span><span class=\"td-post-date\"><time class=\"entry-date updated td-module-date\" datetime=\"2026-07-22T12:11:02+03:00\">22\/07\/2026<\/time><\/span><\/div>\n<\/div>\n<\/div>\n<\/div>\n<\/div>\n<div class=\"td-block-row\">\n<div class=\"td-block-span6\">\n<div class=\"td_module_8 td_module_wrap\">\n<div class=\"item-details\">\n<h3 class=\"entry-title td-module-title\"><a href=\"https:\/\/r3media.ro\/explozie-incendiu-fabrica-kronospan-brasov-video\/\" rel=\"bookmark\" title=\"VIDEO | Explozie urmat\u0103 de un incendiu la fabrica Kronospan din Bra\u0219ov. \u00cen timp ce pompierii \u00eencercau s\u0103 sting\u0103 focul s-a produs o alt\u0103 explozie\">VIDEO | Explozie urmat\u0103 de un incendiu la fabrica Kronospan din Bra\u0219ov. \u00cen timp&#8230;<\/a><\/h3>\n<div class=\"td-module-meta-info\"><a href=\"https:\/\/r3media.ro\/category\/actualitate\/\" class=\"td-post-category\">ACTUALITATE<\/a><span class=\"td-post-author-name\"><a href=\"https:\/\/r3media.ro\/author\/oana\/\">Oana Ivan<\/a><span>&#8211;<\/span><\/span><span class=\"td-post-date\"><time class=\"entry-date updated td-module-date\" datetime=\"2026-07-22T10:01:28+03:00\">22\/07\/2026<\/time><\/span><\/div>\n<\/div>\n<\/div>\n<\/div>\n<div class=\"td-block-span6\">\n<div class=\"td_module_8 td_module_wrap\">\n<div class=\"item-details\">\n<h3 class=\"entry-title td-module-title\"><a href=\"https:\/\/r3media.ro\/asa-incepe-compania-openai-afirma-un-model-de-inteligenta-artificiala-a-atacat-din-proprie-initiativa-sistemele-unei-alte-companii\/\" rel=\"bookmark\" title=\"A\u0219a \u00eencepe? Compania OpenAI afirm\u0103 un model de inteligen\u021b\u0103 artificial\u0103 a ATACAT din proprie ini\u021biativ\u0103 sistemele unei alte companii\">A\u0219a \u00eencepe? Compania OpenAI afirm\u0103 un model de inteligen\u021b\u0103 artificial\u0103 a ATACAT din proprie&#8230;<\/a><\/h3>\n<div class=\"td-module-meta-info\"><a href=\"https:\/\/r3media.ro\/category\/actualitate\/\" class=\"td-post-category\">ACTUALITATE<\/a><span class=\"td-post-author-name\"><a href=\"https:\/\/r3media.ro\/author\/teodor_stan\/\">Teodor Stan<\/a><span>&#8211;<\/span><\/span><span class=\"td-post-date\"><time class=\"entry-date updated td-module-date\" datetime=\"2026-07-22T09:10:53+03:00\">22\/07\/2026<\/time><\/span><\/div>\n<\/div>\n<\/div>\n<\/div>\n<\/div>\n<div class=\"td-block-row\">\n<div class=\"td-block-span6\">\n<div class=\"td_module_8 td_module_wrap\">\n<div class=\"item-details\">\n<h3 class=\"entry-title td-module-title\"><a href=\"https:\/\/r3media.ro\/episcopul-husilor-oameni-animale-therieni-degradare-progresism\/\" rel=\"bookmark\" title=\"Episcopul Hu\u0219ilor, despre oamenii care se cred animale: V\u0103 da\u021bi seama c\u00e2t\u0103 degradare uman\u0103 este? De ce? Pentru c\u0103 se \u00eencred \u00een progresism\">Episcopul Hu\u0219ilor, despre oamenii care se cred animale: V\u0103 da\u021bi seama c\u00e2t\u0103 degradare uman\u0103&#8230;<\/a><\/h3>\n<div class=\"td-module-meta-info\"><a href=\"https:\/\/r3media.ro\/category\/actualitate\/\" class=\"td-post-category\">ACTUALITATE<\/a><span class=\"td-post-author-name\"><a href=\"https:\/\/r3media.ro\/author\/radu_ursan\/\">Radu Ursan<\/a><span>&#8211;<\/span><\/span><span class=\"td-post-date\"><time class=\"entry-date updated td-module-date\" datetime=\"2026-07-21T19:30:46+03:00\">21\/07\/2026<\/time><\/span><\/div>\n<\/div>\n<\/div>\n<\/div>\n<div class=\"td-block-span6\">\n<div class=\"td_module_8 td_module_wrap\">\n<div class=\"item-details\">\n<h3 class=\"entry-title td-module-title\"><a href=\"https:\/\/r3media.ro\/video-cult-femeie-dumnezeu-mama-romania\/\" rel=\"bookmark\" title=\"VIDEO | Un cult care consider\u0103 o femeie coreean\u0103 drept \u201eDumnezeu Mama\u201d face prozeli\u021bi \u00een Rom\u00e2nia\">VIDEO | Un cult care consider\u0103 o femeie coreean\u0103 drept \u201eDumnezeu Mama\u201d face prozeli\u021bi&#8230;<\/a><\/h3>\n<div class=\"td-module-meta-info\"><a href=\"https:\/\/r3media.ro\/category\/actualitate\/\" class=\"td-post-category\">ACTUALITATE<\/a><span class=\"td-post-author-name\"><a href=\"https:\/\/r3media.ro\/author\/redactia\/\">Redac\u021bia<\/a><span>&#8211;<\/span><\/span><span class=\"td-post-date\"><time class=\"entry-date updated td-module-date\" datetime=\"2026-07-21T11:14:08+03:00\">21\/07\/2026<\/time><\/span><\/div>\n<\/div>\n<\/div>\n<\/div>\n<\/div>\n<\/div>\n<div class=\"td-load-more-wrap td-load-more-infinite-wrap\" id=\"infinite-lm-tdi_20\"><a href=\"https:\/\/r3media.ro\/criza-energetica-bolojan-romani-reducere-consum\/\" class=\"td_ajax_load_more td_ajax_load_more_js\" aria-label=\"\u00cenc\u0103rca\u021bi mai multe\" id=\"next-page-tdi_20\" data-td_block_id=\"tdi_20\">\u00cenc\u0103rca\u021bi mai multe<\/a><\/div>\n<\/div>\n<div class=\"td_block_wrap tdb_single_comments tdi_21 tdb-comm-layout2 td-pb-border-top td_block_template_1\" data-td-block-uid=\"tdi_21\">\n<div class=\"tdb-block-inner td-fix-index\">\n<div class=\"comments\" id=\"comments\">\n<div id=\"respond\" class=\"comment-respond\">\n<h3 id=\"reply-title\" class=\"comment-reply-title\">AI CEVA DE SPUS? <small><a rel=\"nofollow\" id=\"cancel-comment-reply-link\" href=\"https:\/\/r3media.ro\/criza-energetica-bolojan-romani-reducere-consum\/#respond\">Renun\u021ba\u021bi la r\u0103spuns<\/a><\/small><\/h3>\n<div class=\"comment-form-input-wrap td-form-comment\">\n<div class=\"td-warning-comment\">V\u0103 rug\u0103m s\u0103 introduce\u021bi comentariul dvs.!<\/div>\n<\/div>\n<div class=\"comment-form-input-wrap td-form-author\">\n<div class=\"td-warning-author\">Introduce\u021bi aici numele dvs.<\/div>\n<\/div>\n<div class=\"comment-form-input-wrap td-form-email\">\n<div class=\"td-warning-email-error\">A\u021bi introdus o adres\u0103 de e-mail incorect\u0103!<\/div>\n<div class=\"td-warning-email\">V\u0103 rug\u0103m s\u0103 introduce\u021bi adresa dvs. de e-mail aici<\/div>\n<\/div>\n<\/div>\n<\/div>\n<\/div>\n<\/div>\n<\/div>\n<\/div>\n<div class=\"vc_column tdi_23  wpb_column vc_column_container tdc-column td-pb-span4 td-is-sticky\">\n<div class=\"wpb_wrapper\" data-sticky-enabled-on=\"W3RydWUsdHJ1ZSx0cnVlLHRydWVd\" data-sticky-offset=\"20\" data-sticky-is-width-auto=\"W2ZhbHNlLGZhbHNlLGZhbHNlLGZhbHNlXQ==\">\n<div class=\"wpb_wrapper td_block_wrap vc_widget_sidebar tdi_25 \">\n<div class=\"td_block_wrap td_block_7 td_block_widget tdi_26 td-pb-border-top td_block_template_1 td-column-1 td_block_padding\" data-td-block-uid=\"tdi_26\">\n<div class=\"td-block-title-wrap\">\n<h4 class=\"block-title td-block-title\"><span class=\"td-pulldown-size\">Articole RELA\u021aIONATE<\/span><\/h4>\n<\/div>\n<div id=\"tdi_26\" class=\"td_block_inner\">\n<div class=\"td-block-span12\">\n<div class=\"td_module_6 td_module_wrap td-animation-stack\">\n<div class=\"td-module-thumb\"><a href=\"https:\/\/r3media.ro\/expert-ucraina-faliment-agricultura-romaneasca-tehnologii-ue\/\" rel=\"bookmark\" class=\"td-image-wrap \" title=\"Un expert explic\u0103 felul \u00een care concuren\u021ba din Ucraina bag\u0103 \u00een faliment agricultura rom\u00e2neasc\u0103: Folosesc tehnologii interzise \u00een UE\"><img loading=\"lazy\" decoding=\"async\" class=\"entry-thumb\" src=\"https:\/\/r3media.ro\/wp-content\/uploads\/2024\/01\/protest-fermieri-si-transportatori-romani-100x70.png\" alt title=\"Un expert explic\u0103 felul \u00een care concuren\u021ba din Ucraina bag\u0103 \u00een faliment agricultura rom\u00e2neasc\u0103: Folosesc tehnologii interzise \u00een UE\" width=\"100\" height=\"70\"><\/a><\/div>\n<div class=\"item-details\">\n<h3 class=\"entry-title td-module-title\"><a href=\"https:\/\/r3media.ro\/expert-ucraina-faliment-agricultura-romaneasca-tehnologii-ue\/\" rel=\"bookmark\" title=\"Un expert explic\u0103 felul \u00een care concuren\u021ba din Ucraina bag\u0103 \u00een faliment agricultura rom\u00e2neasc\u0103: Folosesc tehnologii interzise \u00een UE\">Un expert explic\u0103 felul \u00een care concuren\u021ba din Ucraina bag\u0103 \u00een&#8230;<\/a><\/h3>\n<div class=\"td-module-meta-info\"><span class=\"td-post-date\"><time class=\"entry-date updated td-module-date\" datetime=\"2026-07-30T09:51:48+03:00\">30\/07\/2026<\/time><\/span><\/div>\n<\/div>\n<\/div>\n<\/div>\n<div class=\"td-block-span12\">\n<div class=\"td_module_6 td_module_wrap td-animation-stack\">\n<div class=\"td-module-thumb\"><a href=\"https:\/\/r3media.ro\/calendarul-zilei-30-iulie-sf-apostoli-silvan-criscent-epenetos-si-andronic\/\" rel=\"bookmark\" class=\"td-image-wrap \" title=\"Calendarul zilei 30 iulie: Sf. Apostoli Silvan, Criscent, Epenetos \u0219i Andronic\"><img loading=\"lazy\" decoding=\"async\" class=\"entry-thumb\" src=\"https:\/\/r3media.ro\/wp-content\/uploads\/2022\/07\/sddefault-7-100x70.jpg\" alt title=\"Calendarul zilei 30 iulie: Sf. Apostoli Silvan, Criscent, Epenetos \u0219i Andronic\" width=\"100\" height=\"70\"><\/a><\/div>\n<div class=\"item-details\">\n<h3 class=\"entry-title td-module-title\"><a href=\"https:\/\/r3media.ro\/calendarul-zilei-30-iulie-sf-apostoli-silvan-criscent-epenetos-si-andronic\/\" rel=\"bookmark\" title=\"Calendarul zilei 30 iulie: Sf. Apostoli Silvan, Criscent, Epenetos \u0219i Andronic\">Calendarul zilei 30 iulie: Sf. Apostoli Silvan, Criscent, Epenetos \u0219i Andronic<\/a><\/h3>\n<div class=\"td-module-meta-info\"><span class=\"td-post-date\"><time class=\"entry-date updated td-module-date\" datetime=\"2026-07-29T22:06:56+03:00\">29\/07\/2026<\/time><\/span><\/div>\n<\/div>\n<\/div>\n<\/div>\n<div class=\"td-block-span12\">\n<div class=\"td_module_6 td_module_wrap td-animation-stack\">\n<div class=\"td-module-thumb\"><a href=\"https:\/\/r3media.ro\/tribunal-constitutional-polonia-opreste-recunoastere-tara-casatorii-persoane-acelasi-sex-incheiate-uniunea-europeana\/\" rel=\"bookmark\" class=\"td-image-wrap \" title=\"Tribunalul Constitu\u021bional din Polonia opre\u0219te recunoa\u0219terea pe teritoriul \u021b\u0103rii a c\u0103s\u0103toriilor persoanelor de acela\u0219i sex \u00eencheiate \u00een Uniunea European\u0103\"><img loading=\"lazy\" decoding=\"async\" class=\"entry-thumb\" src=\"https:\/\/r3media.ro\/wp-content\/uploads\/2026\/05\/homosexuali-100x70.png\" alt title=\"Tribunalul Constitu\u021bional din Polonia opre\u0219te recunoa\u0219terea pe teritoriul \u021b\u0103rii a c\u0103s\u0103toriilor persoanelor de acela\u0219i sex \u00eencheiate \u00een Uniunea European\u0103\" width=\"100\" height=\"70\"><\/a><\/div>\n<div class=\"item-details\">\n<h3 class=\"entry-title td-module-title\"><a href=\"https:\/\/r3media.ro\/tribunal-constitutional-polonia-opreste-recunoastere-tara-casatorii-persoane-acelasi-sex-incheiate-uniunea-europeana\/\" rel=\"bookmark\" title=\"Tribunalul Constitu\u021bional din Polonia opre\u0219te recunoa\u0219terea pe teritoriul \u021b\u0103rii a c\u0103s\u0103toriilor persoanelor de acela\u0219i sex \u00eencheiate \u00een Uniunea European\u0103\">Tribunalul Constitu\u021bional din Polonia opre\u0219te recunoa\u0219terea pe teritoriul \u021b\u0103rii a c\u0103s\u0103toriilor&#8230;<\/a><\/h3>\n<div class=\"td-module-meta-info\"><span class=\"td-post-date\"><time class=\"entry-date updated td-module-date\" datetime=\"2026-07-29T14:59:41+03:00\">29\/07\/2026<\/time><\/span><\/div>\n<\/div>\n<\/div>\n<\/div>\n<div class=\"td-block-span12\">\n<div class=\"td_module_6 td_module_wrap td-animation-stack\">\n<div class=\"td-module-thumb\"><a href=\"https:\/\/r3media.ro\/alerta-bomba-port-constanta-radu-miruta-amenintare-transmisa-numere-telefon-ucraina-polonia\/\" rel=\"bookmark\" class=\"td-image-wrap \" title=\"Alert\u0103 cu bomb\u0103 \u00een Portul Constan\u021ba. Radu Miru\u021b\u0103 spune c\u0103 amenin\u021barea a fost transmis\u0103 de pe numere de telefon din Ucraina \u0219i Polonia\"><img loading=\"lazy\" decoding=\"async\" class=\"entry-thumb\" src=\"https:\/\/r3media.ro\/wp-content\/uploads\/2023\/08\/port-constanta-e1691187858708-100x70.jpg\" alt title=\"Alert\u0103 cu bomb\u0103 \u00een Portul Constan\u021ba. Radu Miru\u021b\u0103 spune c\u0103 amenin\u021barea a fost transmis\u0103 de pe numere de telefon din Ucraina \u0219i Polonia\" width=\"100\" height=\"70\"><\/a><\/div>\n<div class=\"item-details\">\n<h3 class=\"entry-title td-module-title\"><a href=\"https:\/\/r3media.ro\/alerta-bomba-port-constanta-radu-miruta-amenintare-transmisa-numere-telefon-ucraina-polonia\/\" rel=\"bookmark\" title=\"Alert\u0103 cu bomb\u0103 \u00een Portul Constan\u021ba. Radu Miru\u021b\u0103 spune c\u0103 amenin\u021barea a fost transmis\u0103 de pe numere de telefon din Ucraina \u0219i Polonia\">Alert\u0103 cu bomb\u0103 \u00een Portul Constan\u021ba. Radu Miru\u021b\u0103 spune c\u0103 amenin\u021barea&#8230;<\/a><\/h3>\n<div class=\"td-module-meta-info\"><span class=\"td-post-date\"><time class=\"entry-date updated td-module-date\" datetime=\"2026-07-29T14:42:30+03:00\">29\/07\/2026<\/time><\/span><\/div>\n<\/div>\n<\/div>\n<\/div>\n<div class=\"td-block-span12\">\n<div class=\"td_module_6 td_module_wrap td-animation-stack\">\n<div class=\"td-module-thumb\"><a href=\"https:\/\/r3media.ro\/pretul-motorinei\/\" rel=\"bookmark\" class=\"td-image-wrap \" title=\"Pre\u021bul motorinei se apropie de 10,20 lei\/litru. Ce se \u00eent\u00e2mpl\u0103 la pomp\u0103 \u00een aceast\u0103 s\u0103pt\u0103m\u00e2n\u0103\"><img loading=\"lazy\" decoding=\"async\" class=\"entry-thumb\" src=\"https:\/\/r3media.ro\/wp-content\/uploads\/2022\/09\/masina-la-pompa-e1664128776559-100x70.jpg\" alt title=\"Pre\u021bul motorinei se apropie de 10,20 lei\/litru. Ce se \u00eent\u00e2mpl\u0103 la pomp\u0103 \u00een aceast\u0103 s\u0103pt\u0103m\u00e2n\u0103\" width=\"100\" height=\"70\"><\/a><\/div>\n<div class=\"item-details\">\n<h3 class=\"entry-title td-module-title\"><a href=\"https:\/\/r3media.ro\/pretul-motorinei\/\" rel=\"bookmark\" title=\"Pre\u021bul motorinei se apropie de 10,20 lei\/litru. Ce se \u00eent\u00e2mpl\u0103 la pomp\u0103 \u00een aceast\u0103 s\u0103pt\u0103m\u00e2n\u0103\">Pre\u021bul motorinei se apropie de 10,20 lei\/litru. Ce se \u00eent\u00e2mpl\u0103 la&#8230;<\/a><\/h3>\n<div class=\"td-module-meta-info\"><span class=\"td-post-date\"><time class=\"entry-date updated td-module-date\" datetime=\"2026-07-29T11:54:15+03:00\">29\/07\/2026<\/time><\/span><\/div>\n<\/div>\n<\/div>\n<\/div>\n<div class=\"td-block-span12\">\n<div class=\"td_module_6 td_module_wrap td-animation-stack\">\n<div class=\"td-module-thumb\"><a href=\"https:\/\/r3media.ro\/burkina-faso-creste-rezerve-de-aur-romania-londra-tara-africa-control-stat-resurse-minerale-strategice\/\" rel=\"bookmark\" class=\"td-image-wrap \" title=\"Burkina Faso \u0219i-a crescut masiv rezervele de aur. \u00cen timp ce Rom\u00e2nia \u00ee\u0219i \u021bine aurul la Londra, \u021bara african\u0103 vrea un control mai bun al statului asupra resurselor minerale strategice\"><img loading=\"lazy\" decoding=\"async\" class=\"entry-thumb\" src=\"https:\/\/r3media.ro\/wp-content\/uploads\/2026\/07\/lingouri-de-aur-100x70.jpg\" alt title=\"Burkina Faso \u0219i-a crescut masiv rezervele de aur. \u00cen timp ce Rom\u00e2nia \u00ee\u0219i \u021bine aurul la Londra, \u021bara african\u0103 vrea un control mai bun al statului asupra resurselor minerale strategice\" width=\"100\" height=\"70\"><\/a><\/div>\n<div class=\"item-details\">\n<h3 class=\"entry-title td-module-title\"><a href=\"https:\/\/r3media.ro\/burkina-faso-creste-rezerve-de-aur-romania-londra-tara-africa-control-stat-resurse-minerale-strategice\/\" rel=\"bookmark\" title=\"Burkina Faso \u0219i-a crescut masiv rezervele de aur. \u00cen timp ce Rom\u00e2nia \u00ee\u0219i \u021bine aurul la Londra, \u021bara african\u0103 vrea un control mai bun al statului asupra resurselor minerale strategice\">Burkina Faso \u0219i-a crescut masiv rezervele de aur. \u00cen timp ce&#8230;<\/a><\/h3>\n<div class=\"td-module-meta-info\"><span class=\"td-post-date\"><time class=\"entry-date updated td-module-date\" datetime=\"2026-07-29T11:44:09+03:00\">29\/07\/2026<\/time><\/span><\/div>\n<\/div>\n<\/div>\n<\/div>\n<div class=\"td-block-span12\">\n<div class=\"td_module_6 td_module_wrap td-animation-stack\">\n<div class=\"td-module-thumb\"><a href=\"https:\/\/r3media.ro\/jonathan-pageau-crestinii-nu-pot-fi-capitalisti-puri\/\" rel=\"bookmark\" class=\"td-image-wrap \" title=\"Jonathan Pageau: Cre\u0219tinii nu pot fi capitali\u0219ti puri\"><img loading=\"lazy\" decoding=\"async\" class=\"entry-thumb\" src=\"https:\/\/r3media.ro\/wp-content\/uploads\/2026\/07\/pageau-capitalism-crestinism-100x70.jpg\" alt title=\"Jonathan Pageau: Cre\u0219tinii nu pot fi capitali\u0219ti puri\" width=\"100\" height=\"70\"><\/a><\/div>\n<div class=\"item-details\">\n<h3 class=\"entry-title td-module-title\"><a href=\"https:\/\/r3media.ro\/jonathan-pageau-crestinii-nu-pot-fi-capitalisti-puri\/\" rel=\"bookmark\" title=\"Jonathan Pageau: Cre\u0219tinii nu pot fi capitali\u0219ti puri\">Jonathan Pageau: Cre\u0219tinii nu pot fi capitali\u0219ti puri<\/a><\/h3>\n<div class=\"td-module-meta-info\"><span class=\"td-post-date\"><time class=\"entry-date updated td-module-date\" datetime=\"2026-07-29T11:33:14+03:00\">29\/07\/2026<\/time><\/span><\/div>\n<\/div>\n<\/div>\n<\/div>\n<\/div>\n<\/div>\n<aside class=\"td_block_template_1 widget widget_recent_comments\">\n<h4 class=\"block-title\"><span>INTR\u0102 \u00ceN DISCU\u021aIE!<\/span><\/h4>\n<ul id=\"recentcomments\">\n<li class=\"recentcomments\"><span class=\"comment-author-link\">Dan<\/span> la <a href=\"https:\/\/r3media.ro\/europarlamentarul-gheorghe-piperea-psd-pnl-usr-udmr-sunt-de-fapt-pro-ucraineni-noi-preferam-sa-fim-pro-romani\/#comment-40329\">Europarlamentarul Gheorghe Piperea: PSD-PNL-USR-UDMR sunt de fapt, pro-ucraineni. Noi prefer\u0103m s\u0103 fim pro-rom\u00e2ni<\/a><\/li>\n<li class=\"recentcomments\"><span class=\"comment-author-link\">Zelizelu<\/span> la <a href=\"https:\/\/r3media.ro\/europarlamentarul-gheorghe-piperea-psd-pnl-usr-udmr-sunt-de-fapt-pro-ucraineni-noi-preferam-sa-fim-pro-romani\/#comment-40328\">Europarlamentarul Gheorghe Piperea: PSD-PNL-USR-UDMR sunt de fapt, pro-ucraineni. Noi prefer\u0103m s\u0103 fim pro-rom\u00e2ni<\/a><\/li>\n<li class=\"recentcomments\"><span class=\"comment-author-link\">Pav\u0103l \u0218tefan<\/span> la <a href=\"https:\/\/r3media.ro\/film-nou-stapanul-inelelor-corect-politic-regizor-andy-serkis-diversitate-tolkien-mitologie-nordica\/#comment-40327\">Noul film \u201eSt\u0103p\u00e2nul Inelelor\u201d nu va fi corect politic. Regizorul Andy Serkis: J.R.R. Tolkien a fost influen\u021bat de mitologia nordic\u0103. Nu vrem o distribu\u021bie de dragul de a bifa c\u0103su\u021be<\/a><\/li>\n<li class=\"recentcomments\"><span class=\"comment-author-link\">Nicu<\/span> la <a href=\"https:\/\/r3media.ro\/avioane-americane-bulgaria-energie-radev-sua\/#comment-40326\">Avioane americane la Bezmer, la schimb cu avantaje \u00een zona energetic\u0103 pentru Bulgaria: ce a ob\u021binut guvernul Radev de la SUA<\/a><\/li>\n<li class=\"recentcomments\"><span class=\"comment-author-link\">Constantin<\/span> la <a href=\"https:\/\/r3media.ro\/prima-oara-istorie-presedintia-document-primplan-patriotism-european\/#comment-40325\">Pentru prima oar\u0103 \u00een istorie, Pre\u0219edin\u021bia Rom\u00e2niei emite un document care pune pe primul plan o alt\u0103 entitate dec\u00e2t \u021bara noastr\u0103: patriotismul european<\/a><\/li>\n<li class=\"recentcomments\"><span class=\"comment-author-link\">Constantin<\/span> la <a href=\"https:\/\/r3media.ro\/statul-roman-a-semnat-actul-propriei-disparitii\/#comment-40324\">Statul rom\u00e2n a semnat actul propriei dispari\u021bii?<\/a><\/li>\n<li class=\"recentcomments\"><span class=\"comment-author-link\">Nicu<\/span> la <a href=\"https:\/\/r3media.ro\/statul-roman-a-semnat-actul-propriei-disparitii\/#comment-40323\">Statul rom\u00e2n a semnat actul propriei dispari\u021bii?<\/a><\/li>\n<\/ul>\n<\/aside>\n<aside class=\"td_block_template_1 widget widget_search\">\n<h4 class=\"block-title\"><span>CAUT\u0102 \u0218I VEI G\u0102SI<\/span><\/h4>\n<\/aside>\n<\/div>\n<\/div>\n<\/div>\n<\/div>\n<\/div>\n<\/div>\n<\/div>\n<p><span class=\"td-page-meta\"><\/span><span class=\"td-page-meta\"><span class=\"td-page-meta\"><\/span><\/span><span class=\"td-page-meta\"><\/span><\/article>\n<\/p>\n<div class=\"td_block_wrap tdb_single_content tdi_18 td-pb-border-top td_block_template_1 td-post-content tagdiv-type\" data-td-block-uid=\"tdi_18\">\n<div class=\"tdb-block-inner td-fix-index\">\n<p><strong>Ilie Bolojan, premier interimar al Rom\u00e2niei, a confirmat criza energiei prin care trece \u021bara, dup\u0103 ce a \u00eendemnat rom\u00e2nii s\u0103 reduc\u0103 consumul de energie.<\/strong><\/p>\n<p>Bolojan a spus c\u0103 Rom\u00e2nia este afectat\u0103 de oprirea celei de-a doua unit\u0103\u021bi de la Cernavod\u0103.<\/p>\n<p>\u201eFolosesc acest prilej s\u0103 fac un apel c\u0103tre cet\u0103\u021benii Rom\u00e2niei, c\u0103tre mari consumatori industriali s\u0103 aib\u0103 \u00een vedere posibilitatea unei reduceri voluntare, pur \u0219i simplu, de a avea grij\u0103 c\u00e2t consum\u0103 \u00een orele de sear\u0103, a\u0219a cum am spus, de la 20:00 la 23:00, atunci c\u00e2nd avem un deficit de energie\u201d, a transmis premierul interimar la <a href=\"https:\/\/www.digi24.ro\/stiri\/bolojan-apel-catre-romani-dupa-oprirea-centralei-nucleare-de-la-cernavoda-reduceti-consumul-de-energie-in-orele-de-varf-3884557\" target=\"_blank\" rel=\"noopener\">Digi 24<\/a>.<\/p>\n<p>El a subliniat c\u0103 \u00een restul zilei sistemul energetic func\u021bioneaz\u0103 \u00een condi\u021bii normale, datorit\u0103 produc\u021biei din surse regenerabile \u0219i capacit\u0103\u021bilor de stocare.<\/p>\n<p>\u201e\u00cen rest nu sunt niciun fel de probleme \u00een cursul zilei pentru c\u0103 avem o produc\u021bie important\u0103 pe componenta de fotovoltaic, de eolian \u0219i treptat s-a dezvoltat \u0219i stocarea. Acum vedem ce \u00eenseamn\u0103 s\u0103 nu fie f\u0103cut de-a lungul anilor investi\u021bii \u00een aceast\u0103 zon\u0103 de energie, care s\u0103 ne creeze rezerve de capacitate, \u00een a\u0219a fel \u00eenc\u00e2t s\u0103 putem trece peste astfel de perioade. Dar asta este situa\u021bia \u0219i o astfel de secet\u0103 n-a mai fost de mul\u021bi ani \u0219i afecteaz\u0103 puternic nivelul Dun\u0103rii\u201d, a afirmat \u0219eful PNL.<\/p>\n<p>Potrivit premierului demis, aceast\u0103 situa\u021bie ar putea dura o s\u0103pt\u0103m\u00e2n\u0103 \u2013 dou\u0103.<\/p>\n<p>\u201eAceast\u0103 perioad\u0103 ar putea s\u0103 dureze o s\u0103pt\u0103m\u00e2n\u0103 sau dou\u0103, pentru c\u0103, conform prognozelor meteo, nu se \u00eentrevede o cre\u0219tere a precipita\u021biilor \u00een bazinul inferior al Dun\u0103rii, care s\u0103 creasc\u0103 nivelul Dun\u0103rii.<\/p>\n<p>\u00cen mod normal ar trebui s\u0103 se \u00eembun\u0103t\u0103\u021beasc\u0103 nivelul debitului, s\u0103 creasc\u0103 \u00een a\u0219a fel \u00eenc\u00e2t s\u0103 se poat\u0103 reporni cel pu\u021bin unul dintre cele dou\u0103 grupuri\u201d, a mai spus Ilie Bolojan. Oprirea Unit\u0103\u021bii 2 vine dup\u0103 ce, mar\u021bi, \u0219i reactorul 1 al Centralei Nuclearoelectrice Cernavod\u0103 a fost oprit controlat din acela\u0219i motiv: nivelul extrem de sc\u0103zut al Dun\u0103rii, provocat de seceta sever\u0103.<\/p>\n<div class=\"crp_related     crp-masonry\">\n<h2>\u00ceN CONTEXT<\/h2>\n<ul>\n<li><a href=\"https:\/\/r3media.ro\/moralitate-pe-stomacul-gol-mihai-morar-fotografiat-restaurant-ilie-bolojan-romanii-impovarati-taxe-si-impozite-jurnalist-necrutator-george-simion-calin-georgescu\/\" class=\"crp_link post-114898\"><span class=\"crp_title\">Moralitate pe stomacul gol? | Mihai Morar a fost fotografiat la restaurant cu Ilie Bolojan,\u2026<\/span><\/a><\/li>\n<li><a href=\"https:\/\/r3media.ro\/video-antena-1-ilie-bolojan-demis-pnl-demisii\/\" class=\"crp_link post-116093\"><span class=\"crp_title\">VIDEO | Antena 1 a modificat interviul cu Ilie Bolojan \u0219i a eliminat la montaj partea \u00een\u2026<\/span><\/a><\/li>\n<li><a href=\"https:\/\/r3media.ro\/nicusor-dan-ilie-bolojan-premier-guvern-criza\/\" class=\"crp_link post-116338\"><span class=\"crp_title\">Nicu\u0219or Dan, mesaj pentru Ilie Bolojan? Nu a\u0219 vrea s\u0103 numesc un guvern care s\u0103 nasc\u0103 o alt\u0103 criz\u0103<\/span><\/a><\/li>\n<li><a href=\"https:\/\/r3media.ro\/mihai-morar-nu-se-dezice-de-ilie-bolojan-mai-bine-bolojenist-decat-pesedist-mai-bine-bolojan-decat-pesedan\/\" class=\"crp_link post-116059\"><span class=\"crp_title\">Mihai Morar nu se dezice de Ilie Bolojan: Mai bine bolojenist dec\u00e2t pesedist. Mai bine\u2026<\/span><\/a><\/li>\n<li><a href=\"https:\/\/r3media.ro\/ilie-bolojan-demitere-ionut-mosteanu-ministrul-apararii-mintit-cv-terminat-universitate-capul-sus\/\" class=\"crp_link post-114298\"><span class=\"crp_title\">Revolt\u0103tor! Ilie Bolojan nu-l demite pe Ionu\u021b Mo\u0219teanu, ministrul care a min\u021bit \u00een CV c\u0103 a\u2026<\/span><\/a><\/li>\n<li><a href=\"https:\/\/r3media.ro\/tribunalul-bucuresti-suspenda-decizii-adoptate-congres-pnl-victorie-contestatari-ilie-bolojan\/\" class=\"crp_link post-119599\"><span class=\"crp_title\">Tribunalul Bucure\u0219ti a suspendat deciziile adoptate la Congresul PNL: Victorie \u00een linie\u2026<\/span><\/a><\/li>\n<li><a href=\"https:\/\/r3media.ro\/george-simion-drona-galati-reactii\/\" class=\"crp_link post-117247\"><span class=\"crp_title\">George Simion, dup\u0103 drona de la Gala\u021bi: A\u021bi fi fost \u00een stare chiar \u0219i pentru drona din\u2026<\/span><\/a><\/li>\n<li><a href=\"https:\/\/r3media.ro\/in-romania-trebuie-sa-te-sustina-strainii-nu-romanii-manfred-weber-ppe-se-da-de-ceasul-mortii-pentru-ilie-bolojan-si-acuza-psd-ca-s-a-indepartat-de-valorile-pro-europene\/\" class=\"crp_link post-115925\"><span class=\"crp_title\">\u00cen Rom\u00e2nia trebuie s\u0103 te sus\u021bin\u0103 str\u0103inii, nu rom\u00e2nii: Manfred Weber (PPE) se d\u0103 de ceasul\u2026<\/span><\/a><\/li>\n<\/ul>\n<\/div>\n<\/div>\n<\/div>\n<p>[analyse_source url=&#8221;https:\/\/r3media.ro\/criza-energetica-bolojan-romani-reducere-consum\/&#8221;]<\/p>\n","protected":false},"excerpt":{"rendered":"<p>[analyse_image type=&#8221;featured&#8221; src=&#8221;https:\/\/r3media.ro\/wp-content\/uploads\/2023\/08\/nuclearelectrica-cernavoda-e1785391468297.jpghttps:\/\/r3media.ro\/wp-content\/uploads\/2023\/08\/nuclearelectrica-cernavoda-e1785391468297.jpg&#8221;] ENERGIECriza energiei, confirmat\u0103 de la Guvern: Ilie Bolojan \u00eendeamn\u0103 rom\u00e2nii s\u0103 reduc\u0103&#8230; ENERGIEFEATURED\u0218TIRI Criza energiei, confirmat\u0103 de la Guvern: Ilie Bolojan \u00eendeamn\u0103 rom\u00e2nii s\u0103 reduc\u0103 consumul de energie Redac\u021bia 30\/07\/2026 Sursa: Facebook Nuclearelectrica Oficial Ilie Bolojan, premier interimar al Rom\u00e2niei, a confirmat criza energiei prin care trece \u021bara, dup\u0103 ce a \u00eendemnat [&hellip;]<\/p>\n","protected":false},"author":1,"featured_media":0,"comment_status":"open","ping_status":"","sticky":false,"template":"","format":"standard","meta":{"footnotes":""},"categories":[89],"tags":[226,93],"class_list":["post-2068744","post","type-post","status-publish","format-standard","hentry","category-romania","tag-crawlmanager","tag-r3media-ro"],"_links":{"self":[{"href":"https:\/\/analyse.optim.biz\/index.php?rest_route=\/wp\/v2\/posts\/2068744","targetHints":{"allow":["GET"]}}],"collection":[{"href":"https:\/\/analyse.optim.biz\/index.php?rest_route=\/wp\/v2\/posts"}],"about":[{"href":"https:\/\/analyse.optim.biz\/index.php?rest_route=\/wp\/v2\/types\/post"}],"author":[{"embeddable":true,"href":"https:\/\/analyse.optim.biz\/index.php?rest_route=\/wp\/v2\/users\/1"}],"replies":[{"embeddable":true,"href":"https:\/\/analyse.optim.biz\/index.php?rest_route=%2Fwp%2Fv2%2Fcomments&post=2068744"}],"version-history":[{"count":0,"href":"https:\/\/analyse.optim.biz\/index.php?rest_route=\/wp\/v2\/posts\/2068744\/revisions"}],"wp:attachment":[{"href":"https:\/\/analyse.optim.biz\/index.php?rest_route=%2Fwp%2Fv2%2Fmedia&parent=2068744"}],"wp:term":[{"taxonomy":"category","embeddable":true,"href":"https:\/\/analyse.optim.biz\/index.php?rest_route=%2Fwp%2Fv2%2Fcategories&post=2068744"},{"taxonomy":"post_tag","embeddable":true,"href":"https:\/\/analyse.optim.biz\/index.php?rest_route=%2Fwp%2Fv2%2Ftags&post=2068744"}],"curies":[{"name":"wp","href":"https:\/\/api.w.org\/{rel}","templated":true}]}}