{"id":206872,"date":"2014-04-28T11:41:15","date_gmt":"2014-04-28T08:41:15","guid":{"rendered":"https:\/\/analyse.optim.biz\/?p=206872"},"modified":"2014-04-28T11:41:15","modified_gmt":"2014-04-28T08:41:15","slug":"victor-ponta-bugetul-ministerului-apararii-va-creste-cu-700-de-milioane-de-lei","status":"publish","type":"post","link":"https:\/\/analyse.optim.biz\/?p=206872","title":{"rendered":"Victor Ponta: Bugetul Ministerului Ap\u0103r\u0103rii va cre\u0219te cu 700 de milioane de lei"},"content":{"rendered":"<div class=\"entry data-app-meta data-app-meta-article\" data-embed-base-url-canonical=\"https:\/\/www.digi24.ro\/embed\/stiri\/actualitate\/politica\/victor-ponta-bugetul-ministerului-apararii-va-creste-cu-700-de-milioane-de-lei-235430\">\n<p data-index=\"1\">Victor Ponta a spus c\u0103 armata rom\u00e2n\u0103 va avea echipament tehnologic \u00eembun\u0103t\u0103\u021bit, care va fi produs \u00een fabricile din Rom\u00e2nia. \u201eCeea ce \u00eenseamn\u0103 activitate pentru industria militar\u0103 rom\u00e2neasc\u0103\u201d, a spus <strong>Victor Ponta.<\/strong><\/p>\n<p data-index=\"2\">Referitor la avioanele F16, premierul a spus c\u0103 acestea au fost deja achizi\u021bionate, dar momentan sunt \u00een procedura de \u00eembun\u0103t\u0103\u021bire din punct de vedere tehnic. Dup\u0103 aceast\u0103 procedur\u0103, ele vor intra \u00een serviciu.<\/p>\n<p data-index=\"3\">\u201eImportant este c\u0103 deja au fost selecta\u021bi pilo\u021bii care vor opera pe aceste avioane, dup\u0103 ce ace\u0219tia vor termina cursurile de preg\u0103tire, care au o durat\u0103 de doi ani\u201d, <span lang=\"en-US\">a spus premierul.<\/span><\/p>\n<p data-index=\"4\">\u201e<span>S\u0103 v\u0103 spun cum e cu alocarea, de obicei cei care vorbesc cel mai mult de armat\u0103 pe la TV au t\u0103iat cei mai mul\u0163i bani de la armat. \u00cei \u015fti\u0163i pe demagogi. Noi am preluat guvernarea \u00een 2012 cu un buget aprobat pentru armat\u0103 \u00een 2011 de 1,12% din PIB, adic\u0103 fix jumate dec\u00e2t ar trebui. Cine se b\u0103tea cu c\u0103r\u0103mida NATO \u00een piept, domnul B\u0103sescu, domnul Boc, ei au t\u0103iat banii de la armat\u0103&#8230; e<\/span>u sus\u0163in o strategie na\u0163ional\u0103 prin care \u00een 2015-2016-2017 s\u0103 aloc\u0103m \u00eenc\u0103 0,2% din PIB, astfel \u00eenc\u00e2t s\u0103 ajungem la 2%\u201d, a declarat <a href=\"https:\/\/www.digi24.ro\/Stiri\/Digi24\/Actualitate\/Stiri\/Victor+Ponta+Sustin+ca+pana+in+2017+bugetul+Armatei+sa+ajunga+la\" target=\"_blank\" data-skip-linkfix=\"1\" rel=\"noopener\"><strong>Victor Ponta, \u00een 7 aprilie<\/strong>,<\/a> la un simpozion organizat la Palatul Parlamentului, cu prilejul a zece ani de NATO.<\/p>\n<p data-index=\"5\"><span lang=\"en-US\"><br \/><\/span><\/p>\n<p data-index=\"6\"><span lang=\"en-US\"><br \/><\/span><\/p>\n<\/div>\n<p> Source URL: https:\/\/www.digi24.ro\/stiri\/actualitate\/politica\/victor-ponta-bugetul-ministerului-apararii-va-creste-cu-700-de-milioane-de-lei-235430<\/p>\n","protected":false},"excerpt":{"rendered":"<p>Victor Ponta a spus c\u0103 armata rom\u00e2n\u0103 va avea echipament tehnologic \u00eembun\u0103t\u0103\u021bit, care va fi produs \u00een fabricile din Rom\u00e2nia. \u201eCeea ce \u00eenseamn\u0103 activitate pentru industria militar\u0103 rom\u00e2neasc\u0103\u201d, a spus Victor Ponta. Referitor la avioanele F16, premierul a spus c\u0103 acestea au fost deja achizi\u021bionate, dar momentan sunt \u00een procedura de \u00eembun\u0103t\u0103\u021bire din punct de [&hellip;]<\/p>\n","protected":false},"author":1,"featured_media":206873,"comment_status":"open","ping_status":"","sticky":false,"template":"","format":"standard","meta":{"footnotes":""},"categories":[2],"tags":[11],"class_list":["post-206872","post","type-post","status-publish","format-standard","has-post-thumbnail","hentry","category-politics","tag-digi24"],"_links":{"self":[{"href":"https:\/\/analyse.optim.biz\/index.php?rest_route=\/wp\/v2\/posts\/206872","targetHints":{"allow":["GET"]}}],"collection":[{"href":"https:\/\/analyse.optim.biz\/index.php?rest_route=\/wp\/v2\/posts"}],"about":[{"href":"https:\/\/analyse.optim.biz\/index.php?rest_route=\/wp\/v2\/types\/post"}],"author":[{"embeddable":true,"href":"https:\/\/analyse.optim.biz\/index.php?rest_route=\/wp\/v2\/users\/1"}],"replies":[{"embeddable":true,"href":"https:\/\/analyse.optim.biz\/index.php?rest_route=%2Fwp%2Fv2%2Fcomments&post=206872"}],"version-history":[{"count":0,"href":"https:\/\/analyse.optim.biz\/index.php?rest_route=\/wp\/v2\/posts\/206872\/revisions"}],"wp:featuredmedia":[{"embeddable":true,"href":"https:\/\/analyse.optim.biz\/index.php?rest_route=\/wp\/v2\/media\/206873"}],"wp:attachment":[{"href":"https:\/\/analyse.optim.biz\/index.php?rest_route=%2Fwp%2Fv2%2Fmedia&parent=206872"}],"wp:term":[{"taxonomy":"category","embeddable":true,"href":"https:\/\/analyse.optim.biz\/index.php?rest_route=%2Fwp%2Fv2%2Fcategories&post=206872"},{"taxonomy":"post_tag","embeddable":true,"href":"https:\/\/analyse.optim.biz\/index.php?rest_route=%2Fwp%2Fv2%2Ftags&post=206872"}],"curies":[{"name":"wp","href":"https:\/\/api.w.org\/{rel}","templated":true}]}}