{"id":206858,"date":"2014-04-28T18:56:20","date_gmt":"2014-04-28T15:56:20","guid":{"rendered":"https:\/\/analyse.optim.biz\/?p=206858"},"modified":"2014-04-28T18:56:20","modified_gmt":"2014-04-28T15:56:20","slug":"victor-ponta-s-a-intalnit-cu-patriarhul-daniel-alaturi-de-liderii-usd-si-mugur-isarescu","status":"publish","type":"post","link":"https:\/\/analyse.optim.biz\/?p=206858","title":{"rendered":"Victor Ponta s-a \u00eent\u00e2lnit cu Patriarhul Daniel, al\u0103turi de liderii USD \u015fi Mugur Is\u0103rescu"},"content":{"rendered":"<div class=\"entry data-app-meta data-app-meta-article\" data-embed-base-url-canonical=\"https:\/\/www.digi24.ro\/embed\/stiri\/actualitate\/politica\/victor-ponta-s-a-intalnit-cu-patriarhul-daniel-alaturi-de-liderii-usd-si-mugur-isarescu-235879\">\n<p data-index=\"1\">\u00a0<img decoding=\"async\" src=\"https:\/\/analyse.optim.biz\/wp-content\/uploads\/2024\/09\/mzzmowvhzmjlode0mzc0nwy1m2fkyjm3zwjkztuzyg-thumb_.jpg\" data-skip-htmlfix=\"1\" title=\"mzzmowvhzmjlode0mzc0nwy1m2fkyjm3zwjkztuzyg-thumb_\"><\/p>\n<p data-index=\"2\">\u00centrebat dac\u0103 s-a discutat de o suplimentare de fonduri pentru construirea Catedralei M\u00e2ntuirii Neamului, Ponta a r\u0103spuns negativ, informeaz\u0103 Mediafax.<\/p>\n<p data-index=\"3\">Potrivit sursei citate, Adrian Vasilescu, consilier al\u00a0guvernatorului BNR, a declarat c\u0103 \u00eent\u00e2lnirea de la Patriarhie face parte dintr-o tradi\u0163ie\u00a0\u00een care Patriarhul invit\u0103 oficialit\u0103\u0163i, inclusiv pe guvernatorul b\u0103ncii centrale, <strong>\u201ela o mas\u0103 dup\u0103 Pa\u015fte\u201d.<\/strong><\/p>\n<p data-index=\"4\">Potrivit consilierului, guvernatorul Mugur Is\u0103rescu este invitat permanent la aceast\u0103 reuniune, mai ales c\u0103 BNR a fost cea care, c\u00e2nd legea \u00eei permitea, a finan\u0163at refacerea cl\u0103dirii Patriarhiei.<\/p>\n<p data-index=\"5\">Vasilescu a ad\u0103ugat c\u0103 \u015fi el a participat la o astfel de reuniune, \u00een perioada fostului Patriarh Teoctist.<\/p>\n<p data-index=\"6\">\u00cen urm\u0103 cu o lun\u0103, p\u0103rintele Constatin Stoica, purt\u0103torul de cuv\u00e2nt al Patriarhiei Rom\u00e2ne a declarat c\u0103 totalul costului aferent lucr\u0103rilor de finalizare a Catedralei M\u00e2ntuirii Neamului p\u00e2n\u0103 la stadiul ro\u015fu-gri, f\u0103r\u0103 tencuial\u0103, dar cu geamuri \u015fi u\u015fi, este de aproximativ 80 de milioane de euro.<\/p>\n<p data-index=\"7\">Referitor la graficul de execu\u0163ie a lucr\u0103rilor, Patriarhia a precizat c\u0103, \u00een aprilie 2013, a fost finalizat\u0103 construirea infrastructurii Catedralei M\u00e2ntuirii Neamului, iar din toamna aceluia\u015fi an au \u00eenceput lucr\u0103rile la suprastructura acesteia. Edificarea viitoarei catedrale patriarhale se estimeaz\u0103 a fi terminat\u0103 \u00een anul 2016.<\/p>\n<p data-index=\"8\">Acum un an, Ministerul Agriculturii \u0219i Patriarhia au semnat un protocol prin care preo\u021bii au primit sarcina s\u0103 \u00eei \u00eendrume pe s\u0103teni \u00een accesarea fondurilor europene.\u00a0<\/p>\n<p data-index=\"9\">Scopul protocolului este acela de a cre\u015fte rata de absorb\u0163ie a fondurilor europene pentru dezvoltarea \u015fi modernizarea satelor. Paradoxal, con\u0163inutul este secret.<span>\u00a0La aproape un an de la intrarea \u00een vigoare a acordului nu se cunosc obliga\u0163iile pe care \u015fi le-au asumat Ministerul Agriculturii \u015fi Patriarhia \u015fi nici ce beneficii au ob\u0163inut cele dou\u0103 institu\u0163ii, \u00een urma colabor\u0103rii, se arat\u0103 \u00eentr-o anchet\u0103 <a href=\"https:\/\/www.digi24.ro\/Stiri\/Digi24\/Special\/Reportaj\/Din+interior+Preoti+neinstruiti+pusi+sa+indrume+taranii+in+acces\" data-skip-linkfix=\"1\">Din|interior<\/a>.<\/span><\/p>\n<p data-index=\"10\">Tot anul trecut, \u00een decembrie, Patriarhia Rom\u00e2n\u0103 a trimis consiliilor jude\u021bene \u0219i prim\u0103riilor scrisori prin care solicit\u0103 de la fiecare consiliu o finan\u021bare de 300.000 de lei pentru construirea Catedralei M\u00e2ntuirii Neamului.<\/p>\n<\/div>\n<p> Source URL: https:\/\/www.digi24.ro\/stiri\/actualitate\/politica\/victor-ponta-s-a-intalnit-cu-patriarhul-daniel-alaturi-de-liderii-usd-si-mugur-isarescu-235879<\/p>\n","protected":false},"excerpt":{"rendered":"<p>\u00a0 \u00centrebat dac\u0103 s-a discutat de o suplimentare de fonduri pentru construirea Catedralei M\u00e2ntuirii Neamului, Ponta a r\u0103spuns negativ, informeaz\u0103 Mediafax. Potrivit sursei citate, Adrian Vasilescu, consilier al\u00a0guvernatorului BNR, a declarat c\u0103 \u00eent\u00e2lnirea de la Patriarhie face parte dintr-o tradi\u0163ie\u00a0\u00een care Patriarhul invit\u0103 oficialit\u0103\u0163i, inclusiv pe guvernatorul b\u0103ncii centrale, \u201ela o mas\u0103 dup\u0103 Pa\u015fte\u201d. Potrivit [&hellip;]<\/p>\n","protected":false},"author":1,"featured_media":206859,"comment_status":"open","ping_status":"","sticky":false,"template":"","format":"standard","meta":{"footnotes":""},"categories":[2],"tags":[11],"class_list":["post-206858","post","type-post","status-publish","format-standard","has-post-thumbnail","hentry","category-politics","tag-digi24"],"_links":{"self":[{"href":"https:\/\/analyse.optim.biz\/index.php?rest_route=\/wp\/v2\/posts\/206858","targetHints":{"allow":["GET"]}}],"collection":[{"href":"https:\/\/analyse.optim.biz\/index.php?rest_route=\/wp\/v2\/posts"}],"about":[{"href":"https:\/\/analyse.optim.biz\/index.php?rest_route=\/wp\/v2\/types\/post"}],"author":[{"embeddable":true,"href":"https:\/\/analyse.optim.biz\/index.php?rest_route=\/wp\/v2\/users\/1"}],"replies":[{"embeddable":true,"href":"https:\/\/analyse.optim.biz\/index.php?rest_route=%2Fwp%2Fv2%2Fcomments&post=206858"}],"version-history":[{"count":0,"href":"https:\/\/analyse.optim.biz\/index.php?rest_route=\/wp\/v2\/posts\/206858\/revisions"}],"wp:featuredmedia":[{"embeddable":true,"href":"https:\/\/analyse.optim.biz\/index.php?rest_route=\/wp\/v2\/media\/206859"}],"wp:attachment":[{"href":"https:\/\/analyse.optim.biz\/index.php?rest_route=%2Fwp%2Fv2%2Fmedia&parent=206858"}],"wp:term":[{"taxonomy":"category","embeddable":true,"href":"https:\/\/analyse.optim.biz\/index.php?rest_route=%2Fwp%2Fv2%2Fcategories&post=206858"},{"taxonomy":"post_tag","embeddable":true,"href":"https:\/\/analyse.optim.biz\/index.php?rest_route=%2Fwp%2Fv2%2Ftags&post=206858"}],"curies":[{"name":"wp","href":"https:\/\/api.w.org\/{rel}","templated":true}]}}