{"id":2068532,"date":"2026-07-25T05:45:28","date_gmt":"2026-07-25T02:45:28","guid":{"rendered":"https:\/\/analyse.optim.biz\/?p=2068532"},"modified":"2026-07-25T05:45:28","modified_gmt":"2026-07-25T02:45:28","slug":"strigatul-disperat-al-unei-eleve-de-liceu-din-timisoara-este-locul-in-care-am-invatat-am-crescut-si-ne-am-facut-cele-mai-frumoase-amintiri-este-casa-noastra-acum-suntem-mutati-cu-forta","status":"publish","type":"post","link":"https:\/\/analyse.optim.biz\/?p=2068532","title":{"rendered":"Strig\u0103tul disperat al unei eleve de liceu din Timi\u0219oara: \u2018Este locul \u00een care am \u00eenv\u0103\u021bat, am crescut \u0219i ne-am f\u0103cut cele mai frumoase amintiri. Este casa noastr\u0103. Acum suntem muta\u021bi cu for\u021ba\u2019"},"content":{"rendered":"<p>[analyse_image type=&#8221;featured&#8221; src=&#8221;https:\/\/www.opiniatimisoarei.ro\/wp-content\/uploads\/2026\/07\/liceul-bratianu-miu-728&#215;336.jpghttps:\/\/www.opiniatimisoarei.ro\/wp-content\/uploads\/2026\/07\/liceul-bratianu-miu.jpg&#8221;]<\/p>\n<div class=\"the_content\">\n<p><strong>TIMI\u0218OARA<\/strong>. O elev\u0103 de <span class=\"dia_suggestion w3\">la<\/span> Liceul Tehnologic \u201eIon I.C. Br\u0103tianu\u201d <span class=\"dia_suggestion w10\"><span class=\"dia_suggestion w36\">din<\/span><\/span> Timi\u0219oara, Raela Tudose, a transmis un mesaj emo\u021bionant \u0219i disperat deopotriv\u0103 pe Facebook, dup\u0103 ce a aflat c\u0103 Prim\u0103ria Timi\u0219oara vrea s\u0103 <span class=\"dia_suggestion w33\">mute<\/span> acest liceu din centru <span class=\"dia_suggestion w43\">\u00ee<\/span><span class=\"dia_suggestion w38\">n<\/span> locul fostului Liceu Azur, <span class=\"dia_suggestion w43\">\u00een<\/span><span class=\"dia_suggestion w44\">cel\u0103lalt<\/span><span class=\"dia_suggestion w45\">cap\u0103t<\/span><span class=\"dia_suggestion w46\">al<\/span><span class=\"dia_suggestion w47\">ora\u0219ului<\/span>.<\/p>\n<p>\u201d<strong>Este locul \u00een care am \u00eenv\u0103\u021bat, am crescut \u0219i ne-am f\u0103cut cele mai frumoase amintiri. Este casa noastr\u0103. Acum suntem muta\u021bi cu for\u021ba<\/strong>\u201d, a transmis eleva,\u00a0<span class=\"dia_suggestion w0\">care<\/span> este <span class=\"dia_suggestion w2\">sus\u021binut\u0103<\/span> de <span class=\"dia_suggestion w4\">c\u0103tre<\/span> colegii ei <span class=\"dia_suggestion w7\">\u0219i<\/span><span class=\"dia_suggestion w8\">p\u0103rin\u021bii<\/span> acestora.<\/p>\n<p><span class=\"dia_suggestion w0\">Asta<\/span><span class=\"dia_suggestion w1\">\u0219i<\/span> pentru <span class=\"dia_suggestion w3\">c\u0103<\/span>, spun <span class=\"dia_suggestion w5\">ace\u0219tia<\/span>, ei nu au fost <span class=\"dia_suggestion w10\">consulta\u021bi<\/span>, nici <span class=\"dia_suggestion w12\">m\u0103car<\/span><span class=\"dia_suggestion w13\">informa\u021bi<\/span><span class=\"dia_suggestion w14\">\u0219i<\/span> au aflat totul de pe\u2026. <span class=\"dia_suggestion w20\">pagina<\/span> de Facebook a viceprimarului Ruben <span class=\"dia_suggestion w0\">La<\/span>\u021bc\u0103u,<\/p>\n<p><strong><span>CITE\u0218TE \u0218I:<\/span><\/strong><a href=\"https:\/\/www.opiniatimisoarei.ro\/mai-multi-elevi-de-la-liceul-shakespeare-s-ar-putea-muta-in-cladirea-unei-scoli-din-centru-la-timisoara\/23\/07\/2026\"><strong>Mai mul\u021bi elevi de la Liceul Shakespeare s-ar putea muta \u00een cl\u0103direa unei \u0219coli din centru, la Timi\u0219oara<\/strong><\/a><\/p>\n<p><a href=\"https:\/\/www.opiniatimisoarei.ro\/wp-content\/uploads\/2026\/07\/elevi-bratianu.jpg\"><img loading=\"lazy\" decoding=\"async\" class=\"aligncenter size-full wp-image-883770\" src=\"https:\/\/www.opiniatimisoarei.ro\/wp-content\/uploads\/2026\/07\/elevi-bratianu.jpg\" alt=\"\" width=\"1080\" height=\"555\"><\/a><\/p>\n<p>\u201d<strong>Sunt elev la Liceul Tehnologic \u201eIon I.C. Br\u0103tianu\u201d din Timi\u0219oara \u0219i vreau, pentru o dat\u0103, s\u0103 fie ascultat\u0103 \u0219i vocea noastr\u0103. AJUTA\u021aI-NE VA ROG !!<\/strong><br \/><strong>Ni se spune c\u0103 suntem muta\u021bi pentru binele nostru. Dar ne-a \u00eentrebat cineva dac\u0103 asta ne dorim? Ne-a ascultat cineva \u00eenainte s\u0103 decid\u0103 \u00een locul nostru?<\/strong><br \/><strong>Ni se spune c\u0103 vom avea condi\u021bii mai bune. Dar cum poate fi mai bine \u00eentr-o cl\u0103dire veche, care arat\u0103 \u00eentr-o stare mult mai rea dec\u00e2t liceul nostru? Liceul nostru a fost restaurat, \u00eenc\u0103 se lucreaz\u0103 la el, are geamuri noi \u0219i, chiar dac\u0103 nu este perfect, este locul \u00een care am \u00eenv\u0103\u021bat, am crescut \u0219i ne-am f\u0103cut cele mai frumoase amintiri. Este casa noastr\u0103<\/strong>\u201d, a scris Raela Tudose pe Facebook.<\/p>\n<p>Eleva arat\u0103 c\u0103 mutarea liceului este una for\u021bat\u0103, f\u0103r\u0103 s\u0103 se \u021bin\u0103 cont de dorin\u021bele celor care \u00eenva\u021b\u0103 aici.<\/p>\n<p>\u201d<strong>\u00cen spatele tuturor promisiunilor \u0219i al cuvintelor frumoase exist\u0103 un singur adev\u0103r: noi suntem muta\u021bi cu for\u021ba. Ni se spune c\u0103 este pentru binele nostru, dar mul\u021bi dintre noi sim\u021bim c\u0103 adev\u0103ratul motiv este altul: pentru ca al\u021bi copii s\u0103 poat\u0103 \u00eenv\u0103\u021ba \u00een centrul Timi\u0219oarei.<\/strong><br \/><strong>Noi ce vin\u0103 avem? De ce trebuie s\u0103 pl\u0103tim noi pre\u021bul unei decizii pe care nu am luat-o? De ce visele, amintirile \u0219i munca noastr\u0103 valoreaz\u0103 mai pu\u021bin?<\/strong><br \/><strong>Nu cerem privilegii. Cerem doar s\u0103 fim asculta\u021bi. Cerem s\u0103 nu se decid\u0103 viitorul nostru f\u0103r\u0103 noi.<\/strong><br \/><strong>Poate suntem doar ni\u0219te elevi, dar \u0219i noi avem suflet. \u0218i noi avem dreptul s\u0103 spunem ce sim\u021bim!<\/strong><br \/><strong>Face\u021bi voi dragi oameni diferen\u021ba dintre licee \u0219i spune\u021bi mi c\u0103 doar noi suntem cei care nu \u00een\u021beleg c\u0103 a\u0219a ne-ar fi mai bine! Eu spun c\u0103 vom fi muta\u021bi doar pentru c\u0103 al\u021bi copii vor s\u0103 fi \u00een centru \u0219i au pus ochii pe liceul nostru a\u0219a c\u0103 V\u00c2 ROG AJUTA\u021aI-NE S\u0102 NE P\u00c2STRAM LICEUL<\/strong>\u201d, a transmis Raela Tudose.<\/p>\n<p>Elevii de la Br\u0103tianu ar urma s\u0103 fie reloca\u021bi pe Calea Martirilor \u00een cl\u0103dirile fostului Liceu Azur care a fost comasat cu cel Silvic, transmitea viceprimarul Ruben <span class=\"dia_suggestion w0\">La<\/span>\u021bc\u0103u pe pagina sa de Facebook.<\/p>\n<p>Acesta a precizat c\u0103 solu\u021bia ar fi fost agreat\u0103 de conducerile celor dou\u0103 \u0219coli.<\/p>\n<p><span class=\"dia_suggestion w0\">La<\/span> fostul Azur <span class=\"dia_suggestion w3\"><span class=\"dia_suggestion w27\"><span class=\"dia_suggestion w44\"><span class=\"dia_suggestion w59\">din<\/span><\/span><\/span><\/span> Girocului, prim\u0103ria <span class=\"dia_suggestion w6\">va<\/span> trebui s\u0103 amenajeze ateliere de <span class=\"dia_suggestion w12\">profil<\/span> pentru copiii de <span class=\"dia_suggestion w16\"><span class=\"dia_suggestion w83\">la<\/span><\/span> Br\u0103tianu.<\/p>\n<p>\u00cen cl\u0103direa Colegiului Tehnic I.C. Br\u0103tianu (fost Miu), <span class=\"dia_suggestion w3\"><span class=\"dia_suggestion w27\"><span class=\"dia_suggestion w44\"><span class=\"dia_suggestion w59\">din<\/span><\/span><\/span><\/span> plin centrul ora\u0219ului, ar <span class=\"dia_suggestion w32\">urma <\/span>s\u0103 <span class=\"dia_suggestion w34\">se<\/span><span class=\"dia_suggestion w35\">mute<\/span><span class=\"dia_suggestion w36\">mai<\/span><span class=\"dia_suggestion w37\">multe<\/span> clase ale Liceului Teoretic W. Shakespeare din Timi\u0219oara, unde <span class=\"dia_suggestion w47\">sunt<\/span><span class=\"dia_suggestion w48\">mari<\/span> probleme cu <span class=\"dia_suggestion w19\">cl\u0103direa<\/span>, iar copii <span class=\"dia_suggestion w54\">\u0219i<\/span><span class=\"dia_suggestion w55\">dasc\u0103li<\/span> s-au <span class=\"dia_suggestion w58\">\u00eemboln\u0103vit<\/span> din <span class=\"dia_suggestion w60\">cauza<\/span> mucegaiului.<\/p>\n<p>\u00cen <span class=\"dia_suggestion w32\">urma<\/span>\u00a0anun\u021bului, pe <span class=\"dia_suggestion w66\">pagina<\/span>\u00a0de Facebook a viceprimarului Ruben <span class=\"dia_suggestion w0\">La<\/span>\u021bc\u0103u, s-a iscat o adev\u0103rat\u0103 furtun\u0103. <span class=\"dia_suggestion w79\">P\u0103rin\u021bi<\/span><span class=\"dia_suggestion w54\">\u0219i<\/span> elevi de <span class=\"dia_suggestion w16\"><span class=\"dia_suggestion w83\">la<\/span><\/span><span class=\"dia_suggestion w17\">Br\u0103tianu<\/span><span class=\"dia_suggestion w80\">\u0219i<\/span> Azur <span class=\"dia_suggestion w85\">\u0219i<\/span>-au exprimat dur <span class=\"dia_suggestion w91\">nemul\u021bumirea<\/span><span class=\"dia_suggestion w92\">fa\u021b\u0103<\/span> de o astfel de <span class=\"dia_suggestion w97\">m\u0103sur\u0103<\/span>.<\/p>\n<h3><strong>Iat\u0103 c\u00e2teva mesaje:<\/strong><\/h3>\n<p><strong>\u201dDomnule viceprimar, sunt p\u0103rintele unui copil aflat printre elevii afecta\u021bi de aceast\u0103 decizie de mutare. Tocmai de aceea, \u00eemi este greu s\u0103 cred c\u0103 a existat o consultare real\u0103 a p\u0103rin\u021bilor \u0219i elevilor \u00eenainte de luarea acestei decizii. Eu nu am fost consultat\u0103 \u0219i nu cunosc al\u021bi p\u0103rin\u021bi afla\u021bi \u00een aceea\u0219i situa\u021bie care s\u0103 fi fost \u00eentreba\u021bi ce impact va avea aceast\u0103 schimbare asupra copiilor lor.<\/strong><br \/><strong>Problema nu este doar cl\u0103direa \u00een care vor \u00eenv\u0103\u021ba elevii, ci modul \u00een care se iau aceste decizii. Oare \u0219ti\u021bi c\u00e2\u021bi dintre elevii muta\u021bi au ales acel liceu tocmai datorit\u0103 proximit\u0103\u021bii fa\u021b\u0103 de cas\u0103? C\u00e2\u021bi vor fi nevoi\u021bi s\u0103 traverseze ora\u0219ul, schimb\u00e2nd dou\u0103 sau chiar trei mijloace de transport \u0219i petrec\u00e2nd una sau chiar dou\u0103 ore \u00een plus \u00een fiecare zi \u00een tramvaie \u0219i autobuze? Transportul public din Timi\u0219oara este departe de a oferi conexiuni at\u00e2t de eficiente \u00eenc\u00e2t acest aspect s\u0103 poat\u0103 fi ignorat.<\/strong><br \/><strong>Dac\u0103 obiectivul este s\u0103 asigura\u021bi condi\u021bii optime pentru dezvoltare \u0219i \u00eenv\u0103\u021bare, atunci timpul, oboseala \u0219i siguran\u021ba elevilor pe drumul spre \u0219coal\u0103 trebuie s\u0103 c\u00e2nt\u0103reasc\u0103 la fel de mult ca s\u0103lile de clas\u0103, atelierele sau curtea. O reform\u0103 f\u0103cut\u0103 pentru elevi ar trebui s\u0103 porneasc\u0103 de la nevoile lor reale \u0219i de la un dialog autentic cu familiile afectate, nu doar de la reorganizarea cl\u0103dirilor<\/strong>\u201d.<\/p>\n<p>\u201d<strong>Deci .. s\u0103 \u00een\u021belegem cu to\u021bii\u2026..pt cei de la Br\u0103tianu,condi\u021biile din actuala cl\u0103dire nu sunt ok dar pentru cei de la Shakespeare ar fi ok!<\/strong>\u201d<\/p>\n<p>\u201d<strong>Va bate\u021bi joc de 500 de copii de la Azur s\u0103 \u00eei b\u0103ga\u021bi \u00een containere parca i-ati arunca la gunoi\u2026 totul doar pentru interesele voastre, dar la copii nu v\u0103 g\u00e2ndi\u021bi ru\u0219ine !!<\/strong>\u201d<\/p>\n<p>\u201d<strong>Asa harababura ca acum in invatamantul din Timisoara nu a fost niciodata! Nu exista un program clar de lucrari,totul se face la intamplare! Nu intereseaza pe nimeni! Nu stie nimeni cine raspunde,ce trebuie sa faca! Se fac modificari pe hartie,fara o gandire,totul e amestecat,scolile nu mai au identitate! Groaznic ce se intampla!<\/strong>\u201d<\/p>\n<p>\u201d<strong>Nu cred c\u0103 mutarea este cea mai bun\u0103 solu\u021bie. \u00cen loc s\u0103 fie mutate \u0219colile dintr-o cl\u0103dire \u00een alta, ar trebui investit \u00een modernizarea fiec\u0103rei unit\u0103\u021bi acolo unde func\u021bioneaz\u0103 deja. Elevii, profesorii \u0219i p\u0103rin\u021bii merit\u0103 stabilitate, nu reorganiz\u0103ri f\u0103cute pe repede \u00eenainte. Sun\u0103 bine pe h\u00e2rtie, dar de ce trebuie mutate \u0219colile \u00een loc s\u0103 fie renovate \u0219i dezvoltate \u00een loca\u021biile lor actuale? Educa\u021bia are nevoie de investi\u021bii reale, nu doar de schimb\u0103ri de adrese<\/strong>\u201d.<\/p>\n<div class=\"xdj266r x14z9mp xat24cr x1lziwak x1vvkbs\">\n<div dir=\"auto\">\u201e<strong>Domnule <span class=\"xt0psk2\"><span class=\"xjp7ctv\">Ruben La\u021bc\u0103u<\/span><\/span>, \u00een ce temei legal s-a luat aceast\u0103 decizie?<\/strong><\/div>\n<div dir=\"auto\"><strong>Ce consult\u0103ri au avut loc din moment ce p\u0103rin\u021bii elevilor de la I.C. Br\u0103tianu \u0219i Azur nu au fost deloc consulta\u021bi? \u0218i cine a decis c\u0103 elevii de la Shakespeare au drepturi speciale fa\u021b\u0103 de elevii liceelor Br\u0103tianu \u0219i Azur?<\/strong><\/div>\n<\/div>\n<div class=\"x14z9mp xat24cr x1lziwak x1vvkbs xtlvy1s\">\n<div dir=\"auto\"><strong>Noi, p\u0103rin\u021bii direct afecta\u021bi, nu am fost consulta\u021bi anterior adopt\u0103rii acestei m\u0103suri \u0219i nu ni s-a solicitat punctul de vedere, de\u0219i consecin\u021bele asupra elevilor sunt semnificative.<\/strong><\/div>\n<\/div>\n<div class=\"x14z9mp xat24cr x1lziwak x1vvkbs xtlvy1s\">\n<div dir=\"auto\"><strong>\u00cen acest context, v\u0103 solicit\u0103m s\u0103 ne transmite\u021bi urm\u0103toarele:<\/strong><\/div>\n<\/div>\n<div class=\"x14z9mp xat24cr x1lziwak x1vvkbs xtlvy1s\">\n<div dir=\"auto\"><strong>\u2013 Actele administrative \u0219i documentele care au stat la baza lu\u0103rii acestei decizii.<\/strong><\/div>\n<div dir=\"auto\"><strong>\u2013 Dovezile consult\u0103rii p\u0103rin\u021bilor \u0219i ale reprezentan\u021bilor legali ai elevilor, inclusiv procese-verbale, hot\u0103r\u00e2ri ale Consiliului de Administra\u021bie, consult\u0103ri cu Consiliul reprezentativ al p\u0103rin\u021bilor sau orice alte documente care demonstreaz\u0103 respectarea procedurilor legale \u0219i a principiului transparen\u021bei decizionale.<\/strong><\/div>\n<div dir=\"auto\"><strong>\u2013 Studiul sau analiza de impact care a fundamentat alegerea Liceului Tehnologic Azur ca spa\u021biu pentru desf\u0103\u0219urarea cursurilor.<\/strong><\/div>\n<div dir=\"auto\"><strong>\u2013 Criteriile obiective \u00een baza c\u0103rora a fost aleas\u0103 aceast\u0103 loca\u021bie \u0219i motivele pentru care nu au fost identificate alternative mai accesibile pentru elevi.<\/strong><\/div>\n<div dir=\"auto\"><strong>Institu\u021bia care \u00ee\u0219i asum\u0103 responsabilitatea pentru efectele acestei decizii asupra elevilor \u0219i familiilor acestora.<\/strong><\/div>\n<div dir=\"auto\"><strong>Dorim s\u0103 v\u0103 aducem la cuno\u0219tin\u021b\u0103 c\u0103 un num\u0103r foarte mare dintre elevii liceului Na\u021bional I.C. Br\u0103tianu provin din localit\u0103\u021bile limitrofe municipiului Timi\u0219oara \u0219i sunt naveti\u0219ti.<\/strong><\/div>\n<\/div>\n<div class=\"x14z9mp xat24cr x1lziwak x1vvkbs xtlvy1s\">\n<div dir=\"auto\"><strong>Relocarea cursurilor la Liceul Tehnologic Azur presupune, pentru mul\u021bi dintre ace\u0219tia, parcurgerea unui traseu semnificativ mai lung, care implic\u0103 dou\u0103 sau chiar trei mijloace de transport, \u00een lipsa unor conexiuni directe.<\/strong><\/div>\n<\/div>\n<div class=\"x14z9mp xat24cr x1lziwak x1vvkbs xtlvy1s\">\n<div dir=\"auto\"><strong>\u00cen mod concret, aceast\u0103 m\u0103sur\u0103 \u00eei oblig\u0103 pe numero\u0219i elevi s\u0103 plece de acas\u0103 \u00een jurul orei 05:30 pentru a putea ajunge la timp la cursuri, afect\u00e2nd \u00een mod direct timpul de odihn\u0103, s\u0103n\u0103tatea, performan\u021ba \u0219colar\u0103 \u0219i siguran\u021ba deplas\u0103rilor zilnice.<\/strong><\/div>\n<\/div>\n<div class=\"x14z9mp xat24cr x1lziwak x1vvkbs xtlvy1s\">\n<div dir=\"auto\"><strong>Consider\u0103m c\u0103 o astfel de decizie, cu un impact major asupra vie\u021bii elevilor \u0219i familiilor acestora, nu poate fi adoptat\u0103 f\u0103r\u0103 consultarea real\u0103 a celor direct afecta\u021bi \u0219i f\u0103r\u0103 o fundamentare obiectiv\u0103, transparent\u0103 \u0219i propor\u021bional\u0103.<\/strong><\/div>\n<\/div>\n<div class=\"x14z9mp xat24cr x1lziwak x1vvkbs xtlvy1s\">\n<div dir=\"auto\"><strong>Av\u00e2nd \u00een vedere informa\u021biile ap\u0103rute \u00een spa\u021biul public, potrivit c\u0103rora aceast\u0103 relocare ar avea ca scop eliberarea spa\u021biilor necesare func\u021bion\u0103rii unei alte unit\u0103\u021bi de \u00eenv\u0103\u021b\u0103m\u00e2nt, solicit\u0103m s\u0103 ne comunica\u021bi oficial dac\u0103 acesta reprezint\u0103 motivul real al deciziei \u0219i care este temeiul legal \u00een baza c\u0103ruia interesul elevilor liceului I.C. Br\u0103tianu a fost considerat secundar.<\/strong><\/div>\n<\/div>\n<div class=\"x14z9mp xat24cr x1lziwak x1vvkbs xtlvy1s\">\n<div dir=\"auto\"><strong>Totodat\u0103, v\u0103 solicit\u0103m \u00een mod expres s\u0103 ne comunica\u021bi dac\u0103 aceast\u0103 decizie este definitiv\u0103 sau dac\u0103 urmeaz\u0103 s\u0103 fie reanalizat\u0103 \u0219i suspendat\u0103 p\u00e2n\u0103 la finalizarea unei consult\u0103ri reale cu p\u0103rin\u021bii \u0219i identificarea unor solu\u021bii care s\u0103 nu prejudicieze elevii<\/strong>\u201e<\/div>\n<div dir=\"auto\"><span class=\"dia_suggestion w0\">P\u0103rin\u021bilor<\/span>\u00a0 de <span class=\"dia_suggestion w2\"><span class=\"dia_suggestion w13\"><span class=\"dia_suggestion w20\"><span class=\"dia_suggestion w22\"><span class=\"dia_suggestion w29\"><span class=\"dia_suggestion w38\">la<\/span><\/span><\/span><\/span><\/span><\/span> Azur <span class=\"dia_suggestion w4\">\u0219i<\/span><span class=\"dia_suggestion w5\">Br\u0103tianu<\/span><span class=\"dia_suggestion w6\">li<\/span> s-au <span class=\"dia_suggestion w9\">al\u0103turat<\/span><span class=\"dia_suggestion w10\">\u0219i<\/span><span class=\"dia_suggestion w11\">c\u00e2\u021biva<\/span> de la <span class=\"dia_suggestion w14\">Ana<\/span> Aslan <span class=\"dia_suggestion w48\">\u00ee<\/span>n comentarii, <span class=\"dia_suggestion w16\"><span class=\"dia_suggestion w23\">care<\/span><\/span> au subliniat <span class=\"dia_suggestion w19\">c\u0103<\/span> la momentul la care copiii lor au fost <span class=\"dia_suggestion w28\">reloca\u021bi<\/span> la Colegiul Tehnologic de Vest, <span class=\"dia_suggestion w40\">prim\u0103ria<\/span> le-a spus <span class=\"dia_suggestion w44\">c\u0103<\/span> nu <span class=\"dia_suggestion w46\">exist\u0103<\/span><span class=\"dia_suggestion w47\">spa\u021biu<\/span><span class=\"dia_suggestion w48\">\u00een<\/span> centru pentru ei, or acum, pentru <span class=\"dia_suggestion w55\">c\u0103<\/span> e <span class=\"dia_suggestion w57\">vorba<\/span> de Shakespeare, s-a <span class=\"dia_suggestion w62\">g\u0103sit<\/span> o <span class=\"dia_suggestion w64\">solu\u021bie<\/span>.<\/div>\n<\/div>\n<p>***<\/p>\n<p><strong><span class=\"dia_suggestion w0\">Mai<\/span><span class=\"dia_suggestion w1\">multe<\/span><span class=\"dia_suggestion w2\">g\u0103si\u021bi<\/span> pe <span class=\"dia_suggestion w4\">pagina noastr<span class=\"dia_suggestion w0\">\u0103<\/span><\/span>\u00a0de <a href=\"https:\/\/www.facebook.com\/OpiniaTM\/?ref=page_internal\" target=\"_blank\" rel=\"noopener\">Facebook opiniatimisoarei.ro<\/a>!<\/strong><\/p>\n<p><strong><span class=\"dia_suggestion w0\">Dac\u0103<\/span><span class=\"dia_suggestion w1\">a\u021bi<\/span> fost martorii unui eveniment <span class=\"dia_suggestion w6\">sau<\/span><span class=\"dia_suggestion w7\">ai<\/span> unei <span class=\"dia_suggestion w9\">situa\u021bii<\/span><span class=\"dia_suggestion w10\">neobi\u0219nuite<\/span><span class=\"dia_suggestion w11\">care<\/span> ar <span class=\"dia_suggestion w13\">putea<\/span> deveni subiect de <span class=\"dia_suggestion w17\">\u0219tire<\/span>, <span class=\"dia_suggestion w18\">contacta\u021bi<\/span>-ne <span class=\"dia_suggestion w20\">la<\/span><span><a href=\"https:\/\/www.opiniatimisoarei.ro\/cdn-cgi\/l\/email-protection\" class=\"__cf_email__\" data-cfemail=\"295b4c4d484a5d404c694659404740485d4044405a46485b4c40075b46\">[email\u00a0protected]<\/a>,<\/span>\u00a0 pe <a href=\"https:\/\/www.facebook.com\/OpiniaTM\">FB<\/a><span>sau pe contul nostru de<\/span><a href=\"https:\/\/www.instagram.com\/opiniatimisoarei.ro\/\" target=\"_blank\" rel=\"noopener\">Instagram<\/a>!<\/strong><\/p>\n<p><strong><span>CITE\u0218TE \u0218I<\/span>: <a href=\"https:\/\/www.opiniatimisoarei.ro\/afli-primul-tot-ceea-ce-se-intampla-cu-adevarat-important-in-timisoara-si-in-regiune-cu-aplicatia-de-stiri-opinia-timisoarei-3-tipuri-de-alerte-te-tin-mereu-conectat-la-evenimente-descarca-gratuit-a\/31\/10\/2022\">Afli primul tot ceea ce se intampla cu adevarat important in Timisoara si in regiune cu Aplicatia de stiri Opinia Timisoarei. 3 tipuri de alerte te tin mereu conectat la evenimente. Descarca gratuit Aplicatia OT aici!<\/a><\/strong><\/p>\n<p>\u00a0<\/p>\n<\/div>\n<p>[analyse_source url=&#8221;https:\/\/www.opiniatimisoarei.ro\/strigatul-disperat-al-unei-eleve-de-liceu-din-timisoara-este-locul-in-care-am-invatat-am-crescut-si-ne-am-facut-cele-mai-frumoase-amintiri-este-casa-noastra-acum-suntem-mutati-cu-forta\/25\/07\/2026&#8243;]<\/p>\n","protected":false},"excerpt":{"rendered":"<p>[analyse_image type=&#8221;featured&#8221; src=&#8221;https:\/\/www.opiniatimisoarei.ro\/wp-content\/uploads\/2026\/07\/liceul-bratianu-miu-728&#215;336.jpghttps:\/\/www.opiniatimisoarei.ro\/wp-content\/uploads\/2026\/07\/liceul-bratianu-miu.jpg&#8221;] TIMI\u0218OARA. O elev\u0103 de la Liceul Tehnologic \u201eIon I.C. Br\u0103tianu\u201d din Timi\u0219oara, Raela Tudose, a transmis un mesaj emo\u021bionant \u0219i disperat deopotriv\u0103 pe Facebook, dup\u0103 ce a aflat c\u0103 Prim\u0103ria Timi\u0219oara vrea s\u0103 mute acest liceu din centru \u00een locul fostului Liceu Azur, \u00eencel\u0103laltcap\u0103talora\u0219ului. \u201dEste locul \u00een care am \u00eenv\u0103\u021bat, am crescut [&hellip;]<\/p>\n","protected":false},"author":1,"featured_media":0,"comment_status":"open","ping_status":"","sticky":false,"template":"","format":"standard","meta":{"footnotes":""},"categories":[89],"tags":[226,190],"class_list":["post-2068532","post","type-post","status-publish","format-standard","hentry","category-romania","tag-crawlmanager","tag-opiniatimisoarei-ro"],"_links":{"self":[{"href":"https:\/\/analyse.optim.biz\/index.php?rest_route=\/wp\/v2\/posts\/2068532","targetHints":{"allow":["GET"]}}],"collection":[{"href":"https:\/\/analyse.optim.biz\/index.php?rest_route=\/wp\/v2\/posts"}],"about":[{"href":"https:\/\/analyse.optim.biz\/index.php?rest_route=\/wp\/v2\/types\/post"}],"author":[{"embeddable":true,"href":"https:\/\/analyse.optim.biz\/index.php?rest_route=\/wp\/v2\/users\/1"}],"replies":[{"embeddable":true,"href":"https:\/\/analyse.optim.biz\/index.php?rest_route=%2Fwp%2Fv2%2Fcomments&post=2068532"}],"version-history":[{"count":0,"href":"https:\/\/analyse.optim.biz\/index.php?rest_route=\/wp\/v2\/posts\/2068532\/revisions"}],"wp:attachment":[{"href":"https:\/\/analyse.optim.biz\/index.php?rest_route=%2Fwp%2Fv2%2Fmedia&parent=2068532"}],"wp:term":[{"taxonomy":"category","embeddable":true,"href":"https:\/\/analyse.optim.biz\/index.php?rest_route=%2Fwp%2Fv2%2Fcategories&post=2068532"},{"taxonomy":"post_tag","embeddable":true,"href":"https:\/\/analyse.optim.biz\/index.php?rest_route=%2Fwp%2Fv2%2Ftags&post=2068532"}],"curies":[{"name":"wp","href":"https:\/\/api.w.org\/{rel}","templated":true}]}}