{"id":206847,"date":"2014-04-28T21:25:59","date_gmt":"2014-04-28T18:25:59","guid":{"rendered":"https:\/\/analyse.optim.biz\/?p=206847"},"modified":"2014-04-28T21:25:59","modified_gmt":"2014-04-28T18:25:59","slug":"pntcd-invitat-la-guvernare-in-1993-bogdan-niculescu-duvaz-corneliu-coposu-a-negat-ion-iliescu-a-spus-drept","status":"publish","type":"post","link":"https:\/\/analyse.optim.biz\/?p=206847","title":{"rendered":"PN\u021aCD, invitat la guvernare \u00een 1993. Bogdan Niculescu Duv\u0103z: Corneliu Coposu a negat. Ion Iliescu a spus drept"},"content":{"rendered":"<div class=\"entry data-app-meta data-app-meta-article\" data-embed-base-url-canonical=\"https:\/\/www.digi24.ro\/embed\/stiri\/actualitate\/politica\/pntcd-invitat-la-guvernare-in-1993-bogdan-niculescu-duvaz-corneliu-coposu-a-negat-ion-iliescu-a-spus-drept-236036\">\n<p data-index=\"1\">\u201e<span>Exista un moment \u00een 93, \u00een care Ion Iliescu, care avea o majoritate parlamentar\u0103 &#8211; patrulaterul ro\u0219u \u2013 \u0219i v\u0103z\u00e2nd c\u0103 nu pot s\u0103 mearg\u0103 mai departe \u00een mod convenabil \u00een rela\u021bia cu vestul \u0219i drumul spre vest, care era clar c\u0103 se contureaz\u0103 \u0219i c\u0103 se dore\u0219te, c\u0103 e op\u021biunea istoric\u0103 a Rom\u00e2niei&#8230; a avut o discu\u021bie cu domnul Coposu, c\u0103ruia i-a propus ca CDR s\u0103 intre \u0219i s\u0103 \u00eenlocuiasc\u0103 patrulaterul ro\u0219u ca s\u0103 aib\u0103 o guvernare mixt\u0103, de coabitare, dar care s\u0103 duc\u0103 lucrurile. \u0218i domnul Coposu a refuzat, spun\u00e2nd c\u0103 nu e preg\u0103tit. Eu cred c\u0103 el de fapt a \u021binut rezerva ca s\u0103 poat\u0103 face el o guvernare, ceea ce a \u0219i f\u0103cut \u00een 96. Dar asta a fost o discu\u021bie \u00eentre patru ochi. Domnul Iliescu a spus asta public, enervat la un moment anume. Coposu a negat. Iliescu a spus drept \u0219i Coposu a ascuns aceast\u0103 discu\u021bie, dar lumea l-a crezut pe Coposu\u201d, a spus Bogdan Niculescu Duv\u0103z, deputat PSD.<\/span><\/p>\n<\/div>\n<p> Source URL: https:\/\/www.digi24.ro\/stiri\/actualitate\/politica\/pntcd-invitat-la-guvernare-in-1993-bogdan-niculescu-duvaz-corneliu-coposu-a-negat-ion-iliescu-a-spus-drept-236036<\/p>\n","protected":false},"excerpt":{"rendered":"<p>\u201eExista un moment \u00een 93, \u00een care Ion Iliescu, care avea o majoritate parlamentar\u0103 &#8211; patrulaterul ro\u0219u \u2013 \u0219i v\u0103z\u00e2nd c\u0103 nu pot s\u0103 mearg\u0103 mai departe \u00een mod convenabil \u00een rela\u021bia cu vestul \u0219i drumul spre vest, care era clar c\u0103 se contureaz\u0103 \u0219i c\u0103 se dore\u0219te, c\u0103 e op\u021biunea istoric\u0103 a Rom\u00e2niei&#8230; a [&hellip;]<\/p>\n","protected":false},"author":1,"featured_media":206848,"comment_status":"open","ping_status":"","sticky":false,"template":"","format":"standard","meta":{"footnotes":""},"categories":[2],"tags":[11],"class_list":["post-206847","post","type-post","status-publish","format-standard","has-post-thumbnail","hentry","category-politics","tag-digi24"],"_links":{"self":[{"href":"https:\/\/analyse.optim.biz\/index.php?rest_route=\/wp\/v2\/posts\/206847","targetHints":{"allow":["GET"]}}],"collection":[{"href":"https:\/\/analyse.optim.biz\/index.php?rest_route=\/wp\/v2\/posts"}],"about":[{"href":"https:\/\/analyse.optim.biz\/index.php?rest_route=\/wp\/v2\/types\/post"}],"author":[{"embeddable":true,"href":"https:\/\/analyse.optim.biz\/index.php?rest_route=\/wp\/v2\/users\/1"}],"replies":[{"embeddable":true,"href":"https:\/\/analyse.optim.biz\/index.php?rest_route=%2Fwp%2Fv2%2Fcomments&post=206847"}],"version-history":[{"count":0,"href":"https:\/\/analyse.optim.biz\/index.php?rest_route=\/wp\/v2\/posts\/206847\/revisions"}],"wp:featuredmedia":[{"embeddable":true,"href":"https:\/\/analyse.optim.biz\/index.php?rest_route=\/wp\/v2\/media\/206848"}],"wp:attachment":[{"href":"https:\/\/analyse.optim.biz\/index.php?rest_route=%2Fwp%2Fv2%2Fmedia&parent=206847"}],"wp:term":[{"taxonomy":"category","embeddable":true,"href":"https:\/\/analyse.optim.biz\/index.php?rest_route=%2Fwp%2Fv2%2Fcategories&post=206847"},{"taxonomy":"post_tag","embeddable":true,"href":"https:\/\/analyse.optim.biz\/index.php?rest_route=%2Fwp%2Fv2%2Ftags&post=206847"}],"curies":[{"name":"wp","href":"https:\/\/api.w.org\/{rel}","templated":true}]}}