{"id":2068467,"date":"2026-07-29T16:42:00","date_gmt":"2026-07-29T13:42:00","guid":{"rendered":"https:\/\/analyse.optim.biz\/?p=2068467"},"modified":"2026-07-29T16:42:00","modified_gmt":"2026-07-29T13:42:00","slug":"sefia-ipj-buzau-scoasa-la-concurs-cine-poate-candida-pentru-functia-de-inspector-sef","status":"publish","type":"post","link":"https:\/\/analyse.optim.biz\/?p=2068467","title":{"rendered":"\u0218efia IPJ Buz\u0103u, scoas\u0103 la concurs. Cine poate candida pentru func\u021bia de inspector-\u0219ef"},"content":{"rendered":"<p>[analyse_image type=&#8221;featured&#8221; src=&#8221;https:\/\/www.campusbuzau.ro\/wp-content\/uploads\/2025\/05\/sediul-ipj-buzau-2.jpghttps:\/\/www.campusbuzau.ro\/wp-content\/uploads\/2025\/05\/sediul-ipj-buzau-2.jpg&#8221;]<\/p>\n<div class=\"entry-content\">\n<p><strong><em><mark class=\"has-inline-color has-maincolor-color\">Anun\u021b surprinz\u0103tor, postat recent pe portalul na\u021bional de angaj\u0103ri \u00een institu\u021biile publice! Poli\u021bia Rom\u00e2n\u0103 a scos la concurs func\u021bia de inspector-\u0219ef al Inspectoratului de Poli\u021bie Jude\u021bean Buz\u0103u.<\/mark><\/em><\/strong><\/p>\n<p>Poli\u021bi\u0219tii care doresc s\u0103 ocupe aceast\u0103 func\u021bie trebuie s\u0103 \u00eendeplineasc\u0103 o serie de condi\u021bii. \u00cen primul r\u00e2nd, \u00ee\u0219i pot depune dosarele doar ofi\u021berii de poli\u021bie cu experien\u021b\u0103 \u0219i preg\u0103tire profesional\u0103, care au cel pu\u021bin \u0219apte ani vechime \u00een munc\u0103, dintre care cinci ani \u00een cadrul Ministerului Afacerilor Interne, minimum cinci ani \u00een specialitatea studiilor \u0219i cel pu\u021bin trei ani \u00een func\u021bii de conducere.<\/p>\n<p>De asemenea, candida\u021bii trebuie s\u0103 aib\u0103 studii universitare \u0219i s\u0103 fi absolvit programe de masterat sau programe postuniversitare \u00een domenii precum drept, management, ordine public\u0103 ori alte specializ\u0103ri compatibile cu func\u021bia. \u00cen plus, ace\u0219tia trebuie s\u0103 fi ob\u021binut rezultate bune la ultimele dou\u0103 evalu\u0103ri anuale.<\/p>\n<p>Data de 3 august, ora 16:00, reprezint\u0103 termenul limit\u0103 pentru \u00eenscrierea candida\u021bilor la concurs.<\/p>\n<p>Concursul propriu-zis va consta \u00eentr-o singur\u0103 prob\u0103: un interviu structurat pe subiecte profesionale, programat pentru data de 20 august, la sediul IGPR. <\/p>\n<figure class=\"wp-block-image size-full is-resized\"><img loading=\"lazy\" decoding=\"async\" width=\"900\" height=\"545\" src=\"https:\/\/www.campusbuzau.ro\/wp-content\/uploads\/2025\/01\/stefan-doloiu.jpg\" alt class=\"wp-image-139778\"><figcaption class=\"wp-element-caption\">Din aproape doi ani, conducerea IPJ Buz\u0103u este asigurat\u0103, prin \u00eemputernicire, de cms-\u0219ef \u0218tefan Doloiu<\/figcaption><\/figure>\n<p>Din august 2024, conducerea IPJ Buz\u0103u este asigurat\u0103, prin \u00eemputernicire, de comisarul-\u0219ef \u0218tefan Doloiu, cel care i-a succedat comisarului-\u0219ef Lauren\u021biu Pantazi, ofi\u021ber care a decis s\u0103 pun\u0103 punct carierei \u00een poli\u021bie.<\/p>\n<figure class=\"wp-block-embed is-type-video is-provider-youtube wp-block-embed-youtube wp-embed-aspect-16-9 wp-has-aspect-ratio\">\n<div class=\"wp-block-embed__wrapper\">\n<iframe loading=\"lazy\" title=\"\u0218EFIA IPJ BUZ\u0102U, SCOAS\u0102 LA CONCURS\" width=\"500\" height=\"281\" src=\"https:\/\/www.youtube.com\/embed\/I63nYMFOUus?feature=oembed\" frameborder allow=\"accelerometer; autoplay; clipboard-write; encrypted-media; gyroscope; picture-in-picture; web-share\" referrerpolicy=\"strict-origin-when-cross-origin\" allowfullscreen><\/iframe>\n<\/div>\n<\/figure>\n<\/div>\n<p>[analyse_source url=&#8221;https:\/\/www.campusbuzau.ro\/sefia-ipj-buzau-scoasa-la-concurs-cine-poate-candida-pentru-functia-de-inspector-sef\/&#8221;]<\/p>\n","protected":false},"excerpt":{"rendered":"<p>[analyse_image type=&#8221;featured&#8221; src=&#8221;https:\/\/www.campusbuzau.ro\/wp-content\/uploads\/2025\/05\/sediul-ipj-buzau-2.jpghttps:\/\/www.campusbuzau.ro\/wp-content\/uploads\/2025\/05\/sediul-ipj-buzau-2.jpg&#8221;] Anun\u021b surprinz\u0103tor, postat recent pe portalul na\u021bional de angaj\u0103ri \u00een institu\u021biile publice! Poli\u021bia Rom\u00e2n\u0103 a scos la concurs func\u021bia de inspector-\u0219ef al Inspectoratului de Poli\u021bie Jude\u021bean Buz\u0103u. Poli\u021bi\u0219tii care doresc s\u0103 ocupe aceast\u0103 func\u021bie trebuie s\u0103 \u00eendeplineasc\u0103 o serie de condi\u021bii. \u00cen primul r\u00e2nd, \u00ee\u0219i pot depune dosarele doar ofi\u021berii de poli\u021bie [&hellip;]<\/p>\n","protected":false},"author":1,"featured_media":0,"comment_status":"open","ping_status":"","sticky":false,"template":"","format":"standard","meta":{"footnotes":""},"categories":[2],"tags":[118,226],"class_list":["post-2068467","post","type-post","status-publish","format-standard","hentry","category-politics","tag-campusbuzau-ro","tag-crawlmanager"],"_links":{"self":[{"href":"https:\/\/analyse.optim.biz\/index.php?rest_route=\/wp\/v2\/posts\/2068467","targetHints":{"allow":["GET"]}}],"collection":[{"href":"https:\/\/analyse.optim.biz\/index.php?rest_route=\/wp\/v2\/posts"}],"about":[{"href":"https:\/\/analyse.optim.biz\/index.php?rest_route=\/wp\/v2\/types\/post"}],"author":[{"embeddable":true,"href":"https:\/\/analyse.optim.biz\/index.php?rest_route=\/wp\/v2\/users\/1"}],"replies":[{"embeddable":true,"href":"https:\/\/analyse.optim.biz\/index.php?rest_route=%2Fwp%2Fv2%2Fcomments&post=2068467"}],"version-history":[{"count":0,"href":"https:\/\/analyse.optim.biz\/index.php?rest_route=\/wp\/v2\/posts\/2068467\/revisions"}],"wp:attachment":[{"href":"https:\/\/analyse.optim.biz\/index.php?rest_route=%2Fwp%2Fv2%2Fmedia&parent=2068467"}],"wp:term":[{"taxonomy":"category","embeddable":true,"href":"https:\/\/analyse.optim.biz\/index.php?rest_route=%2Fwp%2Fv2%2Fcategories&post=2068467"},{"taxonomy":"post_tag","embeddable":true,"href":"https:\/\/analyse.optim.biz\/index.php?rest_route=%2Fwp%2Fv2%2Ftags&post=2068467"}],"curies":[{"name":"wp","href":"https:\/\/api.w.org\/{rel}","templated":true}]}}