{"id":2068465,"date":"2026-07-29T16:45:00","date_gmt":"2026-07-29T13:45:00","guid":{"rendered":"https:\/\/analyse.optim.biz\/?p=2068465"},"modified":"2026-07-29T16:45:00","modified_gmt":"2026-07-29T13:45:00","slug":"lectie-de-istorie-de-ziua-imnului-au-fost-interpretate-toate-cantecele-de-stat-ale-romaniei","status":"publish","type":"post","link":"https:\/\/analyse.optim.biz\/?p=2068465","title":{"rendered":"Lec\u021bie de istorie, de Ziua Imnului. Au fost interpretate toate c\u00e2ntecele de stat ale Rom\u00e2niei"},"content":{"rendered":"<p>[analyse_image type=&#8221;featured&#8221; src=&#8221;https:\/\/www.campusbuzau.ro\/wp-content\/uploads\/2026\/07\/ziua-imnului.jpghttps:\/\/www.campusbuzau.ro\/wp-content\/uploads\/2026\/07\/ziua-imnului.jpg&#8221;]<\/p>\n<div class=\"entry-content\">\n<p><strong><em><mark class=\"has-inline-color has-maincolor-color\">Ziua Imnului Na\u021bional al Rom\u00e2niei a fost marcat\u0103 ast\u0103zi, \u00een municipiul Buz\u0103u, printr-o ceremonie impresionant\u0103 desf\u0103\u0219urat\u0103 \u00een Pia\u021ba Dacia. La eveniment au fost participat reprezentan\u021bi ai Diviziei 2 Infanterie \u201eGetica\u201d, ai Prim\u0103riei Buz\u0103u \u0219i Institu\u021biei Prefectului dar \u0219i ai multor alte institu\u021bii publice.<\/mark><\/em><\/strong><\/p>\n<p>Ceremonia din Pia\u021ba Dacia a debutat cu o scurt\u0103 slujb\u0103 religioas\u0103. A urmat apoi un moment artistic emo\u021bionant, de care s-au bucurat to\u021bi cei prezen\u021bi. <\/p>\n<p>Fanfara militar\u0103 a Garnizoanei Buz\u0103u a interpretat toate imnurile \u021b\u0103rii, de la 1862 \u0219i p\u00e2n\u0103 \u00een prezent. S-a intonat Imnul regal, dar nu au lipsit nici cele patru imnuri de stat din perioada comunist\u0103: \u201cZdrobite c\u0103tu\u0219e\u201d, \u201cTe sl\u0103vim, Rom\u00e2nie!\u201d, \u201cPe-al nostru steag e scris Unire!\u201d \u0219i \u201eTrei culori\u201d. <\/p>\n<figure class=\"wp-block-image size-full is-resized\"><img loading=\"lazy\" decoding=\"async\" width=\"860\" height=\"574\" src=\"https:\/\/www.campusbuzau.ro\/wp-content\/uploads\/2026\/07\/ziua-imn-oficilialitati.jpg\" alt class=\"wp-image-155937\"><\/figure>\n<p>\u201cDe\u0219teapt\u0103-te Rom\u00e2ne\u201d, actualul Imn de stat, a fost interpretat de sublocotenent Bianca Lup\u0219\u0103. <\/p>\n<p>Ceremonia organizat\u0103 la Buz\u0103u, cu ocazia Zilei Imnului Na\u021bional, s-a \u00eencheiat cu defilarea g\u0103rzii de onoare.<\/p>\n<p>\u201eDe\u0219teapt\u0103-te, rom\u00e2ne!\u201d a fost intonat pentru prima dat\u0103 \u00eentr-un cadru oficial, \u00een data de 29 iulie 1848, la R\u00e2mnicu V\u00e2lcea. Compozi\u021bia, pe versurile patriotice ale lui Andrei Mure\u015fanu, pe muzic\u0103 de Anton Pann, a fost interzis\u0103 \u00een perioada comunist\u0103. 29 iulie a fost stabilit\u0103, prin lege, drept Ziua Imnului Na\u0163ional al Rom\u00e2niei, \u00een anul 1998.<\/p>\n<figure class=\"wp-block-embed is-type-video is-provider-youtube wp-block-embed-youtube wp-embed-aspect-16-9 wp-has-aspect-ratio\">\n<div class=\"wp-block-embed__wrapper\">\n<iframe loading=\"lazy\" title=\"DE ZIUA IMNULUI AU FOST INTERPRETATE TOATE C\u00c2NTECELE DE STAT\" width=\"500\" height=\"281\" src=\"https:\/\/www.youtube.com\/embed\/keuFO3_PUfg?feature=oembed\" frameborder allow=\"accelerometer; autoplay; clipboard-write; encrypted-media; gyroscope; picture-in-picture; web-share\" referrerpolicy=\"strict-origin-when-cross-origin\" allowfullscreen><\/iframe>\n<\/div>\n<\/figure>\n<\/div>\n<p>[analyse_source url=&#8221;https:\/\/www.campusbuzau.ro\/lectie-de-istorie-de-ziua-imnului-au-fost-interpretate-toate-cantecele-de-stat-ale-romaniei\/&#8221;]<\/p>\n","protected":false},"excerpt":{"rendered":"<p>[analyse_image type=&#8221;featured&#8221; src=&#8221;https:\/\/www.campusbuzau.ro\/wp-content\/uploads\/2026\/07\/ziua-imnului.jpghttps:\/\/www.campusbuzau.ro\/wp-content\/uploads\/2026\/07\/ziua-imnului.jpg&#8221;] Ziua Imnului Na\u021bional al Rom\u00e2niei a fost marcat\u0103 ast\u0103zi, \u00een municipiul Buz\u0103u, printr-o ceremonie impresionant\u0103 desf\u0103\u0219urat\u0103 \u00een Pia\u021ba Dacia. La eveniment au fost participat reprezentan\u021bi ai Diviziei 2 Infanterie \u201eGetica\u201d, ai Prim\u0103riei Buz\u0103u \u0219i Institu\u021biei Prefectului dar \u0219i ai multor alte institu\u021bii publice. Ceremonia din Pia\u021ba Dacia a debutat cu o scurt\u0103 [&hellip;]<\/p>\n","protected":false},"author":1,"featured_media":0,"comment_status":"open","ping_status":"","sticky":false,"template":"","format":"standard","meta":{"footnotes":""},"categories":[2],"tags":[118,226],"class_list":["post-2068465","post","type-post","status-publish","format-standard","hentry","category-politics","tag-campusbuzau-ro","tag-crawlmanager"],"_links":{"self":[{"href":"https:\/\/analyse.optim.biz\/index.php?rest_route=\/wp\/v2\/posts\/2068465","targetHints":{"allow":["GET"]}}],"collection":[{"href":"https:\/\/analyse.optim.biz\/index.php?rest_route=\/wp\/v2\/posts"}],"about":[{"href":"https:\/\/analyse.optim.biz\/index.php?rest_route=\/wp\/v2\/types\/post"}],"author":[{"embeddable":true,"href":"https:\/\/analyse.optim.biz\/index.php?rest_route=\/wp\/v2\/users\/1"}],"replies":[{"embeddable":true,"href":"https:\/\/analyse.optim.biz\/index.php?rest_route=%2Fwp%2Fv2%2Fcomments&post=2068465"}],"version-history":[{"count":0,"href":"https:\/\/analyse.optim.biz\/index.php?rest_route=\/wp\/v2\/posts\/2068465\/revisions"}],"wp:attachment":[{"href":"https:\/\/analyse.optim.biz\/index.php?rest_route=%2Fwp%2Fv2%2Fmedia&parent=2068465"}],"wp:term":[{"taxonomy":"category","embeddable":true,"href":"https:\/\/analyse.optim.biz\/index.php?rest_route=%2Fwp%2Fv2%2Fcategories&post=2068465"},{"taxonomy":"post_tag","embeddable":true,"href":"https:\/\/analyse.optim.biz\/index.php?rest_route=%2Fwp%2Fv2%2Ftags&post=2068465"}],"curies":[{"name":"wp","href":"https:\/\/api.w.org\/{rel}","templated":true}]}}