{"id":2068373,"date":"2026-07-29T12:54:51","date_gmt":"2026-07-29T09:54:51","guid":{"rendered":"https:\/\/analyse.optim.biz\/?p=2068373"},"modified":"2026-07-29T12:54:51","modified_gmt":"2026-07-29T09:54:51","slug":"liderul-psd-buzau-deputatul-romeo-lungu-astazi-s-au-votat-masuri-importante-cu-efect-direct-in-viata-oamenilor","status":"publish","type":"post","link":"https:\/\/analyse.optim.biz\/?p=2068373","title":{"rendered":"Liderul PSD Buz\u0103u, deputatul Romeo Lungu: \u201eAst\u0103zi s-au votat m\u0103suri importante, cu efect direct \u00een via\u021ba oamenilor\u201d"},"content":{"rendered":"<p>[analyse_image type=&#8221;featured&#8221; src=&#8221;https:\/\/gazetabuzoiana.ro\/wp-content\/uploads\/2026\/06\/romeo-lungu.jpeg&#8221;]<\/p>\n<div class=\"entry-content entry clearfix\">\n<p class=\"wp-block-paragraph\">Deputatul \u0219i pre\u0219edintele PSD Buz\u0103u, Romeo Lungu, sus\u021bine c\u0103 ziua de miercuri a adus \u00een Parlament o serie de decizii cu efecte directe asupra mai multor domenii importante, de la s\u0103n\u0103tate \u0219i educa\u021bie, p\u00e2n\u0103 la economie \u0219i sectorul construc\u021biilor.<\/p>\n<p class=\"wp-block-paragraph\">\u00centr-o postare publicat\u0103 pe pagina sa de Facebook, parlamentarul buzoian a prezentat principalele proiecte adoptate \u0219i impactul pe care acestea \u00eel vor avea asupra cet\u0103\u021benilor.<\/p>\n<p class=\"wp-block-paragraph\"><strong><mark class=\"has-inline-color has-vivid-red-color\">\u201eAst\u0103zi s-au votat \u00een Parlament m\u0103suri importante, cu efect direct \u00een via\u021ba oamenilor\u201d,<\/mark><\/strong> a transmis Romeo Lungu.<\/p>\n<p class=\"wp-block-paragraph\">Unul dintre cele mai importante proiecte vizeaz\u0103 sistemul sanitar. Potrivit liderului PSD Buz\u0103u, printr-un amendament al partidului au fost deblocate posturile din spitale, ceea ce va permite unit\u0103\u021bilor medicale s\u0103 angajeze personal acolo unde exist\u0103 deficit.<\/p>\n<p class=\"wp-block-paragraph\"><strong><mark class=\"has-inline-color has-vivid-red-color\">\u201ePrin amendamentul PSD au fost deblocate posturile din spitale. Unit\u0103\u021bile medicale vor putea angaja medici, asistente \u0219i personal auxiliar acolo unde este nevoie. Nu putem cere servicii medicale mai bune cu scheme incomplete \u0219i angaja\u021bi epuiza\u021bi\u201d<\/mark><\/strong>, a precizat deputatul.<\/p>\n<p class=\"wp-block-paragraph\">Romeo Lungu a subliniat c\u0103 parlamentarii au votat \u0219i \u00eent\u0103rirea protec\u021biei juridice pentru personalul medical agresat \u00een timpul serviciului.<\/p>\n<p class=\"wp-block-paragraph\"><strong><mark class=\"has-inline-color has-vivid-red-color\">\u201eMedicii, asistentele \u0219i personalul auxiliar agresat la locul de munc\u0103 vor beneficia de o protec\u021bie juridic\u0103 mai puternic\u0103. Oamenii care salveaz\u0103 vie\u021bi trebuie s\u0103 poat\u0103 lucra \u00een siguran\u021b\u0103\u201d<\/mark><\/strong>, a afirmat acesta.<\/p>\n<p class=\"wp-block-paragraph\">\u00cen ceea ce prive\u0219te costul carburan\u021bilor, deputatul PSD spune c\u0103 a fost adoptat proiectul care prevede reducerea temporar\u0103 a accizei la motorin\u0103, plafonarea adaosului comercial \u0219i instituirea unei contribu\u021bii de solidaritate pentru profiturile de criz\u0103.<\/p>\n<p class=\"wp-block-paragraph\"><mark class=\"has-inline-color has-vivid-red-color\"><strong>\u201eScumpirile de la pomp\u0103 ajung imediat \u00een transport, alimente, agricultur\u0103 \u0219i \u00een bugetul fiec\u0103rei familii\u201d<\/strong><\/mark>, a explicat Romeo Lungu, argument\u00e2nd necesitatea acestor m\u0103suri.<\/p>\n<p class=\"wp-block-paragraph\">Parlamentarul a amintit \u0219i de adoptarea noului Cod al amenaj\u0103rii teritoriului, urbanismului \u0219i construc\u021biilor.<\/p>\n<p class=\"wp-block-paragraph\"><strong><mark class=\"has-inline-color has-vivid-red-color\">\u201eCodul amenaj\u0103rii teritoriului, urbanismului \u0219i construc\u021biilor aduce mai mult\u0103 disciplin\u0103 \u00een domeniu, reguli mai clare \u0219i proceduri simplificate. Este un pas important pentru autoriz\u0103ri mai rapide, investi\u021bii mai predictibile \u0219i o dezvoltare urban\u0103 mai coerent\u0103\u201d<\/mark><\/strong>, a transmis liderul PSD Buz\u0103u.<\/p>\n<p class=\"wp-block-paragraph\">\u00cen domeniul educa\u021biei, Romeo Lungu a precizat c\u0103 profesorii \u0219i personalul din \u00eenv\u0103\u021b\u0103m\u00e2nt vor beneficia de o prim\u0103 de carier\u0103 didactic\u0103 \u00een valoare de 1.500 de lei.<\/p>\n<p class=\"wp-block-paragraph\"><mark class=\"has-inline-color has-vivid-red-color\"><strong>\u201eProfesorii \u0219i personalul din educa\u021bie vor beneficia de prima de carier\u0103 didactic\u0103, destinat\u0103 form\u0103rii profesionale, c\u0103r\u021bilor de specialitate \u0219i resurselor necesare la clas\u0103\u201d<\/strong><\/mark>, a scris deputatul.<\/p>\n<p class=\"wp-block-paragraph\">Totodat\u0103, acesta a eviden\u021biat \u0219i prelungirea termenului pentru cump\u0103rarea locuin\u021belor cu TVA redus.<\/p>\n<p class=\"wp-block-paragraph\"><strong><mark class=\"has-inline-color has-vivid-red-color\">\u201ePersoanele care au semnat contracte de avans p\u00e2n\u0103 la 1 august vor avea termen p\u00e2n\u0103 la 1 octombrie pentru a cump\u0103ra locuin\u021ba cu TVA redus\u201d<\/mark><\/strong>, a explicat Romeo Lungu.<\/p>\n<p class=\"wp-block-paragraph\">\u00cen \u00eencheiere, pre\u0219edintele PSD Buz\u0103u a transmis c\u0103 toate aceste proiecte au un obiectiv comun.<\/p>\n<p class=\"wp-block-paragraph\"><mark class=\"has-inline-color has-vivid-red-color\"><strong>\u201eO zi \u00een care votul din Parlament s-a tradus \u00een m\u0103suri concrete pentru spitale, profesori, familii \u0219i economie\u201d<\/strong><\/mark>, a concluzionat Romeo Lungu.<\/p>\n<div class=\"post-bottom-meta post-bottom-tags post-tags-modern\">\n<div class=\"post-bottom-meta-title\"> Etichete<\/div>\n<p><span class=\"tagcloud\"><a href=\"https:\/\/gazetabuzoiana.ro\/tag\/acciza\/\" rel=\"tag\">acciz\u0103<\/a><a href=\"https:\/\/gazetabuzoiana.ro\/tag\/cadre-medicale\/\" rel=\"tag\">cadre medicale<\/a><a href=\"https:\/\/gazetabuzoiana.ro\/tag\/carburanti\/\" rel=\"tag\">carburan\u021bi<\/a><a href=\"https:\/\/gazetabuzoiana.ro\/tag\/constructii\/\" rel=\"tag\">construc\u021bii<\/a><a href=\"https:\/\/gazetabuzoiana.ro\/tag\/deblocare-posturi\/\" rel=\"tag\">deblocare posturi<\/a><a href=\"https:\/\/gazetabuzoiana.ro\/tag\/educatie\/\" rel=\"tag\">educa\u021bie<\/a><a href=\"https:\/\/gazetabuzoiana.ro\/tag\/motorina\/\" rel=\"tag\">motorin\u0103<\/a><a href=\"https:\/\/gazetabuzoiana.ro\/tag\/parlament\/\" rel=\"tag\">Parlament<\/a><a href=\"https:\/\/gazetabuzoiana.ro\/tag\/prima-de-cariera-didactica\/\" rel=\"tag\">prima de carier\u0103 didactic\u0103<\/a><a href=\"https:\/\/gazetabuzoiana.ro\/tag\/psd-buzau\/\" rel=\"tag\">psd buz\u0103u<\/a><a href=\"https:\/\/gazetabuzoiana.ro\/tag\/romeo-lungu\/\" rel=\"tag\">romeo lungu<\/a><a href=\"https:\/\/gazetabuzoiana.ro\/tag\/sanatate\/\" rel=\"tag\">s\u0103n\u0103tate<\/a><a href=\"https:\/\/gazetabuzoiana.ro\/tag\/spitale\/\" rel=\"tag\">spitale<\/a><a href=\"https:\/\/gazetabuzoiana.ro\/tag\/tva-9\/\" rel=\"tag\">TVA 9%<\/a><a href=\"https:\/\/gazetabuzoiana.ro\/tag\/urbanism\/\" rel=\"tag\">urbanism<\/a><\/span><\/div>\n<\/div>\n<p>[analyse_source url=&#8221;https:\/\/gazetabuzoiana.ro\/2026\/07\/29\/liderul-psd-buzau-deputatul-romeo-lungu-astazi-s-au-votat-masuri-importante-cu-efect-direct-in-viata-oamenilor\/&#8221;]<\/p>\n","protected":false},"excerpt":{"rendered":"<p>[analyse_image type=&#8221;featured&#8221; src=&#8221;https:\/\/gazetabuzoiana.ro\/wp-content\/uploads\/2026\/06\/romeo-lungu.jpeg&#8221;] Deputatul \u0219i pre\u0219edintele PSD Buz\u0103u, Romeo Lungu, sus\u021bine c\u0103 ziua de miercuri a adus \u00een Parlament o serie de decizii cu efecte directe asupra mai multor domenii importante, de la s\u0103n\u0103tate \u0219i educa\u021bie, p\u00e2n\u0103 la economie \u0219i sectorul construc\u021biilor. \u00centr-o postare publicat\u0103 pe pagina sa de Facebook, parlamentarul buzoian a prezentat principalele [&hellip;]<\/p>\n","protected":false},"author":1,"featured_media":0,"comment_status":"open","ping_status":"","sticky":false,"template":"","format":"standard","meta":{"footnotes":""},"categories":[2],"tags":[226,38],"class_list":["post-2068373","post","type-post","status-publish","format-standard","hentry","category-politics","tag-crawlmanager","tag-gazetabuzoiana-ro"],"_links":{"self":[{"href":"https:\/\/analyse.optim.biz\/index.php?rest_route=\/wp\/v2\/posts\/2068373","targetHints":{"allow":["GET"]}}],"collection":[{"href":"https:\/\/analyse.optim.biz\/index.php?rest_route=\/wp\/v2\/posts"}],"about":[{"href":"https:\/\/analyse.optim.biz\/index.php?rest_route=\/wp\/v2\/types\/post"}],"author":[{"embeddable":true,"href":"https:\/\/analyse.optim.biz\/index.php?rest_route=\/wp\/v2\/users\/1"}],"replies":[{"embeddable":true,"href":"https:\/\/analyse.optim.biz\/index.php?rest_route=%2Fwp%2Fv2%2Fcomments&post=2068373"}],"version-history":[{"count":0,"href":"https:\/\/analyse.optim.biz\/index.php?rest_route=\/wp\/v2\/posts\/2068373\/revisions"}],"wp:attachment":[{"href":"https:\/\/analyse.optim.biz\/index.php?rest_route=%2Fwp%2Fv2%2Fmedia&parent=2068373"}],"wp:term":[{"taxonomy":"category","embeddable":true,"href":"https:\/\/analyse.optim.biz\/index.php?rest_route=%2Fwp%2Fv2%2Fcategories&post=2068373"},{"taxonomy":"post_tag","embeddable":true,"href":"https:\/\/analyse.optim.biz\/index.php?rest_route=%2Fwp%2Fv2%2Ftags&post=2068373"}],"curies":[{"name":"wp","href":"https:\/\/api.w.org\/{rel}","templated":true}]}}