{"id":2068252,"date":"2026-07-28T13:34:31","date_gmt":"2026-07-28T10:34:31","guid":{"rendered":"https:\/\/analyse.optim.biz\/?p=2068252"},"modified":"2026-07-28T13:34:31","modified_gmt":"2026-07-28T10:34:31","slug":"viswanathan-anand-de-cinci-ori-campion-mondial-la-sah-vine-la-timisoara-intalnire-speciala-cu-publicul-la-uvt","status":"publish","type":"post","link":"https:\/\/analyse.optim.biz\/?p=2068252","title":{"rendered":"Viswanathan Anand, de cinci ori campion mondial la \u0219ah, vine la Timi\u0219oara. \u00cent\u00e2lnire special\u0103 cu publicul la UVT"},"content":{"rendered":"<p>[analyse_image type=&#8221;featured&#8221; src=&#8221;http:\/\/www.banatulmeu.ro\/wp-content\/uploads\/2026\/07\/campionmondial-sah.jpg&#8221;]<\/p>\n<div class=\"post-content-bd\">\n<p>Marele maestru Viswanathan Anand, de cinci ori campion mondial la \u0219ah \u0219i vicepre\u0219edinte al Federa\u021biei Interna\u021bionale de \u0218ah (FIDE), vine la Timi\u0219oara. Celebrul \u0219ahist indian va participa, de Ziua Timi\u0219oarei, la o \u00eent\u00e2lnire special\u0103 cu publicul, organizat\u0103 la Universitatea de Vest din Timi\u0219oara.<\/p>\n<p>Evenimentul va avea loc luni, 3 august, de la ora 11:00, \u00een Aula Magna \u201eIoan Curea\u201d a UVT, de pe bulevardul Vasile P\u00e2rvan nr. 4, \u0219i face parte din proiectul \u201eLiderii \u0219ahului @UVT\u201d.<\/p>\n<p>\u00cent\u00e2lnirea se adreseaz\u0103 publicului timi\u0219orean, juc\u0103torilor de \u0219ah de toate v\u00e2rstele, dar \u0219i suporterilor \u0219i admiratorilor acestui sport.<\/p>\n<p>Viswanathan \u201eVishy\u201d Anand este mare maestru de \u0219ah al Indiei, de cinci ori campion mondial la \u0219ah, de dou\u0103 ori campion mondial la \u0219ah rapid \u0219i campion al Cupei Mondiale de \u0218ah Blitz. \u00cen 1988, a devenit primul mare maestru din India, iar \u00een august 2022 a fost ales vicepre\u0219edinte al Federa\u021biei Interna\u021bionale de \u0218ah. Anand are al optulea cel mai \u00eenalt rating FIDE din toate timpurile \u0219i a avut un rol important \u00een popularizarea \u0219ahului \u00een India.<\/p>\n<p>Vizita sa la Timi\u0219oara coincide \u0219i cu deschiderea unui parteneriat \u00eentre UVT, Federa\u021bia Rom\u00e2n\u0103 de \u0218ah \u0219i Agen\u021bia Na\u021bional\u0103 pentru Sport, care urm\u0103re\u0219te promovarea profesionaliz\u0103rii pred\u0103rii \u0219ahului educa\u021bional.<\/p>\n<p>Rectorul UVT, Marilen Gabriel Pirtea, precizeaz\u0103 c\u0103 Universitatea de Vest este prima universitate din Rom\u00e2nia care dezvolt\u0103 aceast\u0103 disciplin\u0103 \u0219i integreaz\u0103 oficial \u0219ahul \u00een formarea studen\u021bilor.<\/p>\n<p>\u201e<em>Conferin\u021ba maestrului \u0219ahist Viswanathan \u201eVishy\u201d Anand are loc odat\u0103 cu deschiderea unui parteneriat activ, stabilit de UVT \u00eempreun\u0103 cu Federa\u021bia Rom\u00e2n\u0103 de \u0218ah \u0219i cu Agen\u021bia Na\u021bional\u0103 pentru Sport, \u00een scopul de a promova profesionalizarea pred\u0103rii \u0219ahului educa\u021bional, consider\u00e2nd c\u0103 practica pred\u0103rii \u0219ahului educa\u021bional merit\u0103 s\u0103-\u0219i g\u0103seasc\u0103 locul \u00eentre disciplinele de ramur\u0103 din portofoliul academic de la UVT. Astfel, UVT este prima universitate din \u021bar\u0103 care dezvolt\u0103 aceast\u0103 disciplin\u0103, integr\u00e2nd oficial \u0219ahul \u00een trunchiul de formare al studen\u021bilor. Suntem onora\u021bi s\u0103 organiz\u0103m conferin\u021ba special\u0103 a vicepre\u0219edintelui Federa\u021biei Interna\u021bionale de \u0218ah, o personalitate interna\u021bional\u0103 de prim\u0103 vizibilitate \u0219i un model pentru toate genera\u021biile de \u0219ahi\u0219ti. V\u0103 a\u0219tept\u0103m la UVT, de Ziua Timi\u0219oarei<\/em>\u201d, a declarat rectorul UVT, Marilen Pirtea.<\/p>\n<p>Programul \u201eLiderii \u0219ahului @UVT\u201d este o ini\u021biativ\u0103 prin care Universitatea de Vest din Timi\u0219oara \u00ee\u0219i propune s\u0103 aduc\u0103 \u00een fa\u021ba comunit\u0103\u021bii personalit\u0103\u021bi importante din lumea \u0219ahului \u0219i s\u0103 inspire noile genera\u021bii.<\/p>\n<\/div>\n<p>[analyse_source url=&#8221;https:\/\/www.banatulmeu.ro\/viswanathan-anand-de-cinci-ori-campion-mondial-la-sah-vine-la-timisoara-intalnire-speciala-cu-publicul-la-uvt\/&#8221;]<\/p>\n","protected":false},"excerpt":{"rendered":"<p>[analyse_image type=&#8221;featured&#8221; src=&#8221;http:\/\/www.banatulmeu.ro\/wp-content\/uploads\/2026\/07\/campionmondial-sah.jpg&#8221;] Marele maestru Viswanathan Anand, de cinci ori campion mondial la \u0219ah \u0219i vicepre\u0219edinte al Federa\u021biei Interna\u021bionale de \u0218ah (FIDE), vine la Timi\u0219oara. Celebrul \u0219ahist indian va participa, de Ziua Timi\u0219oarei, la o \u00eent\u00e2lnire special\u0103 cu publicul, organizat\u0103 la Universitatea de Vest din Timi\u0219oara. Evenimentul va avea loc luni, 3 august, de la [&hellip;]<\/p>\n","protected":false},"author":1,"featured_media":0,"comment_status":"open","ping_status":"","sticky":false,"template":"","format":"standard","meta":{"footnotes":""},"categories":[89],"tags":[204,226],"class_list":["post-2068252","post","type-post","status-publish","format-standard","hentry","category-romania","tag-banatulmeu-ro","tag-crawlmanager"],"_links":{"self":[{"href":"https:\/\/analyse.optim.biz\/index.php?rest_route=\/wp\/v2\/posts\/2068252","targetHints":{"allow":["GET"]}}],"collection":[{"href":"https:\/\/analyse.optim.biz\/index.php?rest_route=\/wp\/v2\/posts"}],"about":[{"href":"https:\/\/analyse.optim.biz\/index.php?rest_route=\/wp\/v2\/types\/post"}],"author":[{"embeddable":true,"href":"https:\/\/analyse.optim.biz\/index.php?rest_route=\/wp\/v2\/users\/1"}],"replies":[{"embeddable":true,"href":"https:\/\/analyse.optim.biz\/index.php?rest_route=%2Fwp%2Fv2%2Fcomments&post=2068252"}],"version-history":[{"count":0,"href":"https:\/\/analyse.optim.biz\/index.php?rest_route=\/wp\/v2\/posts\/2068252\/revisions"}],"wp:attachment":[{"href":"https:\/\/analyse.optim.biz\/index.php?rest_route=%2Fwp%2Fv2%2Fmedia&parent=2068252"}],"wp:term":[{"taxonomy":"category","embeddable":true,"href":"https:\/\/analyse.optim.biz\/index.php?rest_route=%2Fwp%2Fv2%2Fcategories&post=2068252"},{"taxonomy":"post_tag","embeddable":true,"href":"https:\/\/analyse.optim.biz\/index.php?rest_route=%2Fwp%2Fv2%2Ftags&post=2068252"}],"curies":[{"name":"wp","href":"https:\/\/api.w.org\/{rel}","templated":true}]}}