{"id":2068238,"date":"2026-07-28T04:15:52","date_gmt":"2026-07-28T01:15:52","guid":{"rendered":"https:\/\/analyse.optim.biz\/?p=2068238"},"modified":"2026-07-28T04:15:52","modified_gmt":"2026-07-28T01:15:52","slug":"colierul-cu-margele-de-la-gitul-sucevei","status":"publish","type":"post","link":"https:\/\/analyse.optim.biz\/?p=2068238","title":{"rendered":"Colierul cu m\u0103rgele de la g\u00eetul Sucevei"},"content":{"rendered":"<p>[analyse_image type=&#8221;featured&#8221; src=&#8221;https:\/\/www.radiotop.ro\/img\/media\/2026\/07\/sens-giratoriu-itcani-1.jpg&#8221;]<\/p>\n<div class=\"entry-content no-share\">\n<div class=\"content-inner \">\n<p>Sensul giratoriu de pe strada Traian Vuia, strad\u0103 care face parte din cam abandondatul cartier I\u021bcani, a fost modernizat \u0219i arat\u0103 bine. E un sens giratoriu cu ni\u0219te gazon, buchete de flori \u0219i c\u00ee\u021biva copaci afla\u021bi la \u00eenceput de via\u021b\u0103, nimic mai mult. E un sens giratoriu care este elegant \u0219i punct. Este o amenajare care poate concura cu ni\u0219te cur\u021bi ale unor vile, dar care, totu\u0219i, ar putea pierde. Vreau s\u0103 spun c\u0103 s\u00eent cur\u021bi prin zona metropolitan\u0103 Suceava care arat\u0103 mai bine dec\u00eet amenajarea din giratoriu. Cu toate acestea, primarul Vasile R\u00eembu s-a fudulit cu modernizarea spa\u021biului respectiv de spui c\u0103 a f\u0103cut un stadion nou, \u0103la de l-a promis \u00een campania electoral\u0103.<\/p>\n<p>Primarul a vorbit despre \u201dexcelen\u021b\u0103\u201d, spun\u00eend: \u201dconstruim excelen\u021ba intersec\u021bie cu intersec\u021bie\u201d. Vasile R\u00eembu ar trebui amendat pentru c\u0103 gole\u0219te de sens cuvintele din limba rom\u00e2n\u0103. \u00cen b\u0103t\u0103i de tob\u0103, domnul R\u00eembu a mai spus c\u0103 nu a inaugurat \u201ddoar o intersec\u021bie, ci un reper al moderniz\u0103rii urbane care \u00eenseamn\u0103 fluiditate, siguran\u021b\u0103 \u0219i un standard de elegan\u021b\u0103\u201d. Fantastic! Primarul s-o fi referit, astfel, \u0219i la faptul c\u0103 \u00een giratoriu au fost montate \u0219i ni\u0219te litere luminoase care formeaz\u0103 numele municipiului re\u0219edin\u021b\u0103 de jude\u021b, acest \u201dstandard de elegan\u021b\u0103\u201d mai fiind \u00eent\u00eelnit \u00een ziua de ast\u0103zi doar prin ni\u0219te comune din Kazakhstan sau Cipru, partea turceasc\u0103.<\/p>\n<p>Orice lucru fie c\u00eet de mic, chiar mai mic dec\u00eet o m\u0103rgic\u0103 ori o oglinjoar\u0103, este prezentat de Vasile R\u00eembu ca o mare realizare.<\/p>\n<p>\u00cen urm\u0103 cu doi ani, fosta administra\u021bie anun\u021ba c\u0103 a fost semnat un contract de finan\u021bare cu Ministerul Energiei pentru amenajarea unui parc fotovoltaic cu o putere instalat\u0103 de 6.000 de MW \u00een zona fostei societ\u0103\u021bi \u201dTermica\u201d. Valoarea contractului era de 60 de milioane de lei, din care suma de 39 de milioane de lei reprezenta contribu\u021bia Ministerului Energiei, iar cea de 21 de milioane de lei contribu\u021bia Prim\u0103riei Suceava. Parcul fotovoltaic ar fi urmat s\u0103 alimenteze autobuzele electrice ale TPL, iluminatul public, Prim\u0103ria \u0219i \u0219colile, iar \u00een doi-trei ani investi\u021bia de 21 de milioane de lei s-ar fi amortizat, dup\u0103 care s-ar fi trecut pe plus. \u00cens\u0103, de ce s\u0103-\u0219i bat\u0103 Prim\u0103ria capul cu lucrurile importante dac\u0103 prime\u0219te aplauze pentru m\u0103rgelele pe care le \u00een\u0219ir\u0103 pe o bucat\u0103 de sfoar\u0103, form\u00eend astfel un colier din acela cum g\u0103se\u0219ti la magazinele de gablon\u021buri, pe care \u00eel pune la g\u00eetul Sucevei, iar Suceava ar trebui s\u0103 umble m\u00eendr\u0103 prin jude\u021b, prin \u021bar\u0103 ori chiar peste hotare, inclusiv prin Kazakhstan \u0219i prin Cipru, partea turc\u0103.<\/p>\n<\/div>\n<\/div>\n<div class=\"content-inner \">\n<p>Sensul giratoriu de pe strada Traian Vuia, strad\u0103 care face parte din cam abandondatul cartier I\u021bcani, a fost modernizat \u0219i arat\u0103 bine. E un sens giratoriu cu ni\u0219te gazon, buchete de flori \u0219i c\u00ee\u021biva copaci afla\u021bi la \u00eenceput de via\u021b\u0103, nimic mai mult. E un sens giratoriu care este elegant \u0219i punct. Este o amenajare care poate concura cu ni\u0219te cur\u021bi ale unor vile, dar care, totu\u0219i, ar putea pierde. Vreau s\u0103 spun c\u0103 s\u00eent cur\u021bi prin zona metropolitan\u0103 Suceava care arat\u0103 mai bine dec\u00eet amenajarea din giratoriu. Cu toate acestea, primarul Vasile R\u00eembu s-a fudulit cu modernizarea spa\u021biului respectiv de spui c\u0103 a f\u0103cut un stadion nou, \u0103la de l-a promis \u00een campania electoral\u0103.<\/p>\n<p>Primarul a vorbit despre \u201dexcelen\u021b\u0103\u201d, spun\u00eend: \u201dconstruim excelen\u021ba intersec\u021bie cu intersec\u021bie\u201d. Vasile R\u00eembu ar trebui amendat pentru c\u0103 gole\u0219te de sens cuvintele din limba rom\u00e2n\u0103. \u00cen b\u0103t\u0103i de tob\u0103, domnul R\u00eembu a mai spus c\u0103 nu a inaugurat \u201ddoar o intersec\u021bie, ci un reper al moderniz\u0103rii urbane care \u00eenseamn\u0103 fluiditate, siguran\u021b\u0103 \u0219i un standard de elegan\u021b\u0103\u201d. Fantastic! Primarul s-o fi referit, astfel, \u0219i la faptul c\u0103 \u00een giratoriu au fost montate \u0219i ni\u0219te litere luminoase care formeaz\u0103 numele municipiului re\u0219edin\u021b\u0103 de jude\u021b, acest \u201dstandard de elegan\u021b\u0103\u201d mai fiind \u00eent\u00eelnit \u00een ziua de ast\u0103zi doar prin ni\u0219te comune din Kazakhstan sau Cipru, partea turceasc\u0103.<\/p>\n<p>Orice lucru fie c\u00eet de mic, chiar mai mic dec\u00eet o m\u0103rgic\u0103 ori o oglinjoar\u0103, este prezentat de Vasile R\u00eembu ca o mare realizare.<\/p>\n<p>\u00cen urm\u0103 cu doi ani, fosta administra\u021bie anun\u021ba c\u0103 a fost semnat un contract de finan\u021bare cu Ministerul Energiei pentru amenajarea unui parc fotovoltaic cu o putere instalat\u0103 de 6.000 de MW \u00een zona fostei societ\u0103\u021bi \u201dTermica\u201d. Valoarea contractului era de 60 de milioane de lei, din care suma de 39 de milioane de lei reprezenta contribu\u021bia Ministerului Energiei, iar cea de 21 de milioane de lei contribu\u021bia Prim\u0103riei Suceava. Parcul fotovoltaic ar fi urmat s\u0103 alimenteze autobuzele electrice ale TPL, iluminatul public, Prim\u0103ria \u0219i \u0219colile, iar \u00een doi-trei ani investi\u021bia de 21 de milioane de lei s-ar fi amortizat, dup\u0103 care s-ar fi trecut pe plus. \u00cens\u0103, de ce s\u0103-\u0219i bat\u0103 Prim\u0103ria capul cu lucrurile importante dac\u0103 prime\u0219te aplauze pentru m\u0103rgelele pe care le \u00een\u0219ir\u0103 pe o bucat\u0103 de sfoar\u0103, form\u00eend astfel un colier din acela cum g\u0103se\u0219ti la magazinele de gablon\u021buri, pe care \u00eel pune la g\u00eetul Sucevei, iar Suceava ar trebui s\u0103 umble m\u00eendr\u0103 prin jude\u021b, prin \u021bar\u0103 ori chiar peste hotare, inclusiv prin Kazakhstan \u0219i prin Cipru, partea turc\u0103.<\/p>\n<\/div>\n<p>[analyse_source url=&#8221;https:\/\/www.radiotop.ro\/tableta-zilei\/colierul-cu-margele-de-la-gitul-sucevei.html&#8221;]<\/p>\n","protected":false},"excerpt":{"rendered":"<p>[analyse_image type=&#8221;featured&#8221; src=&#8221;https:\/\/www.radiotop.ro\/img\/media\/2026\/07\/sens-giratoriu-itcani-1.jpg&#8221;] Sensul giratoriu de pe strada Traian Vuia, strad\u0103 care face parte din cam abandondatul cartier I\u021bcani, a fost modernizat \u0219i arat\u0103 bine. E un sens giratoriu cu ni\u0219te gazon, buchete de flori \u0219i c\u00ee\u021biva copaci afla\u021bi la \u00eenceput de via\u021b\u0103, nimic mai mult. E un sens giratoriu care este elegant \u0219i punct. [&hellip;]<\/p>\n","protected":false},"author":1,"featured_media":0,"comment_status":"open","ping_status":"","sticky":false,"template":"","format":"standard","meta":{"footnotes":""},"categories":[89],"tags":[226,163],"class_list":["post-2068238","post","type-post","status-publish","format-standard","hentry","category-romania","tag-crawlmanager","tag-radiotop-ro"],"_links":{"self":[{"href":"https:\/\/analyse.optim.biz\/index.php?rest_route=\/wp\/v2\/posts\/2068238","targetHints":{"allow":["GET"]}}],"collection":[{"href":"https:\/\/analyse.optim.biz\/index.php?rest_route=\/wp\/v2\/posts"}],"about":[{"href":"https:\/\/analyse.optim.biz\/index.php?rest_route=\/wp\/v2\/types\/post"}],"author":[{"embeddable":true,"href":"https:\/\/analyse.optim.biz\/index.php?rest_route=\/wp\/v2\/users\/1"}],"replies":[{"embeddable":true,"href":"https:\/\/analyse.optim.biz\/index.php?rest_route=%2Fwp%2Fv2%2Fcomments&post=2068238"}],"version-history":[{"count":0,"href":"https:\/\/analyse.optim.biz\/index.php?rest_route=\/wp\/v2\/posts\/2068238\/revisions"}],"wp:attachment":[{"href":"https:\/\/analyse.optim.biz\/index.php?rest_route=%2Fwp%2Fv2%2Fmedia&parent=2068238"}],"wp:term":[{"taxonomy":"category","embeddable":true,"href":"https:\/\/analyse.optim.biz\/index.php?rest_route=%2Fwp%2Fv2%2Fcategories&post=2068238"},{"taxonomy":"post_tag","embeddable":true,"href":"https:\/\/analyse.optim.biz\/index.php?rest_route=%2Fwp%2Fv2%2Ftags&post=2068238"}],"curies":[{"name":"wp","href":"https:\/\/api.w.org\/{rel}","templated":true}]}}