{"id":206814,"date":"2014-04-22T18:11:32","date_gmt":"2014-04-22T15:11:32","guid":{"rendered":"https:\/\/analyse.optim.biz\/?p=206814"},"modified":"2014-04-22T18:11:32","modified_gmt":"2014-04-22T15:11:32","slug":"minivacanta-de-paste-a-luat-sfarsit-unii-ministri-nu-au-ajuns-insa-la-munca","status":"publish","type":"post","link":"https:\/\/analyse.optim.biz\/?p=206814","title":{"rendered":"Minivacan\u0163a de Pa\u0219te a luat sf\u00e2r\u015fit. Unii mini\u0219tri nu au ajuns \u00eens\u0103 la munc\u0103"},"content":{"rendered":"<div class=\"entry data-app-meta data-app-meta-article\" data-embed-base-url-canonical=\"https:\/\/www.digi24.ro\/embed\/stiri\/actualitate\/politica\/minivacanta-de-paste-a-luat-sfarsit-unii-ministri-nu-au-ajuns-insa-la-munca-232869\">\n<p data-index=\"1\">O parte dintre\u00a0<span>mini\u015ftri s-au dus ast\u0103zi la birou, dar au \u00eent\u00e2rziat ore bune. Revenirea la munc\u0103 s-a dovedit a fi dificil\u0103 dup\u0103 minivacan\u0163a de Pa\u015fte. <\/span><\/p>\n<p data-index=\"2\">La dou\u0103 ore dup\u0103 \u00eenceperea programului, ministrul Fondurilor Europene nu ajunsese la lucru. Contactat telefonic, ministrul a g\u0103sit scuz\u0103: <span lang=\"en-US\">\u201e<\/span><strong><span>\u00ce<\/span><span lang=\"en-US\">n<\/span><span> jur de 10:30, 11:00, pentru c\u0103 am avut de diminea\u0163\u0103 \u015fi alte \u00eent\u00e2lniri \u015fi am avut chiar \u015fi la Guvern o analiz\u0103 pe documentele pe care le am acum \u00een <\/span><span lang=\"en-US\">m<\/span><\/strong><span><strong>inister<\/strong>\u201d, a spus Eugen Teodorovici.<\/span><\/p>\n<p data-index=\"3\">Nici ministrul Mediului, Attila Korodi, nu a fost de g\u0103sit \u015fi nici consilierii lui nu \u00eei \u015ftiau programul.<\/p>\n<p data-index=\"4\">\u201e<span>Este \u00een Bucure\u015fti, dar nu este \u00een momentul <\/span><span lang=\"en-US\">\u0103sta<\/span><span> \u00een institu\u0163ie\u201d, <\/span><span lang=\"en-US\">a spus un angajat de la minister.<\/span><\/p>\n<p data-index=\"5\">Printre cei care au mers totu\u015fi la munc\u0103 este ministrul Muncii, Rovana Plumb. A \u00eent\u00e2rziat, ce-i drept, o or\u0103.<\/p>\n<p data-index=\"6\">\u201e<span>Am adus un cozonac \u015fi ou\u0103 ro\u015fii. \u0102sta e obiceiul, s\u0103 \u00eemp\u0103r\u0163im cu colegii cu ocazia s\u0103rb\u0103torilor bucatele pe care le-am preparat\u201d, <\/span><span lang=\"en-US\">a spus ministrul.<\/span><\/p>\n<p data-index=\"7\">La Departamentul pentru Energie, angaja\u0163ii au \u00eenceput lucrul cu o \u015fedin\u0163\u0103. <\/p>\n<p data-index=\"8\">Urm\u0103toarea minivacan\u0163\u0103 este \u00eens\u0103 aproape. <span lang=\"en-US\">A<\/span><span>ngajatii de la <\/span><span lang=\"en-US\">S<\/span><span>tat vor avea la sfar\u015fitul s\u0103pt\u0103manii viitoare alte patru zile libere.\u00a0<\/span><\/p>\n<\/div>\n<p> Source URL: https:\/\/www.digi24.ro\/stiri\/actualitate\/politica\/minivacanta-de-paste-a-luat-sfarsit-unii-ministri-nu-au-ajuns-insa-la-munca-232869<\/p>\n","protected":false},"excerpt":{"rendered":"<p>O parte dintre\u00a0mini\u015ftri s-au dus ast\u0103zi la birou, dar au \u00eent\u00e2rziat ore bune. Revenirea la munc\u0103 s-a dovedit a fi dificil\u0103 dup\u0103 minivacan\u0163a de Pa\u015fte. La dou\u0103 ore dup\u0103 \u00eenceperea programului, ministrul Fondurilor Europene nu ajunsese la lucru. Contactat telefonic, ministrul a g\u0103sit scuz\u0103: \u201e\u00cen jur de 10:30, 11:00, pentru c\u0103 am avut de diminea\u0163\u0103 [&hellip;]<\/p>\n","protected":false},"author":1,"featured_media":206815,"comment_status":"open","ping_status":"","sticky":false,"template":"","format":"standard","meta":{"footnotes":""},"categories":[2],"tags":[11],"class_list":["post-206814","post","type-post","status-publish","format-standard","has-post-thumbnail","hentry","category-politics","tag-digi24"],"_links":{"self":[{"href":"https:\/\/analyse.optim.biz\/index.php?rest_route=\/wp\/v2\/posts\/206814","targetHints":{"allow":["GET"]}}],"collection":[{"href":"https:\/\/analyse.optim.biz\/index.php?rest_route=\/wp\/v2\/posts"}],"about":[{"href":"https:\/\/analyse.optim.biz\/index.php?rest_route=\/wp\/v2\/types\/post"}],"author":[{"embeddable":true,"href":"https:\/\/analyse.optim.biz\/index.php?rest_route=\/wp\/v2\/users\/1"}],"replies":[{"embeddable":true,"href":"https:\/\/analyse.optim.biz\/index.php?rest_route=%2Fwp%2Fv2%2Fcomments&post=206814"}],"version-history":[{"count":0,"href":"https:\/\/analyse.optim.biz\/index.php?rest_route=\/wp\/v2\/posts\/206814\/revisions"}],"wp:featuredmedia":[{"embeddable":true,"href":"https:\/\/analyse.optim.biz\/index.php?rest_route=\/wp\/v2\/media\/206815"}],"wp:attachment":[{"href":"https:\/\/analyse.optim.biz\/index.php?rest_route=%2Fwp%2Fv2%2Fmedia&parent=206814"}],"wp:term":[{"taxonomy":"category","embeddable":true,"href":"https:\/\/analyse.optim.biz\/index.php?rest_route=%2Fwp%2Fv2%2Fcategories&post=206814"},{"taxonomy":"post_tag","embeddable":true,"href":"https:\/\/analyse.optim.biz\/index.php?rest_route=%2Fwp%2Fv2%2Ftags&post=206814"}],"curies":[{"name":"wp","href":"https:\/\/api.w.org\/{rel}","templated":true}]}}