{"id":206791,"date":"2014-04-29T06:58:34","date_gmt":"2014-04-29T03:58:34","guid":{"rendered":"https:\/\/analyse.optim.biz\/?p=206791"},"modified":"2014-04-29T06:58:34","modified_gmt":"2014-04-29T03:58:34","slug":"gazul-romanesc-trece-granita-cu-intarziere-victor-ponta-si-iurie-leanca-in-vizita-pe-santierul-gazoductului-iasi-ungheni","status":"publish","type":"post","link":"https:\/\/analyse.optim.biz\/?p=206791","title":{"rendered":"Gazul rom\u00e2nesc trece grani\u0163a cu \u00eent\u00e2rziere. Victor Ponta \u015fi Iurie Leanc\u0103, \u00een vizit\u0103 pe \u015fantierul gazoductului Ia\u015fi &#8211; Ungheni"},"content":{"rendered":"<div class=\"entry data-app-meta data-app-meta-article\" data-embed-base-url-canonical=\"https:\/\/www.digi24.ro\/embed\/stiri\/actualitate\/politica\/gazul-romanesc-trece-granita-cu-intarziere-victor-ponta-si-iurie-leanca-in-vizita-pe-santierul-gazoductului-iasi-ungheni-236097\">\n<p data-index=\"1\"><span><strong>Premierul Victor Ponta \u015fi \u015feful Executivului de la Chi\u015fin\u0103u, Iurie Leanc\u0103, merg mar\u0163i pe \u015fantierul gazoductului Ia\u015fi \u2013 Ungheni, magistrala ce va conecta re\u0163elele de gaze naturale din Rom\u00e2nia \u015fi Republica Moldova. Lucr\u0103rile sunt \u00eens\u0103 \u00een \u00eent\u00e2rziere. Au \u00eenceput cu mare fast \u00een august 2013 \u00eens\u0103, la o lun\u0103 de la inaugurare, lucr\u0103rile s-au oprit. Victor Ponta declara \u00een urm\u0103 cu dou\u0103 luni c\u0103 partea rom\u00e2n\u0103 \u015fi-a respectat \u00een\u0163elegerea.<\/strong><\/span><\/p>\n<p data-index=\"2\"><img decoding=\"async\" src=\"https:\/\/analyse.optim.biz\/wp-content\/uploads\/2024\/09\/anbnjnc9odawjmhhc2g9ztgwotm0ngm4mmizzwjjoty2yty0owy3mza1otm1mju-thumb_.jpg\" data-skip-htmlfix=\"1\" title=\"anbnjnc9odawjmhhc2g9ztgwotm0ngm4mmizzwjjoty2yty0owy3mza1otm1mju-thumb_\"><\/p>\n<p data-index=\"3\">Lucr\u0103rile au \u00eenceput cu mare fast \u00een luna august a anului trecut. La inaugurare au participat premierul Victor Ponta, omologul s\u0103u moldovean, Iurie Leanc\u0103, dar \u015fi comisarul european pentru energie, Gunther Oettinger.<\/p>\n<p data-index=\"4\">\u201e<em><strong>Vreau s\u0103 cred c\u0103, la anul, atunci c\u00e2nd oamenii de aici vor avea acces la un gaz la pre\u0163 mai mic, acel moment va fi mai important dec\u00e2t 1000 de vorbe<\/strong><\/em>\u201d, spunea Victor Ponta pe 27 august 2013.<\/p>\n<p data-index=\"5\">Pentru lansarea oficial\u0103 a lucr\u0103rilor, constructorii au adus pe \u015fantierul din comuna <strong>Rediu<\/strong> utilaje \u015fi conducte la care muncitorii au lucrat de zor, chiar \u00een timpul vizitei premierului. Odat\u0103 ce delega\u0163ia Guvernului a plecat \u00eens\u0103, totul a disp\u0103rut.<\/p>\n<p data-index=\"6\">\u201e<em><strong>Am v\u0103zut un paznic care era acolo, cabanele alea care sunt acolo \u015fi at\u00e2t. \u00cen rest, nu am v\u0103zut nimic<\/strong><\/em>\u201d, spune un localnic. \u201e<em><strong>Au fost la \u00eenceput, atunci c\u00e2nd era vorba s\u0103 vin\u0103 prim-ministrul. Dup\u0103 aceea nu am mai v\u0103zut nimic. Au adus atunci, \u00een prima zi, c\u00e2teva utilaje \u015fi apoi au oprit<\/strong><\/em>\u201d, confirm\u0103 altul.<\/p>\n<p data-index=\"7\">Tot gol era \u015fantierul \u015fi dup\u0103 aproape o lun\u0103 de la inaugurare, c\u00e2nd a fost vizitat de pre\u015fedintele <strong>Traian B\u0103sescu<\/strong>. A reu\u015fit s\u0103 stea de vorb\u0103 doar cu un paznic \u015fi cu un \u015fef de lucr\u0103ri, singurele persoane pe care le-a g\u0103sit pe \u015fantier. De la ei a aflat c\u0103 proiectul avea deja \u00eent\u00e2rzieri. \u201e<em><strong>Omul \u0103sta e onest, spune c\u0103 nu e gata \u00een decembrie, ci \u00een februarie&#8230; Aici nu avem voie s\u0103 min\u0163im, pentru c\u0103 de asta depinde \u015fi prestigiul nostru \u015fi Bruxelles-ul sus\u0163ine financiar acest proiect de interconectare pe gaze<\/strong><\/em>\u201d, declara pre\u015fedintele pe 20 septembrie.<\/p>\n<p data-index=\"8\">El l-a acuzat atunci pe \u015feful Executivului c\u0103 a f\u0103cut un exerci\u0163iu de imagine din inaugurarea gazoductului. <strong>\u201e<\/strong><em><strong>Po\u0163i s\u0103 faci spectacole de sunet \u015fi lumin\u0103 ca la Ro\u015fia Montan\u0103, c\u0103 este \u00eentre noi. Bagi ni\u015fte mineri \u00eentr-o galerie turistic\u0103, \u00eei sco\u0163i \u015fi rezolvi problema&#8230; Dar aici nu este turism, este geopolitic\u0103. \u015ei se uita o Europ\u0103 \u00eentreag\u0103 dac\u0103 suntem serio\u015fi sau nu<\/strong><\/em>\u201d, a acuzat Traian B\u0103sescu.<\/p>\n<p data-index=\"9\"><span><span>\u00cen urm\u0103 cu dou\u0103 luni, pe 21 februarie, premierul Victor Ponta anun\u0163a \u00eens\u0103 c\u0103 Rom\u00e2nia \u015fi-a respectat partea din \u00een\u0163elegere. \u201e<\/span><\/span><span><span><em><strong>C\u00e2nd se \u00eencheie pe teritoriul moldovean v\u0103 poate spune doar Guvernul Moldovei. Eu v\u0103 pot spune pe teritoriul Rom\u00e2niei, acolo unde s-a \u00eencheiat lucrarea, iar subtraversarea este licitat\u0103 \u015fi se \u00eencheie \u00een mod normal pe 15 aprilie &#8211; subtraversarea Prutului<\/strong><\/em><\/span><\/span><span><span>\u201d, declara premierul.<\/span><\/span><\/p>\n<p data-index=\"10\"><span><span>Conducta de 42 de kilometri, din care 32 de kilometri pe teritoriul Rom\u00e2niei, a costat statul rom\u00e2n 26,5 milioane de euro, din care un sfert provin de la Uniunea European\u0103.<\/span><\/span><\/p>\n<p data-index=\"11\"><span><span>Dup\u0103 finalizarea gazoductului, <strong>Rom\u00e2nia va exporta 500 de milioane de metri cubi de gaze \u00een Moldova<\/strong>. Ulterior, cantitatea va cre\u015fte la 1,5 miliarde de metri cubi, adic\u0103 13% din produc\u021bia autohton\u0103. Moldovenii vor avea numai de c\u00e2\u015ftigat, pentru c\u0103 nu vor mai depinde de gazele ruse\u015fti, iar pre\u0163ul pl\u0103tit va fi mai mic.<\/span><\/span><\/p>\n<\/div>\n<p> Source URL: https:\/\/www.digi24.ro\/stiri\/actualitate\/politica\/gazul-romanesc-trece-granita-cu-intarziere-victor-ponta-si-iurie-leanca-in-vizita-pe-santierul-gazoductului-iasi-ungheni-236097<\/p>\n","protected":false},"excerpt":{"rendered":"<p>Premierul Victor Ponta \u015fi \u015feful Executivului de la Chi\u015fin\u0103u, Iurie Leanc\u0103, merg mar\u0163i pe \u015fantierul gazoductului Ia\u015fi \u2013 Ungheni, magistrala ce va conecta re\u0163elele de gaze naturale din Rom\u00e2nia \u015fi Republica Moldova. Lucr\u0103rile sunt \u00eens\u0103 \u00een \u00eent\u00e2rziere. Au \u00eenceput cu mare fast \u00een august 2013 \u00eens\u0103, la o lun\u0103 de la inaugurare, lucr\u0103rile s-au oprit. [&hellip;]<\/p>\n","protected":false},"author":1,"featured_media":206792,"comment_status":"open","ping_status":"","sticky":false,"template":"","format":"standard","meta":{"footnotes":""},"categories":[2],"tags":[11],"class_list":["post-206791","post","type-post","status-publish","format-standard","has-post-thumbnail","hentry","category-politics","tag-digi24"],"_links":{"self":[{"href":"https:\/\/analyse.optim.biz\/index.php?rest_route=\/wp\/v2\/posts\/206791","targetHints":{"allow":["GET"]}}],"collection":[{"href":"https:\/\/analyse.optim.biz\/index.php?rest_route=\/wp\/v2\/posts"}],"about":[{"href":"https:\/\/analyse.optim.biz\/index.php?rest_route=\/wp\/v2\/types\/post"}],"author":[{"embeddable":true,"href":"https:\/\/analyse.optim.biz\/index.php?rest_route=\/wp\/v2\/users\/1"}],"replies":[{"embeddable":true,"href":"https:\/\/analyse.optim.biz\/index.php?rest_route=%2Fwp%2Fv2%2Fcomments&post=206791"}],"version-history":[{"count":0,"href":"https:\/\/analyse.optim.biz\/index.php?rest_route=\/wp\/v2\/posts\/206791\/revisions"}],"wp:featuredmedia":[{"embeddable":true,"href":"https:\/\/analyse.optim.biz\/index.php?rest_route=\/wp\/v2\/media\/206792"}],"wp:attachment":[{"href":"https:\/\/analyse.optim.biz\/index.php?rest_route=%2Fwp%2Fv2%2Fmedia&parent=206791"}],"wp:term":[{"taxonomy":"category","embeddable":true,"href":"https:\/\/analyse.optim.biz\/index.php?rest_route=%2Fwp%2Fv2%2Fcategories&post=206791"},{"taxonomy":"post_tag","embeddable":true,"href":"https:\/\/analyse.optim.biz\/index.php?rest_route=%2Fwp%2Fv2%2Ftags&post=206791"}],"curies":[{"name":"wp","href":"https:\/\/api.w.org\/{rel}","templated":true}]}}