{"id":2067721,"date":"2026-07-27T00:00:00","date_gmt":"2026-07-26T21:00:00","guid":{"rendered":"https:\/\/analyse.optim.biz\/?p=2067721"},"modified":"2026-07-27T00:00:00","modified_gmt":"2026-07-26T21:00:00","slug":"astazi-despre-alexandru-tocilescu-unul-dintre-cei-mai-apreciati-regizori-de-teatru-primul-regizor-roman-care-a-primit-o-stea-pe-aleea-celebritatilor","status":"publish","type":"post","link":"https:\/\/analyse.optim.biz\/?p=2067721","title":{"rendered":"Ast\u0103zi despre: Alexandru Tocilescu &#8211; unul dintre cei mai aprecia\u021bi regizori de teatru. Primul regizor rom\u00e2n care a primit o stea pe Aleea Celebrit\u0103\u021bilor"},"content":{"rendered":"<p>[analyse_image type=&#8221;featured&#8221; src=&#8221;https:\/\/zdvi.cname.ro\/_\/astazi-despre-alexandru-tocilescu&#8212;primul-regizor-roman-care-a-primit-o-stea-pe-aleea-celebritatilor\/mediaPool\/umQGrTM.jpg&#8221;]<\/p>\n<div class=\"main-content detaliu-articol\"><a class=\"titlu-cat-list\" href=\"https:\/\/ziaruldevrancea.ro\/timp-liber\">Timp Liber<\/a><\/p>\n<h1>Ast\u0103zi despre: Alexandru Tocilescu &#8211; unul dintre cei mai aprecia\u021bi regizori de teatru. Primul regizor rom\u00e2n care a primit o stea pe Aleea Celebrit\u0103\u021bilor<\/h1>\n<div class=\"date-articol clearfix\">\n<div class=\"distribuie-articol dropdown\">\n    Distribuie: \u00a0<br \/>\n    <em>|<\/em><\/div>\n<div class=\"autor-articol\"><a href=\"https:\/\/ziaruldevrancea.ro\/autor\/ziarul-de-vrancea\/\"><img decoding=\"async\" class=\"img-circle\" src=\"https:\/\/zdvi.cname.ro\/50_50\/articleAuthor\/ziarul-de-vrancea\/articleAuthor\/uMPfPxc.jpg\" alt><\/a><\/p>\n<h5><a href=\"https:\/\/ziaruldevrancea.ro\/autor\/ziarul-de-vrancea\/\">Ziarul de Vrancea<\/a><\/h5>\n<div class=\"grup-spatiere\"><span class=\"cu-spatiere\">27 iul 2026<\/span><span class=\"cu-spatiere\">2734 vizualiz\u0103ri<\/span><\/div>\n<\/div>\n<\/div>\n<div class=\"poza-mare\"><a href class=\"openGallery\"><img decoding=\"async\" class=\"img-responsive\" src=\"https:\/\/zdvi.cname.ro\/850_530\/astazi-despre-alexandru-tocilescu---primul-regizor-roman-care-a-primit-o-stea-pe-aleea-celebritatilor\/article\/mediaPool\/umQGrTM.jpg\" alt><\/a><\/div>\n<p>Alexandru Tocilescu (n. 27 iulie 1946, Bucure\u0219ti &#8211; d. 29 noiembrie 2011, Bucure\u0219ti) a fost un regizor rom\u00e2n de teatru \u0219i film. Este tat\u0103l scriitorului Alex Tocilescu (n. 1977).<\/p>\n<p>\u00cen iulie 2011, Alexandru Tocilescu a devenit primul regizor rom\u00e2n care a primit o stea pe Aleea Celebrit\u0103\u021bilor din Bucure\u0219ti<\/p>\n<p>\u00a0<\/p>\n<p>Alexandru Tocilescu, n\u0103scut pe 27 iulie 1946, a fost unul dintre cei mai aprecia\u021bi regizori de teatru rom\u00e2ni. \u00cen 1999 Alexandru Tocilescu a primit premiul UNITER pentru cel mai bun spectacol &#8211; &#8220;O scrisoare pierdut\u0103&#8221; de I. L. Caragiale, montat la Teatrul Na\u021bional Bucure\u0219ti, iar \u00een 2002 i-a fost decernat premiul UNITER pentru \u00eentreaga activitate. Totodat\u0103 \u00een 2006 Tocilescu a primit premiul pentru cea mai bun\u0103 regie, cu piesa &#8220;O zi din via\u021ba lui Nicolae Ceau\u0219escu&#8221;, \u00een cadrul Festivalului Comediei Rom\u00e2ne\u0219ti &#8211; festCO.<\/p>\n<p>\u00cen luna iulie 2011, regizorul Alexandru Tocilescu a primit o stea pe Aleea Celebrit\u0103\u021bilor &#8211; Walk of Fame, un proiect cultural dedicat &#8220;valorilor artistice ale teatrului \u0219i filmului rom\u00e2nesc&#8221;, situat \u00een Pia\u021ba Timpului din Capital\u0103.<\/p>\n<p>Regizorul Alexandru Tocilescu este tat\u0103l scriitorului, jurnalistului \u0219i muzicianului rom\u00e2n Alex Tocilescu.<\/p>\n<p>Alexandru Tocilescu a murit la v\u00e2rsta de 65 de ani , din cauza unei supradoze de medicamente, la Spitalul Clinic de Urgen\u021b\u0103 Floreasca din Bucuresti. Doctorii nu au putut da detalii, familia regizorului cer\u00e2nd s\u0103 fie p\u0103strat\u0103 discre\u021bia.<\/p>\n<p>Surse medicale au precizat c\u0103 regizorul, care suferea de mai multe boli grave, a luat o supradoz\u0103 din tratamentul prescris pentru tulbur\u0103rile cardiace cu care fusese diagnosticat. Regizorul a fost transportat la spital \u0219i timp de mai multe ore medicii au \u00eencercat resuscitarea lui. Din p\u0103cate tratamentul trebuia luat foarte riguros, doza ingerat\u0103 put\u00e2nd fi fatal\u0103.<\/p>\n<p><\/p>\n<p>Cuprins<\/p>\n<p>\u2022\u00a0\u00a0\u00a0 1 Teatru (regizor)<\/p>\n<p>\u2022\u00a0\u00a0\u00a0 2 Filmografie (regizor)<\/p>\n<p>\u2022\u00a0\u00a0\u00a0 3 Premii, distinc\u021bii<\/p>\n<p>\u2022\u00a0\u00a0\u00a0 4 Note<\/p>\n<p>\u2022\u00a0\u00a0\u00a0 5 Leg\u0103turi externe<\/p>\n<p>Teatru (regizor)<\/p>\n<p>\u2022\u00a0\u00a0\u00a0 \u201eS\u00e2nziana \u0219i Pepelea\u201d de Vasile Alecsandri, Studioul Casandra, Bucure\u0219ti, 1971<\/p>\n<p>\u2022\u00a0\u00a0\u00a0 \u201eR\u0103zboiul vacii\u201d de Roger Avermaete, Teatrul de Nord din Satu Mare, 1973<\/p>\n<p>\u2022\u00a0\u00a0\u00a0 \u201eSwanewitt\u201d de August Strindberg, Teatrul Maria Filotti, Br\u0103ila, 1974<\/p>\n<p>\u2022\u00a0\u00a0\u00a0 \u201eFire de poet\u201d de Eugene O&#8217;Neill, Teatrul Maria Filotti, Br\u0103ila, 1974<\/p>\n<p>\u2022\u00a0\u00a0\u00a0 \u201eAmurgul unui cocor\u201d de Junji Kinos Kinoshita, Teatrul Alexandru Davilla, Pite\u0219ti, 1976<\/p>\n<p>\u2022\u00a0\u00a0\u00a0 \u201eNevestele vesele din Windsor\u201d de William Shakespeare, Teatrul Tineretului din Piatra Neam\u021b, 1978<\/p>\n<p>\u2022\u00a0\u00a0\u00a0 \u201eMaria \u0219i copiii ei\u201d de Osvaldo Dragun, Teatrul Alexandru Davilla, Pite\u0219ti, 1978<\/p>\n<p>\u2022\u00a0\u00a0\u00a0 \u201eParadis de ocazie\u201d de Tudor Popescu, Teatrul Ion Vasilescu, 1979<\/p>\n<p>\u2022\u00a0\u00a0\u00a0 \u201eHaina cu dou\u0103 fe\u021be\u201d de Stanislav Stratiev, Teatrul Giule\u0219ti, Bucure\u0219ti, 1979<\/p>\n<p>\u2022\u00a0\u00a0\u00a0 \u201eConcurs de frumuse\u021be\u201d de Tudor Popescu, Teatrul de Comedie, Bucure\u0219ti, 1980<\/p>\n<p>\u2022\u00a0\u00a0\u00a0 \u201eProgram special\u201d L.B. de Stephen Poliakoff, Teatrul Tineretului din Piatra Neam\u021b, 1980<\/p>\n<p>\u2022\u00a0\u00a0\u00a0 \u201eOccisio Gregorii in Moldavia Vodae tragedicae expresa de Samuil Vulcan \u0219i Barbul V\u0103c\u0103rescul, v\u00e2nz\u0103torul \u021b\u0103rii de Iordache Golescu\u201d, Teatrul Bulandra, Bucure\u0219ti, 1982<\/p>\n<p>\u2022\u00a0\u00a0\u00a0 \u201eTartuffe\u201d de Moliere, Teatrul Bulandra, Bucure\u0219ti, 1982<\/p>\n<p>\u2022\u00a0\u00a0\u00a0 \u201eCabala bigo\u021bilor\u201d de Mihail Bulgakov, Teatrul Bulandra, Bucure\u0219ti, 1982<\/p>\n<p>\u2022\u00a0\u00a0\u00a0 \u201eHamlet\u201d de William Shakespeare, Teatrul Bulandra, Bucure\u0219ti, 1985<\/p>\n<p>\u2022\u00a0\u00a0\u00a0 \u201eIo, Mircea Voievod\u201d de Dan T\u0103rchil\u0103, Teatrul Bulandra, Bucure\u0219ti, 1986<\/p>\n<p>\u2022\u00a0\u00a0\u00a0 \u201eAntigona\u201d de Sofocle, Teatrul Bulandra, Bucure\u0219ti, 1993<\/p>\n<p>\u2022\u00a0\u00a0\u00a0 \u201eMireasa mut\u0103\u201d dup\u0103 Femeia mut\u0103 de Ben Jonson, Teatrul de Comedie, Bucure\u0219ti, 1995<\/p>\n<p>\u2022\u00a0\u00a0\u00a0 &#8220;Repetabila scen\u0103 a balconului&#8221; de Dumitru Solomon, Teatrul Sic\u0103 Alexandrescu, Bra\u0219ov, 1997<\/p>\n<p>\u2022\u00a0\u00a0\u00a0 \u201ePoate Eleonora\u201d de Gellu Naum, Theatrum Mundi, Bucure\u0219ti, 1997<\/p>\n<p>\u2022\u00a0\u00a0\u00a0 \u201eFaust\u201d de Charles Gounod, Opera Na\u021bional\u0103 Rom\u00e2n\u0103, Bucure\u0219ti, 1998<\/p>\n<p>\u2022\u00a0\u00a0\u00a0 \u201eLibertinul\u201d de Eric Emmanuel Schmitt, Teatrul Bulandra, Bucure\u0219ti, 1998<\/p>\n<p>\u2022\u00a0\u00a0\u00a0 \u201eO scrisoare pierdut\u0103\u201d de I.L. Caragiale, Teatrul Na\u021bional Bucure\u0219ti, 1999<\/p>\n<p>\u2022\u00a0\u00a0\u00a0 \u201eAman\u021bii \u00eens\u00e2ngera\u021bi\u201d de Chikamatsu Monzaemon, Teatrul Na\u021bional Bucure\u0219ti, 2001<\/p>\n<p>\u2022\u00a0\u00a0\u00a0 \u201eLa statuia lui Eminescu\u201d, Teatrul de Stat, Constan\u021ba, 2002<\/p>\n<p>\u2022\u00a0\u00a0\u00a0 \u201eOblomov\u201d, Teatrul Bulandra, Bucure\u0219ti, 2003<\/p>\n<p>\u2022\u00a0\u00a0\u00a0 \u201eOase pentru Otto\u201d de Lia Bugnar, Teatrul Luni, Bucure\u0219ti, 2003<\/p>\n<p>\u2022\u00a0\u00a0\u00a0 \u201ePoker\u201d de Adrian Lustig, Teatrul de Comedie, 2004<\/p>\n<p>\u2022\u00a0\u00a0\u00a0 \u201eO zi din via\u021ba lui Nicolae Ceau\u0219escu\u201d de Denis Dinulescu, Teatrul Mic, Bucure\u0219ti, 2005<\/p>\n<p>\u2022\u00a0\u00a0\u00a0 \u201eElizaveta Bam\u201d, de Irinel Anghel, pe un text de Daniil Harms, Teatrul Bulandra, Bucure\u0219ti, 2006<\/p>\n<p>\u2022\u00a0\u00a0\u00a0 \u201eComedie ro\u0219ie\u201d, Teatrul Na\u021bional Bucure\u0219ti, 2006<\/p>\n<p>\u2022\u00a0\u00a0\u00a0 \u201eFaust\u201d, Opera Na\u021bional\u0103 Rom\u00e2n\u0103, 2007<\/p>\n<p>\u2022\u00a0\u00a0\u00a0 \u201eBroadway &#8211; Bucure\u0219ti\u201d, Teatrul Na\u021bional de Operet\u0103, 2007<\/p>\n<p>\u2022\u00a0\u00a0\u00a0 \u201eEduard al III-lea&#8221; de William Shakespeare, Teatrul Na\u021bional Bucure\u0219ti, 2008[3]<\/p>\n<p>\u2022\u00a0\u00a0\u00a0 &#8220;Casa Zoik\u0103i&#8221; de Mihail Bulgakov, Teatrul de Comedie Bucure\u0219ti, 2009<\/p>\n<p>\u2022\u00a0\u00a0\u00a0 \u201eSf\u00e2r\u0219it de partid\u0103\u201d de Samuel Beckett, Teatrul Metropolis Bucure\u0219ti, 2009<\/p>\n<p>\u2022\u00a0\u00a0\u00a0 &#8220;Nevestele vesele din Windsor&#8221; de William Shakespeare, Teatrul Metropolis Bucure\u0219ti, 2011[4][5]<\/p>\n<p>Filmografie (regizor)<\/p>\n<p>\u2022\u00a0\u00a0\u00a0 Bani de dus, bani de-ntors (2005), dupa piesa cu acela\u0219i nume de Pu\u0219i Dinulescu<\/p>\n<p>Premii, distinc\u021bii<\/p>\n<p>\u2022\u00a0\u00a0\u00a0 1999: Premiul UNITER pentru cel mai bun spectacol (O scrisoare pierdut\u0103 de I.L. Caragiale, Teatrul Na\u021bional Bucure\u0219ti)<\/p>\n<p>\u2022\u00a0\u00a0\u00a0 2002: Premiul UNITER pentru \u00eentreaga activitate<\/p>\n<p>\u2022\u00a0\u00a0\u00a0 2006: Premiul pentru &#8220;cea mai bun\u0103 regie&#8221; cu piesa O zi din via\u021ba lui Nicolae Ceau\u0219escu la Festivalului Comediei Romanesti &#8211; festCO<\/p>\n<p>De la Wikipedia, enciclopedia liber\u0103, cinemagia.ro<\/p>\n<p>\u00a0<\/p>\n<p>\u00a0<\/p>\n<p>\u00a0<\/p>\n<p>\u00a0<\/p>\n<p>\u00a0<\/p>\n<p>\u00a0<\/p>\n<p>\u00a0<\/p>\n<hr>\n<div class=\"bloc-widget widget-rosu\">\n<p>\u00cen lipsa unui acord scris din partea Ziarului de Vrancea, pute\u0163i prelua maxim 500 de caractere din acest articol dac\u0103 preciza\u0163i sursa \u015fi insera\u0163i vizibil link-ul articolului:\u00a0<span>#insertcurrentlinkhere<\/span><\/p>\n<\/div>\n<div class=\"extra-articol listing-anunturi\">\n<h6>Anun\u021buri <span class=\"text-primary\">ZdV<\/span> Premium<\/h6>\n<div class=\"row\">\n<div class=\"col-lg-4 col-md-6 bloc-egal\"><a class=\"card-anunt\" href=\"https:\/\/ziaruldevrancea.ro\/anunturi\/imobiliare\/vanzari-terenuri\/vand-teren-in-panciu\"><strong class=\"titlu\">V\u00e2nz\u0103ri terenuri<\/strong><span class=\"text-anunt\">Teren Panciu 1170 mp, cu num\u0103r cas\u0103, ap\u0103&#8230;<\/span><span class=\"data-anunt\">29.07.2026  <\/span><\/a><\/div>\n<div class=\"col-lg-4 col-md-6 bloc-egal\"><a class=\"card-anunt\" href=\"https:\/\/ziaruldevrancea.ro\/anunturi\/necrolog\/decese\/drum-lin-catre-ingeri-in-Imparatia-bunului-dumnezeu\"><strong class=\"titlu\">Decese<\/strong><span class=\"text-anunt\">At\u00e2t de fulger\u0103tor&#8230;incredibil!<\/p>\n<p>Tat\u0103l&#8230;<\/span><span class=\"data-anunt\">28.07.2026  <\/span><\/a><\/div>\n<div class=\"col-lg-4 col-md-6 bloc-egal\"><a class=\"card-anunt\" href=\"https:\/\/ziaruldevrancea.ro\/anunturi\/necrolog\/decese\/dumnezeu-sa-o-aseze-in-randul-celor-drepti\"><strong class=\"titlu\">Decese<\/strong><span class=\"text-anunt\">Cu profund\u0103 durere, familia anun\u021b\u0103 trecerea la&#8230;<\/span><span class=\"data-anunt\">28.07.2026  <\/span><\/a><\/div>\n<\/div>\n<\/div>\n<div class=\"extra-articol alte-articole\">\n<div class=\"row\">\n<div class=\"col-lg-6 bloc-egal\">\n<div class=\"card articol-listing\">\n<h6>\u00cen categoria <a href=\"https:\/\/ziaruldevrancea.ro\/timp-liber\">Timp Liber<\/a><\/h6>\n<div class=\"grup-articol-listing\">\n<div class=\"cont-pils\"><a href=\"https:\/\/ziaruldevrancea.ro\/timp-liber\/horoscop-29-iulie-2026\"><img decoding=\"async\" src=\"https:\/\/zdvi.cname.ro\/180_135\/timp-liber\/horoscop-29-iulie-2026\/mediaPool\/uA8enxT.jpg\" class=\"img-responsive img-180\" alt><\/a><\/div>\n<h2><a class=\"link-titlu\" href=\"https:\/\/ziaruldevrancea.ro\/timp-liber\/horoscop-29-iulie-2026\">Horoscop 29 iulie 2026 <\/a><\/h2>\n<div class=\"date-post\"><a href=\"https:\/\/ziaruldevrancea.ro\/autor\/rodica-condurache\">Rodica Condurache<\/a>, 29 iul 2026  <\/div>\n<\/div>\n<div class=\"grup-articol-listing\">\n<div class=\"cont-pils\"><a href=\"https:\/\/ziaruldevrancea.ro\/timp-liber\/calendarul-zilei-de-29-iulie-de-la-primul-desteapta-te-romane-la-prima-medalie-olimpica-de-aur-a-romaniei.-reperele-zilei-pe-care-si-vrancenii-merita-sa-le-cunoasca\"><img decoding=\"async\" src=\"https:\/\/zdvi.cname.ro\/180_135\/timp-liber\/calendarul-zilei-de-29-iulie-de-la-primul-desteapta-te-romane-la-prima-medalie-olimpica-de-aur-a-romaniei.-reperele-zilei-pe-care-si-vrancenii-merita-sa-le-cunoasca\/mediaPool\/uvmQvr7.png\" class=\"img-responsive img-180\" alt><\/a><\/div>\n<h2><a class=\"link-titlu\" href=\"https:\/\/ziaruldevrancea.ro\/timp-liber\/calendarul-zilei-de-29-iulie-de-la-primul-desteapta-te-romane-la-prima-medalie-olimpica-de-aur-a-romaniei.-reperele-zilei-pe-care-si-vrancenii-merita-sa-le-cunoasca\">Calendarul zilei de 29 iulie: de la primul \u201eDe\u0219teapt\u0103-te, rom\u00e2ne\u201d la prima medalie olimpic\u0103 de aur a Rom\u00e2niei. Reperele zilei pe care \u0219i vr\u00e2ncenii merit\u0103 s\u0103 le cunoasc\u0103<\/a><\/h2>\n<div class=\"date-post\"><a href=\"https:\/\/ziaruldevrancea.ro\/autor\/rodica-condurache\">Rodica Condurache<\/a>, 29 iul 2026  <\/div>\n<\/div>\n<div class=\"grup-articol-listing\">\n<div class=\"cont-pils\"><a href=\"https:\/\/ziaruldevrancea.ro\/timp-liber\/calendarul-zilei-de-28-iulie-ziua-in-care-a-inceput-primul-razboi-mondial.-evenimente-care-au-schimbat-lumea-personalitati-marcante-nascute-in-aceasta-zi-si-figuri-importante-care-au-ramas-in-istorie\"><img decoding=\"async\" src=\"https:\/\/zdvi.cname.ro\/180_135\/timp-liber\/calendarul-zilei-de-28-iulie-ziua-in-care-a-inceput-primul-razboi-mondial.-evenimente-care-au-schimbat-lumea-personalitati-marcante-nascute-in-aceasta-zi-si-figuri-importante-care-au-ramas-in-istorie\/mediaPool\/udFETKi.jpg\" class=\"img-responsive img-180\" alt><\/a><\/div>\n<h2><a class=\"link-titlu\" href=\"https:\/\/ziaruldevrancea.ro\/timp-liber\/calendarul-zilei-de-28-iulie-ziua-in-care-a-inceput-primul-razboi-mondial.-evenimente-care-au-schimbat-lumea-personalitati-marcante-nascute-in-aceasta-zi-si-figuri-importante-care-au-ramas-in-istorie\">Calendarul zilei de 28 iulie: Ziua \u00een care a \u00eenceput Primul R\u0103zboi Mondial. Evenimente care au schimbat lumea, personalit\u0103\u021bi marcante n\u0103scute \u00een aceast\u0103 zi \u0219i figuri importante care au r\u0103mas \u00een istorie<\/a><\/h2>\n<div class=\"date-post\"><a href=\"https:\/\/ziaruldevrancea.ro\/autor\/rodica-condurache\">Rodica Condurache<\/a>, 28 iul 2026  <\/div>\n<\/div>\n<\/div>\n<\/div>\n<div class=\"col-lg-6 bloc-egal\">\n<div class=\"card articol-listing\">\n<h6>De acela\u0219i <a href=\"https:\/\/ziaruldevrancea.ro\/autor\/ziarul-de-vrancea\/\">autor<\/a><\/h6>\n<div class=\"grup-articol-listing\">\n<div class=\"cont-pils\"><a href=\"https:\/\/ziaruldevrancea.ro\/special\/educatie\/astazi-despre-academicianul-victor-babes---autorul-primului-tratat-de-bacteriologie-din-lume-prin-care-a-pus-bazele-moderne-ale-acestei-stiinte\"><img decoding=\"async\" src=\"https:\/\/zdvi.cname.ro\/180_135\/special\/educatie\/astazi-despre-academicianul-victor-babes---autorul-primului-tratat-de-bacteriologie-din-lume-prin-care-a-pus-bazele-moderne-ale-acestei-stiinte\/mediaPool\/upS8Rte.jpg\" class=\"img-responsive img-180\" alt><\/a><\/div>\n<h2><a class=\"link-titlu\" href=\"https:\/\/ziaruldevrancea.ro\/special\/educatie\/astazi-despre-academicianul-victor-babes---autorul-primului-tratat-de-bacteriologie-din-lume-prin-care-a-pus-bazele-moderne-ale-acestei-stiinte\">Ast\u0103zi despre fondatorul \u0219colii rom\u00e2ne\u0219ti de microbiologie: academicianul Victor Babe\u0219 &#8211; autorul primului tratat de bacteriologie din lume prin care a pus bazele moderne ale acestei \u0219tiin\u021be <\/a><\/h2>\n<div class=\"date-post\"><a href=\"https:\/\/ziaruldevrancea.ro\/#comentarii\" class=\"pull-right\"> 1<\/a><a href=\"https:\/\/ziaruldevrancea.ro\/autor\/ziarul-de-vrancea\">Ziarul de Vrancea<\/a>, 28 iul 2026  <\/div>\n<\/div>\n<div class=\"grup-articol-listing\">\n<div class=\"cont-pils\"><a href=\"https:\/\/ziaruldevrancea.ro\/timp-liber\/horoscop-27-iulie-2-august-2026\"><img decoding=\"async\" src=\"https:\/\/zdvi.cname.ro\/180_135\/timp-liber\/horoscop-27-iulie-2-august-2026\/mediaPool\/ucW7BQP.jpg\" class=\"img-responsive img-180\" alt><\/a><\/div>\n<h2><a class=\"link-titlu\" href=\"https:\/\/ziaruldevrancea.ro\/timp-liber\/horoscop-27-iulie-2-august-2026\">Horoscop 27 iulie-2 august 2026<\/a><\/h2>\n<div class=\"date-post\"><a href=\"https:\/\/ziaruldevrancea.ro\/#comentarii\" class=\"pull-right\"> 8<\/a><a href=\"https:\/\/ziaruldevrancea.ro\/autor\/ziarul-de-vrancea\">Ziarul de Vrancea<\/a>, 27 iul 2026  <\/div>\n<\/div>\n<div class=\"grup-articol-listing\">\n<div class=\"cont-pils\"><a href=\"https:\/\/ziaruldevrancea.ro\/timp-liber\/astazi-despre-scarlat-demetrescu---unul-din-cei-mai-mari-spiritualisti-romani\"><img decoding=\"async\" src=\"https:\/\/zdvi.cname.ro\/180_135\/timp-liber\/astazi-despre-scarlat-demetrescu---unul-din-cei-mai-mari-spiritualisti-romani\/mediaPool\/uMVoGBB.jpg\" class=\"img-responsive img-180\" alt><\/a><\/div>\n<h2><a class=\"link-titlu\" href=\"https:\/\/ziaruldevrancea.ro\/timp-liber\/astazi-despre-scarlat-demetrescu---unul-din-cei-mai-mari-spiritualisti-romani\">Ast\u0103zi despre: Scarlat Demetrescu &#8211; unul din cei mai mari spirituali\u0219ti rom\u00e2ni \u0219i leg\u0103tura lui cu Foc\u0219aniul. A scris despre via\u021ba de dincolo, misterele Universului \u0219i fenomene pe care \u0219tiin\u021ba \u00eenc\u0103 \u00eencearc\u0103 s\u0103 le explice<\/a><\/h2>\n<div class=\"date-post\"><a href=\"https:\/\/ziaruldevrancea.ro\/autor\/ziarul-de-vrancea\">Ziarul de Vrancea<\/a>, 26 iul 2026  <\/div>\n<\/div>\n<\/div>\n<\/div>\n<\/div>\n<\/div>\n<div class=\"extra-articol listing-anunturi\">\n<h6>Anun\u021buri <span class=\"text-primary\">ZdV<\/span> Premium<\/h6>\n<div class=\"row\">\n<div class=\"col-lg-4 col-md-6 bloc-egal\"><a class=\"card-anunt\" href=\"https:\/\/ziaruldevrancea.ro\/anunturi\/imobiliare\/vanzari-case\/vand-casa-si-teren-in-panciu-anunt-72818\"><strong class=\"titlu\">V\u00e2nz\u0103ri case<\/strong><span class=\"text-anunt\">V\u00e2nd cas\u0103 cu 2 camere, buc\u0103t\u0103rie, baie,&#8230;<\/span><span class=\"data-anunt\">23.07.2026  <\/span><\/a><\/div>\n<div class=\"col-lg-4 col-md-6 bloc-egal\"><a class=\"card-anunt\" href=\"https:\/\/ziaruldevrancea.ro\/anunturi\/angajari\/cereri-angajari\/doresc-angajare-anunt-72815\"><strong class=\"titlu\">Cereri<\/strong><span class=\"text-anunt\">Doresc s\u0103 am grij\u0103 de un copil de gradini\u021b\u0103&#8230;<\/span><span class=\"data-anunt\">21.07.2026  <\/span><\/a><\/div>\n<div class=\"col-lg-4 col-md-6 bloc-egal\"><a class=\"card-anunt\" href=\"https:\/\/ziaruldevrancea.ro\/anunturi\/inchirieri\/locuinte-oferte\/primesc-in-gazda-anunt-72816\"><strong class=\"titlu\">Locuin\u021be oferte<\/strong><span class=\"text-anunt\">\u00a0Primesc \u00een gazd\u0103 la cas\u0103.<\/p>\n<p>Tel&#8230;.<\/span><span class=\"data-anunt\">21.07.2026  <\/span><\/a><\/div>\n<\/div>\n<\/div>\n<div class=\"bloc-widget widget-albastru\">\n    Ziarul de Vrancea \u00a0nu este responsabil juridic pentru con\u0163inutul textelor din comentariile de mai jos. Responsabilitatea pentru mesajele dumneavoastra v\u0103 revine \u00een exclusivitate.\n<\/div>\n<div class=\"comentarii-articol\" id=\"comentarii\">\n<h3>Comentarii: <span class=\"text-primary\">0<\/span><\/h3>\n<p><a href=\"https:\/\/ziaruldevrancea.ro\/timp-liber\/astazi-despre-alexandru-tocilescu---primul-regizor-roman-care-a-primit-o-stea-pe-aleea-celebritatilor\" class=\"btn btn-success btn-adauga-com\" data-toggle=\"modal\" data-parent=\"0\" data-target=\"#commentModal\">Adaug\u0103 comentariu<\/a><\/p>\n<div class=\"loadMask comments-mask\"><img decoding=\"async\" src=\"https:\/\/zdvs.cname.ro\/images\/loader_40.gif\"><\/div>\n<div class=\"comenteaza-jos\">Trebuie s\u0103 fii <a href=\"https:\/\/ziaruldevrancea.ro\/account\">autentificat<\/a> pentru a putea <a href=\"https:\/\/ziaruldevrancea.ro\/timp-liber\/astazi-despre-alexandru-tocilescu---primul-regizor-roman-care-a-primit-o-stea-pe-aleea-celebritatilor\" class data-toggle=\"modal\" data-parent=\"0\" data-target=\"#commentModal\">posta un comentariu<\/a>.<\/div>\n<\/div>\n<div class=\"modal fade\" id=\"commentModal\" role=\"dialog\" aria-labelledby=\"commentModalLabel\">\n<div class=\"modal-dialog modal-lg\" role=\"document\">\n<div class=\"modal-content\">\n<div class=\"modal-header\">\n<h3 class=\"modal-title\" id=\"commentModalLabel\">Comenteaz\u0103<\/h3>\n<\/div>\n<div class=\"modal-body\">\n<div class=\"tabel tabel-full\">\n<div class=\"celula\">\n              Trebuie s\u0103 fii <a href=\"https:\/\/ziaruldevrancea.ro\/account\">autentificat<\/a> pentru a putea posta un comentariu.\n            <\/div>\n<\/div>\n<\/div>\n<div class=\"modal-footer\">\n<div id=\"commentPending\" class=\"formPending pull-left\"><img decoding=\"async\" src=\"https:\/\/zdvs.cname.ro\/images\/loader_40.gif\"> In curs de procesare&#8230;<\/div>\n<p><a href=\"https:\/\/ziaruldevrancea.ro\/timp-liber\/astazi-despre-alexandru-tocilescu---primul-regizor-roman-care-a-primit-o-stea-pe-aleea-celebritatilor\" class=\"btn btn-default\" data-dismiss=\"modal\">Anuleaz\u0103<\/a><\/div>\n<\/div>\n<\/div>\n<\/div>\n<div class=\"modal fade\" id=\"commentReportModal\" role=\"dialog\" aria-labelledby=\"commentReportModalLabel\">\n<div class=\"modal-dialog modal-lg\" role=\"document\">\n<div class=\"modal-content\">\n<div class=\"modal-header\">\n<h3 class=\"modal-title\" id=\"commentReportModalLabel\">Raporteaza comentariu<\/h3>\n<\/div>\n<div class=\"modal-body\">\n<div class=\"tabel tabel-full\">\n<div class=\"celula\">\n              Trebuie s\u0103 fii <a href=\"https:\/\/ziaruldevrancea.ro\/account\">autentificat<\/a> pentru a putea raporta un comentariu.\n            <\/div>\n<\/div>\n<\/div>\n<div class=\"modal-footer\">\n<div id=\"commentReportPending\" class=\"formPending pull-left\"><img decoding=\"async\" src=\"https:\/\/zdvs.cname.ro\/images\/loader_40.gif\"> In curs de procesare&#8230;<\/div>\n<p><a href=\"https:\/\/ziaruldevrancea.ro\/timp-liber\/astazi-despre-alexandru-tocilescu---primul-regizor-roman-care-a-primit-o-stea-pe-aleea-celebritatilor\" class=\"btn btn-default\" data-dismiss=\"modal\">Anuleaz\u0103<\/a><\/div>\n<\/div>\n<\/div>\n<\/div>\n<div class=\"modal fade\" id=\"commentLikeModal\" role=\"dialog\" aria-labelledby=\"commentLikeModalLabel\">\n<div class=\"modal-dialog modal-lg\" role=\"document\">\n<div class=\"modal-content\">\n<div class=\"modal-header\">\n<h3 class=\"modal-title\" id=\"commentReportModalLabel\">Apreciaza comentariu<\/h3>\n<\/div>\n<div class=\"modal-body\">\n<div class=\"tabel tabel-full\">\n<div class=\"celula\">\n            Trebuie s\u0103 fii <a href=\"https:\/\/ziaruldevrancea.ro\/account\">autentificat<\/a> pentru a putea aprecia un comentariu.\n          <\/div>\n<\/div>\n<\/div>\n<div class=\"modal-footer\"><a href=\"https:\/\/ziaruldevrancea.ro\/timp-liber\/astazi-despre-alexandru-tocilescu---primul-regizor-roman-care-a-primit-o-stea-pe-aleea-celebritatilor\" class=\"btn btn-default\" data-dismiss=\"modal\">Anuleaz\u0103<\/a><\/div>\n<\/div>\n<\/div>\n<\/div>\n<div class=\"bloc-widget widget-rosu\"><span><small>Ziarul de Vrancea doreste ca acest site sa fie un spatiu al discutiilor civilizate, al comentariilor de bun simt. Din acest motiv, cei care posteaza comentarii la articole trebuie sa respecte urmatoarele reguli:<br \/>\n1. Sa se refere doar la articolul la care posteaza comentarii.<br \/>\n2. Sa foloseasca un limbaj civilizat, fara injurii, calomnii, comentarii antisemite, xenofobe sau rasiste.<br \/>\n3. Sunt interzise atacurile la adresa autorilor, daca acestea nu au legatura cu textul.<br \/>\n4. Username-ul sa nu fie nume de personalitati ale vietii publice sau parodieri ale acestora.<br \/>\nAutorul unui articol poate fi criticat pentru eventuale greseli, incoerenta, lipsa de documentare etc.<br \/>\nNerespectarea regulilor mentionate mai sus va duce la stergerea comentariilor, fara avertisment si fara explicatii.<br \/>\nAbaterile repetate vor avea drept consecinta interdictia accesului la aceasta facilitate a site-ului.<\/small><\/span><\/div>\n<\/div>\n<p>[analyse_source url=&#8221;https:\/\/ziaruldevrancea.ro\/timp-liber\/astazi-despre-alexandru-tocilescu&#8212;primul-regizor-roman-care-a-primit-o-stea-pe-aleea-celebritatilor&#8221;]<\/p>\n","protected":false},"excerpt":{"rendered":"<p>[analyse_image type=&#8221;featured&#8221; src=&#8221;https:\/\/zdvi.cname.ro\/_\/astazi-despre-alexandru-tocilescu&#8212;primul-regizor-roman-care-a-primit-o-stea-pe-aleea-celebritatilor\/mediaPool\/umQGrTM.jpg&#8221;] Timp Liber Ast\u0103zi despre: Alexandru Tocilescu &#8211; unul dintre cei mai aprecia\u021bi regizori de teatru. Primul regizor rom\u00e2n care a primit o stea pe Aleea Celebrit\u0103\u021bilor Distribuie: \u00a0 | Ziarul de Vrancea 27 iul 20262734 vizualiz\u0103ri Alexandru Tocilescu (n. 27 iulie 1946, Bucure\u0219ti &#8211; d. 29 noiembrie 2011, Bucure\u0219ti) a fost un [&hellip;]<\/p>\n","protected":false},"author":1,"featured_media":0,"comment_status":"open","ping_status":"","sticky":false,"template":"","format":"standard","meta":{"footnotes":""},"categories":[89],"tags":[226,208],"class_list":["post-2067721","post","type-post","status-publish","format-standard","hentry","category-romania","tag-crawlmanager","tag-ziaruldevrancea-ro"],"_links":{"self":[{"href":"https:\/\/analyse.optim.biz\/index.php?rest_route=\/wp\/v2\/posts\/2067721","targetHints":{"allow":["GET"]}}],"collection":[{"href":"https:\/\/analyse.optim.biz\/index.php?rest_route=\/wp\/v2\/posts"}],"about":[{"href":"https:\/\/analyse.optim.biz\/index.php?rest_route=\/wp\/v2\/types\/post"}],"author":[{"embeddable":true,"href":"https:\/\/analyse.optim.biz\/index.php?rest_route=\/wp\/v2\/users\/1"}],"replies":[{"embeddable":true,"href":"https:\/\/analyse.optim.biz\/index.php?rest_route=%2Fwp%2Fv2%2Fcomments&post=2067721"}],"version-history":[{"count":0,"href":"https:\/\/analyse.optim.biz\/index.php?rest_route=\/wp\/v2\/posts\/2067721\/revisions"}],"wp:attachment":[{"href":"https:\/\/analyse.optim.biz\/index.php?rest_route=%2Fwp%2Fv2%2Fmedia&parent=2067721"}],"wp:term":[{"taxonomy":"category","embeddable":true,"href":"https:\/\/analyse.optim.biz\/index.php?rest_route=%2Fwp%2Fv2%2Fcategories&post=2067721"},{"taxonomy":"post_tag","embeddable":true,"href":"https:\/\/analyse.optim.biz\/index.php?rest_route=%2Fwp%2Fv2%2Ftags&post=2067721"}],"curies":[{"name":"wp","href":"https:\/\/api.w.org\/{rel}","templated":true}]}}