{"id":2067718,"date":"2026-07-27T00:00:00","date_gmt":"2026-07-26T21:00:00","guid":{"rendered":"https:\/\/analyse.optim.biz\/?p=2067718"},"modified":"2026-07-27T00:00:00","modified_gmt":"2026-07-26T21:00:00","slug":"calendarul-zilei-de-27-iulie-70-de-ani-de-cand-romania-a-devenit-membra-unesco-evenimente-istorice-personalitati-si-momente-memorabile","status":"publish","type":"post","link":"https:\/\/analyse.optim.biz\/?p=2067718","title":{"rendered":"Calendarul zilei de 27 iulie: 70 de ani de c\u00e2nd Rom\u00e2nia a devenit membr\u0103 UNESCO. Evenimente istorice, personalit\u0103\u021bi \u0219i momente memorabile"},"content":{"rendered":"<p>[analyse_image type=&#8221;featured&#8221; src=&#8221;https:\/\/zdvi.cname.ro\/_\/calendarul-zilei&#8212;27-iulie-70-de-ani-de-cand-romania-a-devenit-membra-unesco.-evenimente-istorice-personalitati-si-momente-memorabile\/mediaPool\/uaaq3UA.jpg&#8221;]<\/p>\n<div class=\"main-content detaliu-articol\"><a class=\"titlu-cat-list\" href=\"https:\/\/ziaruldevrancea.ro\/timp-liber\">Timp Liber<\/a><\/p>\n<h1>Calendarul zilei de 27 iulie: 70 de ani de c\u00e2nd Rom\u00e2nia a devenit membr\u0103 UNESCO. Evenimente istorice, personalit\u0103\u021bi \u0219i momente memorabile<\/h1>\n<div class=\"date-articol clearfix\">\n<div class=\"distribuie-articol dropdown\">\n    Distribuie: \u00a0<br \/>\n    <em>|<\/em><\/div>\n<div class=\"autor-articol\"><a href=\"https:\/\/ziaruldevrancea.ro\/autor\/rodica-condurache\/\"><img decoding=\"async\" class=\"img-circle\" src=\"https:\/\/zdvi.cname.ro\/50_50\/articleAuthor\/rodica-condurache\/articleAuthor\/uy6Kz5r.jpg\" alt><\/a><\/p>\n<h5><a href=\"https:\/\/ziaruldevrancea.ro\/autor\/rodica-condurache\/\">Rodica Condurache<\/a><\/h5>\n<div class=\"grup-spatiere\"><span class=\"cu-spatiere\">27 iul 2026<\/span><span class=\"cu-spatiere\">405 vizualiz\u0103ri<\/span><\/div>\n<\/div>\n<\/div>\n<div class=\"poza-mare\"><a href class=\"openGallery\"><img decoding=\"async\" class=\"img-responsive\" src=\"https:\/\/zdvi.cname.ro\/850_530\/calendarul-zilei---27-iulie-70-de-ani-de-cand-romania-a-devenit-membra-unesco.-evenimente-istorice-personalitati-si-momente-memorabile\/article\/mediaPool\/uaaq3UA.jpg\" alt><\/a><\/div>\n<p>De la contribu\u021bia Rom\u00e2niei la dezvoltarea comunica\u021biilor \u0219i aderarea la UNESCO p\u00e2n\u0103 la \u00eenceputul Revolu\u021biei din 1830, afacerea Watergate \u0219i personalit\u0103\u021bi precum Eugen Co\u0219eriu, Smiley sau Ion \u021auculescu, ziua de 27 iulie reune\u0219te evenimente \u0219i destine care au l\u0103sat urme \u00een istorie.<\/p>\n<p>\u00a0<\/p>\n<p>Data de 27 iulie ocup\u0103 un loc aparte \u00een calendarul istoriei universale \u0219i rom\u00e2ne\u0219ti. De-a lungul timpului, aceast\u0103 zi a fost marcat\u0103 de evenimente politice, \u0219tiin\u021bifice, culturale \u0219i sportive care au influen\u021bat evolu\u021bia lumii. Pentru cititorii Ziarului de Vrancea, calendarul zilei ofer\u0103 o privire asupra unor momente importante din trecut \u0219i asupra personalit\u0103\u021bilor care s-au n\u0103scut sau au \u00eencetat din via\u021b\u0103 la aceast\u0103 dat\u0103.<\/p>\n<p><strong>Revolu\u021bii, progres \u0219i momente decisive<\/strong><\/p>\n<p>Printre cele mai importante evenimente consemnate la 27 iulie se num\u0103r\u0103 \u00eenceputul \u201eCelor Trei Zile Glorioase\u201d din 1830, revolta parizienilor \u00eempotriva regelui Carol al X-lea. Revolu\u021bia francez\u0103 din iulie avea s\u0103 conduc\u0103 la instaurarea Monarhiei din Iulie \u0219i s\u0103 influen\u021beze mi\u0219c\u0103rile liberale din Europa.<\/p>\n<p>\u00cen anul 1865, Rom\u00e2nia f\u0103cea un pas important \u00een modernizarea comunica\u021biilor, ader\u00e2nd la Conven\u021bia Telegrafic\u0103 Interna\u021bional\u0103 de la Paris, o etap\u0103 semnificativ\u0103 \u00een integrarea \u021b\u0103rii \u00een sistemele moderne de comunica\u021bii europene.<\/p>\n<p>\u00cen timpul R\u0103zboiului de Independen\u021b\u0103, la 27 iulie 1877, Divizia a 4-a Infanterie, comandat\u0103 de colonelul Alexandru Anghelescu, \u00eencepea deplasarea spre frontul de la Plevna, unul dintre momentele importante ale campaniei militare rom\u00e2ne\u0219ti.<\/p>\n<p><strong>Descoperiri \u0219i inova\u021bii care au schimbat lumea<\/strong><\/p>\n<p>Ziua de 27 iulie este legat\u0103 \u0219i de progresul \u0219tiin\u021bific.<\/p>\n<p>\u00cen 1921, cercet\u0103torii de la Universitatea din Toronto, condu\u0219i de Frederick Banting, au demonstrat rolul insulinei \u00een reglarea glicemiei, deschiz\u00e2nd drumul tratamentului modern al diabetului.<\/p>\n<p>\u00cen 1949 a avut loc primul zbor al avionului de Havilland Comet, primul avion comercial cu reac\u021bie din lume, moment care a schimbat definitiv transportul aerian.<\/p>\n<p>Tot \u00eentr-o zi de 27 iulie, \u00een 1956, Rom\u00e2nia devenea membr\u0103 a UNESCO, organiza\u021bie dedicat\u0103 educa\u021biei, culturii \u0219i \u0219tiin\u021bei.<\/p>\n<p>Evenimente care au r\u0103mas \u00een memoria colectiv\u0103<\/p>\n<p>Anul 1974 a adus unul dintre cele mai cunoscute episoade din istoria politic\u0103 a Statelor Unite. Camera Reprezentan\u021bilor a decis declan\u0219area procedurii de punere sub acuzare a pre\u0219edintelui Richard Nixon \u00een scandalul Watergate, eveniment care avea s\u0103 duc\u0103 la demisia acestuia.<\/p>\n<p>\u00cen 1996, atentatul cu bomb\u0103 din Parcul Olimpic din Atlanta a umbrit desf\u0103\u0219urarea Jocurilor Olimpice, provoc\u00e2nd victime \u0219i sute de r\u0103ni\u021bi.<\/p>\n<p>\u00cen 2012, Londra a oferit una dintre cele mai spectaculoase ceremonii de deschidere din istoria Jocurilor Olimpice moderne.<\/p>\n<p>De asemenea, 27 iulie 2018 a r\u0103mas \u00een istorie prin cea mai lung\u0103 eclips\u0103 total\u0103 de Lun\u0103 din secolul XXI, \u00een timp ce planeta Marte s-a aflat la una dintre cele mai mici distan\u021be fa\u021b\u0103 de P\u0103m\u00e2nt din ultimele decenii.<\/p>\n<p>Personalit\u0103\u021bi n\u0103scute la 27 iulie<\/p>\n<p>Aceast\u0103 zi marcheaz\u0103 aniversarea unor personalit\u0103\u021bi importante din cultur\u0103, \u0219tiin\u021b\u0103 \u0219i via\u021ba public\u0103:<\/p>\n<p>Alexandre Dumas-fiul (1824), autorul celebrului roman Dama cu camelii;<\/p>\n<p>Johann Bernoulli (1667), unul dintre marii matematicieni ai Europei;<\/p>\n<p>Giosu\u00e8 Carducci (1835), laureat al Premiului Nobel pentru Literatur\u0103;<\/p>\n<p>Eugen Co\u0219eriu (1921), unul dintre cei mai aprecia\u021bi lingvi\u0219ti rom\u00e2ni la nivel interna\u021bional;<\/p>\n<p>Alexandru Tocilescu (1946), reputat regizor rom\u00e2n de teatru;<\/p>\n<p>Dan Coman (1975), poet rom\u00e2n contemporan;<\/p>\n<p>Smiley (1983), unul dintre cei mai cunoscu\u021bi arti\u0219ti ai muzicii rom\u00e2ne\u0219ti;<\/p>\n<p>Iulia Lum\u00e2nare (1983), actri\u021b\u0103 rom\u00e2n\u0103 apreciat\u0103 pentru activitatea sa \u00een teatru \u0219i film.<\/p>\n<p>Personalit\u0103\u021bi comemorate la 27 iulie<\/p>\n<p>Ziua de 27 iulie este \u0219i una de comemorare pentru numeroase personalit\u0103\u021bi:<\/p>\n<p>John Dalton (1766\u20131844), \u00eentemeietorul teoriei atomice moderne;<\/p>\n<p>Mihail Lermontov (1814\u20131841), unul dintre marii scriitori ai literaturii ruse;<\/p>\n<p>Ion \u021auculescu (1910\u20131962), unul dintre cei mai importan\u021bi pictori rom\u00e2ni ai secolului XX;<\/p>\n<p>Ion Mu\u0219lea (1899\u20131966), etnolog rom\u00e2n;<\/p>\n<p>Victor Frunz\u0103 (1935\u20132007), scriitor \u0219i jurnalist rom\u00e2n;<\/p>\n<p>Camil Marinescu (1964\u20132020), dirijor rom\u00e2n;<\/p>\n<p>Dusty Hill (1949\u20132021), muzician al forma\u021biei ZZ Top.<\/p>\n<p>O zi care une\u0219te istoria, cultura \u0219i progresul<\/p>\n<p>Calendarul zilei de 27 iulie reaminte\u0219te c\u0103 aceea\u0219i dat\u0103 poate reuni revolu\u021bii, descoperiri \u0219tiin\u021bifice, performan\u021be culturale \u0219i momente decisive pentru istoria lumii. Pentru cititorii din Vrancea, aceste repere ofer\u0103 o perspectiv\u0103 asupra evenimentelor care au modelat societatea \u0219i asupra personalit\u0103\u021bilor care continu\u0103 s\u0103 inspire genera\u021bii.<\/p>\n<p>\u00a0<\/p>\n<hr>\n<div class=\"bloc-widget widget-rosu\">\n<p>\u00cen lipsa unui acord scris din partea Ziarului de Vrancea, pute\u0163i prelua maxim 500 de caractere din acest articol dac\u0103 preciza\u0163i sursa \u015fi insera\u0163i vizibil link-ul articolului:\u00a0<span>#insertcurrentlinkhere<\/span><\/p>\n<\/div>\n<div class=\"extra-articol listing-anunturi\">\n<h6>Anun\u021buri <span class=\"text-primary\">ZdV<\/span> Premium<\/h6>\n<div class=\"row\">\n<div class=\"col-lg-4 col-md-6 bloc-egal\"><a class=\"card-anunt\" href=\"https:\/\/ziaruldevrancea.ro\/anunturi\/imobiliare\/vanzari-terenuri\/vand-teren-in-panciu\"><strong class=\"titlu\">V\u00e2nz\u0103ri terenuri<\/strong><span class=\"text-anunt\">Teren Panciu 1170 mp, cu num\u0103r cas\u0103, ap\u0103&#8230;<\/span><span class=\"data-anunt\">29.07.2026  <\/span><\/a><\/div>\n<div class=\"col-lg-4 col-md-6 bloc-egal\"><a class=\"card-anunt\" href=\"https:\/\/ziaruldevrancea.ro\/anunturi\/necrolog\/decese\/drum-lin-catre-ingeri-in-Imparatia-bunului-dumnezeu\"><strong class=\"titlu\">Decese<\/strong><span class=\"text-anunt\">At\u00e2t de fulger\u0103tor&#8230;incredibil!<\/p>\n<p>Tat\u0103l&#8230;<\/span><span class=\"data-anunt\">28.07.2026  <\/span><\/a><\/div>\n<div class=\"col-lg-4 col-md-6 bloc-egal\"><a class=\"card-anunt\" href=\"https:\/\/ziaruldevrancea.ro\/anunturi\/necrolog\/decese\/dumnezeu-sa-o-aseze-in-randul-celor-drepti\"><strong class=\"titlu\">Decese<\/strong><span class=\"text-anunt\">Cu profund\u0103 durere, familia anun\u021b\u0103 trecerea la&#8230;<\/span><span class=\"data-anunt\">28.07.2026  <\/span><\/a><\/div>\n<\/div>\n<\/div>\n<div class=\"extra-articol alte-articole\">\n<div class=\"row\">\n<div class=\"col-lg-6 bloc-egal\">\n<div class=\"card articol-listing\">\n<h6>\u00cen categoria <a href=\"https:\/\/ziaruldevrancea.ro\/timp-liber\">Timp Liber<\/a><\/h6>\n<div class=\"grup-articol-listing\">\n<div class=\"cont-pils\"><a href=\"https:\/\/ziaruldevrancea.ro\/timp-liber\/horoscop-29-iulie-2026\"><img decoding=\"async\" src=\"https:\/\/zdvi.cname.ro\/180_135\/timp-liber\/horoscop-29-iulie-2026\/mediaPool\/uA8enxT.jpg\" class=\"img-responsive img-180\" alt><\/a><\/div>\n<h2><a class=\"link-titlu\" href=\"https:\/\/ziaruldevrancea.ro\/timp-liber\/horoscop-29-iulie-2026\">Horoscop 29 iulie 2026 <\/a><\/h2>\n<div class=\"date-post\"><a href=\"https:\/\/ziaruldevrancea.ro\/autor\/rodica-condurache\">Rodica Condurache<\/a>, 29 iul 2026  <\/div>\n<\/div>\n<div class=\"grup-articol-listing\">\n<div class=\"cont-pils\"><a href=\"https:\/\/ziaruldevrancea.ro\/timp-liber\/calendarul-zilei-de-29-iulie-de-la-primul-desteapta-te-romane-la-prima-medalie-olimpica-de-aur-a-romaniei.-reperele-zilei-pe-care-si-vrancenii-merita-sa-le-cunoasca\"><img decoding=\"async\" src=\"https:\/\/zdvi.cname.ro\/180_135\/timp-liber\/calendarul-zilei-de-29-iulie-de-la-primul-desteapta-te-romane-la-prima-medalie-olimpica-de-aur-a-romaniei.-reperele-zilei-pe-care-si-vrancenii-merita-sa-le-cunoasca\/mediaPool\/uvmQvr7.png\" class=\"img-responsive img-180\" alt><\/a><\/div>\n<h2><a class=\"link-titlu\" href=\"https:\/\/ziaruldevrancea.ro\/timp-liber\/calendarul-zilei-de-29-iulie-de-la-primul-desteapta-te-romane-la-prima-medalie-olimpica-de-aur-a-romaniei.-reperele-zilei-pe-care-si-vrancenii-merita-sa-le-cunoasca\">Calendarul zilei de 29 iulie: de la primul \u201eDe\u0219teapt\u0103-te, rom\u00e2ne\u201d la prima medalie olimpic\u0103 de aur a Rom\u00e2niei. Reperele zilei pe care \u0219i vr\u00e2ncenii merit\u0103 s\u0103 le cunoasc\u0103<\/a><\/h2>\n<div class=\"date-post\"><a href=\"https:\/\/ziaruldevrancea.ro\/autor\/rodica-condurache\">Rodica Condurache<\/a>, 29 iul 2026  <\/div>\n<\/div>\n<div class=\"grup-articol-listing\">\n<div class=\"cont-pils\"><a href=\"https:\/\/ziaruldevrancea.ro\/timp-liber\/calendarul-zilei-de-28-iulie-ziua-in-care-a-inceput-primul-razboi-mondial.-evenimente-care-au-schimbat-lumea-personalitati-marcante-nascute-in-aceasta-zi-si-figuri-importante-care-au-ramas-in-istorie\"><img decoding=\"async\" src=\"https:\/\/zdvi.cname.ro\/180_135\/timp-liber\/calendarul-zilei-de-28-iulie-ziua-in-care-a-inceput-primul-razboi-mondial.-evenimente-care-au-schimbat-lumea-personalitati-marcante-nascute-in-aceasta-zi-si-figuri-importante-care-au-ramas-in-istorie\/mediaPool\/udFETKi.jpg\" class=\"img-responsive img-180\" alt><\/a><\/div>\n<h2><a class=\"link-titlu\" href=\"https:\/\/ziaruldevrancea.ro\/timp-liber\/calendarul-zilei-de-28-iulie-ziua-in-care-a-inceput-primul-razboi-mondial.-evenimente-care-au-schimbat-lumea-personalitati-marcante-nascute-in-aceasta-zi-si-figuri-importante-care-au-ramas-in-istorie\">Calendarul zilei de 28 iulie: Ziua \u00een care a \u00eenceput Primul R\u0103zboi Mondial. Evenimente care au schimbat lumea, personalit\u0103\u021bi marcante n\u0103scute \u00een aceast\u0103 zi \u0219i figuri importante care au r\u0103mas \u00een istorie<\/a><\/h2>\n<div class=\"date-post\"><a href=\"https:\/\/ziaruldevrancea.ro\/autor\/rodica-condurache\">Rodica Condurache<\/a>, 28 iul 2026  <\/div>\n<\/div>\n<\/div>\n<\/div>\n<div class=\"col-lg-6 bloc-egal\">\n<div class=\"card articol-listing\">\n<h6>De acela\u0219i <a href=\"https:\/\/ziaruldevrancea.ro\/autor\/rodica-condurache\/\">autor<\/a><\/h6>\n<div class=\"grup-articol-listing\">\n<div class=\"cont-pils\"><a href=\"https:\/\/ziaruldevrancea.ro\/actualitatea\/stiri-locale\/prima-pagina-a-editiei-tiparite-a-ziarului-de-vrancea-de-astazi-29-iulie-2026-investitii-oameni-sanatate-si-memoria-comunitatii\"><img decoding=\"async\" src=\"https:\/\/zdvi.cname.ro\/180_135\/actualitatea\/stiri-locale\/prima-pagina-a-editiei-tiparite-a-ziarului-de-vrancea-de-astazi-29-iulie-2026-investitii-oameni-sanatate-si-memoria-comunitatii\/mediaPool\/u86V8F8.jpg\" class=\"img-responsive img-180\" alt><\/a><\/div>\n<h2><a class=\"link-titlu\" href=\"https:\/\/ziaruldevrancea.ro\/actualitatea\/stiri-locale\/prima-pagina-a-editiei-tiparite-a-ziarului-de-vrancea-de-astazi-29-iulie-2026-investitii-oameni-sanatate-si-memoria-comunitatii\">Prima pagin\u0103 a edi\u021biei tip\u0103rite a Ziarului de Vrancea de ast\u0103zi, 29 iulie 2026: investi\u021bii, oameni, s\u0103n\u0103tate \u0219i memoria comunit\u0103\u021bii<\/a><\/h2>\n<div class=\"date-post\"><a href=\"https:\/\/ziaruldevrancea.ro\/autor\/rodica-condurache\">Rodica Condurache<\/a>, 29 iul 2026  <\/div>\n<\/div>\n<div class=\"grup-articol-listing\">\n<div class=\"cont-pils\"><a href=\"https:\/\/ziaruldevrancea.ro\/special\/educatie\/astazi-despre-fondatorul-unor-ramuri-noi-ale-chimiei-academicianul-costin-d.-nenitescu\"><img decoding=\"async\" src=\"https:\/\/zdvi.cname.ro\/180_135\/special\/educatie\/astazi-despre-fondatorul-unor-ramuri-noi-ale-chimiei-academicianul-costin-d.-nenitescu\/mediaPool\/uRJvAjd.jpg\" class=\"img-responsive img-180\" alt><\/a><\/div>\n<h2><a class=\"link-titlu\" href=\"https:\/\/ziaruldevrancea.ro\/special\/educatie\/astazi-despre-fondatorul-unor-ramuri-noi-ale-chimiei-academicianul-costin-d.-nenitescu\">Ast\u0103zi despre fondatorul unor ramuri noi ale chimiei: Academicianul Costin D. Neni\u021bescu. La 26 de ani a publicat prima edi\u021bie din cele dou\u0103 tratate \u201eChimie organic\u0103\u201d \u0219i \u201eChimie general\u0103\u201d dup\u0103 care peste 40 de genera\u021bii au \u00eenv\u0103\u021bat \u0219i \u00eenc\u0103 \u00eenva\u021b\u0103 <\/a><\/h2>\n<div class=\"date-post\"><a href=\"https:\/\/ziaruldevrancea.ro\/autor\/rodica-condurache\">Rodica Condurache<\/a>, 29 iul 2026  <\/div>\n<\/div>\n<div class=\"grup-articol-listing\">\n<div class=\"cont-pils\"><a href=\"https:\/\/ziaruldevrancea.ro\/special\/economic\/mozaic-Stiri-economice-termenul-de-achizitie-a-locuintelor-cu-tva-redus-a-fost-prelungit\"><img decoding=\"async\" src=\"https:\/\/zdvi.cname.ro\/180_135\/special\/economic\/mozaic-Stiri-economice-termenul-de-achizitie-a-locuintelor-cu-tva-redus-a-fost-prelungit\/mediaPool\/uFd4xKk.jpg\" class=\"img-responsive img-180\" alt><\/a><\/div>\n<h2><a class=\"link-titlu\" href=\"https:\/\/ziaruldevrancea.ro\/special\/economic\/mozaic-Stiri-economice-termenul-de-achizitie-a-locuintelor-cu-tva-redus-a-fost-prelungit\">MOZAIC \u0218TIRI ECONOMICE: Termenul de achizi\u021bie a locuin\u021belor cu TVA redus a fost prelungit <\/a><\/h2>\n<div class=\"date-post\"><a href=\"https:\/\/ziaruldevrancea.ro\/autor\/rodica-condurache\">Rodica Condurache<\/a>, 28 iul 2026  <\/div>\n<\/div>\n<\/div>\n<\/div>\n<\/div>\n<\/div>\n<div class=\"extra-articol listing-anunturi\">\n<h6>Anun\u021buri <span class=\"text-primary\">ZdV<\/span> Premium<\/h6>\n<div class=\"row\">\n<div class=\"col-lg-4 col-md-6 bloc-egal\"><a class=\"card-anunt\" href=\"https:\/\/ziaruldevrancea.ro\/anunturi\/imobiliare\/vanzari-case\/vand-casa-si-teren-in-panciu-anunt-72818\"><strong class=\"titlu\">V\u00e2nz\u0103ri case<\/strong><span class=\"text-anunt\">V\u00e2nd cas\u0103 cu 2 camere, buc\u0103t\u0103rie, baie,&#8230;<\/span><span class=\"data-anunt\">23.07.2026  <\/span><\/a><\/div>\n<div class=\"col-lg-4 col-md-6 bloc-egal\"><a class=\"card-anunt\" href=\"https:\/\/ziaruldevrancea.ro\/anunturi\/angajari\/cereri-angajari\/doresc-angajare-anunt-72815\"><strong class=\"titlu\">Cereri<\/strong><span class=\"text-anunt\">Doresc s\u0103 am grij\u0103 de un copil de gradini\u021b\u0103&#8230;<\/span><span class=\"data-anunt\">21.07.2026  <\/span><\/a><\/div>\n<div class=\"col-lg-4 col-md-6 bloc-egal\"><a class=\"card-anunt\" href=\"https:\/\/ziaruldevrancea.ro\/anunturi\/inchirieri\/locuinte-oferte\/primesc-in-gazda-anunt-72816\"><strong class=\"titlu\">Locuin\u021be oferte<\/strong><span class=\"text-anunt\">\u00a0Primesc \u00een gazd\u0103 la cas\u0103.<\/p>\n<p>Tel&#8230;.<\/span><span class=\"data-anunt\">21.07.2026  <\/span><\/a><\/div>\n<\/div>\n<\/div>\n<div class=\"bloc-widget widget-albastru\">\n    Ziarul de Vrancea \u00a0nu este responsabil juridic pentru con\u0163inutul textelor din comentariile de mai jos. Responsabilitatea pentru mesajele dumneavoastra v\u0103 revine \u00een exclusivitate.\n<\/div>\n<div class=\"comentarii-articol\" id=\"comentarii\">\n<h3>Comentarii: <span class=\"text-primary\">0<\/span><\/h3>\n<p><a href=\"https:\/\/ziaruldevrancea.ro\/timp-liber\/calendarul-zilei---27-iulie-70-de-ani-de-cand-romania-a-devenit-membra-unesco.-evenimente-istorice-personalitati-si-momente-memorabile\" class=\"btn btn-success btn-adauga-com\" data-toggle=\"modal\" data-parent=\"0\" data-target=\"#commentModal\">Adaug\u0103 comentariu<\/a><\/p>\n<div class=\"loadMask comments-mask\"><img decoding=\"async\" src=\"https:\/\/zdvs.cname.ro\/images\/loader_40.gif\"><\/div>\n<div class=\"comenteaza-jos\">Trebuie s\u0103 fii <a href=\"https:\/\/ziaruldevrancea.ro\/account\">autentificat<\/a> pentru a putea <a href=\"https:\/\/ziaruldevrancea.ro\/timp-liber\/calendarul-zilei---27-iulie-70-de-ani-de-cand-romania-a-devenit-membra-unesco.-evenimente-istorice-personalitati-si-momente-memorabile\" class data-toggle=\"modal\" data-parent=\"0\" data-target=\"#commentModal\">posta un comentariu<\/a>.<\/div>\n<\/div>\n<div class=\"modal fade\" id=\"commentModal\" role=\"dialog\" aria-labelledby=\"commentModalLabel\">\n<div class=\"modal-dialog modal-lg\" role=\"document\">\n<div class=\"modal-content\">\n<div class=\"modal-header\">\n<h3 class=\"modal-title\" id=\"commentModalLabel\">Comenteaz\u0103<\/h3>\n<\/div>\n<div class=\"modal-body\">\n<div class=\"tabel tabel-full\">\n<div class=\"celula\">\n              Trebuie s\u0103 fii <a href=\"https:\/\/ziaruldevrancea.ro\/account\">autentificat<\/a> pentru a putea posta un comentariu.\n            <\/div>\n<\/div>\n<\/div>\n<div class=\"modal-footer\">\n<div id=\"commentPending\" class=\"formPending pull-left\"><img decoding=\"async\" src=\"https:\/\/zdvs.cname.ro\/images\/loader_40.gif\"> In curs de procesare&#8230;<\/div>\n<p><a href=\"https:\/\/ziaruldevrancea.ro\/timp-liber\/calendarul-zilei---27-iulie-70-de-ani-de-cand-romania-a-devenit-membra-unesco.-evenimente-istorice-personalitati-si-momente-memorabile\" class=\"btn btn-default\" data-dismiss=\"modal\">Anuleaz\u0103<\/a><\/div>\n<\/div>\n<\/div>\n<\/div>\n<div class=\"modal fade\" id=\"commentReportModal\" role=\"dialog\" aria-labelledby=\"commentReportModalLabel\">\n<div class=\"modal-dialog modal-lg\" role=\"document\">\n<div class=\"modal-content\">\n<div class=\"modal-header\">\n<h3 class=\"modal-title\" id=\"commentReportModalLabel\">Raporteaza comentariu<\/h3>\n<\/div>\n<div class=\"modal-body\">\n<div class=\"tabel tabel-full\">\n<div class=\"celula\">\n              Trebuie s\u0103 fii <a href=\"https:\/\/ziaruldevrancea.ro\/account\">autentificat<\/a> pentru a putea raporta un comentariu.\n            <\/div>\n<\/div>\n<\/div>\n<div class=\"modal-footer\">\n<div id=\"commentReportPending\" class=\"formPending pull-left\"><img decoding=\"async\" src=\"https:\/\/zdvs.cname.ro\/images\/loader_40.gif\"> In curs de procesare&#8230;<\/div>\n<p><a href=\"https:\/\/ziaruldevrancea.ro\/timp-liber\/calendarul-zilei---27-iulie-70-de-ani-de-cand-romania-a-devenit-membra-unesco.-evenimente-istorice-personalitati-si-momente-memorabile\" class=\"btn btn-default\" data-dismiss=\"modal\">Anuleaz\u0103<\/a><\/div>\n<\/div>\n<\/div>\n<\/div>\n<div class=\"modal fade\" id=\"commentLikeModal\" role=\"dialog\" aria-labelledby=\"commentLikeModalLabel\">\n<div class=\"modal-dialog modal-lg\" role=\"document\">\n<div class=\"modal-content\">\n<div class=\"modal-header\">\n<h3 class=\"modal-title\" id=\"commentReportModalLabel\">Apreciaza comentariu<\/h3>\n<\/div>\n<div class=\"modal-body\">\n<div class=\"tabel tabel-full\">\n<div class=\"celula\">\n            Trebuie s\u0103 fii <a href=\"https:\/\/ziaruldevrancea.ro\/account\">autentificat<\/a> pentru a putea aprecia un comentariu.\n          <\/div>\n<\/div>\n<\/div>\n<div class=\"modal-footer\"><a href=\"https:\/\/ziaruldevrancea.ro\/timp-liber\/calendarul-zilei---27-iulie-70-de-ani-de-cand-romania-a-devenit-membra-unesco.-evenimente-istorice-personalitati-si-momente-memorabile\" class=\"btn btn-default\" data-dismiss=\"modal\">Anuleaz\u0103<\/a><\/div>\n<\/div>\n<\/div>\n<\/div>\n<div class=\"bloc-widget widget-rosu\"><span><small>Ziarul de Vrancea doreste ca acest site sa fie un spatiu al discutiilor civilizate, al comentariilor de bun simt. Din acest motiv, cei care posteaza comentarii la articole trebuie sa respecte urmatoarele reguli:<br \/>\n1. Sa se refere doar la articolul la care posteaza comentarii.<br \/>\n2. Sa foloseasca un limbaj civilizat, fara injurii, calomnii, comentarii antisemite, xenofobe sau rasiste.<br \/>\n3. Sunt interzise atacurile la adresa autorilor, daca acestea nu au legatura cu textul.<br \/>\n4. Username-ul sa nu fie nume de personalitati ale vietii publice sau parodieri ale acestora.<br \/>\nAutorul unui articol poate fi criticat pentru eventuale greseli, incoerenta, lipsa de documentare etc.<br \/>\nNerespectarea regulilor mentionate mai sus va duce la stergerea comentariilor, fara avertisment si fara explicatii.<br \/>\nAbaterile repetate vor avea drept consecinta interdictia accesului la aceasta facilitate a site-ului.<\/small><\/span><\/div>\n<\/div>\n<p>[analyse_source url=&#8221;https:\/\/ziaruldevrancea.ro\/timp-liber\/calendarul-zilei&#8212;27-iulie-70-de-ani-de-cand-romania-a-devenit-membra-unesco.-evenimente-istorice-personalitati-si-momente-memorabile&#8221;]<\/p>\n","protected":false},"excerpt":{"rendered":"<p>[analyse_image type=&#8221;featured&#8221; src=&#8221;https:\/\/zdvi.cname.ro\/_\/calendarul-zilei&#8212;27-iulie-70-de-ani-de-cand-romania-a-devenit-membra-unesco.-evenimente-istorice-personalitati-si-momente-memorabile\/mediaPool\/uaaq3UA.jpg&#8221;] Timp Liber Calendarul zilei de 27 iulie: 70 de ani de c\u00e2nd Rom\u00e2nia a devenit membr\u0103 UNESCO. Evenimente istorice, personalit\u0103\u021bi \u0219i momente memorabile Distribuie: \u00a0 | Rodica Condurache 27 iul 2026405 vizualiz\u0103ri De la contribu\u021bia Rom\u00e2niei la dezvoltarea comunica\u021biilor \u0219i aderarea la UNESCO p\u00e2n\u0103 la \u00eenceputul Revolu\u021biei din 1830, afacerea Watergate \u0219i [&hellip;]<\/p>\n","protected":false},"author":1,"featured_media":0,"comment_status":"open","ping_status":"","sticky":false,"template":"","format":"standard","meta":{"footnotes":""},"categories":[89],"tags":[226,208],"class_list":["post-2067718","post","type-post","status-publish","format-standard","hentry","category-romania","tag-crawlmanager","tag-ziaruldevrancea-ro"],"_links":{"self":[{"href":"https:\/\/analyse.optim.biz\/index.php?rest_route=\/wp\/v2\/posts\/2067718","targetHints":{"allow":["GET"]}}],"collection":[{"href":"https:\/\/analyse.optim.biz\/index.php?rest_route=\/wp\/v2\/posts"}],"about":[{"href":"https:\/\/analyse.optim.biz\/index.php?rest_route=\/wp\/v2\/types\/post"}],"author":[{"embeddable":true,"href":"https:\/\/analyse.optim.biz\/index.php?rest_route=\/wp\/v2\/users\/1"}],"replies":[{"embeddable":true,"href":"https:\/\/analyse.optim.biz\/index.php?rest_route=%2Fwp%2Fv2%2Fcomments&post=2067718"}],"version-history":[{"count":0,"href":"https:\/\/analyse.optim.biz\/index.php?rest_route=\/wp\/v2\/posts\/2067718\/revisions"}],"wp:attachment":[{"href":"https:\/\/analyse.optim.biz\/index.php?rest_route=%2Fwp%2Fv2%2Fmedia&parent=2067718"}],"wp:term":[{"taxonomy":"category","embeddable":true,"href":"https:\/\/analyse.optim.biz\/index.php?rest_route=%2Fwp%2Fv2%2Fcategories&post=2067718"},{"taxonomy":"post_tag","embeddable":true,"href":"https:\/\/analyse.optim.biz\/index.php?rest_route=%2Fwp%2Fv2%2Ftags&post=2067718"}],"curies":[{"name":"wp","href":"https:\/\/api.w.org\/{rel}","templated":true}]}}