{"id":2067717,"date":"2026-07-26T00:00:00","date_gmt":"2026-07-25T21:00:00","guid":{"rendered":"https:\/\/analyse.optim.biz\/?p=2067717"},"modified":"2026-07-26T00:00:00","modified_gmt":"2026-07-25T21:00:00","slug":"astazi-despre-scarlat-demetrescu-unul-din-cei-mai-mari-spiritualisti-romani-si-legatura-lui-cu-focsaniul-a-scris-despre-viata-de-dincolo-misterele-universului-si-fenomene-pe-care-stiinta-inca-inc","status":"publish","type":"post","link":"https:\/\/analyse.optim.biz\/?p=2067717","title":{"rendered":"Ast\u0103zi despre: Scarlat Demetrescu &#8211; unul din cei mai mari spirituali\u0219ti rom\u00e2ni \u0219i leg\u0103tura lui cu Foc\u0219aniul. A scris despre via\u021ba de dincolo, misterele Universului \u0219i fenomene pe care \u0219tiin\u021ba \u00eenc\u0103 \u00eencearc\u0103 s\u0103 le explice"},"content":{"rendered":"<p>[analyse_image type=&#8221;featured&#8221; src=&#8221;https:\/\/zdvi.cname.ro\/_\/astazi-despre-scarlat-demetrescu&#8212;unul-din-cei-mai-mari-spiritualisti-romani\/mediaPool\/uMVoGBB.jpg&#8221;]<\/p>\n<div class=\"main-content detaliu-articol\"><a class=\"titlu-cat-list\" href=\"https:\/\/ziaruldevrancea.ro\/timp-liber\">Timp Liber<\/a><\/p>\n<h1>Ast\u0103zi despre: Scarlat Demetrescu &#8211; unul din cei mai mari spirituali\u0219ti rom\u00e2ni \u0219i leg\u0103tura lui cu Foc\u0219aniul. A scris despre via\u021ba de dincolo, misterele Universului \u0219i fenomene pe care \u0219tiin\u021ba \u00eenc\u0103 \u00eencearc\u0103 s\u0103 le explice<\/h1>\n<div class=\"date-articol clearfix\">\n<div class=\"distribuie-articol dropdown\">\n    Distribuie: \u00a0<br \/>\n    <em>|<\/em><\/div>\n<div class=\"autor-articol\"><a href=\"https:\/\/ziaruldevrancea.ro\/autor\/ziarul-de-vrancea\/\"><img decoding=\"async\" class=\"img-circle\" src=\"https:\/\/zdvi.cname.ro\/50_50\/articleAuthor\/ziarul-de-vrancea\/articleAuthor\/uMPfPxc.jpg\" alt><\/a><\/p>\n<h5><a href=\"https:\/\/ziaruldevrancea.ro\/autor\/ziarul-de-vrancea\/\">Ziarul de Vrancea<\/a><\/h5>\n<div class=\"grup-spatiere\"><span class=\"cu-spatiere\">26 iul 2026<\/span><span class=\"cu-spatiere\">17762 vizualiz\u0103ri<\/span><\/div>\n<\/div>\n<\/div>\n<div class=\"poza-mare\">\n<div class=\"poza-mare galerie-detaliu\">\n<div id=\"carousel-poza-mare\" class=\"carousel slide carusel-poza\" data-ride=\"carousel\" data-interval=\"0\">\n<div class=\"carousel-inner\" role=\"listbox\">\n<div class=\"item imagine-carusel active\"><a href class=\"openGallery\"><img decoding=\"async\" class=\"img-responsive\" src=\"https:\/\/zdvi.cname.ro\/850_530\/astazi-despre-scarlat-demetrescu---unul-din-cei-mai-mari-spiritualisti-romani\/article\/mediaPool\/uMVoGBB.jpg\" alt><\/a><\/div>\n<div class=\"item imagine-carusel \"><a href class=\"openGallery\"><img decoding=\"async\" class=\"img-responsive\" src=\"https:\/\/zdvi.cname.ro\/850_530\/astazi-despre-scarlat-demetrescu---unul-din-cei-mai-mari-spiritualisti-romani\/article\/mediaPool\/uAs0i8P.jpg\" alt><\/a><\/div>\n<div class=\"item imagine-carusel \"><a href class=\"openGallery\"><img decoding=\"async\" class=\"img-responsive\" src=\"https:\/\/zdvi.cname.ro\/850_530\/astazi-despre-scarlat-demetrescu---unul-din-cei-mai-mari-spiritualisti-romani\/article\/mediaPool\/uNYLESl.jpg\" alt><\/a><\/div>\n<div class=\"item imagine-carusel \"><a href class=\"openGallery\"><img decoding=\"async\" class=\"img-responsive\" src=\"https:\/\/zdvi.cname.ro\/850_530\/astazi-despre-scarlat-demetrescu---unul-din-cei-mai-mari-spiritualisti-romani\/article\/mediaPool\/uA21LdM.JPG\" alt><\/a><\/div>\n<\/div>\n<\/div>\n<div id=\"carousel-poze-mici\" class=\"carousel slide carusel-mici\" data-ride=\"carousel\" data-interval=\"0\">\n<div class=\"carousel-inner\" role=\"listbox\">\n<div class=\"item active\">\n<ul class=\"navigare-carusel-imagini\">\n<li data-target=\"#carousel-poza-mare\" data-slide-to=\"0\"><img decoding=\"async\" class=\"img-responsive\" src=\"https:\/\/zdvi.cname.ro\/_90\/astazi-despre-scarlat-demetrescu---unul-din-cei-mai-mari-spiritualisti-romani\/article\/mediaPool\/uMVoGBB.jpg\" alt><\/li>\n<li data-target=\"#carousel-poza-mare\" data-slide-to=\"1\"><img decoding=\"async\" class=\"img-responsive\" src=\"https:\/\/zdvi.cname.ro\/_90\/astazi-despre-scarlat-demetrescu---unul-din-cei-mai-mari-spiritualisti-romani\/article\/mediaPool\/uAs0i8P.jpg\" alt><\/li>\n<li data-target=\"#carousel-poza-mare\" data-slide-to=\"2\"><img decoding=\"async\" class=\"img-responsive\" src=\"https:\/\/zdvi.cname.ro\/_90\/astazi-despre-scarlat-demetrescu---unul-din-cei-mai-mari-spiritualisti-romani\/article\/mediaPool\/uNYLESl.jpg\" alt><\/li>\n<li data-target=\"#carousel-poza-mare\" data-slide-to=\"3\"><img decoding=\"async\" class=\"img-responsive\" src=\"https:\/\/zdvi.cname.ro\/_90\/astazi-despre-scarlat-demetrescu---unul-din-cei-mai-mari-spiritualisti-romani\/article\/mediaPool\/uA21LdM.JPG\" alt><\/li>\n<\/ul>\n<\/div>\n<\/div>\n<\/div>\n<\/div>\n<\/div>\n<p><strong>Scarlat Demetrescu (n. 26 iulie 1872, Bucure\u0219ti, Rom\u00e2nia \u2013 d. 11 octombrie 1945, Bucure\u0219ti, Rom\u00e2nia) a fost un profesor de \u0219tiin\u021be naturale \u0219i geografie la Liceele Sf. Sava \u0219i Gheorghe Laz\u0103r. Simultan cu o intens\u0103 activitate de profesor \u0219i publicist, este subdirector la Senat, geolog la Institutul Geografic al Rom\u00e2niei \u0219i conduce revista spiritist\u0103 \u201eB. P. Ha\u0219deu\u201d. Pe l\u00e2ng\u0103 numeroasele manuale de botanic\u0103 \u0219i zoologie ap\u0103rute \u00eentre 1913 \u0219i 1929, public\u0103 urm\u0103toarele lucr\u0103ri : &#8220;Via\u021ba dincolo de morm\u00e2nt&#8221; (1928); &#8220;Gre\u0219eli din alte vie\u021bi&#8221; (1932); &#8220;Cercet\u0103ri \u00een domeniul metapsihic \u0219i spiritist&#8221; (1933); &#8220;Din tainele vie\u021bii \u0219i ale universului&#8221; (1939). Conferen\u021biaz\u0103 \u00een cadrul Societ\u0103\u021bii spiritiste &#8220;B. P. Ha\u0219deu&#8221;.<\/strong><\/p>\n<p><strong>Scarlat Demetrescu a fost un scriitor rom\u00e2n care a fost preocupat de<br \/>\nlumea spiritualit\u0103\u021bii. Unii spun c\u0103 el ar fi trimis mesaje dincolo de<br \/>\nmorm\u00e2nt, dup\u0103 moartea sa. Citat din cartea <em>\u201eDin tainele Vietii si ale Universului\u201d<\/em>, ap\u0103rut\u0103 in anul 2000:<\/strong><\/p>\n<p><strong>\u201eMateria prim\u0103 cu care se incepe orice crea\u021bie este asa de fin\u0103, \u00eenc\u00eet chiar noi, duhurile, care vedem fluidele din jurul nostru, de aici din jurul P\u0103m\u00e2ntului, nu o vedem \u0219i nu o sim\u021bim. Se petrec \u0219i \u00een jurul nostru fenomene a caror cauz\u0103 nu o \u0219tim. De ele afl\u0103m mai apoi c\u0103 au fost produse din materia supereteric\u0103 sau din ultrafluidul pe care nu-l putem vedea. \u00eei cunoa\u0219tem efectele, dar nu-i cunoa\u0219tem modalitatile de ac\u021bionare, deci cauzele care dau na\u0219tere la aceste fenomene. De\u0219i nu vedem aceasta materie, nu putem zice ca voi, c\u0103 nu exist\u0103. Cum s\u0103 nu existe, c\u00e2nd vedem efectele ei?\u2026 \u201eNimic\u201d al vostru nu exist\u0103 la noi. Cuv\u00e2ntul acesta este p\u0103m\u00e2ntean, sau cel mult al duhurilor inferioare. Nimic absolut nu exist\u0103 nic\u00e2ieri \u00een Univers \u0219i \u00een infinit. Pretutindeni este ceva\u2026 La r\u00e2ndul lui, omul cult, fiindc\u0103 nu ne poate vedea, spune c\u0103 noi nu exist\u0103m. \u0218i cu toate acestea, noi exist\u0103m, cuget\u0103m \u0219i v\u0103 influen\u021b\u0103m prin prezen\u021ba \u0219i g\u00e2ndirea noastr\u00e2.\u00a0Ce fericit e omul care poate s\u0103 aud\u0103 glasul nostru! Ce fericiti sunt acei care ne v\u0103d c\u0103 avem o form\u0103, o micu\u021b\u0103 sfer\u0103 g\u00e2nditoare, \u0219i c\u00e2t de deplin convin\u0219i sunt atunci c\u00e2nd ne v\u0103d c\u0103 lu\u0103m o form\u0103 analog\u0103 corpului carnal pe care l-am avut odat\u0103!<\/strong><\/p>\n<p><img decoding=\"async\" alt src=\"https:\/\/zdvi.cname.ro\/_\/mediaPool-file\/mediaPool\/uObzCtR.jpg\"><\/p>\n<p><\/p>\n<p>Personalitate enigmatic\u0103, cu preocup\u0103ri \u0219tiin\u021bifice \u0219i spirituale profunde, aproape necunoscut contemporanilor, Scarlat Demetrescu este unul din cei mai mari ezoteri\u0219ti rom\u00e2ni ai secolului XIX, maestru spiritual des\u0103v\u00e2r\u0219it, ce a dezv\u0103luit \u0219tiin\u021ba spiritual\u0103 \u00eentr-un limbaj accesibil, atr\u0103g\u0103tor \u0219i fascinant.<\/p>\n<p>Spre final de secol XIX, \u0219i \u00een Rom\u00e2nia, ca \u00een mare parte din Europa, era consemnat\u0103 na\u0219terea unei noi \u0219tiin\u021be \u2013 sau a\u0219a cum o nume\u0219te Scarlat Demetrescu (urm\u00e2nd studiile lui B.P. Ha\u0219deu), credin\u021b\u0103-\u0219tiin\u021b\u0103 \u2013 spiritismul. Fondatorul si precursorul mi\u0219c\u0103rii spiritiste in Romania este academicianul Bogdan Petriceicu Ha\u0219deu (1834-1907).<\/p>\n<p>Spiritismul \u0219tiin\u021bific, aceast\u0103 nou\u0103 \u0219tiin\u021b\u0103 despre care Valeriu Popa afirma c\u0103 va lumina lumea sus\u021bine c\u0103 lumea grosier\u0103, material\u0103, este doar o parte minuscul\u0103 din realitatea cosmic\u0103. Lumea material\u0103 este \u00eenvelit\u0103 de lumea eteric\u0103 sau astral\u0103, care poate fi perceput\u0103 doar cu sim\u021buri hiperfizice, dezvoltate ca urmare a purific\u0103rii corpului fizic \u0219i a unei practici spirituale corect ghidate, viz\u00e2nd apropierea de Creator.<\/p>\n<p>\u00cen lucr\u0103rile sale, Scarlat Demetrescu \u00eenva\u021b\u0103 cum, \u00een existen\u021ba lui ve\u0219nic\u0103, omul tr\u0103ie\u0219te \u00een acest circuit care \u00eencepe \u00een planul fizic, apoi \u00een cel astral, dup\u0103 care va trece \u00een planul superior \u2013 mental, pentru a reveni din nou pe p\u0103m\u00e2nt sau alt\u0103 planet\u0103, timp de mii \u0219i mii de ani, pentru a \u00eenv\u0103\u021ba \u0219i evolua spiritual. P\u0103m\u00e2ntul este una din \u0219colile unde spiritele sunt trimise pentru a \u00eenv\u0103\u021ba lec\u021biile divine \u2013 \u00een fapt, pentru a practica (\u00een trup \u2013 \u00eentrupate) ceea ce \u00eenva\u021b\u0103 (ca spirit) \u00een planurile superioare ale crea\u021biei.<\/p>\n<p>Un studiu remarcabil cu privire la lumile invizibile, corpurile fizic, astral \u0219i mental, moarte, judecat\u0103, re\u00eentrupare, via\u021ba duhului \u0219i o bog\u0103\u021bie de subiecte cu un \u00eenalt caracter spiritual au fost expuse \u00een operele sale, mai cu seam\u0103 \u00een lucrarea \u00een trei p\u0103r\u021bi, \u201eDin tainele vie\u0163ii \u015fi ale universului\u201d.<\/p>\n<p><a href=\"https:\/\/www.yogasat.ro\/inginerul-valeriu-popa-misticul-roman-cu-puteri-tamaduitoare\" target=\"_blank\">Valeriu Popa<\/a>, misticul rom\u00e2n ce a promovat cunoa\u0219terea \u0219i tr\u0103irea Legilor Divine \u00een vederea \u00eendeplinirii programului de via\u021b\u0103 \u0219i a evolu\u021biei spirituale, cita adesea din Scarlat Demetrescu \u0219i \u00eei \u00eendemna pe cei care c\u0103utau t\u0103m\u0103duirea s\u0103 studieze opera acestuia \u00eenainte de a veni la el s\u0103 \u00eenceap\u0103 lucrarea de vindecare. La v\u00e2rsta de 23 de ani, Valeriu Popa a aflat de lucrarea \u201eDin tainele vie\u021bii si ale Universului\u201c, \u00een care sunt relatate multe r\u0103spunsuri pe care oamenii de \u0219tiin\u021b\u0103 le-au c\u0103utat din totdeauna. Inginer de profesie, acesta a studiat explica\u021biile oferite de Scarlat Demetrescu cu mintea omului de \u0219tiin\u021b\u0103, plec\u00e2nd de la faptul c\u0103 la baza fiec\u0103rui efect exist\u0103 o cauz\u0103, iar nimic nu este \u00eent\u00e2mpl\u0103tor.Scarlat Demetrescu (n. 26 iulie 1872, Bucure\u0219ti, Rom\u00e2nia \u2013 d. 11 octombrie 1945, Bucure\u0219ti, Rom\u00e2nia) a fost un profesor de \u0219tiin\u021be naturale \u0219i geografie la Liceele Sf. Sava \u0219i Gheorghe Laz\u0103r. Simultan cu o intens\u0103 activitate de profesor \u0219i publicist, este subdirector la Senat, geolog la Institutul Geografic al Rom\u00e2niei \u0219i conduce revista spiritist\u0103 \u201eB. P. Ha\u0219deu\u201d. Pe l\u00e2ng\u0103 numeroasele manuale de botanic\u0103 \u0219i zoologie ap\u0103rute \u00eentre 1913 \u0219i 1929, public\u0103 urm\u0103toarele lucr\u0103ri : &#8220;Via\u021ba dincolo de morm\u00e2nt&#8221; (1928); &#8220;Gre\u0219eli din alte vie\u021bi&#8221; (1932); &#8220;Cercet\u0103ri \u00een domeniul metapsihic \u0219i spiritist&#8221; (1933); &#8220;Din tainele vie\u021bii \u0219i ale universului&#8221; (1939). Conferen\u021biaz\u0103 \u00een cadrul Societ\u0103\u021bii spiritiste &#8220;B. P. Ha\u0219deu&#8221;.<\/p>\n<p>C\u0103r\u021bi publicate<\/p>\n<p>Printre numeroasele manuale de \u0219tiin\u021be naturale publicate de el \u00eentre 1913 \u0219i 1929 se afl\u0103 \u0219i urm\u0103toarele c\u0103r\u021bi de factur\u0103 spiritist\u0103 &#8211; fiind medium:<\/p>\n<p>\u00a0\u00a0\u00a0 Via\u021ba dincolo de morm\u00e2nt (1928).<\/p>\n<p>\u00a0\u00a0\u00a0 Gre\u0219eli din alte vie\u021bi (1932).<\/p>\n<p>\u00a0\u00a0\u00a0 Cercet\u0103ri \u00een domeniul metapsihic \u0219i spiritist (1933).<\/p>\n<p>\u00a0\u00a0\u00a0 Din tainele vie\u021bii \u0219i ale universului (1939).<\/p>\n<p>\u00a0<\/p>\n<p>\u00a0<\/p>\n<p>De la Wikipedia, enciclopedia liber\u0103<\/p>\n<p>\u00a0Citi\u021bi \u0219i:\u00a0<\/p>\n<p><a href=\"https:\/\/www.ziaruldevrancea.ro\/actualitatea\/stiri-locale\/tragedia-care-a-devastat-focsaniul-in-anul-scufundarii-titanicului\" target=\"_blank\">Tragedia care a devastat Foc\u0219aniul, \u00een anul scufund\u0103rii Titanicului. Drama cutremur\u0103toare a familiei ofi\u021berului Grigoratu<\/a><\/p>\n<p><a href=\"https:\/\/www.yogasat.ro\/scarlat-demetrescu-marele-ezoterist-roman-initiat-tainele-universului\" target=\"_blank\">Scarlat Demetrescu \u2013 marele ezoterist rom\u00e2n ini\u021biat \u00een tainele Universului<\/a><\/p>\n<p>\u00a0<\/p>\n<p>\u00a0<\/p>\n<p>\u00a0<\/p>\n<p>\u00a0<\/p>\n<p>\u00a0<\/p>\n<p>\u00a0<\/p>\n<p>\u00a0<\/p>\n<p>\u00a0<\/p>\n<p>\u00a0<\/p>\n<p>\u00a0<\/p>\n<p>\u00a0<\/p>\n<p>\u00a0<\/p>\n<p>\u00a0<\/p>\n<p>\u00a0<\/p>\n<p>\u00a0<\/p>\n<p>\u00a0<\/p>\n<p>\u00a0<\/p>\n<hr>\n<div class=\"bloc-widget widget-rosu\">\n<p>\u00cen lipsa unui acord scris din partea Ziarului de Vrancea, pute\u0163i prelua maxim 500 de caractere din acest articol dac\u0103 preciza\u0163i sursa \u015fi insera\u0163i vizibil link-ul articolului:\u00a0<span>#insertcurrentlinkhere<\/span><\/p>\n<\/div>\n<div class=\"extra-articol listing-anunturi\">\n<h6>Anun\u021buri <span class=\"text-primary\">ZdV<\/span> Premium<\/h6>\n<div class=\"row\">\n<div class=\"col-lg-4 col-md-6 bloc-egal\"><a class=\"card-anunt\" href=\"https:\/\/ziaruldevrancea.ro\/anunturi\/imobiliare\/vanzari-terenuri\/vand-teren-in-panciu\"><strong class=\"titlu\">V\u00e2nz\u0103ri terenuri<\/strong><span class=\"text-anunt\">Teren Panciu 1170 mp, cu num\u0103r cas\u0103, ap\u0103&#8230;<\/span><span class=\"data-anunt\">29.07.2026  <\/span><\/a><\/div>\n<div class=\"col-lg-4 col-md-6 bloc-egal\"><a class=\"card-anunt\" href=\"https:\/\/ziaruldevrancea.ro\/anunturi\/necrolog\/decese\/drum-lin-catre-ingeri-in-Imparatia-bunului-dumnezeu\"><strong class=\"titlu\">Decese<\/strong><span class=\"text-anunt\">At\u00e2t de fulger\u0103tor&#8230;incredibil!<\/p>\n<p>Tat\u0103l&#8230;<\/span><span class=\"data-anunt\">28.07.2026  <\/span><\/a><\/div>\n<div class=\"col-lg-4 col-md-6 bloc-egal\"><a class=\"card-anunt\" href=\"https:\/\/ziaruldevrancea.ro\/anunturi\/necrolog\/decese\/dumnezeu-sa-o-aseze-in-randul-celor-drepti\"><strong class=\"titlu\">Decese<\/strong><span class=\"text-anunt\">Cu profund\u0103 durere, familia anun\u021b\u0103 trecerea la&#8230;<\/span><span class=\"data-anunt\">28.07.2026  <\/span><\/a><\/div>\n<\/div>\n<\/div>\n<div class=\"extra-articol alte-articole\">\n<div class=\"row\">\n<div class=\"col-lg-6 bloc-egal\">\n<div class=\"card articol-listing\">\n<h6>\u00cen categoria <a href=\"https:\/\/ziaruldevrancea.ro\/timp-liber\">Timp Liber<\/a><\/h6>\n<div class=\"grup-articol-listing\">\n<div class=\"cont-pils\"><a href=\"https:\/\/ziaruldevrancea.ro\/timp-liber\/horoscop-29-iulie-2026\"><img decoding=\"async\" src=\"https:\/\/zdvi.cname.ro\/180_135\/timp-liber\/horoscop-29-iulie-2026\/mediaPool\/uA8enxT.jpg\" class=\"img-responsive img-180\" alt><\/a><\/div>\n<h2><a class=\"link-titlu\" href=\"https:\/\/ziaruldevrancea.ro\/timp-liber\/horoscop-29-iulie-2026\">Horoscop 29 iulie 2026 <\/a><\/h2>\n<div class=\"date-post\"><a href=\"https:\/\/ziaruldevrancea.ro\/autor\/rodica-condurache\">Rodica Condurache<\/a>, 29 iul 2026  <\/div>\n<\/div>\n<div class=\"grup-articol-listing\">\n<div class=\"cont-pils\"><a href=\"https:\/\/ziaruldevrancea.ro\/timp-liber\/calendarul-zilei-de-29-iulie-de-la-primul-desteapta-te-romane-la-prima-medalie-olimpica-de-aur-a-romaniei.-reperele-zilei-pe-care-si-vrancenii-merita-sa-le-cunoasca\"><img decoding=\"async\" src=\"https:\/\/zdvi.cname.ro\/180_135\/timp-liber\/calendarul-zilei-de-29-iulie-de-la-primul-desteapta-te-romane-la-prima-medalie-olimpica-de-aur-a-romaniei.-reperele-zilei-pe-care-si-vrancenii-merita-sa-le-cunoasca\/mediaPool\/uvmQvr7.png\" class=\"img-responsive img-180\" alt><\/a><\/div>\n<h2><a class=\"link-titlu\" href=\"https:\/\/ziaruldevrancea.ro\/timp-liber\/calendarul-zilei-de-29-iulie-de-la-primul-desteapta-te-romane-la-prima-medalie-olimpica-de-aur-a-romaniei.-reperele-zilei-pe-care-si-vrancenii-merita-sa-le-cunoasca\">Calendarul zilei de 29 iulie: de la primul \u201eDe\u0219teapt\u0103-te, rom\u00e2ne\u201d la prima medalie olimpic\u0103 de aur a Rom\u00e2niei. Reperele zilei pe care \u0219i vr\u00e2ncenii merit\u0103 s\u0103 le cunoasc\u0103<\/a><\/h2>\n<div class=\"date-post\"><a href=\"https:\/\/ziaruldevrancea.ro\/autor\/rodica-condurache\">Rodica Condurache<\/a>, 29 iul 2026  <\/div>\n<\/div>\n<div class=\"grup-articol-listing\">\n<div class=\"cont-pils\"><a href=\"https:\/\/ziaruldevrancea.ro\/timp-liber\/calendarul-zilei-de-28-iulie-ziua-in-care-a-inceput-primul-razboi-mondial.-evenimente-care-au-schimbat-lumea-personalitati-marcante-nascute-in-aceasta-zi-si-figuri-importante-care-au-ramas-in-istorie\"><img decoding=\"async\" src=\"https:\/\/zdvi.cname.ro\/180_135\/timp-liber\/calendarul-zilei-de-28-iulie-ziua-in-care-a-inceput-primul-razboi-mondial.-evenimente-care-au-schimbat-lumea-personalitati-marcante-nascute-in-aceasta-zi-si-figuri-importante-care-au-ramas-in-istorie\/mediaPool\/udFETKi.jpg\" class=\"img-responsive img-180\" alt><\/a><\/div>\n<h2><a class=\"link-titlu\" href=\"https:\/\/ziaruldevrancea.ro\/timp-liber\/calendarul-zilei-de-28-iulie-ziua-in-care-a-inceput-primul-razboi-mondial.-evenimente-care-au-schimbat-lumea-personalitati-marcante-nascute-in-aceasta-zi-si-figuri-importante-care-au-ramas-in-istorie\">Calendarul zilei de 28 iulie: Ziua \u00een care a \u00eenceput Primul R\u0103zboi Mondial. Evenimente care au schimbat lumea, personalit\u0103\u021bi marcante n\u0103scute \u00een aceast\u0103 zi \u0219i figuri importante care au r\u0103mas \u00een istorie<\/a><\/h2>\n<div class=\"date-post\"><a href=\"https:\/\/ziaruldevrancea.ro\/autor\/rodica-condurache\">Rodica Condurache<\/a>, 28 iul 2026  <\/div>\n<\/div>\n<\/div>\n<\/div>\n<div class=\"col-lg-6 bloc-egal\">\n<div class=\"card articol-listing\">\n<h6>De acela\u0219i <a href=\"https:\/\/ziaruldevrancea.ro\/autor\/ziarul-de-vrancea\/\">autor<\/a><\/h6>\n<div class=\"grup-articol-listing\">\n<div class=\"cont-pils\"><a href=\"https:\/\/ziaruldevrancea.ro\/special\/educatie\/astazi-despre-academicianul-victor-babes---autorul-primului-tratat-de-bacteriologie-din-lume-prin-care-a-pus-bazele-moderne-ale-acestei-stiinte\"><img decoding=\"async\" src=\"https:\/\/zdvi.cname.ro\/180_135\/special\/educatie\/astazi-despre-academicianul-victor-babes---autorul-primului-tratat-de-bacteriologie-din-lume-prin-care-a-pus-bazele-moderne-ale-acestei-stiinte\/mediaPool\/upS8Rte.jpg\" class=\"img-responsive img-180\" alt><\/a><\/div>\n<h2><a class=\"link-titlu\" href=\"https:\/\/ziaruldevrancea.ro\/special\/educatie\/astazi-despre-academicianul-victor-babes---autorul-primului-tratat-de-bacteriologie-din-lume-prin-care-a-pus-bazele-moderne-ale-acestei-stiinte\">Ast\u0103zi despre fondatorul \u0219colii rom\u00e2ne\u0219ti de microbiologie: academicianul Victor Babe\u0219 &#8211; autorul primului tratat de bacteriologie din lume prin care a pus bazele moderne ale acestei \u0219tiin\u021be <\/a><\/h2>\n<div class=\"date-post\"><a href=\"https:\/\/ziaruldevrancea.ro\/#comentarii\" class=\"pull-right\"> 1<\/a><a href=\"https:\/\/ziaruldevrancea.ro\/autor\/ziarul-de-vrancea\">Ziarul de Vrancea<\/a>, 28 iul 2026  <\/div>\n<\/div>\n<div class=\"grup-articol-listing\">\n<div class=\"cont-pils\"><a href=\"https:\/\/ziaruldevrancea.ro\/timp-liber\/astazi-despre-alexandru-tocilescu---primul-regizor-roman-care-a-primit-o-stea-pe-aleea-celebritatilor\"><img decoding=\"async\" src=\"https:\/\/zdvi.cname.ro\/180_135\/timp-liber\/astazi-despre-alexandru-tocilescu---primul-regizor-roman-care-a-primit-o-stea-pe-aleea-celebritatilor\/mediaPool\/umQGrTM.jpg\" class=\"img-responsive img-180\" alt><\/a><\/div>\n<h2><a class=\"link-titlu\" href=\"https:\/\/ziaruldevrancea.ro\/timp-liber\/astazi-despre-alexandru-tocilescu---primul-regizor-roman-care-a-primit-o-stea-pe-aleea-celebritatilor\">Ast\u0103zi despre: Alexandru Tocilescu &#8211; unul dintre cei mai aprecia\u021bi regizori de teatru. Primul regizor rom\u00e2n care a primit o stea pe Aleea Celebrit\u0103\u021bilor<\/a><\/h2>\n<div class=\"date-post\"><a href=\"https:\/\/ziaruldevrancea.ro\/autor\/ziarul-de-vrancea\">Ziarul de Vrancea<\/a>, 27 iul 2026  <\/div>\n<\/div>\n<div class=\"grup-articol-listing\">\n<div class=\"cont-pils\"><a href=\"https:\/\/ziaruldevrancea.ro\/timp-liber\/horoscop-27-iulie-2-august-2026\"><img decoding=\"async\" src=\"https:\/\/zdvi.cname.ro\/180_135\/timp-liber\/horoscop-27-iulie-2-august-2026\/mediaPool\/ucW7BQP.jpg\" class=\"img-responsive img-180\" alt><\/a><\/div>\n<h2><a class=\"link-titlu\" href=\"https:\/\/ziaruldevrancea.ro\/timp-liber\/horoscop-27-iulie-2-august-2026\">Horoscop 27 iulie-2 august 2026<\/a><\/h2>\n<div class=\"date-post\"><a href=\"https:\/\/ziaruldevrancea.ro\/#comentarii\" class=\"pull-right\"> 8<\/a><a href=\"https:\/\/ziaruldevrancea.ro\/autor\/ziarul-de-vrancea\">Ziarul de Vrancea<\/a>, 27 iul 2026  <\/div>\n<\/div>\n<\/div>\n<\/div>\n<\/div>\n<\/div>\n<div class=\"extra-articol listing-anunturi\">\n<h6>Anun\u021buri <span class=\"text-primary\">ZdV<\/span> Premium<\/h6>\n<div class=\"row\">\n<div class=\"col-lg-4 col-md-6 bloc-egal\"><a class=\"card-anunt\" href=\"https:\/\/ziaruldevrancea.ro\/anunturi\/imobiliare\/vanzari-case\/vand-casa-si-teren-in-panciu-anunt-72818\"><strong class=\"titlu\">V\u00e2nz\u0103ri case<\/strong><span class=\"text-anunt\">V\u00e2nd cas\u0103 cu 2 camere, buc\u0103t\u0103rie, baie,&#8230;<\/span><span class=\"data-anunt\">23.07.2026  <\/span><\/a><\/div>\n<div class=\"col-lg-4 col-md-6 bloc-egal\"><a class=\"card-anunt\" href=\"https:\/\/ziaruldevrancea.ro\/anunturi\/angajari\/cereri-angajari\/doresc-angajare-anunt-72815\"><strong class=\"titlu\">Cereri<\/strong><span class=\"text-anunt\">Doresc s\u0103 am grij\u0103 de un copil de gradini\u021b\u0103&#8230;<\/span><span class=\"data-anunt\">21.07.2026  <\/span><\/a><\/div>\n<div class=\"col-lg-4 col-md-6 bloc-egal\"><a class=\"card-anunt\" href=\"https:\/\/ziaruldevrancea.ro\/anunturi\/inchirieri\/locuinte-oferte\/primesc-in-gazda-anunt-72816\"><strong class=\"titlu\">Locuin\u021be oferte<\/strong><span class=\"text-anunt\">\u00a0Primesc \u00een gazd\u0103 la cas\u0103.<\/p>\n<p>Tel&#8230;.<\/span><span class=\"data-anunt\">21.07.2026  <\/span><\/a><\/div>\n<\/div>\n<\/div>\n<div class=\"bloc-widget widget-albastru\">\n    Ziarul de Vrancea \u00a0nu este responsabil juridic pentru con\u0163inutul textelor din comentariile de mai jos. Responsabilitatea pentru mesajele dumneavoastra v\u0103 revine \u00een exclusivitate.\n<\/div>\n<div class=\"comentarii-articol\" id=\"comentarii\">\n<h3>Comentarii: <span class=\"text-primary\">0<\/span><\/h3>\n<p><a href=\"https:\/\/ziaruldevrancea.ro\/timp-liber\/astazi-despre-scarlat-demetrescu---unul-din-cei-mai-mari-spiritualisti-romani\" class=\"btn btn-success btn-adauga-com\" data-toggle=\"modal\" data-parent=\"0\" data-target=\"#commentModal\">Adaug\u0103 comentariu<\/a><\/p>\n<div class=\"loadMask comments-mask\"><img decoding=\"async\" src=\"https:\/\/zdvs.cname.ro\/images\/loader_40.gif\"><\/div>\n<div class=\"comenteaza-jos\">Trebuie s\u0103 fii <a href=\"https:\/\/ziaruldevrancea.ro\/account\">autentificat<\/a> pentru a putea <a href=\"https:\/\/ziaruldevrancea.ro\/timp-liber\/astazi-despre-scarlat-demetrescu---unul-din-cei-mai-mari-spiritualisti-romani\" class data-toggle=\"modal\" data-parent=\"0\" data-target=\"#commentModal\">posta un comentariu<\/a>.<\/div>\n<\/div>\n<div class=\"modal fade\" id=\"commentModal\" role=\"dialog\" aria-labelledby=\"commentModalLabel\">\n<div class=\"modal-dialog modal-lg\" role=\"document\">\n<div class=\"modal-content\">\n<div class=\"modal-header\">\n<h3 class=\"modal-title\" id=\"commentModalLabel\">Comenteaz\u0103<\/h3>\n<\/div>\n<div class=\"modal-body\">\n<div class=\"tabel tabel-full\">\n<div class=\"celula\">\n              Trebuie s\u0103 fii <a href=\"https:\/\/ziaruldevrancea.ro\/account\">autentificat<\/a> pentru a putea posta un comentariu.\n            <\/div>\n<\/div>\n<\/div>\n<div class=\"modal-footer\">\n<div id=\"commentPending\" class=\"formPending pull-left\"><img decoding=\"async\" src=\"https:\/\/zdvs.cname.ro\/images\/loader_40.gif\"> In curs de procesare&#8230;<\/div>\n<p><a href=\"https:\/\/ziaruldevrancea.ro\/timp-liber\/astazi-despre-scarlat-demetrescu---unul-din-cei-mai-mari-spiritualisti-romani\" class=\"btn btn-default\" data-dismiss=\"modal\">Anuleaz\u0103<\/a><\/div>\n<\/div>\n<\/div>\n<\/div>\n<div class=\"modal fade\" id=\"commentReportModal\" role=\"dialog\" aria-labelledby=\"commentReportModalLabel\">\n<div class=\"modal-dialog modal-lg\" role=\"document\">\n<div class=\"modal-content\">\n<div class=\"modal-header\">\n<h3 class=\"modal-title\" id=\"commentReportModalLabel\">Raporteaza comentariu<\/h3>\n<\/div>\n<div class=\"modal-body\">\n<div class=\"tabel tabel-full\">\n<div class=\"celula\">\n              Trebuie s\u0103 fii <a href=\"https:\/\/ziaruldevrancea.ro\/account\">autentificat<\/a> pentru a putea raporta un comentariu.\n            <\/div>\n<\/div>\n<\/div>\n<div class=\"modal-footer\">\n<div id=\"commentReportPending\" class=\"formPending pull-left\"><img decoding=\"async\" src=\"https:\/\/zdvs.cname.ro\/images\/loader_40.gif\"> In curs de procesare&#8230;<\/div>\n<p><a href=\"https:\/\/ziaruldevrancea.ro\/timp-liber\/astazi-despre-scarlat-demetrescu---unul-din-cei-mai-mari-spiritualisti-romani\" class=\"btn btn-default\" data-dismiss=\"modal\">Anuleaz\u0103<\/a><\/div>\n<\/div>\n<\/div>\n<\/div>\n<div class=\"modal fade\" id=\"commentLikeModal\" role=\"dialog\" aria-labelledby=\"commentLikeModalLabel\">\n<div class=\"modal-dialog modal-lg\" role=\"document\">\n<div class=\"modal-content\">\n<div class=\"modal-header\">\n<h3 class=\"modal-title\" id=\"commentReportModalLabel\">Apreciaza comentariu<\/h3>\n<\/div>\n<div class=\"modal-body\">\n<div class=\"tabel tabel-full\">\n<div class=\"celula\">\n            Trebuie s\u0103 fii <a href=\"https:\/\/ziaruldevrancea.ro\/account\">autentificat<\/a> pentru a putea aprecia un comentariu.\n          <\/div>\n<\/div>\n<\/div>\n<div class=\"modal-footer\"><a href=\"https:\/\/ziaruldevrancea.ro\/timp-liber\/astazi-despre-scarlat-demetrescu---unul-din-cei-mai-mari-spiritualisti-romani\" class=\"btn btn-default\" data-dismiss=\"modal\">Anuleaz\u0103<\/a><\/div>\n<\/div>\n<\/div>\n<\/div>\n<div class=\"bloc-widget widget-rosu\"><span><small>Ziarul de Vrancea doreste ca acest site sa fie un spatiu al discutiilor civilizate, al comentariilor de bun simt. Din acest motiv, cei care posteaza comentarii la articole trebuie sa respecte urmatoarele reguli:<br \/>\n1. Sa se refere doar la articolul la care posteaza comentarii.<br \/>\n2. Sa foloseasca un limbaj civilizat, fara injurii, calomnii, comentarii antisemite, xenofobe sau rasiste.<br \/>\n3. Sunt interzise atacurile la adresa autorilor, daca acestea nu au legatura cu textul.<br \/>\n4. Username-ul sa nu fie nume de personalitati ale vietii publice sau parodieri ale acestora.<br \/>\nAutorul unui articol poate fi criticat pentru eventuale greseli, incoerenta, lipsa de documentare etc.<br \/>\nNerespectarea regulilor mentionate mai sus va duce la stergerea comentariilor, fara avertisment si fara explicatii.<br \/>\nAbaterile repetate vor avea drept consecinta interdictia accesului la aceasta facilitate a site-ului.<\/small><\/span><\/div>\n<\/div>\n<p>[analyse_source url=&#8221;https:\/\/ziaruldevrancea.ro\/timp-liber\/astazi-despre-scarlat-demetrescu&#8212;unul-din-cei-mai-mari-spiritualisti-romani&#8221;]<\/p>\n","protected":false},"excerpt":{"rendered":"<p>[analyse_image type=&#8221;featured&#8221; src=&#8221;https:\/\/zdvi.cname.ro\/_\/astazi-despre-scarlat-demetrescu&#8212;unul-din-cei-mai-mari-spiritualisti-romani\/mediaPool\/uMVoGBB.jpg&#8221;] Timp Liber Ast\u0103zi despre: Scarlat Demetrescu &#8211; unul din cei mai mari spirituali\u0219ti rom\u00e2ni \u0219i leg\u0103tura lui cu Foc\u0219aniul. A scris despre via\u021ba de dincolo, misterele Universului \u0219i fenomene pe care \u0219tiin\u021ba \u00eenc\u0103 \u00eencearc\u0103 s\u0103 le explice Distribuie: \u00a0 | Ziarul de Vrancea 26 iul 202617762 vizualiz\u0103ri Scarlat Demetrescu (n. 26 iulie [&hellip;]<\/p>\n","protected":false},"author":1,"featured_media":0,"comment_status":"open","ping_status":"","sticky":false,"template":"","format":"standard","meta":{"footnotes":""},"categories":[89],"tags":[226,208],"class_list":["post-2067717","post","type-post","status-publish","format-standard","hentry","category-romania","tag-crawlmanager","tag-ziaruldevrancea-ro"],"_links":{"self":[{"href":"https:\/\/analyse.optim.biz\/index.php?rest_route=\/wp\/v2\/posts\/2067717","targetHints":{"allow":["GET"]}}],"collection":[{"href":"https:\/\/analyse.optim.biz\/index.php?rest_route=\/wp\/v2\/posts"}],"about":[{"href":"https:\/\/analyse.optim.biz\/index.php?rest_route=\/wp\/v2\/types\/post"}],"author":[{"embeddable":true,"href":"https:\/\/analyse.optim.biz\/index.php?rest_route=\/wp\/v2\/users\/1"}],"replies":[{"embeddable":true,"href":"https:\/\/analyse.optim.biz\/index.php?rest_route=%2Fwp%2Fv2%2Fcomments&post=2067717"}],"version-history":[{"count":0,"href":"https:\/\/analyse.optim.biz\/index.php?rest_route=\/wp\/v2\/posts\/2067717\/revisions"}],"wp:attachment":[{"href":"https:\/\/analyse.optim.biz\/index.php?rest_route=%2Fwp%2Fv2%2Fmedia&parent=2067717"}],"wp:term":[{"taxonomy":"category","embeddable":true,"href":"https:\/\/analyse.optim.biz\/index.php?rest_route=%2Fwp%2Fv2%2Fcategories&post=2067717"},{"taxonomy":"post_tag","embeddable":true,"href":"https:\/\/analyse.optim.biz\/index.php?rest_route=%2Fwp%2Fv2%2Ftags&post=2067717"}],"curies":[{"name":"wp","href":"https:\/\/api.w.org\/{rel}","templated":true}]}}