{"id":2067711,"date":"2026-07-25T00:00:00","date_gmt":"2026-07-24T21:00:00","guid":{"rendered":"https:\/\/analyse.optim.biz\/?p=2067711"},"modified":"2026-07-25T00:00:00","modified_gmt":"2026-07-24T21:00:00","slug":"calendarul-zilei-de-25-iulie-evenimente-istorice-personalitati-si-momente-memorabile-care-au-marcat-romania-si-lumea","status":"publish","type":"post","link":"https:\/\/analyse.optim.biz\/?p=2067711","title":{"rendered":"Calendarul zilei de 25 iulie: Evenimente istorice, personalit\u0103\u021bi \u0219i momente memorabile care au marcat Rom\u00e2nia \u0219i lumea"},"content":{"rendered":"<p>[analyse_image type=&#8221;featured&#8221; src=&#8221;https:\/\/zdvi.cname.ro\/_\/calendarul-zilei-de-25-iulie-evenimente-istorice-personalitati-si-momente-memorabile-care-au-marcat-romania-si-lumea\/mediaPool\/uRJObE4.jpg&#8221;]<\/p>\n<div class=\"main-content detaliu-articol\"><a class=\"titlu-cat-list\" href=\"https:\/\/ziaruldevrancea.ro\/timp-liber\">Timp Liber<\/a><\/p>\n<h1>Calendarul zilei de 25 iulie: Evenimente istorice, personalit\u0103\u021bi \u0219i momente memorabile care au marcat Rom\u00e2nia \u0219i lumea<\/h1>\n<div class=\"date-articol clearfix\">\n<div class=\"distribuie-articol dropdown\">\n    Distribuie: \u00a0<br \/>\n    <em>|<\/em><\/div>\n<div class=\"autor-articol\"><a href=\"https:\/\/ziaruldevrancea.ro\/autor\/rodica-condurache\/\"><img decoding=\"async\" class=\"img-circle\" src=\"https:\/\/zdvi.cname.ro\/50_50\/articleAuthor\/rodica-condurache\/articleAuthor\/uy6Kz5r.jpg\" alt><\/a><\/p>\n<h5><a href=\"https:\/\/ziaruldevrancea.ro\/autor\/rodica-condurache\/\">Rodica Condurache<\/a><\/h5>\n<div class=\"grup-spatiere\"><span class=\"cu-spatiere\">25 iul 2026<\/span><span class=\"cu-spatiere\">559 vizualiz\u0103ri<\/span><\/div>\n<\/div>\n<\/div>\n<div class=\"poza-mare\"><a href class=\"openGallery\"><img decoding=\"async\" class=\"img-responsive\" src=\"https:\/\/zdvi.cname.ro\/850_530\/calendarul-zilei-de-25-iulie-evenimente-istorice-personalitati-si-momente-memorabile-care-au-marcat-romania-si-lumea\/article\/mediaPool\/uRJObE4.jpg\" alt=\"315: Este inaugurat Arcul lui Constantin, situat \u00een apropiere de Colosseum \u00een Roma, pentru a comemora victoria lui Constantin asupra lui Maxentius\"><\/a><\/p>\n<div class=\"caption-poza\">315: Este inaugurat Arcul lui Constantin, situat \u00een apropiere de Colosseum \u00een Roma, pentru a comemora victoria lui Constantin asupra lui Maxentius<\/div>\n<\/div>\n<p>De la personalit\u0103\u021bi rom\u00e2ne\u0219ti marcante \u0219i momente care au schimbat cursul istoriei, p\u00e2n\u0103 la anivers\u0103ri \u0219i comemor\u0103ri importante, 25 iulie ofer\u0103 numeroase repere culturale \u0219i istorice pe care cititorii din Vrancea merit\u0103 s\u0103 le cunoasc\u0103.<\/p>\n<p>Data de 25 iulie reprezint\u0103 cea de-a 206-a zi a anului \u00een calendarul gregorian (207-a \u00een anii bisec\u021bi), iar p\u00e2n\u0103 la sf\u00e2r\u0219itul anului mai r\u0103m\u00e2n 159 de zile. De-a lungul timpului, aceast\u0103 zi a fost marcat\u0103 de evenimente care au influen\u021bat politica, \u0219tiin\u021ba, tehnologia, explorarea spa\u021biului \u0219i cultura mondial\u0103, dar \u0219i de na\u0219terea ori dispari\u021bia unor personalit\u0103\u021bi care \u0219i-au pus amprenta asupra istoriei.<\/p>\n<p>Pentru cititorii Ziarului de Vrancea, calendarul zilei reprezint\u0103 o ocazie de a privi \u00een urm\u0103 \u0219i de a descoperi evenimentele care au modelat lumea \u00een care tr\u0103im.<\/p>\n<p><strong>Evenimente istorice importante ale zilei de 25 iulie<\/strong><\/p>\n<p>Printre cele mai vechi momente consemnate se num\u0103r\u0103 anul 306, c\u00e2nd Constantin cel Mare a fost proclamat \u00eemp\u0103rat roman de c\u0103tre trupele sale, dup\u0103 moartea tat\u0103lui s\u0103u, Constantius Chlorus. Domnia sa avea s\u0103 schimbe profund istoria Imperiului Roman \u0219i a cre\u0219tinismului.<\/p>\n<p>\u00cen anul 315 a fost inaugurat celebrul Arc al lui Constantin din Roma, monument p\u0103strat p\u00e2n\u0103 \u00een prezent \u0219i considerat una dintre cele mai importante construc\u021bii ale Antichit\u0103\u021bii t\u00e2rzii.<\/p>\n<p>Ziua de 25 iulie este legat\u0103 \u0219i de momente importante din istoria Europei medievale, precum c\u0103s\u0103toria Eleanor de Aquitania cu viitorul rege Ludovic al VII-lea al Fran\u021bei (1137) sau \u00eencoronarea lui Henric al II-lea al Fran\u021bei (1547).<\/p>\n<p>\u00cen epoca modern\u0103, 25 iulie 1909 a r\u0103mas \u00een istoria avia\u021biei prin performan\u021ba francezului Louis Bl\u00e9riot, primul pilot care a traversat cu avionul Canalul M\u00e2necii, demonstr\u00e2nd poten\u021bialul transportului aerian.<\/p>\n<p>Un alt reper \u00eel constituie 25 iulie 1943, c\u00e2nd regele Victor Emanuel al III-lea l-a destituit pe Benito Mussolini, eveniment care a accelerat schimb\u0103rile politice din Italia \u00een timpul celui de-Al Doilea R\u0103zboi Mondial.<\/p>\n<p>\u00cen 1946, Statele Unite au realizat primul test nuclear subacvatic \u00een apropierea atolului Bikini, iar \u00een 1976 sonda spa\u021bial\u0103 NASA Viking 1 a transmis celebra fotografie a forma\u021biunii cunoscute drept \u201eFa\u021ba de pe Marte\u201d, imagine care avea s\u0103 genereze numeroase dezbateri \u00een anii urm\u0103tori.<\/p>\n<p>Tot \u00eentr-o zi de 25 iulie, \u00een 1978, s-a n\u0103scut Louise Brown, primul copil conceput prin fertilizare in vitro, moment considerat o revolu\u021bie \u00een medicina reproductiv\u0103.<\/p>\n<p>\u00cen anul 2000, lumea a fost zguduit\u0103 de pr\u0103bu\u0219irea unui avion Concorde imediat dup\u0103 decolare de pe aeroportul Charles de Gaulle din Paris, accident \u00een urma c\u0103ruia \u0219i-au pierdut via\u021ba toate cele 109 persoane aflate la bord, precum \u0219i cinci oameni afla\u021bi la sol.<\/p>\n<p><strong>Personalit\u0103\u021bi n\u0103scute pe 25 iulie<\/strong><\/p>\n<p>Calendarul zilei reune\u0219te numeroase nume importante din cultura \u0219i istoria Rom\u00e2niei \u0219i a lumii.<\/p>\n<p>Pentru Rom\u00e2nia, merit\u0103 aminti\u021bi:<\/p>\n<p>Ioan Bogdan (1864), istoric \u0219i filolog, membru al Academiei Rom\u00e2ne;<\/p>\n<p>Mihai Codreanu (1876), unul dintre cei mai aprecia\u021bi soneti\u0219ti rom\u00e2ni;<\/p>\n<p>Andrei O\u021betea (1894), reputat istoric \u0219i academician;<\/p>\n<p>George Iva\u0219cu (1911), critic literar \u0219i gazetar;<\/p>\n<p>Vasile Boghi\u021b\u0103 (1932), actor;<\/p>\n<p>Mircea Druc (1941), politician din Republica Moldova;<\/p>\n<p>Nelu B\u0103l\u0103\u0219oiu (1948), interpret de muzic\u0103 popular\u0103;<\/p>\n<p>Varujan Vosganian (1958), economist, scriitor \u0219i om politic;<\/p>\n<p>Irina S\u00e2rbu (1983), c\u00e2nt\u0103rea\u021b\u0103 de jazz.<\/p>\n<p><strong>La nivel interna\u021bional, ziua de 25 iulie marcheaz\u0103 aniversarea unor personalit\u0103\u021bi precum:<\/strong><\/p>\n<p>Arthur James Balfour, fost prim-ministru britanic;<\/p>\n<p>laureatul Premiului Nobel pentru Literatur\u0103 Elias Canetti;<\/p>\n<p>actorul american Walter Brennan, c\u00e2\u0219tig\u0103tor a trei premii Oscar;<\/p>\n<p>actorul Matt LeBlanc, cunoscut publicului din serialul Friends;<\/p>\n<p>ciclistul italian Filippo Ganna, multiplu campion mondial.<\/p>\n<p>Comemor\u0103ri importante<\/p>\n<p><strong>Data de 25 iulie este \u0219i un prilej de comemorare a unor personalit\u0103\u021bi marcante.<\/strong><\/p>\n<p>\u00cen Rom\u00e2nia sunt aminti\u021bi:<\/p>\n<p>Enea Hodo\u0219, scriitor \u0219i folclorist;<\/p>\n<p>sculptorul Cornel Medrea;<\/p>\n<p>artista Elena Zamora;<\/p>\n<p>poetul \u0219i pictorul Valeriu Pantazi;<\/p>\n<p>actri\u021ba Camelia Zorlescu;<\/p>\n<p>generalul Mihai Caraman, fost director al Serviciului de Informa\u021bii Externe.<\/p>\n<p>Pe plan interna\u021bional sunt comemora\u021bi, \u00eentre al\u021bii:<\/p>\n<p>pictorul Otto Dix;<\/p>\n<p>tenorul Carlo Bergonzi;<\/p>\n<p>muzicianul Peter Green, fondator al forma\u021biei Fleetwood Mac;<\/p>\n<p>actorul Paul Sorvino;<\/p>\n<p>laureatul Premiului Nobel pentru Pace David Trimble.<\/p>\n<p>O zi care merit\u0103 redescoperit\u0103<\/p>\n<p>Istoria zilei de 25 iulie demonstreaz\u0103 \u00eenc\u0103 o dat\u0103 c\u0103 fiecare dat\u0103 din calendar p\u0103streaz\u0103 pove\u0219ti despre progres, curaj, descoperiri \u0219i personalit\u0103\u021bi care au influen\u021bat destinul omenirii.<\/p>\n<p>Prin rubrica \u201eCalendarul zilei\u201d, Ziarul de Vrancea continu\u0103 s\u0103 aduc\u0103 \u00een aten\u021bia cititorilor evenimente \u0219i figuri istorice care merit\u0103 cunoscute, oferind \u00een fiecare zi un reper cultural \u0219i educativ pentru comunitatea vr\u00e2ncean\u0103.<\/p>\n<p>\u00a0<\/p>\n<p>\u00a0<\/p>\n<hr>\n<div class=\"bloc-widget widget-rosu\">\n<p>\u00cen lipsa unui acord scris din partea Ziarului de Vrancea, pute\u0163i prelua maxim 500 de caractere din acest articol dac\u0103 preciza\u0163i sursa \u015fi insera\u0163i vizibil link-ul articolului:\u00a0<span>#insertcurrentlinkhere<\/span><\/p>\n<\/div>\n<div class=\"extra-articol listing-anunturi\">\n<h6>Anun\u021buri <span class=\"text-primary\">ZdV<\/span> Premium<\/h6>\n<div class=\"row\">\n<div class=\"col-lg-4 col-md-6 bloc-egal\"><a class=\"card-anunt\" href=\"https:\/\/ziaruldevrancea.ro\/anunturi\/imobiliare\/vanzari-terenuri\/vand-teren-in-panciu\"><strong class=\"titlu\">V\u00e2nz\u0103ri terenuri<\/strong><span class=\"text-anunt\">Teren Panciu 1170 mp, cu num\u0103r cas\u0103, ap\u0103&#8230;<\/span><span class=\"data-anunt\">29.07.2026  <\/span><\/a><\/div>\n<div class=\"col-lg-4 col-md-6 bloc-egal\"><a class=\"card-anunt\" href=\"https:\/\/ziaruldevrancea.ro\/anunturi\/necrolog\/decese\/drum-lin-catre-ingeri-in-Imparatia-bunului-dumnezeu\"><strong class=\"titlu\">Decese<\/strong><span class=\"text-anunt\">At\u00e2t de fulger\u0103tor&#8230;incredibil!<\/p>\n<p>Tat\u0103l&#8230;<\/span><span class=\"data-anunt\">28.07.2026  <\/span><\/a><\/div>\n<div class=\"col-lg-4 col-md-6 bloc-egal\"><a class=\"card-anunt\" href=\"https:\/\/ziaruldevrancea.ro\/anunturi\/necrolog\/decese\/dumnezeu-sa-o-aseze-in-randul-celor-drepti\"><strong class=\"titlu\">Decese<\/strong><span class=\"text-anunt\">Cu profund\u0103 durere, familia anun\u021b\u0103 trecerea la&#8230;<\/span><span class=\"data-anunt\">28.07.2026  <\/span><\/a><\/div>\n<\/div>\n<\/div>\n<div class=\"extra-articol alte-articole\">\n<div class=\"row\">\n<div class=\"col-lg-6 bloc-egal\">\n<div class=\"card articol-listing\">\n<h6>\u00cen categoria <a href=\"https:\/\/ziaruldevrancea.ro\/timp-liber\">Timp Liber<\/a><\/h6>\n<div class=\"grup-articol-listing\">\n<div class=\"cont-pils\"><a href=\"https:\/\/ziaruldevrancea.ro\/timp-liber\/horoscop-29-iulie-2026\"><img decoding=\"async\" src=\"https:\/\/zdvi.cname.ro\/180_135\/timp-liber\/horoscop-29-iulie-2026\/mediaPool\/uA8enxT.jpg\" class=\"img-responsive img-180\" alt><\/a><\/div>\n<h2><a class=\"link-titlu\" href=\"https:\/\/ziaruldevrancea.ro\/timp-liber\/horoscop-29-iulie-2026\">Horoscop 29 iulie 2026 <\/a><\/h2>\n<div class=\"date-post\"><a href=\"https:\/\/ziaruldevrancea.ro\/autor\/rodica-condurache\">Rodica Condurache<\/a>, 29 iul 2026  <\/div>\n<\/div>\n<div class=\"grup-articol-listing\">\n<div class=\"cont-pils\"><a href=\"https:\/\/ziaruldevrancea.ro\/timp-liber\/calendarul-zilei-de-29-iulie-de-la-primul-desteapta-te-romane-la-prima-medalie-olimpica-de-aur-a-romaniei.-reperele-zilei-pe-care-si-vrancenii-merita-sa-le-cunoasca\"><img decoding=\"async\" src=\"https:\/\/zdvi.cname.ro\/180_135\/timp-liber\/calendarul-zilei-de-29-iulie-de-la-primul-desteapta-te-romane-la-prima-medalie-olimpica-de-aur-a-romaniei.-reperele-zilei-pe-care-si-vrancenii-merita-sa-le-cunoasca\/mediaPool\/uvmQvr7.png\" class=\"img-responsive img-180\" alt><\/a><\/div>\n<h2><a class=\"link-titlu\" href=\"https:\/\/ziaruldevrancea.ro\/timp-liber\/calendarul-zilei-de-29-iulie-de-la-primul-desteapta-te-romane-la-prima-medalie-olimpica-de-aur-a-romaniei.-reperele-zilei-pe-care-si-vrancenii-merita-sa-le-cunoasca\">Calendarul zilei de 29 iulie: de la primul \u201eDe\u0219teapt\u0103-te, rom\u00e2ne\u201d la prima medalie olimpic\u0103 de aur a Rom\u00e2niei. Reperele zilei pe care \u0219i vr\u00e2ncenii merit\u0103 s\u0103 le cunoasc\u0103<\/a><\/h2>\n<div class=\"date-post\"><a href=\"https:\/\/ziaruldevrancea.ro\/autor\/rodica-condurache\">Rodica Condurache<\/a>, 29 iul 2026  <\/div>\n<\/div>\n<div class=\"grup-articol-listing\">\n<div class=\"cont-pils\"><a href=\"https:\/\/ziaruldevrancea.ro\/timp-liber\/calendarul-zilei-de-28-iulie-ziua-in-care-a-inceput-primul-razboi-mondial.-evenimente-care-au-schimbat-lumea-personalitati-marcante-nascute-in-aceasta-zi-si-figuri-importante-care-au-ramas-in-istorie\"><img decoding=\"async\" src=\"https:\/\/zdvi.cname.ro\/180_135\/timp-liber\/calendarul-zilei-de-28-iulie-ziua-in-care-a-inceput-primul-razboi-mondial.-evenimente-care-au-schimbat-lumea-personalitati-marcante-nascute-in-aceasta-zi-si-figuri-importante-care-au-ramas-in-istorie\/mediaPool\/udFETKi.jpg\" class=\"img-responsive img-180\" alt><\/a><\/div>\n<h2><a class=\"link-titlu\" href=\"https:\/\/ziaruldevrancea.ro\/timp-liber\/calendarul-zilei-de-28-iulie-ziua-in-care-a-inceput-primul-razboi-mondial.-evenimente-care-au-schimbat-lumea-personalitati-marcante-nascute-in-aceasta-zi-si-figuri-importante-care-au-ramas-in-istorie\">Calendarul zilei de 28 iulie: Ziua \u00een care a \u00eenceput Primul R\u0103zboi Mondial. Evenimente care au schimbat lumea, personalit\u0103\u021bi marcante n\u0103scute \u00een aceast\u0103 zi \u0219i figuri importante care au r\u0103mas \u00een istorie<\/a><\/h2>\n<div class=\"date-post\"><a href=\"https:\/\/ziaruldevrancea.ro\/autor\/rodica-condurache\">Rodica Condurache<\/a>, 28 iul 2026  <\/div>\n<\/div>\n<\/div>\n<\/div>\n<div class=\"col-lg-6 bloc-egal\">\n<div class=\"card articol-listing\">\n<h6>De acela\u0219i <a href=\"https:\/\/ziaruldevrancea.ro\/autor\/rodica-condurache\/\">autor<\/a><\/h6>\n<div class=\"grup-articol-listing\">\n<div class=\"cont-pils\"><a href=\"https:\/\/ziaruldevrancea.ro\/actualitatea\/stiri-locale\/prima-pagina-a-editiei-tiparite-a-ziarului-de-vrancea-de-astazi-29-iulie-2026-investitii-oameni-sanatate-si-memoria-comunitatii\"><img decoding=\"async\" src=\"https:\/\/zdvi.cname.ro\/180_135\/actualitatea\/stiri-locale\/prima-pagina-a-editiei-tiparite-a-ziarului-de-vrancea-de-astazi-29-iulie-2026-investitii-oameni-sanatate-si-memoria-comunitatii\/mediaPool\/u86V8F8.jpg\" class=\"img-responsive img-180\" alt><\/a><\/div>\n<h2><a class=\"link-titlu\" href=\"https:\/\/ziaruldevrancea.ro\/actualitatea\/stiri-locale\/prima-pagina-a-editiei-tiparite-a-ziarului-de-vrancea-de-astazi-29-iulie-2026-investitii-oameni-sanatate-si-memoria-comunitatii\">Prima pagin\u0103 a edi\u021biei tip\u0103rite a Ziarului de Vrancea de ast\u0103zi, 29 iulie 2026: investi\u021bii, oameni, s\u0103n\u0103tate \u0219i memoria comunit\u0103\u021bii<\/a><\/h2>\n<div class=\"date-post\"><a href=\"https:\/\/ziaruldevrancea.ro\/autor\/rodica-condurache\">Rodica Condurache<\/a>, 29 iul 2026  <\/div>\n<\/div>\n<div class=\"grup-articol-listing\">\n<div class=\"cont-pils\"><a href=\"https:\/\/ziaruldevrancea.ro\/special\/educatie\/astazi-despre-fondatorul-unor-ramuri-noi-ale-chimiei-academicianul-costin-d.-nenitescu\"><img decoding=\"async\" src=\"https:\/\/zdvi.cname.ro\/180_135\/special\/educatie\/astazi-despre-fondatorul-unor-ramuri-noi-ale-chimiei-academicianul-costin-d.-nenitescu\/mediaPool\/uRJvAjd.jpg\" class=\"img-responsive img-180\" alt><\/a><\/div>\n<h2><a class=\"link-titlu\" href=\"https:\/\/ziaruldevrancea.ro\/special\/educatie\/astazi-despre-fondatorul-unor-ramuri-noi-ale-chimiei-academicianul-costin-d.-nenitescu\">Ast\u0103zi despre fondatorul unor ramuri noi ale chimiei: Academicianul Costin D. Neni\u021bescu. La 26 de ani a publicat prima edi\u021bie din cele dou\u0103 tratate \u201eChimie organic\u0103\u201d \u0219i \u201eChimie general\u0103\u201d dup\u0103 care peste 40 de genera\u021bii au \u00eenv\u0103\u021bat \u0219i \u00eenc\u0103 \u00eenva\u021b\u0103 <\/a><\/h2>\n<div class=\"date-post\"><a href=\"https:\/\/ziaruldevrancea.ro\/autor\/rodica-condurache\">Rodica Condurache<\/a>, 29 iul 2026  <\/div>\n<\/div>\n<div class=\"grup-articol-listing\">\n<div class=\"cont-pils\"><a href=\"https:\/\/ziaruldevrancea.ro\/special\/economic\/mozaic-Stiri-economice-termenul-de-achizitie-a-locuintelor-cu-tva-redus-a-fost-prelungit\"><img decoding=\"async\" src=\"https:\/\/zdvi.cname.ro\/180_135\/special\/economic\/mozaic-Stiri-economice-termenul-de-achizitie-a-locuintelor-cu-tva-redus-a-fost-prelungit\/mediaPool\/uFd4xKk.jpg\" class=\"img-responsive img-180\" alt><\/a><\/div>\n<h2><a class=\"link-titlu\" href=\"https:\/\/ziaruldevrancea.ro\/special\/economic\/mozaic-Stiri-economice-termenul-de-achizitie-a-locuintelor-cu-tva-redus-a-fost-prelungit\">MOZAIC \u0218TIRI ECONOMICE: Termenul de achizi\u021bie a locuin\u021belor cu TVA redus a fost prelungit <\/a><\/h2>\n<div class=\"date-post\"><a href=\"https:\/\/ziaruldevrancea.ro\/autor\/rodica-condurache\">Rodica Condurache<\/a>, 28 iul 2026  <\/div>\n<\/div>\n<\/div>\n<\/div>\n<\/div>\n<\/div>\n<div class=\"extra-articol listing-anunturi\">\n<h6>Anun\u021buri <span class=\"text-primary\">ZdV<\/span> Premium<\/h6>\n<div class=\"row\">\n<div class=\"col-lg-4 col-md-6 bloc-egal\"><a class=\"card-anunt\" href=\"https:\/\/ziaruldevrancea.ro\/anunturi\/imobiliare\/vanzari-case\/vand-casa-si-teren-in-panciu-anunt-72818\"><strong class=\"titlu\">V\u00e2nz\u0103ri case<\/strong><span class=\"text-anunt\">V\u00e2nd cas\u0103 cu 2 camere, buc\u0103t\u0103rie, baie,&#8230;<\/span><span class=\"data-anunt\">23.07.2026  <\/span><\/a><\/div>\n<div class=\"col-lg-4 col-md-6 bloc-egal\"><a class=\"card-anunt\" href=\"https:\/\/ziaruldevrancea.ro\/anunturi\/angajari\/cereri-angajari\/doresc-angajare-anunt-72815\"><strong class=\"titlu\">Cereri<\/strong><span class=\"text-anunt\">Doresc s\u0103 am grij\u0103 de un copil de gradini\u021b\u0103&#8230;<\/span><span class=\"data-anunt\">21.07.2026  <\/span><\/a><\/div>\n<div class=\"col-lg-4 col-md-6 bloc-egal\"><a class=\"card-anunt\" href=\"https:\/\/ziaruldevrancea.ro\/anunturi\/inchirieri\/locuinte-oferte\/primesc-in-gazda-anunt-72816\"><strong class=\"titlu\">Locuin\u021be oferte<\/strong><span class=\"text-anunt\">\u00a0Primesc \u00een gazd\u0103 la cas\u0103.<\/p>\n<p>Tel&#8230;.<\/span><span class=\"data-anunt\">21.07.2026  <\/span><\/a><\/div>\n<\/div>\n<\/div>\n<div class=\"bloc-widget widget-albastru\">\n    Ziarul de Vrancea \u00a0nu este responsabil juridic pentru con\u0163inutul textelor din comentariile de mai jos. Responsabilitatea pentru mesajele dumneavoastra v\u0103 revine \u00een exclusivitate.\n<\/div>\n<div class=\"comentarii-articol\" id=\"comentarii\">\n<h3>Comentarii: <span class=\"text-primary\">0<\/span><\/h3>\n<p><a href=\"https:\/\/ziaruldevrancea.ro\/timp-liber\/calendarul-zilei-de-25-iulie-evenimente-istorice-personalitati-si-momente-memorabile-care-au-marcat-romania-si-lumea\" class=\"btn btn-success btn-adauga-com\" data-toggle=\"modal\" data-parent=\"0\" data-target=\"#commentModal\">Adaug\u0103 comentariu<\/a><\/p>\n<div class=\"loadMask comments-mask\"><img decoding=\"async\" src=\"https:\/\/zdvs.cname.ro\/images\/loader_40.gif\"><\/div>\n<div class=\"comenteaza-jos\">Trebuie s\u0103 fii <a href=\"https:\/\/ziaruldevrancea.ro\/account\">autentificat<\/a> pentru a putea <a href=\"https:\/\/ziaruldevrancea.ro\/timp-liber\/calendarul-zilei-de-25-iulie-evenimente-istorice-personalitati-si-momente-memorabile-care-au-marcat-romania-si-lumea\" class data-toggle=\"modal\" data-parent=\"0\" data-target=\"#commentModal\">posta un comentariu<\/a>.<\/div>\n<\/div>\n<div class=\"modal fade\" id=\"commentModal\" role=\"dialog\" aria-labelledby=\"commentModalLabel\">\n<div class=\"modal-dialog modal-lg\" role=\"document\">\n<div class=\"modal-content\">\n<div class=\"modal-header\">\n<h3 class=\"modal-title\" id=\"commentModalLabel\">Comenteaz\u0103<\/h3>\n<\/div>\n<div class=\"modal-body\">\n<div class=\"tabel tabel-full\">\n<div class=\"celula\">\n              Trebuie s\u0103 fii <a href=\"https:\/\/ziaruldevrancea.ro\/account\">autentificat<\/a> pentru a putea posta un comentariu.\n            <\/div>\n<\/div>\n<\/div>\n<div class=\"modal-footer\">\n<div id=\"commentPending\" class=\"formPending pull-left\"><img decoding=\"async\" src=\"https:\/\/zdvs.cname.ro\/images\/loader_40.gif\"> In curs de procesare&#8230;<\/div>\n<p><a href=\"https:\/\/ziaruldevrancea.ro\/timp-liber\/calendarul-zilei-de-25-iulie-evenimente-istorice-personalitati-si-momente-memorabile-care-au-marcat-romania-si-lumea\" class=\"btn btn-default\" data-dismiss=\"modal\">Anuleaz\u0103<\/a><\/div>\n<\/div>\n<\/div>\n<\/div>\n<div class=\"modal fade\" id=\"commentReportModal\" role=\"dialog\" aria-labelledby=\"commentReportModalLabel\">\n<div class=\"modal-dialog modal-lg\" role=\"document\">\n<div class=\"modal-content\">\n<div class=\"modal-header\">\n<h3 class=\"modal-title\" id=\"commentReportModalLabel\">Raporteaza comentariu<\/h3>\n<\/div>\n<div class=\"modal-body\">\n<div class=\"tabel tabel-full\">\n<div class=\"celula\">\n              Trebuie s\u0103 fii <a href=\"https:\/\/ziaruldevrancea.ro\/account\">autentificat<\/a> pentru a putea raporta un comentariu.\n            <\/div>\n<\/div>\n<\/div>\n<div class=\"modal-footer\">\n<div id=\"commentReportPending\" class=\"formPending pull-left\"><img decoding=\"async\" src=\"https:\/\/zdvs.cname.ro\/images\/loader_40.gif\"> In curs de procesare&#8230;<\/div>\n<p><a href=\"https:\/\/ziaruldevrancea.ro\/timp-liber\/calendarul-zilei-de-25-iulie-evenimente-istorice-personalitati-si-momente-memorabile-care-au-marcat-romania-si-lumea\" class=\"btn btn-default\" data-dismiss=\"modal\">Anuleaz\u0103<\/a><\/div>\n<\/div>\n<\/div>\n<\/div>\n<div class=\"modal fade\" id=\"commentLikeModal\" role=\"dialog\" aria-labelledby=\"commentLikeModalLabel\">\n<div class=\"modal-dialog modal-lg\" role=\"document\">\n<div class=\"modal-content\">\n<div class=\"modal-header\">\n<h3 class=\"modal-title\" id=\"commentReportModalLabel\">Apreciaza comentariu<\/h3>\n<\/div>\n<div class=\"modal-body\">\n<div class=\"tabel tabel-full\">\n<div class=\"celula\">\n            Trebuie s\u0103 fii <a href=\"https:\/\/ziaruldevrancea.ro\/account\">autentificat<\/a> pentru a putea aprecia un comentariu.\n          <\/div>\n<\/div>\n<\/div>\n<div class=\"modal-footer\"><a href=\"https:\/\/ziaruldevrancea.ro\/timp-liber\/calendarul-zilei-de-25-iulie-evenimente-istorice-personalitati-si-momente-memorabile-care-au-marcat-romania-si-lumea\" class=\"btn btn-default\" data-dismiss=\"modal\">Anuleaz\u0103<\/a><\/div>\n<\/div>\n<\/div>\n<\/div>\n<div class=\"bloc-widget widget-rosu\"><span><small>Ziarul de Vrancea doreste ca acest site sa fie un spatiu al discutiilor civilizate, al comentariilor de bun simt. Din acest motiv, cei care posteaza comentarii la articole trebuie sa respecte urmatoarele reguli:<br \/>\n1. Sa se refere doar la articolul la care posteaza comentarii.<br \/>\n2. Sa foloseasca un limbaj civilizat, fara injurii, calomnii, comentarii antisemite, xenofobe sau rasiste.<br \/>\n3. Sunt interzise atacurile la adresa autorilor, daca acestea nu au legatura cu textul.<br \/>\n4. Username-ul sa nu fie nume de personalitati ale vietii publice sau parodieri ale acestora.<br \/>\nAutorul unui articol poate fi criticat pentru eventuale greseli, incoerenta, lipsa de documentare etc.<br \/>\nNerespectarea regulilor mentionate mai sus va duce la stergerea comentariilor, fara avertisment si fara explicatii.<br \/>\nAbaterile repetate vor avea drept consecinta interdictia accesului la aceasta facilitate a site-ului.<\/small><\/span><\/div>\n<\/div>\n<p>[analyse_source url=&#8221;https:\/\/ziaruldevrancea.ro\/timp-liber\/calendarul-zilei-de-25-iulie-evenimente-istorice-personalitati-si-momente-memorabile-care-au-marcat-romania-si-lumea&#8221;]<\/p>\n","protected":false},"excerpt":{"rendered":"<p>[analyse_image type=&#8221;featured&#8221; src=&#8221;https:\/\/zdvi.cname.ro\/_\/calendarul-zilei-de-25-iulie-evenimente-istorice-personalitati-si-momente-memorabile-care-au-marcat-romania-si-lumea\/mediaPool\/uRJObE4.jpg&#8221;] Timp Liber Calendarul zilei de 25 iulie: Evenimente istorice, personalit\u0103\u021bi \u0219i momente memorabile care au marcat Rom\u00e2nia \u0219i lumea Distribuie: \u00a0 | Rodica Condurache 25 iul 2026559 vizualiz\u0103ri 315: Este inaugurat Arcul lui Constantin, situat \u00een apropiere de Colosseum \u00een Roma, pentru a comemora victoria lui Constantin asupra lui Maxentius De la [&hellip;]<\/p>\n","protected":false},"author":1,"featured_media":0,"comment_status":"open","ping_status":"","sticky":false,"template":"","format":"standard","meta":{"footnotes":""},"categories":[89],"tags":[226,208],"class_list":["post-2067711","post","type-post","status-publish","format-standard","hentry","category-romania","tag-crawlmanager","tag-ziaruldevrancea-ro"],"_links":{"self":[{"href":"https:\/\/analyse.optim.biz\/index.php?rest_route=\/wp\/v2\/posts\/2067711","targetHints":{"allow":["GET"]}}],"collection":[{"href":"https:\/\/analyse.optim.biz\/index.php?rest_route=\/wp\/v2\/posts"}],"about":[{"href":"https:\/\/analyse.optim.biz\/index.php?rest_route=\/wp\/v2\/types\/post"}],"author":[{"embeddable":true,"href":"https:\/\/analyse.optim.biz\/index.php?rest_route=\/wp\/v2\/users\/1"}],"replies":[{"embeddable":true,"href":"https:\/\/analyse.optim.biz\/index.php?rest_route=%2Fwp%2Fv2%2Fcomments&post=2067711"}],"version-history":[{"count":0,"href":"https:\/\/analyse.optim.biz\/index.php?rest_route=\/wp\/v2\/posts\/2067711\/revisions"}],"wp:attachment":[{"href":"https:\/\/analyse.optim.biz\/index.php?rest_route=%2Fwp%2Fv2%2Fmedia&parent=2067711"}],"wp:term":[{"taxonomy":"category","embeddable":true,"href":"https:\/\/analyse.optim.biz\/index.php?rest_route=%2Fwp%2Fv2%2Fcategories&post=2067711"},{"taxonomy":"post_tag","embeddable":true,"href":"https:\/\/analyse.optim.biz\/index.php?rest_route=%2Fwp%2Fv2%2Ftags&post=2067711"}],"curies":[{"name":"wp","href":"https:\/\/api.w.org\/{rel}","templated":true}]}}