{"id":2067710,"date":"2026-07-24T00:00:00","date_gmt":"2026-07-23T21:00:00","guid":{"rendered":"https:\/\/analyse.optim.biz\/?p=2067710"},"modified":"2026-07-24T00:00:00","modified_gmt":"2026-07-23T21:00:00","slug":"astazi-despre-actorul-vrancean-emil-botta-o-personalitate-marcanta-mistuita-de-umbrele-misterului-a-fost-si-prozator-dar-si-poet-preferat-al-generatiei-criterion","status":"publish","type":"post","link":"https:\/\/analyse.optim.biz\/?p=2067710","title":{"rendered":"Ast\u0103zi despre actorul vr\u00e2ncean Emil Botta &#8211; o personalitate marcant\u0103 mistuit\u0103 de umbrele misterului. A fost \u0219i prozator, dar \u0219i poet, preferat al genera\u021biei Criterion"},"content":{"rendered":"<p>[analyse_image type=&#8221;featured&#8221; src=&#8221;https:\/\/zdvi.cname.ro\/_\/astazi-despre-vranceanul-emil-botta&#8212;poet-prozator-si-actor\/mediaPool\/uq9hH0U.PNG&#8221;]<\/p>\n<div class=\"main-content detaliu-articol\"><a class=\"titlu-cat-list\" href=\"https:\/\/ziaruldevrancea.ro\/timp-liber\">Timp Liber<\/a><\/p>\n<h1>Ast\u0103zi despre actorul vr\u00e2ncean Emil Botta &#8211; o personalitate marcant\u0103 mistuit\u0103 de umbrele misterului. A fost \u0219i prozator, dar \u0219i poet, preferat al genera\u021biei Criterion<\/h1>\n<div class=\"date-articol clearfix\">\n<div class=\"distribuie-articol dropdown\">\n    Distribuie: \u00a0<br \/>\n    <em>|<\/em><\/div>\n<div class=\"autor-articol\"><a href=\"https:\/\/ziaruldevrancea.ro\/autor\/ziarul-de-vrancea\/\"><img decoding=\"async\" class=\"img-circle\" src=\"https:\/\/zdvi.cname.ro\/50_50\/articleAuthor\/ziarul-de-vrancea\/articleAuthor\/uMPfPxc.jpg\" alt><\/a><\/p>\n<h5><a href=\"https:\/\/ziaruldevrancea.ro\/autor\/ziarul-de-vrancea\/\">Ziarul de Vrancea<\/a><\/h5>\n<div class=\"grup-spatiere\"><span class=\"cu-spatiere\">24 iul 2026<\/span><span class=\"cu-spatiere\">12132 vizualiz\u0103ri<\/span><\/div>\n<\/div>\n<\/div>\n<div class=\"poza-mare\"><a href class=\"openGallery\"><img decoding=\"async\" class=\"img-responsive\" src=\"https:\/\/zdvi.cname.ro\/850_530\/astazi-despre-vranceanul-emil-botta---poet-prozator-si-actor\/article\/mediaPool\/uq9hH0U.PNG\" alt><\/a><\/div>\n<p><strong>Emil Botta (n. 15 septembrie 1911, Adjud, Rom\u00e2nia \u2013 d. 24 iulie 1977 Bucure\u0219ti, RS Rom\u00e2nia) a fost un poet, prozator \u0219i actor rom\u00e2n. Clasele primare le-a urmat la Adjud, iar la 15 ani a fugit de acas\u0103 pentru a-\u0219i \u00eemplini visul: a fost actor al Teatrului Na\u021bional din Bucure\u0219ti, juc\u00e2nd \u00een numeroase piese, printre care \u201eOthello\u201d, \u00een regia lui Nicolae Massim \u0219i filme, inclusiv \u00een \u201eReconstituirea\u201d, celebrul film al regizorului Lucian Pintilie, \u00een care a interpretat rolul procurorului Paveliu. Ca poet, a debutat \u00een anul 1929\u00a0\u00een revista lui Tudor Arghezi, \u201eBilete de papagal\u201d.\u00a0A fost poetul preferat al genera\u021biei <a href=\"https:\/\/historia.ro\/sectiune\/general\/criterion-o-istorie-581795.html\" target=\"_blank\">Criterion<\/a>, pentru versurile sale, Mircea Eliade, Emil Cioran, Nicolae Steinhardt aveau un adev\u0103rat cult.\u200b<\/strong><\/p>\n<p>\u00a0<\/p>\n<p>\u00a0<\/p>\n<p>\u00a0<\/p>\n<p>\u00a0<\/p>\n<div class=\"video-embed\"><iframe loading=\"lazy\" frameborder height=\"560\" scrolling=\"no\" src=\"https:\/\/www.youtube.com\/embed\/hgMoWJVFPS8\" width=\"100%\"><\/iframe><\/div>\n<p>Este fratele eseistului Dan Botta, precum \u0219i fiul lui Theodor Botta, medic, \u0219i al Aglaiei. Clasele primare le face la Adjud, dar la 15 ani fuge de acas\u0103 pentru a deveni actor. Urmeaz\u0103 apoi Conservatorul de Art\u0103 Dramatic\u0103 din Bucure\u0219ti, \u00een perioada 1929-1932. Devine actor al Teatrului Na\u021bional din Bucure\u0219ti, dup\u0103 mai mul\u021bi ani petrecu\u021bi pe unele scene de provincie. La Na\u021bional joac\u0103 \u00een roluri de excep\u021bie, Werther, Iago, Macbeth, Unchiul Vania, Ion din N\u0103pasta etc. Aparent anacronic, el \u00ee\u0219i juca mai cu seam\u0103 glasul. Era f\u0103cut parc\u0103 pentru tragediile antice, dec\u00e2t pentru teatrul contemporan. Avea pe masca actoriceasc\u0103 imprimat\u0103 acea damna\u021biune caracteristic\u0103 arti\u0219tilor luciferici, blestema\u021bi, \u00eenr\u0103i\u021bi \u00eentru geniu cu spirite necontrolabile la prima investiga\u021bie.<\/p>\n<p>A debutat cu poemul Strof\u0103 ultim\u0103 \u00een revista lui Tudor Arghezi Bilete de papagal \u00een 1929. Poetul a f\u0103cut parte din grupul intitulat \u201eCorabia cu rata\u021bi\u201d, din care s-au desprins \u0219i filozoful Emil Cioran sau dramaturgul Eugen Ionescu.<\/p>\n<p><img decoding=\"async\" alt src=\"https:\/\/zdvi.cname.ro\/_\/mediaPool-file\/mediaPool\/u20ERA3.PNG\">A fost poetul preferat al genera\u021biei <a href=\"https:\/\/historia.ro\/sectiune\/general\/criterion-o-istorie-581795.html\" target=\"_top\">Criterion<\/a>, pentru versurile sale, Mircea Eliade, Emil Cioran, Nicolae Steinhardt aveau un adev\u0103rat cult. Este autorul unei poezii negre, existen\u021bialiste, cu personaje dintr-o mitologie proprie a mor\u021bii, \u00een consonan\u021b\u0103 cu filozofia Tr\u0103irismului interbelic. E un poet al m\u0103\u0219tilor, eul liric se devoaleaz\u0103 prin toate aceste personaje, rezult\u00e2nd o comedie a mor\u021bii \u0219i a neputin\u021bei.. \u00cen 1937 \u00eei apare la \u201eFunda\u021biile regale pentru literatur\u0103 \u0219i art\u0103\u201d, \u00eent\u00e2iul volum, premiat, intitulat: \u201e\u00centunecatul april\u201d. Timbrul original al acestei poezii \u00eenc\u00e2nt\u0103 critica. Vladimir Streinu (\u201eclo\u0219ca cu puii de aur\u201d: cum l-a numit \u0218erban Cioculescu) distinge \u00een aceast\u0103 apari\u021bie \u201eSemnele noi de lirism\u201d, \u00een contextul \u00een care marii lirici interbelici ajungeau la apogeu. Urmeaz\u0103, apoi, volumul \u201ePe-o gur\u0103 de rai\u201d (1943), Ciclul Vineri (1971) \u2013 \u00een vol. \u201eVersuri\u201d \u0219i \u201eUn dor f\u0103r\u0103 spa\u021biu\u201d (1976). \u00cen 1938 sunt editate prozele din \u201eTr\u00e2ntorul\u201d. Asemenea lui Alexandru Philippide, Emil Botta a scris relativ pu\u021bin\u0103 poezie. Spa\u021biul s\u0103u poetic este, \u00eens\u0103, inconfundabil. Botta a lucrat \u00een singur\u0103tate des\u0103v\u00e2r\u0219it\u0103 ca un ouvrier cvasianonim la o construc\u021bie poetic\u0103 de prim\u0103 m\u0103rime.<\/p>\n<p>A fost distins cu Ordinul Muncii Clasa II (1953) \u201epentru merite deosebite, pentru realiz\u0103ri valoroase \u00een art\u0103 \u0219i pentru activitate merituoas\u0103\u201d[3] \u0219i cu Ordinul Meritul Cultural clasa a III-a (1967) \u201epentru merite deosebite \u00een domeniul artei dramatice\u201d.[4] A primit titlul de Artist emerit (ante 1968).<\/p>\n<p>Despre operele sale<\/p>\n<p>Asum\u00e2ndu-\u0219i, ca \u0219i fratele s\u0103u Dan, spectrul melodic al culturii noastre populare arhaice, al\u0103turi de marile nuan\u021be tragice ale culturii poetice universale, el a reu\u0219it pe acest fond s\u0103 desf\u0103\u0219oare un mare joc poetic, rol \u00een care \u00ee\u0219i avea propria damna\u021biune. Poetul a venit cu o \u00eentreag\u0103 recuzit\u0103 din marile teatre spirituale ale lumii, invoc\u00e2nd Himera \u0219i Fantazarea lupt\u00e2nd \u0219i lucr\u00e2nd pentru ele ca simplu soldat sau imperator, spre o des\u0103v\u00e2r\u0219ire f\u0103cut\u0103 \u00een numele Artei.<\/p>\n<p>\u0218tiin\u021ba acestei poezii este \u201e\u0218tiin\u021ba cioc\u00e2rliei\/ care trece v\u0103mile pustiei\u201d. C\u00e2ntecul lui este \u00een apropierea aceluia bacovian. La autorul \u201ePlumbului\u201d este invocat \u201edecemvre\u201d, la Botta \u201ebate novembre p\u0103durile moarte\u201d. El este altfel \u0219i eminescian. Codrii lui Botta nu au euritmiile valurilor marine, ci austeritatea statuar\u0103 a singur\u0103t\u0103\u021bii: \u201e\u0218i singur e codru acuma \u0219i-n veci\u201d. Pare un poet al legendelor acest poet \u00een tulbur\u0103torul s\u0103u discurs: \u201eRob codru, cum te suferi supus\/ \u0219i v\u00e2nz\u0103rii dat singurel sub lun\u0103?\/ O, fr\u0103\u021b\u00e2ie, de-am fi \u00eempreun\u0103\/ pe muntele Daciei, \u00een lumina de sus!\u201d<\/p>\n<p>\u201eDor\u201d \u0219i \u201eNelini\u0219te\u201d nu sunt doar dou\u0103 tragice dar fermec\u0103toare st\u0103ri poetice, caracteristice marilor filosofi \u0219i arti\u0219ti, mai mult: dou\u0103 mari personific\u0103ri, vecini ai no\u0219tri de totdeauna, ei sunt \u201edoi rom\u00e2ni\u201d. Sub razele lor se desf\u0103\u0219oar\u0103 \u00eentreaga ceremonie poetic\u0103 a lui Emil Botta. Poetul \u00ee\u0219i a\u0219eaz\u0103 glasul dup\u0103 farmecul propriei melancolii. Gesturile sunt hamletiene, dar vorbele r\u0103m\u00e2n rom\u00e2ne\u0219ti, aproape de invoca\u021biile haiduce\u0219ti din doinele \u0219i baladele populare: \u201eDulciule, ascuncule-n t\u0103cere,\/ p\u0103m\u00e2nte, p\u0103m\u00e2nte, vere,\/ f\u0103-te cristalin \u0219i mor\u021bii t\u0103i\/ vedea-i-a\u0219 ca florile-n v\u0103i\u201d. Prozele din volumul \u201eTr\u00e2ntorul\u201d fac parte din aceea\u0219i zon\u0103 a g\u00e2ndirii poetice emilbotteiene. Spectrul \u201edamn\u0103rii\u201d motiv incurabil al \u00eentregii sale beletristici este aici mai vehement ca oriunde. Personajul tutelar se \u201erepau\u0219eaz\u0103 estetic, abandon\u00e2ndu-se febril unei ne\u00eenfr\u00e2nte tr\u0103iri \u00een fic\u021biune\u201d (C. Robu). Gustul unei astfel de proze este \u00eenv\u0103\u021bat, probabil de la Franz Kafka, tradus la noi, \u00een epoc\u0103, de c\u0103tre Felix Aderca. Emil Botta este unu dintre poe\u021bii mari ai liricii noastre, fiind \u00eentre clasicii interbelici \u0219i genera\u021bia r\u0103zboiului (grup\u0103rile Albatros \u0219i Cercul literar de la Sibiu) un pisc. Mai apropiat de ultimii dec\u00e2t de primii, el apar\u021bine, paradoxal, mai cu seam\u0103 \u00eent\u00e2ilor. \u00centre poezia lui Ion Vinea, de pild\u0103, \u0219i a lui Emil Botta, \u0219ansa istoriei literare \u0219ade de partea \u201e\u00centunecatului april\u201d dec\u00e2t de aceea a \u201eOrei f\u00e2nt\u00e2nilor\u201d. Pentru c\u0103 Emil Botta este, de fapt, cel mai artist dintre poe\u021bii rom\u00e2ni, nu at\u00e2t la nivel lexical, c\u00e2t mai cu seam\u0103 la acela al viziunilor. Emil Botta a fost \u00eens\u0103\u0219i efigia poetului. Opera sa poetic\u0103 \u0219i-a p\u0103strat seme\u021bia singur\u0103t\u0103\u021bii pe care o avea poetul \u00een via\u021b\u0103.<\/p>\n<p>\u00cen selec\u021bia de Poeme din 1974, excep\u021bionale sunt cele treisprezece poeme, publicate pentru prima oar\u0103 \u00een volum. Avem de-a face cu ni\u0219te legende simbolice ori cu ni\u0219te parabole despre destinul artistului, r\u0103t\u0103cit \u00eentr-un \u201evis r\u0103u\u201d , \u00een care a murit de mii de ori, f\u0103r\u0103 a fi apucat s\u0103 dea de veste din acele \u201emoarte pustii\u201d, echivalente cu Gomora, sau \u201ecanonit\u201d ca Ion Vod\u0103 Armanul, \u201etrunchiatul cumplit\u201d, pref\u0103cut \u00een pas\u0103re, \u201es\u0103lb\u0103ticiune de aer\u201d.[5]<\/p>\n<p>A fost actor al Teatrului Na\u021bional din Bucure\u0219ti, juc\u00e2nd \u00een numeroase piese, printre care Othello \u00een regia lui Nicolae Massim \u0219i filme, inclusiv \u00een Reconstituirea, celebrul film al regizorului Lucian Pintilie, \u00een care a interpretat rolul procurorului Paveliu.<\/p>\n<p><strong>Familie<\/strong><\/p>\n<p>A fost c\u0103s\u0103torit o perioad\u0103 de timp cu actri\u021ba Maria Mimi Botta.<\/p>\n<p>\u00a0\u00a0\u00a0 \u00centunecatul April, 1937 (scris \u00een urma unei colabor\u0103ri la revista Vremea)<\/p>\n<p>\u00a0\u00a0\u00a0 Pe-o gur\u0103 de rai, 1943 (rezultatul unei colabor\u0103ri cu Universul literar)<\/p>\n<p>\u00a0\u00a0\u00a0 Poezii, 1966<\/p>\n<p>\u00a0\u00a0\u00a0 Versuri (cu un ciclu inedit, Vineri), 1971<\/p>\n<p>\u00a0\u00a0\u00a0 Poeme, 1974<\/p>\n<p>\u00a0\u00a0\u00a0 Un dor f\u0103r\u0103 sa\u021biu, 1976<\/p>\n<p>Proz\u0103<\/p>\n<p>\u00a0\u00a0\u00a0 Tr\u00e2ntorul, 1938 (edi\u021bia a II-a, 1967)<\/p>\n<p>Premii<\/p>\n<p>\u00a0\u00a0\u00a0 Premiul Funda\u021biilor Regale (1937)<\/p>\n<p>\u00a0\u00a0\u00a0 Premiul \u201eMihai Eminescu\u201d al Academiei Rom\u00e2ne (1967)<\/p>\n<p>Filmografie<\/p>\n<p>\u00a0\u00a0\u00a0 Se aprind f\u0103cliile (1939)<\/p>\n<p>\u00a0\u00a0\u00a0 Via\u021ba nu iart\u0103 (1957)<\/p>\n<p>\u00a0\u00a0\u00a0 Bijuterii de familie (1957)<\/p>\n<p>\u00a0\u00a0\u00a0 C\u00e2nd prim\u0103vara e fierbinte (1960)<\/p>\n<p>\u00a0\u00a0\u00a0 Poveste sentimental\u0103 (1961)<\/p>\n<p>\u00a0\u00a0\u00a0 S-a furat o bomb\u0103 (1961)<\/p>\n<p>\u00a0\u00a0\u00a0 Pa\u0219i spre lun\u0103 (1964)<\/p>\n<p>\u00a0\u00a0\u00a0 De-a\u0219 fi&#8230; Harap Alb (1965)<\/p>\n<p>\u00a0\u00a0\u00a0 \u0218ah la rege (1965)<\/p>\n<p>\u00a0\u00a0\u00a0 R\u0103scoala (1965)<\/p>\n<p>\u00a0\u00a0\u00a0 P\u0103durea sp\u00e2nzura\u021bilor (1965)<\/p>\n<p>\u00a0\u00a0\u00a0 Faust XX (1966)<\/p>\n<p>\u00a0\u00a0\u00a0 Subteranul (1967)<\/p>\n<p>\u00a0\u00a0\u00a0 Lettre a Carla (1967)<\/p>\n<p>\u00a0\u00a0\u00a0 Dacii (1967)<\/p>\n<p>\u00a0\u00a0\u00a0 Reconstituirea (1968)<\/p>\n<p>\u00a0\u00a0\u00a0 Columna (1968)<\/p>\n<p>\u00a0\u00a0\u00a0 Realitatea ilustrat\u0103 (serial TV, 1969)<\/p>\n<p>\u00a0\u00a0\u00a0 Dincolo de nisipuri (1974)<\/p>\n<p>\u00a0\u00a0\u00a0 Mastodontul (1975)<\/p>\n<p>\u00a0\u00a0\u00a0 Premiera (1976)<\/p>\n<p>Note<\/p>\n<p>\u00a0\u00a0\u00a0 ^ a b Autoritatea BnF, accesat \u00een 10 octombrie 2015<\/p>\n<p>\u00a0\u00a0\u00a0 ^ a b c d Emil Botta, Filmportal.de, accesat \u00een 9 octombrie 2017<\/p>\n<p>\u00a0\u00a0\u00a0 ^ Decretul nr. 43 din 23 ianuarie 1953 al Prezidiul Marii Adun\u0103ri Na\u021bionale a Republicii Populare Rom\u00eene, publicat \u00een Buletinul Oficial nr. 3 din 26 ianuarie 1953.<\/p>\n<p>\u00a0\u00a0\u00a0 ^ Decretul nr. 1017 din 6 noiembrie 1967 al Consiliului de Stat al Republicii Socialiste Rom\u00e2nia privind conferirea de ordine \u0219i medalii unor actori, regizori, pictori scenografi \u0219i tehnicieni de scen\u0103, publicat \u00een Buletinul Oficial nr. 96 din 7 noiembrie 1967.<\/p>\n<p>\u00a0\u00a0\u00a0 ^ Al. Piru, Poezia rom\u00e2neasc\u0103 contemporan\u0103. 1950-1975. Vol. 1. Editura Eminescu, Bucure\u0219ti, 1975, pp. 186-191<\/p>\n<p>\u00a0\u00a0\u00a0 ^ Arcanele lucidit\u0103\u021bii (II) &#8211; Revista 22 &#8211; s\u0103pt\u0103m\u00e2nal independent de analiz\u0103 politic\u0103 \u0219i actualitate cultural\u0103<\/p>\n<p>Bibliografie<\/p>\n<p>\u00a0\u00a0\u00a0 Arion, George, Interviuri, Editura Eminescu, Bucure\u0219ti, 1979.<\/p>\n<p>\u00a0\u00a0\u00a0 C\u0103linescu, G., Istoria literaturii rom\u00e2ne de la origini p\u00e2n\u0103 \u00een prezent, Funda\u021bia&#8230;, Bucure\u0219ti, 1941.<\/p>\n<p>\u00a0\u00a0\u00a0 C\u00e2ndroveanu, Hristu, Poe\u021bi \u0219i poezie, Editura Cartea Rom\u00e2neasc\u0103, Bucure\u0219ti, 1980.<\/p>\n<p>\u00a0\u00a0\u00a0 Ciopraga, Const., \u00centre Ulysse \u0219i Don Quijote, Editura Junimea, Ia\u0219i, 1978.<\/p>\n<p>\u00a0\u00a0\u00a0 Cioculescu, \u0218erban, Itinerar critic, Editura Eminescu, bucure\u0219ti, 1973.<\/p>\n<p>\u00a0\u00a0\u00a0 Comarnescu, Petru, Moarte \u0219i transfigurare \u00een poezia d-lui Emil Botta, \u00een Timpul, an VIII, nr. 2395, ian. 1944.<\/p>\n<p>\u00a0\u00a0\u00a0 Constantinescu, Pompiliu, Emil Botta: \u201e\u00centunecatul April\u201d, \u00een Vremea, nr. 509, an X, 17 oct. 1937.<\/p>\n<p>\u00a0\u00a0\u00a0 Constantinescu, Pompiliu, Emil Botta: \u201ePe-o gur\u0103 de rai\u201d, \u00een Vremea, an XVI, nr. 735, 6 febr. 1944.<\/p>\n<p>\u00a0\u00a0\u00a0 Cristea, Radu C\u0103lin, Emil Botta \u2013 despre frontierele inocen\u021bei, Editura Albatros, Bucure\u0219ti, 1984.<\/p>\n<p>\u00a0\u00a0\u00a0 Crohm\u0103lniceanu, Ov. S., Literatura rom\u00e2n\u0103 \u00eentre cele dou\u0103 r\u0103zboaie mondiale, vol. II, Editura Minerva, Bucure\u0219ti, 1974.<\/p>\n<p>\u00a0\u00a0\u00a0 Crohm\u0103lniceanu, Ov. S., Mierla, muza poetului Emil Botta, \u00een Rom\u00e2nia literar\u0103, 14 febr. 1980.<\/p>\n<p>\u00a0\u00a0\u00a0 Dima, Al., Viziunea cosmic\u0103 \u00een poezia rom\u00e2neasc\u0103, Editura Junimea, Ia\u0219i, 1982.<\/p>\n<p>\u00a0\u00a0\u00a0 Doina\u0219, \u0218tefan Aug., Orfeu \u0219i tenta\u021bia realului, Editura Eminescu, Bucure\u0219ti, 1974.<\/p>\n<p>\u00a0\u00a0\u00a0 Doina\u0219, \u0218tefan Aug., Poezie \u0219i mod\u0103 poetic\u0103, Editura Eminescu, Bucure\u0219ti, 1972.<\/p>\n<p>\u00a0\u00a0\u00a0 F\u00e2nt\u00e2neru, Constantin, \u201e\u00centunecatul April\u201d, \u00een Universul literar, an XLVIII, 14 oct. 1939.<\/p>\n<p>\u00a0\u00a0\u00a0 Felea, Victor, Emil botta, \u00een Tribuna, nr. 32 (1077), 11 aug. 1977.<\/p>\n<p>\u00a0\u00a0\u00a0 Fl\u0103m\u00e2nd, Dinu, \u201eUn dor f\u0103r\u0103 sa\u021biu\u201d, \u00een Amfiteatru, nr. 12, dec. 1976.<\/p>\n<p>\u00a0\u00a0\u00a0 Ionescu, Eugen, Trei poe\u021bi, \u00een Vremea, nr. 508, 10 oct. 1937.<\/p>\n<p>\u00a0\u00a0\u00a0 Iorgulescu, Mircea, Moment Emil Botta, \u00een Rom\u00e2nia literar\u0103, nr. 15, 12 apr. 1984 .<\/p>\n<p>\u00a0\u00a0\u00a0 Iorgulescu, Mircea, Rondul de noapte, Editura Cartea Rom\u00e2nesc\u0103, Bucure\u0219ti, 1974.<\/p>\n<p>\u00a0\u00a0\u00a0 Iva\u0219cu, George, Confrunt\u0103ri literare, vol. III, Editura Eminescu, bucure\u0219ti, 1988.<\/p>\n<p>\u00a0\u00a0\u00a0 Grigurcu, Gheorghe, De la Eminescu la Nicolae Labi\u0219, Editura Minerva, Bucure\u0219ti, 1989.<\/p>\n<p>\u00a0\u00a0\u00a0 Grigurcu, Gheorghe, Poe\u021bi rom\u00e2ni de azi, Editura Cartea Rom\u00e2neasc\u0103, Bucure\u0219ti, 1979.<\/p>\n<p>\u00a0\u00a0\u00a0 Grigurcu, Gheorghe, Poezia lui Emil Botta, \u00een Via\u021ba rom\u00e2neasc\u0103, nr. 3, 1977.<\/p>\n<p>\u00a0\u00a0\u00a0 Livescu, Cristian, Poezia dorului f\u0103r\u0103 sa\u021biu, \u00een Tribuna, an XXI, nr. 26 (10719, 30 iunie 1977.<\/p>\n<p>\u00a0\u00a0\u00a0 Manolescu, Nicolae,, Metamorfozele poeziei, Editura pentru Literatur\u0103, Bucure\u0219ti, 1968.<\/p>\n<p>\u00a0\u00a0\u00a0 Manolescu, Nicoale, Un mare poet, \u00een Rom\u00e2nia literar\u0103, nr. 48, 1976.<\/p>\n<p>\u00a0\u00a0\u00a0 Manu, Emil, \u201eUn dor f\u0103r\u0103 sa\u021biu\u201d, \u00een S\u0103pt\u0103m\u00e2na, nr. 306, 15 oct. 1976.<\/p>\n<p>\u00a0\u00a0\u00a0 Micu, Dumitru, Poezia \u201eDorului f\u0103r\u0103 sa\u021biu\u201d, \u00een Contemporanul, nr. 1 (1574), 7 ian. 1977.<\/p>\n<p>\u00a0\u00a0\u00a0 Mih\u0103ilescu, Dan C., \u00centreb\u0103rile poeziei, Editura Cartea Rom\u00e2neasc\u0103, Bucure\u0219ti, 1988.<\/p>\n<p>\u00a0\u00a0\u00a0 Mioc, Simion, Structuri literare, Editura Facla, Timi\u0219oara, 1981.<\/p>\n<p>\u00a0\u00a0\u00a0 Moraru, Cristian, Ceremonia textului, Editura Eminescu, Bucure\u0219ti, 1985.<\/p>\n<p>\u00a0\u00a0\u00a0 Papu, Edgar, Emil Botta \u201e\u00centunecatul April\u201d, \u00een G\u00e2nd rom\u00e2nesc, an VI, nr. 1-2, ian.-febr., 1938.<\/p>\n<p>\u00a0\u00a0\u00a0 Perpessicius, Opere, vol. 10, Editura Minerva, Bucure\u0219ti, 1979.<\/p>\n<p>\u00a0\u00a0\u00a0 Piru, Al., Istoria literaturii rom\u00e2ne de la \u00eenceput p\u00e2n\u0103 azi, Ed. Univers, Bucure\u0219ti, 1981.<\/p>\n<p>\u00a0\u00a0\u00a0 Pop, Ion, Lecturi fragmentare, Editura Eminescu, Bucure\u0219ti, 1983.<\/p>\n<p>\u00a0\u00a0\u00a0 Pop, Ion, Transcrieri, Editura Dacia, Cluj-Napoca, 1976.<\/p>\n<p>\u00a0\u00a0\u00a0 Sebastian, Mihail, Emil Botta: \u201e\u00centunecatul April\u201d, \u00een Reporter, 11 iulie 1937, an V, nr. 21.<\/p>\n<p>\u00a0\u00a0\u00a0 Simion, Eugen, Scriitori rom\u00e2ni de azi, vol. I, Editura Cartea Rom\u00e2neasc\u0103, Bucure\u0219ti, 1978. 454<\/p>\n<p>\u00a0\u00a0\u00a0 Simion, Eugen, Scriitori rom\u00e2ni de azi, vol. II, Editura David-Litera, Bucure\u0219ti-Chi\u0219in\u0103u, 1998.<\/p>\n<p>\u00a0\u00a0\u00a0 Streinu, Vladimir, Pagini de critic\u0103 literar\u0103, vol. I, Editura pentru Literatur\u0103, Bucure\u0219ti, 1968.<\/p>\n<p>\u00a0\u00a0\u00a0 Streinu, Vladimir, Semne noi de lirism, \u00een Revista Funda\u021biilor Regale, an IV, 1 sept. 1937, nr.9.<\/p>\n<p>\u00a0\u00a0\u00a0 Uricariu, Doina &#8211; Prefa\u021ba la Emil Botta Le chevalier a l\u2019escargot d\u2019or \/Cavalerul cu melc de aur, Editura Minerva, 1985<\/p>\n<p>\u00a0\u00a0\u00a0 Uricariu, Doina &#8211; Prefa\u021b\u0103, note, tabel bio-bibliografic \u0219i bibliografie selectiv\u0103 la Emil Botta \u2013 interpretat de&#8230; Editura Eminescu, 1986.<\/p>\n<p>\u00a0\u00a0\u00a0 Uricariu, Doina &#8211; Ecor\u0219euri: Structuri \u0219i valori ale poeziei rom\u00e2ne\u0219ti moderne, Editura Cartea Rom\u00e2neasc\u0103, 1990. Eseuri \u0219i studii despre literatura rom\u00e2n\u0103 interbelic\u0103, privit\u0103 \u00een contextul crea\u021biei \u0219i mentalit\u0103\u021bii europene.<\/p>\n<p>\u00a0\u00a0\u00a0 Uricariu, Doina &#8211; Apocrife despre Emil Botta, Editura Universalia, Bucure\u0219ti, 2001, ISBN 973-99880-0-1<\/p>\n<p>De la Wikipedia, enciclopedia liber\u0103<\/p>\n<p>\u00a0<\/p>\n<p>\u00a0<\/p>\n<p>\u00a0<\/p>\n<p>\u00a0<\/p>\n<hr>\n<div class=\"bloc-widget widget-rosu\">\n<p>\u00cen lipsa unui acord scris din partea Ziarului de Vrancea, pute\u0163i prelua maxim 500 de caractere din acest articol dac\u0103 preciza\u0163i sursa \u015fi insera\u0163i vizibil link-ul articolului:\u00a0<span>#insertcurrentlinkhere<\/span><\/p>\n<\/div>\n<div class=\"extra-articol listing-anunturi\">\n<h6>Anun\u021buri <span class=\"text-primary\">ZdV<\/span> Premium<\/h6>\n<div class=\"row\">\n<div class=\"col-lg-4 col-md-6 bloc-egal\"><a class=\"card-anunt\" href=\"https:\/\/ziaruldevrancea.ro\/anunturi\/imobiliare\/vanzari-terenuri\/vand-teren-in-panciu\"><strong class=\"titlu\">V\u00e2nz\u0103ri terenuri<\/strong><span class=\"text-anunt\">Teren Panciu 1170 mp, cu num\u0103r cas\u0103, ap\u0103&#8230;<\/span><span class=\"data-anunt\">29.07.2026  <\/span><\/a><\/div>\n<div class=\"col-lg-4 col-md-6 bloc-egal\"><a class=\"card-anunt\" href=\"https:\/\/ziaruldevrancea.ro\/anunturi\/necrolog\/decese\/drum-lin-catre-ingeri-in-Imparatia-bunului-dumnezeu\"><strong class=\"titlu\">Decese<\/strong><span class=\"text-anunt\">At\u00e2t de fulger\u0103tor&#8230;incredibil!<\/p>\n<p>Tat\u0103l&#8230;<\/span><span class=\"data-anunt\">28.07.2026  <\/span><\/a><\/div>\n<div class=\"col-lg-4 col-md-6 bloc-egal\"><a class=\"card-anunt\" href=\"https:\/\/ziaruldevrancea.ro\/anunturi\/necrolog\/decese\/dumnezeu-sa-o-aseze-in-randul-celor-drepti\"><strong class=\"titlu\">Decese<\/strong><span class=\"text-anunt\">Cu profund\u0103 durere, familia anun\u021b\u0103 trecerea la&#8230;<\/span><span class=\"data-anunt\">28.07.2026  <\/span><\/a><\/div>\n<\/div>\n<\/div>\n<div class=\"extra-articol alte-articole\">\n<div class=\"row\">\n<div class=\"col-lg-6 bloc-egal\">\n<div class=\"card articol-listing\">\n<h6>\u00cen categoria <a href=\"https:\/\/ziaruldevrancea.ro\/timp-liber\">Timp Liber<\/a><\/h6>\n<div class=\"grup-articol-listing\">\n<div class=\"cont-pils\"><a href=\"https:\/\/ziaruldevrancea.ro\/timp-liber\/horoscop-29-iulie-2026\"><img decoding=\"async\" src=\"https:\/\/zdvi.cname.ro\/180_135\/timp-liber\/horoscop-29-iulie-2026\/mediaPool\/uA8enxT.jpg\" class=\"img-responsive img-180\" alt><\/a><\/div>\n<h2><a class=\"link-titlu\" href=\"https:\/\/ziaruldevrancea.ro\/timp-liber\/horoscop-29-iulie-2026\">Horoscop 29 iulie 2026 <\/a><\/h2>\n<div class=\"date-post\"><a href=\"https:\/\/ziaruldevrancea.ro\/autor\/rodica-condurache\">Rodica Condurache<\/a>, 29 iul 2026  <\/div>\n<\/div>\n<div class=\"grup-articol-listing\">\n<div class=\"cont-pils\"><a href=\"https:\/\/ziaruldevrancea.ro\/timp-liber\/calendarul-zilei-de-29-iulie-de-la-primul-desteapta-te-romane-la-prima-medalie-olimpica-de-aur-a-romaniei.-reperele-zilei-pe-care-si-vrancenii-merita-sa-le-cunoasca\"><img decoding=\"async\" src=\"https:\/\/zdvi.cname.ro\/180_135\/timp-liber\/calendarul-zilei-de-29-iulie-de-la-primul-desteapta-te-romane-la-prima-medalie-olimpica-de-aur-a-romaniei.-reperele-zilei-pe-care-si-vrancenii-merita-sa-le-cunoasca\/mediaPool\/uvmQvr7.png\" class=\"img-responsive img-180\" alt><\/a><\/div>\n<h2><a class=\"link-titlu\" href=\"https:\/\/ziaruldevrancea.ro\/timp-liber\/calendarul-zilei-de-29-iulie-de-la-primul-desteapta-te-romane-la-prima-medalie-olimpica-de-aur-a-romaniei.-reperele-zilei-pe-care-si-vrancenii-merita-sa-le-cunoasca\">Calendarul zilei de 29 iulie: de la primul \u201eDe\u0219teapt\u0103-te, rom\u00e2ne\u201d la prima medalie olimpic\u0103 de aur a Rom\u00e2niei. Reperele zilei pe care \u0219i vr\u00e2ncenii merit\u0103 s\u0103 le cunoasc\u0103<\/a><\/h2>\n<div class=\"date-post\"><a href=\"https:\/\/ziaruldevrancea.ro\/autor\/rodica-condurache\">Rodica Condurache<\/a>, 29 iul 2026  <\/div>\n<\/div>\n<div class=\"grup-articol-listing\">\n<div class=\"cont-pils\"><a href=\"https:\/\/ziaruldevrancea.ro\/timp-liber\/calendarul-zilei-de-28-iulie-ziua-in-care-a-inceput-primul-razboi-mondial.-evenimente-care-au-schimbat-lumea-personalitati-marcante-nascute-in-aceasta-zi-si-figuri-importante-care-au-ramas-in-istorie\"><img decoding=\"async\" src=\"https:\/\/zdvi.cname.ro\/180_135\/timp-liber\/calendarul-zilei-de-28-iulie-ziua-in-care-a-inceput-primul-razboi-mondial.-evenimente-care-au-schimbat-lumea-personalitati-marcante-nascute-in-aceasta-zi-si-figuri-importante-care-au-ramas-in-istorie\/mediaPool\/udFETKi.jpg\" class=\"img-responsive img-180\" alt><\/a><\/div>\n<h2><a class=\"link-titlu\" href=\"https:\/\/ziaruldevrancea.ro\/timp-liber\/calendarul-zilei-de-28-iulie-ziua-in-care-a-inceput-primul-razboi-mondial.-evenimente-care-au-schimbat-lumea-personalitati-marcante-nascute-in-aceasta-zi-si-figuri-importante-care-au-ramas-in-istorie\">Calendarul zilei de 28 iulie: Ziua \u00een care a \u00eenceput Primul R\u0103zboi Mondial. Evenimente care au schimbat lumea, personalit\u0103\u021bi marcante n\u0103scute \u00een aceast\u0103 zi \u0219i figuri importante care au r\u0103mas \u00een istorie<\/a><\/h2>\n<div class=\"date-post\"><a href=\"https:\/\/ziaruldevrancea.ro\/autor\/rodica-condurache\">Rodica Condurache<\/a>, 28 iul 2026  <\/div>\n<\/div>\n<\/div>\n<\/div>\n<div class=\"col-lg-6 bloc-egal\">\n<div class=\"card articol-listing\">\n<h6>De acela\u0219i <a href=\"https:\/\/ziaruldevrancea.ro\/autor\/ziarul-de-vrancea\/\">autor<\/a><\/h6>\n<div class=\"grup-articol-listing\">\n<div class=\"cont-pils\"><a href=\"https:\/\/ziaruldevrancea.ro\/special\/educatie\/astazi-despre-academicianul-victor-babes---autorul-primului-tratat-de-bacteriologie-din-lume-prin-care-a-pus-bazele-moderne-ale-acestei-stiinte\"><img decoding=\"async\" src=\"https:\/\/zdvi.cname.ro\/180_135\/special\/educatie\/astazi-despre-academicianul-victor-babes---autorul-primului-tratat-de-bacteriologie-din-lume-prin-care-a-pus-bazele-moderne-ale-acestei-stiinte\/mediaPool\/upS8Rte.jpg\" class=\"img-responsive img-180\" alt><\/a><\/div>\n<h2><a class=\"link-titlu\" href=\"https:\/\/ziaruldevrancea.ro\/special\/educatie\/astazi-despre-academicianul-victor-babes---autorul-primului-tratat-de-bacteriologie-din-lume-prin-care-a-pus-bazele-moderne-ale-acestei-stiinte\">Ast\u0103zi despre fondatorul \u0219colii rom\u00e2ne\u0219ti de microbiologie: academicianul Victor Babe\u0219 &#8211; autorul primului tratat de bacteriologie din lume prin care a pus bazele moderne ale acestei \u0219tiin\u021be <\/a><\/h2>\n<div class=\"date-post\"><a href=\"https:\/\/ziaruldevrancea.ro\/#comentarii\" class=\"pull-right\"> 1<\/a><a href=\"https:\/\/ziaruldevrancea.ro\/autor\/ziarul-de-vrancea\">Ziarul de Vrancea<\/a>, 28 iul 2026  <\/div>\n<\/div>\n<div class=\"grup-articol-listing\">\n<div class=\"cont-pils\"><a href=\"https:\/\/ziaruldevrancea.ro\/timp-liber\/astazi-despre-alexandru-tocilescu---primul-regizor-roman-care-a-primit-o-stea-pe-aleea-celebritatilor\"><img decoding=\"async\" src=\"https:\/\/zdvi.cname.ro\/180_135\/timp-liber\/astazi-despre-alexandru-tocilescu---primul-regizor-roman-care-a-primit-o-stea-pe-aleea-celebritatilor\/mediaPool\/umQGrTM.jpg\" class=\"img-responsive img-180\" alt><\/a><\/div>\n<h2><a class=\"link-titlu\" href=\"https:\/\/ziaruldevrancea.ro\/timp-liber\/astazi-despre-alexandru-tocilescu---primul-regizor-roman-care-a-primit-o-stea-pe-aleea-celebritatilor\">Ast\u0103zi despre: Alexandru Tocilescu &#8211; unul dintre cei mai aprecia\u021bi regizori de teatru. Primul regizor rom\u00e2n care a primit o stea pe Aleea Celebrit\u0103\u021bilor<\/a><\/h2>\n<div class=\"date-post\"><a href=\"https:\/\/ziaruldevrancea.ro\/autor\/ziarul-de-vrancea\">Ziarul de Vrancea<\/a>, 27 iul 2026  <\/div>\n<\/div>\n<div class=\"grup-articol-listing\">\n<div class=\"cont-pils\"><a href=\"https:\/\/ziaruldevrancea.ro\/timp-liber\/horoscop-27-iulie-2-august-2026\"><img decoding=\"async\" src=\"https:\/\/zdvi.cname.ro\/180_135\/timp-liber\/horoscop-27-iulie-2-august-2026\/mediaPool\/ucW7BQP.jpg\" class=\"img-responsive img-180\" alt><\/a><\/div>\n<h2><a class=\"link-titlu\" href=\"https:\/\/ziaruldevrancea.ro\/timp-liber\/horoscop-27-iulie-2-august-2026\">Horoscop 27 iulie-2 august 2026<\/a><\/h2>\n<div class=\"date-post\"><a href=\"https:\/\/ziaruldevrancea.ro\/#comentarii\" class=\"pull-right\"> 8<\/a><a href=\"https:\/\/ziaruldevrancea.ro\/autor\/ziarul-de-vrancea\">Ziarul de Vrancea<\/a>, 27 iul 2026  <\/div>\n<\/div>\n<\/div>\n<\/div>\n<\/div>\n<\/div>\n<div class=\"extra-articol listing-anunturi\">\n<h6>Anun\u021buri <span class=\"text-primary\">ZdV<\/span> Premium<\/h6>\n<div class=\"row\">\n<div class=\"col-lg-4 col-md-6 bloc-egal\"><a class=\"card-anunt\" href=\"https:\/\/ziaruldevrancea.ro\/anunturi\/imobiliare\/vanzari-case\/vand-casa-si-teren-in-panciu-anunt-72818\"><strong class=\"titlu\">V\u00e2nz\u0103ri case<\/strong><span class=\"text-anunt\">V\u00e2nd cas\u0103 cu 2 camere, buc\u0103t\u0103rie, baie,&#8230;<\/span><span class=\"data-anunt\">23.07.2026  <\/span><\/a><\/div>\n<div class=\"col-lg-4 col-md-6 bloc-egal\"><a class=\"card-anunt\" href=\"https:\/\/ziaruldevrancea.ro\/anunturi\/angajari\/cereri-angajari\/doresc-angajare-anunt-72815\"><strong class=\"titlu\">Cereri<\/strong><span class=\"text-anunt\">Doresc s\u0103 am grij\u0103 de un copil de gradini\u021b\u0103&#8230;<\/span><span class=\"data-anunt\">21.07.2026  <\/span><\/a><\/div>\n<div class=\"col-lg-4 col-md-6 bloc-egal\"><a class=\"card-anunt\" href=\"https:\/\/ziaruldevrancea.ro\/anunturi\/inchirieri\/locuinte-oferte\/primesc-in-gazda-anunt-72816\"><strong class=\"titlu\">Locuin\u021be oferte<\/strong><span class=\"text-anunt\">\u00a0Primesc \u00een gazd\u0103 la cas\u0103.<\/p>\n<p>Tel&#8230;.<\/span><span class=\"data-anunt\">21.07.2026  <\/span><\/a><\/div>\n<\/div>\n<\/div>\n<div class=\"bloc-widget widget-albastru\">\n    Ziarul de Vrancea \u00a0nu este responsabil juridic pentru con\u0163inutul textelor din comentariile de mai jos. Responsabilitatea pentru mesajele dumneavoastra v\u0103 revine \u00een exclusivitate.\n<\/div>\n<div class=\"comentarii-articol\" id=\"comentarii\">\n<h3>Comentarii: <span class=\"text-primary\">0<\/span><\/h3>\n<p><a href=\"https:\/\/ziaruldevrancea.ro\/timp-liber\/astazi-despre-vranceanul-emil-botta---poet-prozator-si-actor\" class=\"btn btn-success btn-adauga-com\" data-toggle=\"modal\" data-parent=\"0\" data-target=\"#commentModal\">Adaug\u0103 comentariu<\/a><\/p>\n<div class=\"loadMask comments-mask\"><img decoding=\"async\" src=\"https:\/\/zdvs.cname.ro\/images\/loader_40.gif\"><\/div>\n<div class=\"comenteaza-jos\">Trebuie s\u0103 fii <a href=\"https:\/\/ziaruldevrancea.ro\/account\">autentificat<\/a> pentru a putea <a href=\"https:\/\/ziaruldevrancea.ro\/timp-liber\/astazi-despre-vranceanul-emil-botta---poet-prozator-si-actor\" class data-toggle=\"modal\" data-parent=\"0\" data-target=\"#commentModal\">posta un comentariu<\/a>.<\/div>\n<\/div>\n<div class=\"modal fade\" id=\"commentModal\" role=\"dialog\" aria-labelledby=\"commentModalLabel\">\n<div class=\"modal-dialog modal-lg\" role=\"document\">\n<div class=\"modal-content\">\n<div class=\"modal-header\">\n<h3 class=\"modal-title\" id=\"commentModalLabel\">Comenteaz\u0103<\/h3>\n<\/div>\n<div class=\"modal-body\">\n<div class=\"tabel tabel-full\">\n<div class=\"celula\">\n              Trebuie s\u0103 fii <a href=\"https:\/\/ziaruldevrancea.ro\/account\">autentificat<\/a> pentru a putea posta un comentariu.\n            <\/div>\n<\/div>\n<\/div>\n<div class=\"modal-footer\">\n<div id=\"commentPending\" class=\"formPending pull-left\"><img decoding=\"async\" src=\"https:\/\/zdvs.cname.ro\/images\/loader_40.gif\"> In curs de procesare&#8230;<\/div>\n<p><a href=\"https:\/\/ziaruldevrancea.ro\/timp-liber\/astazi-despre-vranceanul-emil-botta---poet-prozator-si-actor\" class=\"btn btn-default\" data-dismiss=\"modal\">Anuleaz\u0103<\/a><\/div>\n<\/div>\n<\/div>\n<\/div>\n<div class=\"modal fade\" id=\"commentReportModal\" role=\"dialog\" aria-labelledby=\"commentReportModalLabel\">\n<div class=\"modal-dialog modal-lg\" role=\"document\">\n<div class=\"modal-content\">\n<div class=\"modal-header\">\n<h3 class=\"modal-title\" id=\"commentReportModalLabel\">Raporteaza comentariu<\/h3>\n<\/div>\n<div class=\"modal-body\">\n<div class=\"tabel tabel-full\">\n<div class=\"celula\">\n              Trebuie s\u0103 fii <a href=\"https:\/\/ziaruldevrancea.ro\/account\">autentificat<\/a> pentru a putea raporta un comentariu.\n            <\/div>\n<\/div>\n<\/div>\n<div class=\"modal-footer\">\n<div id=\"commentReportPending\" class=\"formPending pull-left\"><img decoding=\"async\" src=\"https:\/\/zdvs.cname.ro\/images\/loader_40.gif\"> In curs de procesare&#8230;<\/div>\n<p><a href=\"https:\/\/ziaruldevrancea.ro\/timp-liber\/astazi-despre-vranceanul-emil-botta---poet-prozator-si-actor\" class=\"btn btn-default\" data-dismiss=\"modal\">Anuleaz\u0103<\/a><\/div>\n<\/div>\n<\/div>\n<\/div>\n<div class=\"modal fade\" id=\"commentLikeModal\" role=\"dialog\" aria-labelledby=\"commentLikeModalLabel\">\n<div class=\"modal-dialog modal-lg\" role=\"document\">\n<div class=\"modal-content\">\n<div class=\"modal-header\">\n<h3 class=\"modal-title\" id=\"commentReportModalLabel\">Apreciaza comentariu<\/h3>\n<\/div>\n<div class=\"modal-body\">\n<div class=\"tabel tabel-full\">\n<div class=\"celula\">\n            Trebuie s\u0103 fii <a href=\"https:\/\/ziaruldevrancea.ro\/account\">autentificat<\/a> pentru a putea aprecia un comentariu.\n          <\/div>\n<\/div>\n<\/div>\n<div class=\"modal-footer\"><a href=\"https:\/\/ziaruldevrancea.ro\/timp-liber\/astazi-despre-vranceanul-emil-botta---poet-prozator-si-actor\" class=\"btn btn-default\" data-dismiss=\"modal\">Anuleaz\u0103<\/a><\/div>\n<\/div>\n<\/div>\n<\/div>\n<div class=\"bloc-widget widget-rosu\"><span><small>Ziarul de Vrancea doreste ca acest site sa fie un spatiu al discutiilor civilizate, al comentariilor de bun simt. Din acest motiv, cei care posteaza comentarii la articole trebuie sa respecte urmatoarele reguli:<br \/>\n1. Sa se refere doar la articolul la care posteaza comentarii.<br \/>\n2. Sa foloseasca un limbaj civilizat, fara injurii, calomnii, comentarii antisemite, xenofobe sau rasiste.<br \/>\n3. Sunt interzise atacurile la adresa autorilor, daca acestea nu au legatura cu textul.<br \/>\n4. Username-ul sa nu fie nume de personalitati ale vietii publice sau parodieri ale acestora.<br \/>\nAutorul unui articol poate fi criticat pentru eventuale greseli, incoerenta, lipsa de documentare etc.<br \/>\nNerespectarea regulilor mentionate mai sus va duce la stergerea comentariilor, fara avertisment si fara explicatii.<br \/>\nAbaterile repetate vor avea drept consecinta interdictia accesului la aceasta facilitate a site-ului.<\/small><\/span><\/div>\n<\/div>\n<p>[analyse_source url=&#8221;https:\/\/ziaruldevrancea.ro\/timp-liber\/astazi-despre-vranceanul-emil-botta&#8212;poet-prozator-si-actor&#8221;]<\/p>\n","protected":false},"excerpt":{"rendered":"<p>[analyse_image type=&#8221;featured&#8221; src=&#8221;https:\/\/zdvi.cname.ro\/_\/astazi-despre-vranceanul-emil-botta&#8212;poet-prozator-si-actor\/mediaPool\/uq9hH0U.PNG&#8221;] Timp Liber Ast\u0103zi despre actorul vr\u00e2ncean Emil Botta &#8211; o personalitate marcant\u0103 mistuit\u0103 de umbrele misterului. A fost \u0219i prozator, dar \u0219i poet, preferat al genera\u021biei Criterion Distribuie: \u00a0 | Ziarul de Vrancea 24 iul 202612132 vizualiz\u0103ri Emil Botta (n. 15 septembrie 1911, Adjud, Rom\u00e2nia \u2013 d. 24 iulie 1977 Bucure\u0219ti, RS [&hellip;]<\/p>\n","protected":false},"author":1,"featured_media":0,"comment_status":"open","ping_status":"","sticky":false,"template":"","format":"standard","meta":{"footnotes":""},"categories":[89],"tags":[226,208],"class_list":["post-2067710","post","type-post","status-publish","format-standard","hentry","category-romania","tag-crawlmanager","tag-ziaruldevrancea-ro"],"_links":{"self":[{"href":"https:\/\/analyse.optim.biz\/index.php?rest_route=\/wp\/v2\/posts\/2067710","targetHints":{"allow":["GET"]}}],"collection":[{"href":"https:\/\/analyse.optim.biz\/index.php?rest_route=\/wp\/v2\/posts"}],"about":[{"href":"https:\/\/analyse.optim.biz\/index.php?rest_route=\/wp\/v2\/types\/post"}],"author":[{"embeddable":true,"href":"https:\/\/analyse.optim.biz\/index.php?rest_route=\/wp\/v2\/users\/1"}],"replies":[{"embeddable":true,"href":"https:\/\/analyse.optim.biz\/index.php?rest_route=%2Fwp%2Fv2%2Fcomments&post=2067710"}],"version-history":[{"count":0,"href":"https:\/\/analyse.optim.biz\/index.php?rest_route=\/wp\/v2\/posts\/2067710\/revisions"}],"wp:attachment":[{"href":"https:\/\/analyse.optim.biz\/index.php?rest_route=%2Fwp%2Fv2%2Fmedia&parent=2067710"}],"wp:term":[{"taxonomy":"category","embeddable":true,"href":"https:\/\/analyse.optim.biz\/index.php?rest_route=%2Fwp%2Fv2%2Fcategories&post=2067710"},{"taxonomy":"post_tag","embeddable":true,"href":"https:\/\/analyse.optim.biz\/index.php?rest_route=%2Fwp%2Fv2%2Ftags&post=2067710"}],"curies":[{"name":"wp","href":"https:\/\/api.w.org\/{rel}","templated":true}]}}