{"id":2067709,"date":"2026-07-23T00:00:00","date_gmt":"2026-07-22T21:00:00","guid":{"rendered":"https:\/\/analyse.optim.biz\/?p=2067709"},"modified":"2026-07-23T00:00:00","modified_gmt":"2026-07-22T21:00:00","slug":"astazi-despre-cel-mai-complex-chirurg-roman-al-epocii-sale-dan-setlacec-format-la-scoala-grigore-t-popa-si-a-chirurgilor-amza-jianu-nicolae-hortolomei-si-ion-juvara-chirirgul-care-a-abordat-toat","status":"publish","type":"post","link":"https:\/\/analyse.optim.biz\/?p=2067709","title":{"rendered":"Ast\u0103zi despre: Cel mai complex chirurg rom\u00e2n al epocii sale: Dan Setlacec. Format la \u0219coala Grigore T. Popa \u0219i a chirurgilor Amza Jianu, Nicolae Hortolomei \u0219i Ion Juvara. Chirirgul care a abordat toat\u0103 gama interven\u021biilor cunoscute \u00een chirurgia general\u0103"},"content":{"rendered":"<p>[analyse_image type=&#8221;featured&#8221; src=&#8221;https:\/\/zdvi.cname.ro\/_\/astazi-despre-cel-mai-complex-chirurg-al-epocii-sale-dan-setlacec\/mediaPool\/uicuNmq.jpg&#8221;]<\/p>\n<div class=\"main-content detaliu-articol\"><a class=\"titlu-cat-list\" href=\"https:\/\/ziaruldevrancea.ro\/timp-liber\">Timp Liber<\/a><\/p>\n<h1>Ast\u0103zi despre: Cel mai complex chirurg rom\u00e2n al epocii sale: Dan Setlacec. Format la \u0219coala Grigore T. Popa \u0219i a chirurgilor Amza Jianu, Nicolae Hortolomei \u0219i Ion Juvara. Chirirgul care a abordat toat\u0103 gama interven\u021biilor cunoscute \u00een chirurgia general\u0103 <\/h1>\n<div class=\"date-articol clearfix\">\n<div class=\"distribuie-articol dropdown\">\n    Distribuie: \u00a0<br \/>\n    <em>|<\/em><\/div>\n<div class=\"autor-articol\"><a href=\"https:\/\/ziaruldevrancea.ro\/autor\/ziarul-de-vrancea\/\"><img decoding=\"async\" class=\"img-circle\" src=\"https:\/\/zdvi.cname.ro\/50_50\/articleAuthor\/ziarul-de-vrancea\/articleAuthor\/uMPfPxc.jpg\" alt><\/a><\/p>\n<h5><a href=\"https:\/\/ziaruldevrancea.ro\/autor\/ziarul-de-vrancea\/\">Ziarul de Vrancea<\/a><\/h5>\n<div class=\"grup-spatiere\"><span class=\"cu-spatiere\">23 iul 2026<\/span><span class=\"cu-spatiere\">6797 vizualiz\u0103ri<\/span><\/div>\n<\/div>\n<\/div>\n<div class=\"poza-mare\"><a href class=\"openGallery\"><img decoding=\"async\" class=\"img-responsive\" src=\"https:\/\/zdvi.cname.ro\/850_530\/astazi-despre-cel-mai-complex-chirurg-al-epocii-sale-dan-setlacec\/article\/mediaPool\/uicuNmq.jpg\" alt><\/a><\/div>\n<p>Dan Setlacec (n. 2 octombrie 1921, Bucure\u0219ti \u2013 d. 23 iulie 2009, Bucure\u0219ti) a fost un medic rom\u00e2n, profesor de chirurgie la Facultatea de Medicin\u0103 din Bucure\u0219ti.<\/p>\n<p>Profesorul Dan Setlacec a fost una din cele mai mari personalit\u00e3ti ale<br \/>\nchirurgiei rom\u00e2nesti. Maestru al artei operatorii, dascal ne\u00eentrecut si<br \/>\ncreator de scoal\u00e3 chirurgical\u00e3, autor a numeroase comunic\u00e3ri, articole,<br \/>\nmanuale si tratate de specialitate. Pionier al chirurgiei cardiace, al<br \/>\nanesteziei si reanim\u00e3rii \u00een Rom\u00e2nia.<\/p>\n<p> Mai presus de toate, \u00eens\u00e3, om de vast\u00e3 cultur\u00e3, promotor al<br \/>\nnoului si iubitor al progresului, o personalitate care stia s\u00e3 domine<br \/>\ndar s\u00e3 si atrag\u00e3, s\u00e3 stimuleze, dar s\u00e3 si \u00eendemne la reflectie.<\/p>\n<p> S-a n\u00e3scut la 2 octombrie 1921 \u00een Bucuresti, unde a urmat<br \/>\ncursurile liceului \u201cIon Neculce\u201d si apoi ale Facult\u00e3tii de Medicin\u00e3, pe<br \/>\ncare a terminat-o \u00een 1946.<\/p>\n<p> Deoarece \u00eenv\u00e3t\u00e3m\u00e2ntul medical era organizat dup\u00e3 modelul<br \/>\nfrancez, examenul cel mai important era considerat cel de internat, \u00een<br \/>\nurma c\u00e3ruia se selectau, de regul\u00e3, si viitoarele cadre universitare.<\/p>\n<p> Reusind primul la acest concurs, t\u00e2n\u00e3rul Dan Setlacec are ocazia<br \/>\ns\u00e3 lucreze cu cei mai mari profesori de chirurgie ai vremii: Alexandru<br \/>\nCos\u00e3cescu, Dumitru Vereanu, Amza Jianu, Ion Turai dar, mai ales, cu<br \/>\nmarele sef de scoal\u00e3 chirurgical\u00e3 care a fost Acad. Prof. Dr. Nicolae<br \/>\nHortolomei.<\/p>\n<p> Acesta din urm\u00e3 \u00eei intuieste calit\u00e3tile si \u00eel numeste preparator<br \/>\n\u00een Clinica de Chirurgie Coltea, pe care o conducea. \u00een aceast\u00e3 clinic\u00e3<br \/>\nse efectuau operatii deosebit de complexe, din toate ramurile chirurgiei<br \/>\n (unele nici nu existau ca specialit\u00e3ti de sine st\u00e3t\u00e3toare la data<br \/>\nrespectiv\u00e3), dar exista si un laborator de cercetare experimental\u00e3<br \/>\nfoarte bine dotat si \u00een care se lucra intens. Din colectiv mai f\u00e3ceau<br \/>\nparte Voinea Marinescu, Ion Juvara, Tiberiu Ghitescu, George Litarczek,<br \/>\nIon Busu, Nicolae Enescu, stefan Roman, Mihai St\u00e3ncescu, etc<\/p>\n<p>\u00a0<\/p>\n<p>Dan Setlacec s-a n\u0103scut la 2 octombrie 1921 \u00een Bucure\u0219ti, fiind fiul lui Ion Setlacec, magistrat \u0219i fost pre\u0219edinte al Consiliului Legislativ al Rom\u00e2niei. Dup\u0103 absolvirea Liceului &#8220;Ion Neculce&#8221;, a urmat cursurile Facult\u0103\u021bii de Medicin\u0103 din Bucure\u0219ti \u00eentre anii 1940 \u0219i 1946. \u00cen anul 1949 a ob\u021binut titlul de doctor \u00een medicin\u0103.<\/p>\n<p>S-a orientat de timpuriu spre chirurgie, efectu\u00e2nd \u00een anii 1943-1949 stagii \u00een clinicile chirurgicale ca extern \u0219i intern prin concurs. \u00cen anul 1949 \u0219i-a \u00eenceput cariera \u00een \u00eenv\u0103\u021b\u0103m\u00e2ntul superior, fiind numit preparator la clinica chirurgical\u0103 a Spitalului Col\u021bea condus\u0103 de profesorul Nicolae Hortolomei. \u00cenc\u0103 din 1953, Dan Setlacec a fost inclus \u00een echipa de chirurgie cardiac\u0103 (disciplin\u0103 chirurgical\u0103 \u00een plin\u0103 dezvoltare pe atunci) condus\u0103 de prof. Hortolomei.<\/p>\n<p>A parcurs treptat toate treptele activit\u0103\u021bii didactice. \u00cencep\u00e2nd din anul 1960 a lucrat \u00een clinica chirurgical\u0103 de la Spitalul Fundeni din Bucure\u0219ti unde, \u00een anul 1964, a fost numit profesor titular \u0219i director al clinicii de chirurgie general\u0103, pe care a condus-o p\u00e2n\u0103 la pensionarea sa \u00een anul 1987.<\/p>\n<p>\u00a0Chirurgia cardiac\u00e3, aflat\u00e3 chiar si pe plan mondial \u00een stadiul de pionierat, a fost abordat\u0103 de viitorul profesor Dan Setlacec\u00a0 al\u00e3turi de Nicolae Hortolomei si Voinea Marinescu.<\/p>\n<p>Pentru aceasta au trebuit \u00eens\u00e3 mai \u00eent\u00e2i puse la punct bazele experimentale si teoretice, nu numai pentru partea chirurgical\u00e3, \u00een sine, dar si pentru cea de anestezie si reechilibrare hidroelectrolitic\u00e3 (\u00een am\u00e2ndou\u00e3 a f\u00e3cut pionierat \u00eempreun\u00e3 cu George Litarczek), pentru hipotermie si circulatia extracorporeal\u00e3, etc.<\/p>\n<p>Profesorul Dan Setlacec este cel care e efectuat primele interventii chirurgicale pentru stenoza mitral\u00e3 din Rom\u00e2nia, mai \u00eent\u00e2i prin toracotomie st\u00e2ng\u00e3, apoi prin toracotomie dreapt\u00e3.<\/p>\n<p>A abordat si defectele congenitale cardiace, utiliz\u00e2nd mai \u00eent\u00e2i chirurgia pe cord \u00eenchis. \u00eentre timp, \u00eens\u00e3, \u00eempreun\u00e3 cu Prof. George Litarczek a pus la punct metoda hipotermiei, ceea ce i-a permis s\u00e3 abordeze aceeasi gam\u00e3 de interventii pe cord deschis.<\/p>\n<p>\u00een anul 1959 profesorul Voinea Marinescu, care era si Ministrul S\u00e3n\u00e3t\u00e3tii, a decis mutarea Clinicii de la Coltea la Spitalul Fundeni, o cl\u00e3dire impozant\u00e3 si foarte modern\u00e3 pentru acea dat\u00e3, dar la care trebuiau f\u00e3cute numeroase amenaj\u00e3ri, \u00eentruc\u00e2t initial avea o alt\u00e3 destinatie. Profesorul Dan Setlacec a participat cu entuziasm la organizarea si dotarea blocului operator, precum si a sectiei de chirurgie. In afara chirurgiei cardio-vasculare (din colectivul c\u00e3reia f\u00e3ceau parte Voinea Marinescu, Marian si Ludovic Ionescu, Bradu Fotiade, Radul Deac si altii), a fost \u00eenfiintat\u00e3 si o sectie de chirurgie general\u00e3.<\/p>\n<p>Din anul 1964, profesorului Dan Setlacec i s-a \u00eencredintat conducerea Clinicii de Chirurgie General\u00e3, din care mai f\u00e3ceau parte Dan Gerota (devenit apoi sef de sectie la Spitalul Grivita), Gheorghe Niculiu, Mihai St\u00e3ncescu (viitor profesor \u00een Clinica Chirurgical\u00e3 Fundeni), Nicu Florea Panait, Nicolae Enescu, Gheorghe Popa si Andrei Popovici (viitor profesor \u00een Clinica Chirurgical\u00e3 Fundeni).<\/p>\n<p>P\u00e2n\u00e3 la retragerea sa din activitate, \u00een 1987, profesorul Setlacec a condus aceast\u00e3 Clinic\u00e3, f\u00e3c\u00e2nd-o s\u00e3 devin\u00e3 una dintre cele mai reputate clinici de chirurgie din Rom\u00e2nia<\/p>\n<p>Dan Setlacec a fost cel care a efectuat primele interven\u021bii chirurgicale pentru stenoza mitral\u0103 \u00een Rom\u00e2nia. Totodat\u0103 a abordat tratamentul chirurgical al defectelor cardiace congenitale, pun\u00e2nd la punct \u00eempreun\u0103 cu anestezistul George Litarczek metoda hipotermiei controlate, ceea ce i-a permis s\u0103 efectueze interven\u021bii pe cord deschis. Ulterior s-a preocupat de chirurgia visceral\u0103, oncologic\u0103 \u0219i endocrinologic\u0103.<\/p>\n<p>Dan Setlacec a fost cel mai complex chirurg al epocii sale, \u00eentruc\u00e2t a abordat, practic, toat\u0103 gama interven\u021biilor cunoscute \u00een chirurgia general\u0103. Astfel, \u00een clinica condus\u0103 de el s-au efectuat interven\u021bii pe glanda tiroid\u0103, pe esofag, stomac, intestin sub\u021bire \u0219i gros, rect, ficat, pancreas, glande suprarenale, splin\u0103 \u0219i sistem port, gland\u0103 mamar\u0103, ovar. \u00cen fiecare an se efectuau peste 2.000 de interven\u021bii chirurgicale, \u00een cea mai mare parte de chirurgie major\u0103.<\/p>\n<p>Contribu\u021biile teoretice ale lui Dan Setlacec \u0219i ale \u0219colii pe care a format-o au fost numeroase. Ele s-au concretizat prin comunic\u0103ri la simpozioane \u0219i congrese, dar \u0219i prin numeroase lucr\u0103ri publicate \u00een revistele de specialitate. A inaugurat, \u00een cadrul Editurii Medicale, seria intitulat\u0103 \u201eStudii clinico-chirurgicale\u201d. Numele lui Dan Setlacec r\u0103m\u00e2ne legat de ini\u021bierea \u0219i dezvoltarea unor tehnici chirurgicale originale: opera\u021bia Patey modificat\u0103, abordul toracic al cancerului de pol superior gastric, abordul transperitoneal pentru suprarenalectomie bilateral\u0103 etc.<\/p>\n<p>\u00cen anul 2000 i s-a decernat Ordinul Na\u021bional Serviciul Credincios \u00een grad de Mare Cruce \u201epentru servicii deosebite aduse la ap\u0103rarea s\u0103n\u0103t\u0103\u021bii publice \u0219i pentru rezultate remarcabile \u00een domeniul cercet\u0103rii medicale\u201d.<\/p>\n<p>Dan Setlacec s-a stins din via\u021b\u0103 la 23 iulie 2009, \u00een locuin\u021ba sa din Bucure\u0219ti.<\/p>\n<p>Publica\u021bii: tratate \u0219i monografii<\/p>\n<p>\u2022\u00a0\u00a0 \u00a0contribu\u021bii \u00een Tratatul de Chirurgie (1956, 1974, 1986), sub redac\u021bia lui Nicolae Hortolomei \u0219i Ion \u021aurai<\/p>\n<p>\u2022\u00a0\u00a0 \u00a0contribu\u021bii \u00een Tratatul de Chirurgie ginecologic\u0103 (1957, 1981)<\/p>\n<p>\u2022\u00a0\u00a0 \u00a0Resuscitarea respiratorie cardiac\u0103 (1963)<\/p>\n<p>\u2022\u00a0\u00a0 \u00a0Tumorile c\u0103ilor biliare extrahepatice (1964) &#8211; \u00eempreun\u0103 cu Marian Ionescu<\/p>\n<p>\u2022\u00a0\u00a0 \u00a0Tehnici chirurgicale (1984, 1989)<\/p>\n<p>\u2022\u00a0\u00a0 \u00a0Patologia chirurgical\u0103 a glandelor suprarenale (1986) &#8211; \u00eempreun\u0103 cu E. Proca<\/p>\n<p>\u2022\u00a0\u00a0 \u00a0Tumorile retroperitoneale (1986) &#8211; \u00eempreun\u0103 cu E. Proca \u0219i C. Popa<\/p>\n<p>\u2022\u00a0\u00a0 \u00a0Hipertensiunea portal\u0103 presinusoidal\u0103 (1987)<\/p>\n<p>\u2022\u00a0\u00a0 \u00a0Complica\u021bii severe post-apendicectomie (1994) &#8211; \u00eempreun\u0103 cu I. Aschie<\/p>\n<p>Din anul 1992 s-a ocupat de istoria medicinei rom\u00e2ne\u0219ti, public\u00e2nd monografia Medicina rom\u00e2neasc\u0103 &#8211; medicin\u0103 european\u0103, \u00een dou\u0103 volume: vol. I 1859-1916, vol. II 1918-1940 (Ed. Humanitas, Bucure\u0219ti, 1995).<\/p>\n<p>Surse:\u00a0<\/p>\n<p><strong><a href=\"https:\/\/www.revistachirurgia.ro\/\"><img decoding=\"async\" alt=\"Revista Chirurgia\" src=\"https:\/\/www.revistachirurgia.ro\/images\/logo_chirurgia.jpg\"><\/a><\/strong><\/p>\n<div><strong>Official journal of the<\/p>\n<p>Romanian Society of Surgery<\/p>\n<p><\/strong><\/div>\n<p>Wikipedia, enciclopedia liber\u0103<\/p>\n<p>Citi\u021bi \u0219i:\u00a0<\/p>\n<p><a href=\"https:\/\/ziaruldevrancea.ro\/timp-liber\/astazi-despre-cel-mai-complex-chirurg-al-epocii-sale-dan-setlacec\">Ast\u0103zi despre: Profesor universitar doctor, membru de onoare al <\/a><\/p>\n<p>Academiei Rom\u00e2ne: George Litarczek \u00eentemeietorul specialit\u0103\u021bii <\/p>\n<p>Anestezie-Terapie Intensiv\u0103 \u00een Rom\u00e2nia, \u00eempreun\u0103 cu profesorul Dan <\/p>\n<p>Setlacec<\/p>\n<p>\u00a0<\/p>\n<p>\u00a0<\/p>\n<p>\u00a0<\/p>\n<p>\u00a0<\/p>\n<p>\u00a0<\/p>\n<p>\u00a0<\/p>\n<p>\u00a0<\/p>\n<p>\u00a0<\/p>\n<hr>\n<div class=\"bloc-widget widget-rosu\">\n<p>\u00cen lipsa unui acord scris din partea Ziarului de Vrancea, pute\u0163i prelua maxim 500 de caractere din acest articol dac\u0103 preciza\u0163i sursa \u015fi insera\u0163i vizibil link-ul articolului:\u00a0<span>#insertcurrentlinkhere<\/span><\/p>\n<\/div>\n<div class=\"extra-articol listing-anunturi\">\n<h6>Anun\u021buri <span class=\"text-primary\">ZdV<\/span> Premium<\/h6>\n<div class=\"row\">\n<div class=\"col-lg-4 col-md-6 bloc-egal\"><a class=\"card-anunt\" href=\"https:\/\/ziaruldevrancea.ro\/anunturi\/imobiliare\/vanzari-terenuri\/vand-teren-in-panciu\"><strong class=\"titlu\">V\u00e2nz\u0103ri terenuri<\/strong><span class=\"text-anunt\">Teren Panciu 1170 mp, cu num\u0103r cas\u0103, ap\u0103&#8230;<\/span><span class=\"data-anunt\">29.07.2026  <\/span><\/a><\/div>\n<div class=\"col-lg-4 col-md-6 bloc-egal\"><a class=\"card-anunt\" href=\"https:\/\/ziaruldevrancea.ro\/anunturi\/necrolog\/decese\/drum-lin-catre-ingeri-in-Imparatia-bunului-dumnezeu\"><strong class=\"titlu\">Decese<\/strong><span class=\"text-anunt\">At\u00e2t de fulger\u0103tor&#8230;incredibil!<\/p>\n<p>Tat\u0103l&#8230;<\/span><span class=\"data-anunt\">28.07.2026  <\/span><\/a><\/div>\n<div class=\"col-lg-4 col-md-6 bloc-egal\"><a class=\"card-anunt\" href=\"https:\/\/ziaruldevrancea.ro\/anunturi\/necrolog\/decese\/dumnezeu-sa-o-aseze-in-randul-celor-drepti\"><strong class=\"titlu\">Decese<\/strong><span class=\"text-anunt\">Cu profund\u0103 durere, familia anun\u021b\u0103 trecerea la&#8230;<\/span><span class=\"data-anunt\">28.07.2026  <\/span><\/a><\/div>\n<\/div>\n<\/div>\n<div class=\"extra-articol alte-articole\">\n<div class=\"row\">\n<div class=\"col-lg-6 bloc-egal\">\n<div class=\"card articol-listing\">\n<h6>\u00cen categoria <a href=\"https:\/\/ziaruldevrancea.ro\/timp-liber\">Timp Liber<\/a><\/h6>\n<div class=\"grup-articol-listing\">\n<div class=\"cont-pils\"><a href=\"https:\/\/ziaruldevrancea.ro\/timp-liber\/horoscop-29-iulie-2026\"><img decoding=\"async\" src=\"https:\/\/zdvi.cname.ro\/180_135\/timp-liber\/horoscop-29-iulie-2026\/mediaPool\/uA8enxT.jpg\" class=\"img-responsive img-180\" alt><\/a><\/div>\n<h2><a class=\"link-titlu\" href=\"https:\/\/ziaruldevrancea.ro\/timp-liber\/horoscop-29-iulie-2026\">Horoscop 29 iulie 2026 <\/a><\/h2>\n<div class=\"date-post\"><a href=\"https:\/\/ziaruldevrancea.ro\/autor\/rodica-condurache\">Rodica Condurache<\/a>, 29 iul 2026  <\/div>\n<\/div>\n<div class=\"grup-articol-listing\">\n<div class=\"cont-pils\"><a href=\"https:\/\/ziaruldevrancea.ro\/timp-liber\/calendarul-zilei-de-29-iulie-de-la-primul-desteapta-te-romane-la-prima-medalie-olimpica-de-aur-a-romaniei.-reperele-zilei-pe-care-si-vrancenii-merita-sa-le-cunoasca\"><img decoding=\"async\" src=\"https:\/\/zdvi.cname.ro\/180_135\/timp-liber\/calendarul-zilei-de-29-iulie-de-la-primul-desteapta-te-romane-la-prima-medalie-olimpica-de-aur-a-romaniei.-reperele-zilei-pe-care-si-vrancenii-merita-sa-le-cunoasca\/mediaPool\/uvmQvr7.png\" class=\"img-responsive img-180\" alt><\/a><\/div>\n<h2><a class=\"link-titlu\" href=\"https:\/\/ziaruldevrancea.ro\/timp-liber\/calendarul-zilei-de-29-iulie-de-la-primul-desteapta-te-romane-la-prima-medalie-olimpica-de-aur-a-romaniei.-reperele-zilei-pe-care-si-vrancenii-merita-sa-le-cunoasca\">Calendarul zilei de 29 iulie: de la primul \u201eDe\u0219teapt\u0103-te, rom\u00e2ne\u201d la prima medalie olimpic\u0103 de aur a Rom\u00e2niei. Reperele zilei pe care \u0219i vr\u00e2ncenii merit\u0103 s\u0103 le cunoasc\u0103<\/a><\/h2>\n<div class=\"date-post\"><a href=\"https:\/\/ziaruldevrancea.ro\/autor\/rodica-condurache\">Rodica Condurache<\/a>, 29 iul 2026  <\/div>\n<\/div>\n<div class=\"grup-articol-listing\">\n<div class=\"cont-pils\"><a href=\"https:\/\/ziaruldevrancea.ro\/timp-liber\/calendarul-zilei-de-28-iulie-ziua-in-care-a-inceput-primul-razboi-mondial.-evenimente-care-au-schimbat-lumea-personalitati-marcante-nascute-in-aceasta-zi-si-figuri-importante-care-au-ramas-in-istorie\"><img decoding=\"async\" src=\"https:\/\/zdvi.cname.ro\/180_135\/timp-liber\/calendarul-zilei-de-28-iulie-ziua-in-care-a-inceput-primul-razboi-mondial.-evenimente-care-au-schimbat-lumea-personalitati-marcante-nascute-in-aceasta-zi-si-figuri-importante-care-au-ramas-in-istorie\/mediaPool\/udFETKi.jpg\" class=\"img-responsive img-180\" alt><\/a><\/div>\n<h2><a class=\"link-titlu\" href=\"https:\/\/ziaruldevrancea.ro\/timp-liber\/calendarul-zilei-de-28-iulie-ziua-in-care-a-inceput-primul-razboi-mondial.-evenimente-care-au-schimbat-lumea-personalitati-marcante-nascute-in-aceasta-zi-si-figuri-importante-care-au-ramas-in-istorie\">Calendarul zilei de 28 iulie: Ziua \u00een care a \u00eenceput Primul R\u0103zboi Mondial. Evenimente care au schimbat lumea, personalit\u0103\u021bi marcante n\u0103scute \u00een aceast\u0103 zi \u0219i figuri importante care au r\u0103mas \u00een istorie<\/a><\/h2>\n<div class=\"date-post\"><a href=\"https:\/\/ziaruldevrancea.ro\/autor\/rodica-condurache\">Rodica Condurache<\/a>, 28 iul 2026  <\/div>\n<\/div>\n<\/div>\n<\/div>\n<div class=\"col-lg-6 bloc-egal\">\n<div class=\"card articol-listing\">\n<h6>De acela\u0219i <a href=\"https:\/\/ziaruldevrancea.ro\/autor\/ziarul-de-vrancea\/\">autor<\/a><\/h6>\n<div class=\"grup-articol-listing\">\n<div class=\"cont-pils\"><a href=\"https:\/\/ziaruldevrancea.ro\/special\/educatie\/astazi-despre-academicianul-victor-babes---autorul-primului-tratat-de-bacteriologie-din-lume-prin-care-a-pus-bazele-moderne-ale-acestei-stiinte\"><img decoding=\"async\" src=\"https:\/\/zdvi.cname.ro\/180_135\/special\/educatie\/astazi-despre-academicianul-victor-babes---autorul-primului-tratat-de-bacteriologie-din-lume-prin-care-a-pus-bazele-moderne-ale-acestei-stiinte\/mediaPool\/upS8Rte.jpg\" class=\"img-responsive img-180\" alt><\/a><\/div>\n<h2><a class=\"link-titlu\" href=\"https:\/\/ziaruldevrancea.ro\/special\/educatie\/astazi-despre-academicianul-victor-babes---autorul-primului-tratat-de-bacteriologie-din-lume-prin-care-a-pus-bazele-moderne-ale-acestei-stiinte\">Ast\u0103zi despre fondatorul \u0219colii rom\u00e2ne\u0219ti de microbiologie: academicianul Victor Babe\u0219 &#8211; autorul primului tratat de bacteriologie din lume prin care a pus bazele moderne ale acestei \u0219tiin\u021be <\/a><\/h2>\n<div class=\"date-post\"><a href=\"https:\/\/ziaruldevrancea.ro\/#comentarii\" class=\"pull-right\"> 1<\/a><a href=\"https:\/\/ziaruldevrancea.ro\/autor\/ziarul-de-vrancea\">Ziarul de Vrancea<\/a>, 28 iul 2026  <\/div>\n<\/div>\n<div class=\"grup-articol-listing\">\n<div class=\"cont-pils\"><a href=\"https:\/\/ziaruldevrancea.ro\/timp-liber\/astazi-despre-alexandru-tocilescu---primul-regizor-roman-care-a-primit-o-stea-pe-aleea-celebritatilor\"><img decoding=\"async\" src=\"https:\/\/zdvi.cname.ro\/180_135\/timp-liber\/astazi-despre-alexandru-tocilescu---primul-regizor-roman-care-a-primit-o-stea-pe-aleea-celebritatilor\/mediaPool\/umQGrTM.jpg\" class=\"img-responsive img-180\" alt><\/a><\/div>\n<h2><a class=\"link-titlu\" href=\"https:\/\/ziaruldevrancea.ro\/timp-liber\/astazi-despre-alexandru-tocilescu---primul-regizor-roman-care-a-primit-o-stea-pe-aleea-celebritatilor\">Ast\u0103zi despre: Alexandru Tocilescu &#8211; unul dintre cei mai aprecia\u021bi regizori de teatru. Primul regizor rom\u00e2n care a primit o stea pe Aleea Celebrit\u0103\u021bilor<\/a><\/h2>\n<div class=\"date-post\"><a href=\"https:\/\/ziaruldevrancea.ro\/autor\/ziarul-de-vrancea\">Ziarul de Vrancea<\/a>, 27 iul 2026  <\/div>\n<\/div>\n<div class=\"grup-articol-listing\">\n<div class=\"cont-pils\"><a href=\"https:\/\/ziaruldevrancea.ro\/timp-liber\/horoscop-27-iulie-2-august-2026\"><img decoding=\"async\" src=\"https:\/\/zdvi.cname.ro\/180_135\/timp-liber\/horoscop-27-iulie-2-august-2026\/mediaPool\/ucW7BQP.jpg\" class=\"img-responsive img-180\" alt><\/a><\/div>\n<h2><a class=\"link-titlu\" href=\"https:\/\/ziaruldevrancea.ro\/timp-liber\/horoscop-27-iulie-2-august-2026\">Horoscop 27 iulie-2 august 2026<\/a><\/h2>\n<div class=\"date-post\"><a href=\"https:\/\/ziaruldevrancea.ro\/#comentarii\" class=\"pull-right\"> 8<\/a><a href=\"https:\/\/ziaruldevrancea.ro\/autor\/ziarul-de-vrancea\">Ziarul de Vrancea<\/a>, 27 iul 2026  <\/div>\n<\/div>\n<\/div>\n<\/div>\n<\/div>\n<\/div>\n<div class=\"extra-articol listing-anunturi\">\n<h6>Anun\u021buri <span class=\"text-primary\">ZdV<\/span> Premium<\/h6>\n<div class=\"row\">\n<div class=\"col-lg-4 col-md-6 bloc-egal\"><a class=\"card-anunt\" href=\"https:\/\/ziaruldevrancea.ro\/anunturi\/imobiliare\/vanzari-case\/vand-casa-si-teren-in-panciu-anunt-72818\"><strong class=\"titlu\">V\u00e2nz\u0103ri case<\/strong><span class=\"text-anunt\">V\u00e2nd cas\u0103 cu 2 camere, buc\u0103t\u0103rie, baie,&#8230;<\/span><span class=\"data-anunt\">23.07.2026  <\/span><\/a><\/div>\n<div class=\"col-lg-4 col-md-6 bloc-egal\"><a class=\"card-anunt\" href=\"https:\/\/ziaruldevrancea.ro\/anunturi\/angajari\/cereri-angajari\/doresc-angajare-anunt-72815\"><strong class=\"titlu\">Cereri<\/strong><span class=\"text-anunt\">Doresc s\u0103 am grij\u0103 de un copil de gradini\u021b\u0103&#8230;<\/span><span class=\"data-anunt\">21.07.2026  <\/span><\/a><\/div>\n<div class=\"col-lg-4 col-md-6 bloc-egal\"><a class=\"card-anunt\" href=\"https:\/\/ziaruldevrancea.ro\/anunturi\/inchirieri\/locuinte-oferte\/primesc-in-gazda-anunt-72816\"><strong class=\"titlu\">Locuin\u021be oferte<\/strong><span class=\"text-anunt\">\u00a0Primesc \u00een gazd\u0103 la cas\u0103.<\/p>\n<p>Tel&#8230;.<\/span><span class=\"data-anunt\">21.07.2026  <\/span><\/a><\/div>\n<\/div>\n<\/div>\n<div class=\"bloc-widget widget-albastru\">\n    Ziarul de Vrancea \u00a0nu este responsabil juridic pentru con\u0163inutul textelor din comentariile de mai jos. Responsabilitatea pentru mesajele dumneavoastra v\u0103 revine \u00een exclusivitate.\n<\/div>\n<div class=\"comentarii-articol\" id=\"comentarii\">\n<h3>Comentarii: <span class=\"text-primary\">0<\/span><\/h3>\n<p><a href=\"https:\/\/ziaruldevrancea.ro\/timp-liber\/astazi-despre-cel-mai-complex-chirurg-al-epocii-sale-dan-setlacec\" class=\"btn btn-success btn-adauga-com\" data-toggle=\"modal\" data-parent=\"0\" data-target=\"#commentModal\">Adaug\u0103 comentariu<\/a><\/p>\n<div class=\"loadMask comments-mask\"><img decoding=\"async\" src=\"https:\/\/zdvs.cname.ro\/images\/loader_40.gif\"><\/div>\n<div class=\"comenteaza-jos\">Trebuie s\u0103 fii <a href=\"https:\/\/ziaruldevrancea.ro\/account\">autentificat<\/a> pentru a putea <a href=\"https:\/\/ziaruldevrancea.ro\/timp-liber\/astazi-despre-cel-mai-complex-chirurg-al-epocii-sale-dan-setlacec\" class data-toggle=\"modal\" data-parent=\"0\" data-target=\"#commentModal\">posta un comentariu<\/a>.<\/div>\n<\/div>\n<div class=\"modal fade\" id=\"commentModal\" role=\"dialog\" aria-labelledby=\"commentModalLabel\">\n<div class=\"modal-dialog modal-lg\" role=\"document\">\n<div class=\"modal-content\">\n<div class=\"modal-header\">\n<h3 class=\"modal-title\" id=\"commentModalLabel\">Comenteaz\u0103<\/h3>\n<\/div>\n<div class=\"modal-body\">\n<div class=\"tabel tabel-full\">\n<div class=\"celula\">\n              Trebuie s\u0103 fii <a href=\"https:\/\/ziaruldevrancea.ro\/account\">autentificat<\/a> pentru a putea posta un comentariu.\n            <\/div>\n<\/div>\n<\/div>\n<div class=\"modal-footer\">\n<div id=\"commentPending\" class=\"formPending pull-left\"><img decoding=\"async\" src=\"https:\/\/zdvs.cname.ro\/images\/loader_40.gif\"> In curs de procesare&#8230;<\/div>\n<p><a href=\"https:\/\/ziaruldevrancea.ro\/timp-liber\/astazi-despre-cel-mai-complex-chirurg-al-epocii-sale-dan-setlacec\" class=\"btn btn-default\" data-dismiss=\"modal\">Anuleaz\u0103<\/a><\/div>\n<\/div>\n<\/div>\n<\/div>\n<div class=\"modal fade\" id=\"commentReportModal\" role=\"dialog\" aria-labelledby=\"commentReportModalLabel\">\n<div class=\"modal-dialog modal-lg\" role=\"document\">\n<div class=\"modal-content\">\n<div class=\"modal-header\">\n<h3 class=\"modal-title\" id=\"commentReportModalLabel\">Raporteaza comentariu<\/h3>\n<\/div>\n<div class=\"modal-body\">\n<div class=\"tabel tabel-full\">\n<div class=\"celula\">\n              Trebuie s\u0103 fii <a href=\"https:\/\/ziaruldevrancea.ro\/account\">autentificat<\/a> pentru a putea raporta un comentariu.\n            <\/div>\n<\/div>\n<\/div>\n<div class=\"modal-footer\">\n<div id=\"commentReportPending\" class=\"formPending pull-left\"><img decoding=\"async\" src=\"https:\/\/zdvs.cname.ro\/images\/loader_40.gif\"> In curs de procesare&#8230;<\/div>\n<p><a href=\"https:\/\/ziaruldevrancea.ro\/timp-liber\/astazi-despre-cel-mai-complex-chirurg-al-epocii-sale-dan-setlacec\" class=\"btn btn-default\" data-dismiss=\"modal\">Anuleaz\u0103<\/a><\/div>\n<\/div>\n<\/div>\n<\/div>\n<div class=\"modal fade\" id=\"commentLikeModal\" role=\"dialog\" aria-labelledby=\"commentLikeModalLabel\">\n<div class=\"modal-dialog modal-lg\" role=\"document\">\n<div class=\"modal-content\">\n<div class=\"modal-header\">\n<h3 class=\"modal-title\" id=\"commentReportModalLabel\">Apreciaza comentariu<\/h3>\n<\/div>\n<div class=\"modal-body\">\n<div class=\"tabel tabel-full\">\n<div class=\"celula\">\n            Trebuie s\u0103 fii <a href=\"https:\/\/ziaruldevrancea.ro\/account\">autentificat<\/a> pentru a putea aprecia un comentariu.\n          <\/div>\n<\/div>\n<\/div>\n<div class=\"modal-footer\"><a href=\"https:\/\/ziaruldevrancea.ro\/timp-liber\/astazi-despre-cel-mai-complex-chirurg-al-epocii-sale-dan-setlacec\" class=\"btn btn-default\" data-dismiss=\"modal\">Anuleaz\u0103<\/a><\/div>\n<\/div>\n<\/div>\n<\/div>\n<div class=\"bloc-widget widget-rosu\"><span><small>Ziarul de Vrancea doreste ca acest site sa fie un spatiu al discutiilor civilizate, al comentariilor de bun simt. Din acest motiv, cei care posteaza comentarii la articole trebuie sa respecte urmatoarele reguli:<br \/>\n1. Sa se refere doar la articolul la care posteaza comentarii.<br \/>\n2. Sa foloseasca un limbaj civilizat, fara injurii, calomnii, comentarii antisemite, xenofobe sau rasiste.<br \/>\n3. Sunt interzise atacurile la adresa autorilor, daca acestea nu au legatura cu textul.<br \/>\n4. Username-ul sa nu fie nume de personalitati ale vietii publice sau parodieri ale acestora.<br \/>\nAutorul unui articol poate fi criticat pentru eventuale greseli, incoerenta, lipsa de documentare etc.<br \/>\nNerespectarea regulilor mentionate mai sus va duce la stergerea comentariilor, fara avertisment si fara explicatii.<br \/>\nAbaterile repetate vor avea drept consecinta interdictia accesului la aceasta facilitate a site-ului.<\/small><\/span><\/div>\n<\/div>\n<p>[analyse_source url=&#8221;https:\/\/ziaruldevrancea.ro\/timp-liber\/astazi-despre-cel-mai-complex-chirurg-al-epocii-sale-dan-setlacec&#8221;]<\/p>\n","protected":false},"excerpt":{"rendered":"<p>[analyse_image type=&#8221;featured&#8221; src=&#8221;https:\/\/zdvi.cname.ro\/_\/astazi-despre-cel-mai-complex-chirurg-al-epocii-sale-dan-setlacec\/mediaPool\/uicuNmq.jpg&#8221;] Timp Liber Ast\u0103zi despre: Cel mai complex chirurg rom\u00e2n al epocii sale: Dan Setlacec. Format la \u0219coala Grigore T. Popa \u0219i a chirurgilor Amza Jianu, Nicolae Hortolomei \u0219i Ion Juvara. Chirirgul care a abordat toat\u0103 gama interven\u021biilor cunoscute \u00een chirurgia general\u0103 Distribuie: \u00a0 | Ziarul de Vrancea 23 iul 20266797 vizualiz\u0103ri Dan [&hellip;]<\/p>\n","protected":false},"author":1,"featured_media":0,"comment_status":"open","ping_status":"","sticky":false,"template":"","format":"standard","meta":{"footnotes":""},"categories":[89],"tags":[226,208],"class_list":["post-2067709","post","type-post","status-publish","format-standard","hentry","category-romania","tag-crawlmanager","tag-ziaruldevrancea-ro"],"_links":{"self":[{"href":"https:\/\/analyse.optim.biz\/index.php?rest_route=\/wp\/v2\/posts\/2067709","targetHints":{"allow":["GET"]}}],"collection":[{"href":"https:\/\/analyse.optim.biz\/index.php?rest_route=\/wp\/v2\/posts"}],"about":[{"href":"https:\/\/analyse.optim.biz\/index.php?rest_route=\/wp\/v2\/types\/post"}],"author":[{"embeddable":true,"href":"https:\/\/analyse.optim.biz\/index.php?rest_route=\/wp\/v2\/users\/1"}],"replies":[{"embeddable":true,"href":"https:\/\/analyse.optim.biz\/index.php?rest_route=%2Fwp%2Fv2%2Fcomments&post=2067709"}],"version-history":[{"count":0,"href":"https:\/\/analyse.optim.biz\/index.php?rest_route=\/wp\/v2\/posts\/2067709\/revisions"}],"wp:attachment":[{"href":"https:\/\/analyse.optim.biz\/index.php?rest_route=%2Fwp%2Fv2%2Fmedia&parent=2067709"}],"wp:term":[{"taxonomy":"category","embeddable":true,"href":"https:\/\/analyse.optim.biz\/index.php?rest_route=%2Fwp%2Fv2%2Fcategories&post=2067709"},{"taxonomy":"post_tag","embeddable":true,"href":"https:\/\/analyse.optim.biz\/index.php?rest_route=%2Fwp%2Fv2%2Ftags&post=2067709"}],"curies":[{"name":"wp","href":"https:\/\/api.w.org\/{rel}","templated":true}]}}