{"id":2067705,"date":"2026-07-22T00:00:00","date_gmt":"2026-07-21T21:00:00","guid":{"rendered":"https:\/\/analyse.optim.biz\/?p=2067705"},"modified":"2026-07-22T00:00:00","modified_gmt":"2026-07-21T21:00:00","slug":"video-astazi-despre-un-adevarat-zeu-in-salile-de-concert-in-cele-mai-selecte-restaurante-de-pe-litoral-si-in-cele-mai-scumpe-baruri-din-bucuresti-desi-n-a-fost-nici-pe-departe-atat-de-apreciat-pe-c","status":"publish","type":"post","link":"https:\/\/analyse.optim.biz\/?p=2067705","title":{"rendered":"VIDEO Ast\u0103zi despre: un adev\u0103rat zeu \u00een s\u0103lile de concert, \u00een cele mai selecte restaurante de pe Litoral \u015fi \u00een cele mai scumpe baruri din Bucure\u015fti, de\u015fi n-a fost nici pe departe at\u00e2t de apreciat pe c\u00e2t de uria\u015f i-a fost talentul: Aurelian Andreescu"},"content":{"rendered":"<p>[analyse_image type=&#8221;featured&#8221; src=&#8221;https:\/\/zdvi.cname.ro\/_\/video-astazi-despre-un-adevarat-zeu-in-salile-de-concert-in-cele-mai-selecte-restaurante-de-pe-litoral-si-in-cele-mai-scumpe-baruri-din-bucuresti-desi-n-a-fost-nici-pe-departe-atat-de-apreciat-pe-cat-de-urias-i-a-fost-talentul-aurelian-andreescu\/mediaPool\/uTLH3Rx.jpg&#8221;]<\/p>\n<div class=\"main-content detaliu-articol\"><a class=\"titlu-cat-list\" href=\"https:\/\/ziaruldevrancea.ro\/timp-liber\">Timp Liber<\/a><\/p>\n<h1>VIDEO Ast\u0103zi despre: un adev\u0103rat zeu \u00een s\u0103lile de concert, \u00een cele mai selecte restaurante de pe Litoral \u015fi \u00een cele mai scumpe baruri din Bucure\u015fti, de\u015fi n-a fost nici pe departe at\u00e2t de apreciat pe c\u00e2t de uria\u015f i-a fost talentul: Aurelian Andreescu<\/h1>\n<div class=\"date-articol clearfix\">\n<div class=\"distribuie-articol dropdown\">\n    Distribuie: \u00a0<br \/>\n    <em>|<\/em><\/div>\n<div class=\"autor-articol\"><a href=\"https:\/\/ziaruldevrancea.ro\/autor\/ziarul-de-vrancea\/\"><img decoding=\"async\" class=\"img-circle\" src=\"https:\/\/zdvi.cname.ro\/50_50\/articleAuthor\/ziarul-de-vrancea\/articleAuthor\/uMPfPxc.jpg\" alt><\/a><\/p>\n<h5><a href=\"https:\/\/ziaruldevrancea.ro\/autor\/ziarul-de-vrancea\/\">Ziarul de Vrancea<\/a><\/h5>\n<div class=\"grup-spatiere\"><span class=\"cu-spatiere\">22 iul 2026<\/span><span class=\"cu-spatiere\">12841 vizualiz\u0103ri<\/span><\/div>\n<\/div>\n<\/div>\n<div class=\"poza-mare\"><a href class=\"openGallery\"><img decoding=\"async\" class=\"img-responsive\" src=\"https:\/\/zdvi.cname.ro\/850_530\/video-astazi-despre-un-adevarat-zeu-in-salile-de-concert-in-cele-mai-selecte-restaurante-de-pe-litoral-si-in-cele-mai-scumpe-baruri-din-bucuresti-desi-n-a-fost-nici-pe-departe-atat-de-apreciat-pe-cat-de-urias-i-a-fost-talentul-aurelian-andreescu\/article\/mediaPool\/uTLH3Rx.jpg\" alt><\/a><\/div>\n<p>Aurelian Andreescu (n. 12 mai 1942, Bucure\u0219ti, Rom\u00e2nia \u2013 d. 22 iulie 1986, Constan\u021ba, Rom\u00e2nia) a fost un c\u00e2nt\u0103re\u021b rom\u00e2n de muzic\u0103 u\u0219oar\u0103.<\/p>\n<p>\u00cenregistreaz\u0103 peste 200 de melodii, una mai minunat\u0103 ca alta, printre<br \/>\n care \u201eCopacul\u201d, \u201eFluier\u00e2nd pe strad\u0103\u201d, \u201eOameni\u201d, \u201eTu e\u015fti prim\u0103vara<br \/>\nmea\u201d, \u201eUn fluture \u015fi-o pas\u0103re\u201d, \u201eVreau numai soare\u201d, etc. C\u00e2nd a<br \/>\n\u00eemplinit 25 de ani de carier\u0103, cei de la Teatrul de Revist\u0103 i-au refuzat<br \/>\n un concert aniversar. Electrecordul i-a scos numai un LP, \u00een 1973.<br \/>\nInexplicabil\u0103 atitudine fa\u0163\u0103 de un artist at\u00e2t de mare!<\/p>\n<p>\u201eAvea un salariu mai mic dec\u00e2t al ma\u015finistului care tr\u0103gea cortina \u015fi care avea 20 de ani vechime. Aurelian era vedet\u0103, dar n-avea vechime. Nu exista o scar\u0103 a valorilor. Era un om care umplea sala \u015fi, cu toate astea, nu era respectat. S-a sim\u0163it frustrat \u00eentotdeauna\u201d.<\/p>\n<p>\u00cen 1970, c\u00e2nd a adus \u00een \u0163ar\u0103 Cupa Europei de la Knokke (Belgia), nimeni n-a venit la aeroport s\u0103-l \u00eent\u00e2mpine \u015fi s\u0103-l aclame. F\u0103cuse echip\u0103 cu Mihaela Mihai \u015fi Aura Urziceanu \u015fi luase cel mai important premiu.<\/p>\n<p>\u201eA fost singurul care s-a \u00eentors \u00een Rom\u00e2nia. Mihaela a r\u0103mas \u00een Fran\u0163a, iar Aura \u00een Canada. Nimeni de la Ministerul Culturii nu s-a deplasat s\u0103-l felicite. \u00cen schimb, \u00een avion cu el era o echip\u0103 de fotbal care se \u00eentorsese cu nu \u015ftiu ce trofeu. Erau o gr\u0103mad\u0103 de reporteri pentru fotbali\u015fti. Pentru Aurelian, nimeni&#8230;\u201d, \u00ee\u015fi aminte\u015fte Mariella. Cu toate astea, Aurelian c\u00e2nt\u0103 pentru el, pentru public, pentru Cel de Sus, dar c\u00e2nt\u0103!<\/p>\n<p>\u00cenregistreaz\u0103 peste 200 de melodii, una mai minunat\u0103 ca alta, printre care \u201eCopacul\u201d, \u201eFluier\u00e2nd pe strad\u0103\u201d, \u201eOameni\u201d, \u201eTu e\u015fti prim\u0103vara mea\u201d, \u201eUn fluture \u015fi-o pas\u0103re\u201d, \u201eVreau numai soare\u201d, etc.<\/p>\n<p>C\u00e2nd a \u00eemplinit 25 de ani de carier\u0103, cei de la Teatrul de Revist\u0103 i-au refuzat un concert aniversar. Electrecordul i-a scos numai un LP, \u00een 1973. Inexplicabil\u0103 atitudine fa\u0163\u0103 de un artist at\u00e2t de mare!<\/p>\n<p>Dup\u0103 1980, boala de ficat (o hepatit\u0103 netratat\u0103 c\u00e2nd era mic), plus oboseala acumulat\u0103 \u015fi nop\u0163ile de c\u00e2ntat \u00een baruri, \u00eencep s\u0103-i fac\u0103 probleme.<\/p>\n<p>\u201eLocalul este necru\u0163\u0103tor. Niciodat\u0103 nimeni nu m-a \u00eentrebat ce m\u0103n\u00e2nc. To\u0163i m\u0103 \u00eentrebau ce beau.\u201d, spune atristul. Despre ultimele zile din via\u0163a lui Aurelian poveste\u015fte Cornel Constantiniu:<\/p>\n<p>\u201eCu un an \u00eenainte de a muri, avusese o com\u0103 hepatic\u0103. Generalul \u015euteu a fost cel care l-a tratat \u015fi l-a salvat de la opera\u0163ie. Una dintre recomand\u0103rile doctorului a fost s\u0103 evite Litoralul \u015fi, implicit, expunerea la soare. \u00cen anul dispari\u0163iei, adic\u0103 \u00een 1986, s-a dus la Eforie Nord, \u00een restaurantul \u00een care c\u00e2nta Petre Geamba\u015fu.<\/p>\n<p>\u00a0<\/p>\n<p>\u00a0<\/p>\n<p>\u00a0<\/p>\n<p>\u00a0<\/p>\n<div class=\"video-embed\"><iframe loading=\"lazy\" frameborder height=\"560\" scrolling=\"no\" src=\"https:\/\/www.youtube.com\/embed\/8n4dv-pksyk?si=MIZKUyieWxHsHb3C\" width=\"100%\"><\/iframe><\/div>\n<iframe loading=\"lazy\" frameborder height=\"560\" scrolling=\"no\" src=\"https:\/\/www.youtube.com\/embed\/2fqZ1em5SXY\" width=\"100%\"><\/iframe>\n<div class=\"video-embed\"><iframe loading=\"lazy\" frameborder height=\"560\" scrolling=\"no\" src=\"https:\/\/www.youtube.com\/embed\/WLDYya3MqRc\" width=\"100%\"><\/iframe><\/div>\n<p>Aurelian Andreescu s-a n\u0103scut \u00een Bucure\u0219ti, fiind fiul lui Spiridon Andreescu \u0219i al Mariei Andreescu. A fost c\u0103s\u0103torit de dou\u0103 ori, cu Ana Ciumetti, \u00een anul 1968 \u0219i cu Mariella Annie Dumitriu \u00een anul 1976.<\/p>\n<p>Aurelian Andreescu a murit la 44 de ani, \u00een anul 1986, suferind de ciroz\u0103. Este \u00eenmorm\u00e2ntat \u00een cimitirul Ghencea din Bucure\u0219ti.<\/p>\n<p><strong>Cariera muzical\u0103<\/strong><\/p>\n<p>A debutat la &#8220;Festivalul Na\u021bional de Muzic\u0103 Mamaia&#8221; la prima edi\u021bie \u00een anul 1963 cu melodia &#8220;\u00cen tot ce e frumos pe lume&#8221; de Elly Roman. Este unul din cei mai &#8220;curta\u021bi&#8221; interpre\u021bi de muzic\u0103 u\u0219oar\u0103 de c\u0103tre compozitorii vremii. Aurelian Andreescu sus\u021bine programe muzicale la cele mai selecte baruri \u0219i cluburi de noapte din Bucure\u0219ti \u0219i de pe litoral.<\/p>\n<p>Din anul 1965 s-a angajat la Teatrul Constantin T\u0103nase. \u00cempreun\u0103 cu colectivul teatrului a efectuat turnee \u00een mai multe \u021b\u0103ri din Europa, precum \u0219i \u00een Israel, Cuba, Turcia. \u00cen anul 1968 a ob\u021binut locul al III-lea la Festivalul Interna\u021bional al C\u00e2ntecului de la Sopot, Polonia, la &#8220;Ziua discului&#8221;. A f\u0103cut parte din echipa Rom\u00e2niei al\u0103turi de Aura Urziceanu \u0219i Mihaela Mihai care a cucerit Cupa Europei la Concursul de la Knokke, Belgia \u00een anul 1971. \u00cen anul 1973 Aurelian Andreescu a reprezentat Rom\u00e2nia la Olimpiada C\u00e2ntecului de la Atena, cu melodia &#8220;Alerg printre Stele&#8221; a compozitorului Radu-Eugeniu Gheorghiu \u0219i a deschis recitalul lui Johnny Hallyday. De-a lungul carierei, a \u00eenregistrat peste 200 de melodii.<\/p>\n<p>Mo\u0219tenire<\/p>\n<p>Din anul 1993, la teatrul Constantin T\u0103nase are loc anual Festivalul de Muzic\u0103 U\u0219oar\u0103 &#8220;Aurelian Andreescu&#8221;. Lucky Marinescu a plecat din Rom\u00e2nia \u00een 1985, iar la revenirea \u00een \u021bar\u0103, al\u0103turi de regretatul ei so\u021b, Constantin Barbu, a fost unul dintre oamenii care au sponsorizat Festivalul &#8220;Aurelian Andreescu&#8221;, contribuind financiar, \u0219i f\u0103c\u00e2nd parte din juriu. Mihai Tr\u0103istariu a fost descoperit \u00een urma particip\u0103rii la acest festival. Primul c\u00e2\u0219tig\u0103tor al Trofeului &#8220;Aurelian Andreescu&#8221; este Marian Stere, actualmente textier \u0219i redactor la Radio Rom\u00e2nia Interna\u021bional.<\/p>\n<p>Lucky Marinescu este de p\u0103rere c\u0103 numele lui Aurelian Andreescu trebuie reactualizat, a\u0219a cum trebuie s\u0103 se \u00eent\u00e2mple cu alte nume mari, cum ar fi Dan Sp\u0103taru, Laura Stoica sau Gil Dobric\u0103.<\/p>\n<p><strong>Despre Aurelian Andreescu<\/strong><\/p>\n<p>\u00a0\u00a0\u00a0 \u201eAurelian Andreescu a fost probabil cel mai valoros interpret pe care l-a avut muzica u\u0219oar\u0103 rom\u00e2neasc\u0103 din timpul s\u0103u, \u0219i nu numai. C\u00e2nta pentru satisfac\u021bia sa . Avea vocea tremolat\u0103, viguroas\u0103, \u00eenc\u00e2nta publicul, pe care l-a iubit \u0219i respectat totdeauna. Era echilibrat \u0219i avea sufletul nobil.\u201d<\/p>\n<p>\u00a0\u00a0\u00a0 \u2014Temistocle Popa<\/p>\n<p>\u00a0\u00a0\u00a0 \u201eA fost cea mai valoroas\u0103 voce masculin\u0103 a muzicii u\u0219oare rom\u00e2ne\u0219ti. Avea un timbru \u0219i o culoare a vocii inconfundabile. Era singurul cu adev\u0103rat &#8211; o voce.\u201d<\/p>\n<p>\u00a0\u00a0\u00a0 \u2014Titel Popovici<\/p>\n<p>\u00a0\u00a0\u00a0 \u201eC\u00e2ntecul a fost cel care ne-a unit, pun\u00e2nd temelia unei prietenii trainice. M-a impresionat de prima dat\u0103 datorit\u0103 caracterului s\u0103u excep\u021bional. A fost unul dintre pu\u021binii care \u0219i-au respectat cu adev\u0103rat cariera.\u201d<\/p>\n<p>\u00a0\u00a0\u00a0 \u2014Aura Urziceanu<\/p>\n<p>\u00a0\u00a0\u00a0 \u201eAurelian era un b\u0103rbat timid \u0219i introvertit\u201d<\/p>\n<p>\u00a0\u00a0\u00a0 \u2014Mariella Andreescu<\/p>\n<p>\u00a0\u00a0\u00a0 \u201eAurelian avea capacitatea unic\u0103 de a imprima oric\u0103rei melodii darul s\u0103u, harul s\u0103u, de aceea orice c\u00e2nta el era hit sau devenea hit. A fost de ne\u00eenlocuit.\u201d<\/p>\n<p>\u00a0\u00a0\u00a0 \u2014Mihai Constantinescu<\/p>\n<p>\u00a0\u00a0\u00a0 \u201eEra o prezen\u021b\u0103 tonic\u0103, mereu pus pe glume, optimist, plin de via\u021b\u0103, admirabil prieten.\u201d<\/p>\n<p>\u00a0\u00a0\u00a0 \u2014Alexandru Ar\u0219inel<\/p>\n<p>\u00a0\u00a0\u00a0 \u201eAurelian Andreescu era un om frumos din toate punctele de vedere \u0219i un mare caracter.\u201d<\/p>\n<p>\u00a0\u00a0\u00a0 \u2014Corneliu Vadim Tudor<\/p>\n<p>Discografie<\/p>\n<p>\u00a0\u00a0\u00a0 Succese interna\u021bionale (1973, Electrecord)<\/p>\n<p>\u00a0\u00a0\u00a0 Cele mai frumoase melodii (1986, Electrecord)<\/p>\n<p>\u00a0\u00a0\u00a0 Aurelian Andreescu (2002)<\/p>\n<p>\u00a0\u00a0\u00a0 Aurelian Andreescu. Muzic\u0103 de colec\u021bie (2007, Jurnalul Na\u021bional)<\/p>\n<p><strong>Piese din repertoriu<\/strong><\/p>\n<p>Melodii originale(\u00een ordine alfabetic\u0103):<\/p>\n<p>\u00a0\u00a0\u00a0 Ai trecut iar pe strada mea (Ramon Tavernier)<\/p>\n<p>\u00a0\u00a0\u00a0 Alerg printre stele (Radu-Eugeniu Gheorghiu)<\/p>\n<p>\u00a0\u00a0\u00a0 Ana (George Grigoriu)<\/p>\n<p>\u00a0\u00a0\u00a0 Ar fi de-ajuns (Ion Cristinoiu \/ Mihai Dumbrav\u0103)<\/p>\n<p>\u00a0\u00a0\u00a0 Ast\u0103zi e ziua ta (Ion Vasilescu \/ Eugen Mirea, Ion Vasilescu)<\/p>\n<p>\u00a0\u00a0\u00a0 C\u00e2nd vei veni iar l\u00e2ng\u0103 mine (Alexandru Mandy)<\/p>\n<p>\u00a0\u00a0\u00a0 C\u00e2nt\u0103-mi s\u0103 uit dragostea (Ion Vasilescu \/ Nicolae Vl\u0103doianu)<\/p>\n<p>\u00a0\u00a0\u00a0 C\u00e2ntec de leag\u0103n (Horia Moculescu \/ Eugen Rotaru)<\/p>\n<p>\u00a0\u00a0\u00a0 Ce bine-ar fi s\u0103 fie a\u0219a (Dan Ardelean \/ George Mihalache)<\/p>\n<p>\u00a0\u00a0\u00a0 Ce-\u021bi pas\u0103 \u021bie (Dan Beizadea \/ Puiu Vasiliu)<\/p>\n<p>\u00a0\u00a0\u00a0 Constela\u021bia Iubirii (Zsolt Kerestely)<\/p>\n<p>\u00a0\u00a0\u00a0 Copacul (Zsolt Kerestely)<\/p>\n<p>\u00a0\u00a0\u00a0 Cu cine semeni dumneata? (Vasile Veselovski \/ Mihai Maximilian)<\/p>\n<p>\u00a0\u00a0\u00a0 Cu Noi (Zsolt Kerestely)<\/p>\n<p>\u00a0\u00a0\u00a0 Daniela (Marcel Dragomir)<\/p>\n<p>\u00a0\u00a0\u00a0 De ieri p\u00e2n\u0103 azi (Lauren\u021biu Profeta)<\/p>\n<p>\u00a0\u00a0\u00a0 Din focul primului s\u0103rut (Marius \u021aeicu \/ Angel Grigoriu, Romeo Iorgulescu)<\/p>\n<p>\u00a0\u00a0\u00a0 Dorul (Vasile V. Vasilache \/ Gheorghe Valcu)<\/p>\n<p>\u00a0\u00a0\u00a0 E\u0219ti fotogenic\u0103 (George Grigoriu \/ Angel Grigoriu, Romeo Iorgulescu)<\/p>\n<p>\u00a0\u00a0\u00a0 Feti\u021bele din Bucure\u0219ti (Ion Vasilescu \/ Nicolae Vl\u0103doianu)<\/p>\n<p>\u00a0\u00a0\u00a0 Fluier\u00e2nd pe strad\u0103 (Vasile Veselovski \/ Mihai Maximilian, Bogdan Caus)<\/p>\n<p>\u00a0\u00a0\u00a0 G\u00e2nduri (Nancy Brandes \/ Ovidiu Dumitru)<\/p>\n<p>\u00a0\u00a0\u00a0 Gentleman (Henri M\u0103lineanu)<\/p>\n<p>\u00a0\u00a0\u00a0 Inima mea e a ta (George Grigoriu \/ Angel Grigoriu, Romeo Iorgulescu)<\/p>\n<p>\u00a0\u00a0\u00a0 Iubesc (Petre Mih\u0103escu \/ Ovidiu Dumitru)<\/p>\n<p>\u00a0\u00a0\u00a0 Iubirea cea mare (Florin Bogardo)<\/p>\n<p>\u00a0\u00a0\u00a0 \u00cen tot ce e frumos pe lume (Elly Roman \/ Sasa Georgescu)<\/p>\n<p>\u00a0\u00a0\u00a0 Lumea (Marcel Dragomir \/ Ovidiu Dumitru)<\/p>\n<p>\u00a0\u00a0\u00a0 Merit eu (Vasile Veselovski \/ Mihai Maximilian)<\/p>\n<p>\u00a0\u00a0\u00a0 Mi-ai spus c\u0103 m\u0103 iube\u0219ti (Mi\u0219u Iancu)<\/p>\n<p>\u00a0\u00a0\u00a0 Muzica (Marius \u021aeicu \/ Ovidiu Dumitru)<\/p>\n<p>\u00a0\u00a0\u00a0 Oameni (Marius \u021aeicu \/ Ovidiu Dumitru)<\/p>\n<p>\u00a0\u00a0\u00a0 o perla de fata (George Grigoriu)<\/p>\n<p>\u00a0\u00a0\u00a0 Nu cred \u00een stele (Vasile V. Vasilache)<\/p>\n<p>\u00a0\u00a0\u00a0 Nu m\u0103 citi (Horia Moculescu)<\/p>\n<p>\u00a0\u00a0\u00a0 Nu \u0219tii c\u00eet\u0103 iubire (Ion Cristinoiu)<\/p>\n<p>\u00a0\u00a0\u00a0 Pentru Dragoste (Marcel Dragomir)<\/p>\n<p>\u00a0\u00a0\u00a0 S-a l\u0103sat cortina (Vasile Veselovski \/ Mihai Maximilian)<\/p>\n<p>\u00a0\u00a0\u00a0 Serenada Twist (Florentin Delmar)<\/p>\n<p>\u00a0\u00a0\u00a0 \u0218i plou\u0103 (Radu \u0218erban)<\/p>\n<p>\u00a0\u00a0\u00a0 \u0218treng\u0103ri\u021ba (Noru Demetriad \/ Mihai Dumbrav\u0103)<\/p>\n<p>\u00a0\u00a0\u00a0 Te iubesc (Dan Beizadea)<\/p>\n<p>\u00a0\u00a0\u00a0 Te-ai schimbat (Petre Mih\u0103iescu \/ Aurel Storin)<\/p>\n<p>\u00a0\u00a0\u00a0 Tu e\u0219ti prim\u0103vara mea (Florin Bogardo)<\/p>\n<p>\u00a0\u00a0\u00a0 Un fluture \u0219i-o pas\u0103re (Florin Bogardo \/ Ioana Diaconescu)<\/p>\n<p>\u00a0\u00a0\u00a0 Vino, vino, dragoste (Marius \u021aeicu \/ Eugen Rotaru)<\/p>\n<p>\u00a0\u00a0\u00a0 Vise (Paul Urmuzescu \/ Mihai Dumbrav\u0103)<\/p>\n<p>\u00a0\u00a0\u00a0 Vreau numai soare (Dan Ardelean \/ Gheorghe E. Marian)<\/p>\n<p>Melodii din repertoriul interna\u021bional:<\/p>\n<p>\u00a0\u00a0\u00a0 Bun\u0103 diminea\u021ba, micu\u021b\u0103 stea (Rado, Ragny, M. Dermott \/ Gheorghe E. Marian)<\/p>\n<p>\u00a0\u00a0\u00a0 Nu uita (Rado, Ragny \/ Cecilia Silvestri)<\/p>\n<p>\u00a0\u00a0\u00a0 Pentru Maria (Murray, Callander \/ Eugen Rotaru)<\/p>\n<p>\u00a0\u00a0\u00a0 Love story (Francis Lai \/ Aurel Felea)<\/p>\n<p>\u00a0\u00a0\u00a0 O chema Ninette (Hildebrandt \/ Aurel Felea)<\/p>\n<p>\u00a0\u00a0\u00a0 Valuri albe (Christie-Yellow river \/ Aurel Felea)<\/p>\n<p>\u00a0\u00a0\u00a0 Pa\u0219ii mei (Barry Gibb \/ Aurel Felea)<\/p>\n<p>\u00a0\u00a0\u00a0 Vei veni (Beatles &#8211; Let It Be)<\/p>\n<p>\u00a0\u00a0\u00a0 De ce n-am replic\u0103 \u00een glas (Kenny Rogers &#8211; Ruby, Don&#8217;t Take Your Love To Town)<\/p>\n<p>Bibliografie<\/p>\n<p>\u00a0\u00a0\u00a0 Fotea, Daniela Caraman \u0219i Titus Andrei (2003). Alternative pop-dance, Editura Humanitas Educa\u021bional.<\/p>\n<p>\u00a0\u00a0\u00a0 Ionescu, Doru (2005). Timpul chitarelor electrice (vol. 1, edi\u021bia I), Editura Humanitas Educa\u021bional. ISBN 973-689-064-3<\/p>\n<p>Leg\u0103turi externe<\/p>\n<p>\u00a0\u00a0\u00a0 www.AurelianAndreescu.ro, site-ul oficial al c\u00e2nt\u0103re\u021bului<\/p>\n<p>\u00a0\u00a0\u00a0 www.facebook.com\/pages\/Aurelian-Andreescu-Oficial\/160517800673736, pagina oficial\u0103 Facebook a c\u00e2nt\u0103re\u021bului<\/p>\n<p>\u00a0\u00a0\u00a0 Sarea in bucate, 17 septembrie 2007, Jurnalul Na\u021bional<\/p>\n<p>\u00a0\u00a0\u00a0 &#8220;Copacul&#8221; Aurelian Andreescu, 14 septembrie 2007, Dana Cobuz, Anca Stanescu, Jurnalul Na\u021bional<\/p>\n<p>\u00a0\u00a0\u00a0 O voce superb\u0103: Aurelian Andreescu | VIDEO, 29 mai 2014, Roxana Roseti, Evenimentul zilei<\/p>\n<p>\u00a0\u00a0\u00a0 http:\/\/miscareaderezistenta.ro\/muzica\/sa-ne-amintim-de-ei-cum-contribuit-niste-asa-zisi-admiratori-la-moartea-irepetabilul-aurelian-andreescu-49863.html?fbclid=IwAR1sF1lYJDq5W4Tx6MHeMDztwypd8qphBkqkk1JxmqGj_Vnf_60PiYZvMT4<\/p>\n<p>\u00a0<\/p>\n<p>De la Wikipedia, enciclopedia liber\u0103<\/p>\n<p>\u00a0<\/p>\n<p>\u00a0<\/p>\n<p>\u00a0<\/p>\n<p>\u00a0<\/p>\n<p>\u00a0<\/p>\n<hr>\n<div class=\"bloc-widget widget-rosu\">\n<p>\u00cen lipsa unui acord scris din partea Ziarului de Vrancea, pute\u0163i prelua maxim 500 de caractere din acest articol dac\u0103 preciza\u0163i sursa \u015fi insera\u0163i vizibil link-ul articolului:\u00a0<span>#insertcurrentlinkhere<\/span><\/p>\n<\/div>\n<div class=\"extra-articol listing-anunturi\">\n<h6>Anun\u021buri <span class=\"text-primary\">ZdV<\/span> Premium<\/h6>\n<div class=\"row\">\n<div class=\"col-lg-4 col-md-6 bloc-egal\"><a class=\"card-anunt\" href=\"https:\/\/ziaruldevrancea.ro\/anunturi\/imobiliare\/vanzari-terenuri\/vand-teren-in-panciu\"><strong class=\"titlu\">V\u00e2nz\u0103ri terenuri<\/strong><span class=\"text-anunt\">Teren Panciu 1170 mp, cu num\u0103r cas\u0103, ap\u0103&#8230;<\/span><span class=\"data-anunt\">29.07.2026  <\/span><\/a><\/div>\n<div class=\"col-lg-4 col-md-6 bloc-egal\"><a class=\"card-anunt\" href=\"https:\/\/ziaruldevrancea.ro\/anunturi\/necrolog\/decese\/drum-lin-catre-ingeri-in-Imparatia-bunului-dumnezeu\"><strong class=\"titlu\">Decese<\/strong><span class=\"text-anunt\">At\u00e2t de fulger\u0103tor&#8230;incredibil!<\/p>\n<p>Tat\u0103l&#8230;<\/span><span class=\"data-anunt\">28.07.2026  <\/span><\/a><\/div>\n<div class=\"col-lg-4 col-md-6 bloc-egal\"><a class=\"card-anunt\" href=\"https:\/\/ziaruldevrancea.ro\/anunturi\/necrolog\/decese\/dumnezeu-sa-o-aseze-in-randul-celor-drepti\"><strong class=\"titlu\">Decese<\/strong><span class=\"text-anunt\">Cu profund\u0103 durere, familia anun\u021b\u0103 trecerea la&#8230;<\/span><span class=\"data-anunt\">28.07.2026  <\/span><\/a><\/div>\n<\/div>\n<\/div>\n<div class=\"extra-articol alte-articole\">\n<div class=\"row\">\n<div class=\"col-lg-6 bloc-egal\">\n<div class=\"card articol-listing\">\n<h6>\u00cen categoria <a href=\"https:\/\/ziaruldevrancea.ro\/timp-liber\">Timp Liber<\/a><\/h6>\n<div class=\"grup-articol-listing\">\n<div class=\"cont-pils\"><a href=\"https:\/\/ziaruldevrancea.ro\/timp-liber\/horoscop-29-iulie-2026\"><img decoding=\"async\" src=\"https:\/\/zdvi.cname.ro\/180_135\/timp-liber\/horoscop-29-iulie-2026\/mediaPool\/uA8enxT.jpg\" class=\"img-responsive img-180\" alt><\/a><\/div>\n<h2><a class=\"link-titlu\" href=\"https:\/\/ziaruldevrancea.ro\/timp-liber\/horoscop-29-iulie-2026\">Horoscop 29 iulie 2026 <\/a><\/h2>\n<div class=\"date-post\"><a href=\"https:\/\/ziaruldevrancea.ro\/autor\/rodica-condurache\">Rodica Condurache<\/a>, 29 iul 2026  <\/div>\n<\/div>\n<div class=\"grup-articol-listing\">\n<div class=\"cont-pils\"><a href=\"https:\/\/ziaruldevrancea.ro\/timp-liber\/calendarul-zilei-de-29-iulie-de-la-primul-desteapta-te-romane-la-prima-medalie-olimpica-de-aur-a-romaniei.-reperele-zilei-pe-care-si-vrancenii-merita-sa-le-cunoasca\"><img decoding=\"async\" src=\"https:\/\/zdvi.cname.ro\/180_135\/timp-liber\/calendarul-zilei-de-29-iulie-de-la-primul-desteapta-te-romane-la-prima-medalie-olimpica-de-aur-a-romaniei.-reperele-zilei-pe-care-si-vrancenii-merita-sa-le-cunoasca\/mediaPool\/uvmQvr7.png\" class=\"img-responsive img-180\" alt><\/a><\/div>\n<h2><a class=\"link-titlu\" href=\"https:\/\/ziaruldevrancea.ro\/timp-liber\/calendarul-zilei-de-29-iulie-de-la-primul-desteapta-te-romane-la-prima-medalie-olimpica-de-aur-a-romaniei.-reperele-zilei-pe-care-si-vrancenii-merita-sa-le-cunoasca\">Calendarul zilei de 29 iulie: de la primul \u201eDe\u0219teapt\u0103-te, rom\u00e2ne\u201d la prima medalie olimpic\u0103 de aur a Rom\u00e2niei. Reperele zilei pe care \u0219i vr\u00e2ncenii merit\u0103 s\u0103 le cunoasc\u0103<\/a><\/h2>\n<div class=\"date-post\"><a href=\"https:\/\/ziaruldevrancea.ro\/autor\/rodica-condurache\">Rodica Condurache<\/a>, 29 iul 2026  <\/div>\n<\/div>\n<div class=\"grup-articol-listing\">\n<div class=\"cont-pils\"><a href=\"https:\/\/ziaruldevrancea.ro\/timp-liber\/calendarul-zilei-de-28-iulie-ziua-in-care-a-inceput-primul-razboi-mondial.-evenimente-care-au-schimbat-lumea-personalitati-marcante-nascute-in-aceasta-zi-si-figuri-importante-care-au-ramas-in-istorie\"><img decoding=\"async\" src=\"https:\/\/zdvi.cname.ro\/180_135\/timp-liber\/calendarul-zilei-de-28-iulie-ziua-in-care-a-inceput-primul-razboi-mondial.-evenimente-care-au-schimbat-lumea-personalitati-marcante-nascute-in-aceasta-zi-si-figuri-importante-care-au-ramas-in-istorie\/mediaPool\/udFETKi.jpg\" class=\"img-responsive img-180\" alt><\/a><\/div>\n<h2><a class=\"link-titlu\" href=\"https:\/\/ziaruldevrancea.ro\/timp-liber\/calendarul-zilei-de-28-iulie-ziua-in-care-a-inceput-primul-razboi-mondial.-evenimente-care-au-schimbat-lumea-personalitati-marcante-nascute-in-aceasta-zi-si-figuri-importante-care-au-ramas-in-istorie\">Calendarul zilei de 28 iulie: Ziua \u00een care a \u00eenceput Primul R\u0103zboi Mondial. Evenimente care au schimbat lumea, personalit\u0103\u021bi marcante n\u0103scute \u00een aceast\u0103 zi \u0219i figuri importante care au r\u0103mas \u00een istorie<\/a><\/h2>\n<div class=\"date-post\"><a href=\"https:\/\/ziaruldevrancea.ro\/autor\/rodica-condurache\">Rodica Condurache<\/a>, 28 iul 2026  <\/div>\n<\/div>\n<\/div>\n<\/div>\n<div class=\"col-lg-6 bloc-egal\">\n<div class=\"card articol-listing\">\n<h6>De acela\u0219i <a href=\"https:\/\/ziaruldevrancea.ro\/autor\/ziarul-de-vrancea\/\">autor<\/a><\/h6>\n<div class=\"grup-articol-listing\">\n<div class=\"cont-pils\"><a href=\"https:\/\/ziaruldevrancea.ro\/special\/educatie\/astazi-despre-academicianul-victor-babes---autorul-primului-tratat-de-bacteriologie-din-lume-prin-care-a-pus-bazele-moderne-ale-acestei-stiinte\"><img decoding=\"async\" src=\"https:\/\/zdvi.cname.ro\/180_135\/special\/educatie\/astazi-despre-academicianul-victor-babes---autorul-primului-tratat-de-bacteriologie-din-lume-prin-care-a-pus-bazele-moderne-ale-acestei-stiinte\/mediaPool\/upS8Rte.jpg\" class=\"img-responsive img-180\" alt><\/a><\/div>\n<h2><a class=\"link-titlu\" href=\"https:\/\/ziaruldevrancea.ro\/special\/educatie\/astazi-despre-academicianul-victor-babes---autorul-primului-tratat-de-bacteriologie-din-lume-prin-care-a-pus-bazele-moderne-ale-acestei-stiinte\">Ast\u0103zi despre fondatorul \u0219colii rom\u00e2ne\u0219ti de microbiologie: academicianul Victor Babe\u0219 &#8211; autorul primului tratat de bacteriologie din lume prin care a pus bazele moderne ale acestei \u0219tiin\u021be <\/a><\/h2>\n<div class=\"date-post\"><a href=\"https:\/\/ziaruldevrancea.ro\/#comentarii\" class=\"pull-right\"> 1<\/a><a href=\"https:\/\/ziaruldevrancea.ro\/autor\/ziarul-de-vrancea\">Ziarul de Vrancea<\/a>, 28 iul 2026  <\/div>\n<\/div>\n<div class=\"grup-articol-listing\">\n<div class=\"cont-pils\"><a href=\"https:\/\/ziaruldevrancea.ro\/timp-liber\/astazi-despre-alexandru-tocilescu---primul-regizor-roman-care-a-primit-o-stea-pe-aleea-celebritatilor\"><img decoding=\"async\" src=\"https:\/\/zdvi.cname.ro\/180_135\/timp-liber\/astazi-despre-alexandru-tocilescu---primul-regizor-roman-care-a-primit-o-stea-pe-aleea-celebritatilor\/mediaPool\/umQGrTM.jpg\" class=\"img-responsive img-180\" alt><\/a><\/div>\n<h2><a class=\"link-titlu\" href=\"https:\/\/ziaruldevrancea.ro\/timp-liber\/astazi-despre-alexandru-tocilescu---primul-regizor-roman-care-a-primit-o-stea-pe-aleea-celebritatilor\">Ast\u0103zi despre: Alexandru Tocilescu &#8211; unul dintre cei mai aprecia\u021bi regizori de teatru. Primul regizor rom\u00e2n care a primit o stea pe Aleea Celebrit\u0103\u021bilor<\/a><\/h2>\n<div class=\"date-post\"><a href=\"https:\/\/ziaruldevrancea.ro\/autor\/ziarul-de-vrancea\">Ziarul de Vrancea<\/a>, 27 iul 2026  <\/div>\n<\/div>\n<div class=\"grup-articol-listing\">\n<div class=\"cont-pils\"><a href=\"https:\/\/ziaruldevrancea.ro\/timp-liber\/horoscop-27-iulie-2-august-2026\"><img decoding=\"async\" src=\"https:\/\/zdvi.cname.ro\/180_135\/timp-liber\/horoscop-27-iulie-2-august-2026\/mediaPool\/ucW7BQP.jpg\" class=\"img-responsive img-180\" alt><\/a><\/div>\n<h2><a class=\"link-titlu\" href=\"https:\/\/ziaruldevrancea.ro\/timp-liber\/horoscop-27-iulie-2-august-2026\">Horoscop 27 iulie-2 august 2026<\/a><\/h2>\n<div class=\"date-post\"><a href=\"https:\/\/ziaruldevrancea.ro\/#comentarii\" class=\"pull-right\"> 8<\/a><a href=\"https:\/\/ziaruldevrancea.ro\/autor\/ziarul-de-vrancea\">Ziarul de Vrancea<\/a>, 27 iul 2026  <\/div>\n<\/div>\n<\/div>\n<\/div>\n<\/div>\n<\/div>\n<div class=\"extra-articol listing-anunturi\">\n<h6>Anun\u021buri <span class=\"text-primary\">ZdV<\/span> Premium<\/h6>\n<div class=\"row\">\n<div class=\"col-lg-4 col-md-6 bloc-egal\"><a class=\"card-anunt\" href=\"https:\/\/ziaruldevrancea.ro\/anunturi\/imobiliare\/vanzari-case\/vand-casa-si-teren-in-panciu-anunt-72818\"><strong class=\"titlu\">V\u00e2nz\u0103ri case<\/strong><span class=\"text-anunt\">V\u00e2nd cas\u0103 cu 2 camere, buc\u0103t\u0103rie, baie,&#8230;<\/span><span class=\"data-anunt\">23.07.2026  <\/span><\/a><\/div>\n<div class=\"col-lg-4 col-md-6 bloc-egal\"><a class=\"card-anunt\" href=\"https:\/\/ziaruldevrancea.ro\/anunturi\/angajari\/cereri-angajari\/doresc-angajare-anunt-72815\"><strong class=\"titlu\">Cereri<\/strong><span class=\"text-anunt\">Doresc s\u0103 am grij\u0103 de un copil de gradini\u021b\u0103&#8230;<\/span><span class=\"data-anunt\">21.07.2026  <\/span><\/a><\/div>\n<div class=\"col-lg-4 col-md-6 bloc-egal\"><a class=\"card-anunt\" href=\"https:\/\/ziaruldevrancea.ro\/anunturi\/inchirieri\/locuinte-oferte\/primesc-in-gazda-anunt-72816\"><strong class=\"titlu\">Locuin\u021be oferte<\/strong><span class=\"text-anunt\">\u00a0Primesc \u00een gazd\u0103 la cas\u0103.<\/p>\n<p>Tel&#8230;.<\/span><span class=\"data-anunt\">21.07.2026  <\/span><\/a><\/div>\n<\/div>\n<\/div>\n<div class=\"bloc-widget widget-albastru\">\n    Ziarul de Vrancea \u00a0nu este responsabil juridic pentru con\u0163inutul textelor din comentariile de mai jos. Responsabilitatea pentru mesajele dumneavoastra v\u0103 revine \u00een exclusivitate.\n<\/div>\n<div class=\"comentarii-articol\" id=\"comentarii\">\n<h3>Comentarii: <span class=\"text-primary\">0<\/span><\/h3>\n<p><a href=\"https:\/\/ziaruldevrancea.ro\/timp-liber\/video-astazi-despre-un-adevarat-zeu-in-salile-de-concert-in-cele-mai-selecte-restaurante-de-pe-litoral-si-in-cele-mai-scumpe-baruri-din-bucuresti-desi-n-a-fost-nici-pe-departe-atat-de-apreciat-pe-cat-de-urias-i-a-fost-talentul-aurelian-andreescu\" class=\"btn btn-success btn-adauga-com\" data-toggle=\"modal\" data-parent=\"0\" data-target=\"#commentModal\">Adaug\u0103 comentariu<\/a><\/p>\n<div class=\"loadMask comments-mask\"><img decoding=\"async\" src=\"https:\/\/zdvs.cname.ro\/images\/loader_40.gif\"><\/div>\n<div class=\"comenteaza-jos\">Trebuie s\u0103 fii <a href=\"https:\/\/ziaruldevrancea.ro\/account\">autentificat<\/a> pentru a putea <a href=\"https:\/\/ziaruldevrancea.ro\/timp-liber\/video-astazi-despre-un-adevarat-zeu-in-salile-de-concert-in-cele-mai-selecte-restaurante-de-pe-litoral-si-in-cele-mai-scumpe-baruri-din-bucuresti-desi-n-a-fost-nici-pe-departe-atat-de-apreciat-pe-cat-de-urias-i-a-fost-talentul-aurelian-andreescu\" class data-toggle=\"modal\" data-parent=\"0\" data-target=\"#commentModal\">posta un comentariu<\/a>.<\/div>\n<\/div>\n<div class=\"modal fade\" id=\"commentModal\" role=\"dialog\" aria-labelledby=\"commentModalLabel\">\n<div class=\"modal-dialog modal-lg\" role=\"document\">\n<div class=\"modal-content\">\n<div class=\"modal-header\">\n<h3 class=\"modal-title\" id=\"commentModalLabel\">Comenteaz\u0103<\/h3>\n<\/div>\n<div class=\"modal-body\">\n<div class=\"tabel tabel-full\">\n<div class=\"celula\">\n              Trebuie s\u0103 fii <a href=\"https:\/\/ziaruldevrancea.ro\/account\">autentificat<\/a> pentru a putea posta un comentariu.\n            <\/div>\n<\/div>\n<\/div>\n<div class=\"modal-footer\">\n<div id=\"commentPending\" class=\"formPending pull-left\"><img decoding=\"async\" src=\"https:\/\/zdvs.cname.ro\/images\/loader_40.gif\"> In curs de procesare&#8230;<\/div>\n<p><a href=\"https:\/\/ziaruldevrancea.ro\/timp-liber\/video-astazi-despre-un-adevarat-zeu-in-salile-de-concert-in-cele-mai-selecte-restaurante-de-pe-litoral-si-in-cele-mai-scumpe-baruri-din-bucuresti-desi-n-a-fost-nici-pe-departe-atat-de-apreciat-pe-cat-de-urias-i-a-fost-talentul-aurelian-andreescu\" class=\"btn btn-default\" data-dismiss=\"modal\">Anuleaz\u0103<\/a><\/div>\n<\/div>\n<\/div>\n<\/div>\n<div class=\"modal fade\" id=\"commentReportModal\" role=\"dialog\" aria-labelledby=\"commentReportModalLabel\">\n<div class=\"modal-dialog modal-lg\" role=\"document\">\n<div class=\"modal-content\">\n<div class=\"modal-header\">\n<h3 class=\"modal-title\" id=\"commentReportModalLabel\">Raporteaza comentariu<\/h3>\n<\/div>\n<div class=\"modal-body\">\n<div class=\"tabel tabel-full\">\n<div class=\"celula\">\n              Trebuie s\u0103 fii <a href=\"https:\/\/ziaruldevrancea.ro\/account\">autentificat<\/a> pentru a putea raporta un comentariu.\n            <\/div>\n<\/div>\n<\/div>\n<div class=\"modal-footer\">\n<div id=\"commentReportPending\" class=\"formPending pull-left\"><img decoding=\"async\" src=\"https:\/\/zdvs.cname.ro\/images\/loader_40.gif\"> In curs de procesare&#8230;<\/div>\n<p><a href=\"https:\/\/ziaruldevrancea.ro\/timp-liber\/video-astazi-despre-un-adevarat-zeu-in-salile-de-concert-in-cele-mai-selecte-restaurante-de-pe-litoral-si-in-cele-mai-scumpe-baruri-din-bucuresti-desi-n-a-fost-nici-pe-departe-atat-de-apreciat-pe-cat-de-urias-i-a-fost-talentul-aurelian-andreescu\" class=\"btn btn-default\" data-dismiss=\"modal\">Anuleaz\u0103<\/a><\/div>\n<\/div>\n<\/div>\n<\/div>\n<div class=\"modal fade\" id=\"commentLikeModal\" role=\"dialog\" aria-labelledby=\"commentLikeModalLabel\">\n<div class=\"modal-dialog modal-lg\" role=\"document\">\n<div class=\"modal-content\">\n<div class=\"modal-header\">\n<h3 class=\"modal-title\" id=\"commentReportModalLabel\">Apreciaza comentariu<\/h3>\n<\/div>\n<div class=\"modal-body\">\n<div class=\"tabel tabel-full\">\n<div class=\"celula\">\n            Trebuie s\u0103 fii <a href=\"https:\/\/ziaruldevrancea.ro\/account\">autentificat<\/a> pentru a putea aprecia un comentariu.\n          <\/div>\n<\/div>\n<\/div>\n<div class=\"modal-footer\"><a href=\"https:\/\/ziaruldevrancea.ro\/timp-liber\/video-astazi-despre-un-adevarat-zeu-in-salile-de-concert-in-cele-mai-selecte-restaurante-de-pe-litoral-si-in-cele-mai-scumpe-baruri-din-bucuresti-desi-n-a-fost-nici-pe-departe-atat-de-apreciat-pe-cat-de-urias-i-a-fost-talentul-aurelian-andreescu\" class=\"btn btn-default\" data-dismiss=\"modal\">Anuleaz\u0103<\/a><\/div>\n<\/div>\n<\/div>\n<\/div>\n<div class=\"bloc-widget widget-rosu\"><span><small>Ziarul de Vrancea doreste ca acest site sa fie un spatiu al discutiilor civilizate, al comentariilor de bun simt. Din acest motiv, cei care posteaza comentarii la articole trebuie sa respecte urmatoarele reguli:<br \/>\n1. Sa se refere doar la articolul la care posteaza comentarii.<br \/>\n2. Sa foloseasca un limbaj civilizat, fara injurii, calomnii, comentarii antisemite, xenofobe sau rasiste.<br \/>\n3. Sunt interzise atacurile la adresa autorilor, daca acestea nu au legatura cu textul.<br \/>\n4. Username-ul sa nu fie nume de personalitati ale vietii publice sau parodieri ale acestora.<br \/>\nAutorul unui articol poate fi criticat pentru eventuale greseli, incoerenta, lipsa de documentare etc.<br \/>\nNerespectarea regulilor mentionate mai sus va duce la stergerea comentariilor, fara avertisment si fara explicatii.<br \/>\nAbaterile repetate vor avea drept consecinta interdictia accesului la aceasta facilitate a site-ului.<\/small><\/span><\/div>\n<\/div>\n<p>[analyse_source url=&#8221;https:\/\/ziaruldevrancea.ro\/timp-liber\/video-astazi-despre-un-adevarat-zeu-in-salile-de-concert-in-cele-mai-selecte-restaurante-de-pe-litoral-si-in-cele-mai-scumpe-baruri-din-bucuresti-desi-n-a-fost-nici-pe-departe-atat-de-apreciat-pe-cat-de-urias-i-a-fost-talentul-aurelian-andreescu&#8221;]<\/p>\n","protected":false},"excerpt":{"rendered":"<p>[analyse_image type=&#8221;featured&#8221; src=&#8221;https:\/\/zdvi.cname.ro\/_\/video-astazi-despre-un-adevarat-zeu-in-salile-de-concert-in-cele-mai-selecte-restaurante-de-pe-litoral-si-in-cele-mai-scumpe-baruri-din-bucuresti-desi-n-a-fost-nici-pe-departe-atat-de-apreciat-pe-cat-de-urias-i-a-fost-talentul-aurelian-andreescu\/mediaPool\/uTLH3Rx.jpg&#8221;] Timp Liber VIDEO Ast\u0103zi despre: un adev\u0103rat zeu \u00een s\u0103lile de concert, \u00een cele mai selecte restaurante de pe Litoral \u015fi \u00een cele mai scumpe baruri din Bucure\u015fti, de\u015fi n-a fost nici pe departe at\u00e2t de apreciat pe c\u00e2t de uria\u015f i-a fost talentul: Aurelian Andreescu Distribuie: \u00a0 | Ziarul de Vrancea [&hellip;]<\/p>\n","protected":false},"author":1,"featured_media":0,"comment_status":"open","ping_status":"","sticky":false,"template":"","format":"standard","meta":{"footnotes":""},"categories":[89],"tags":[226,208],"class_list":["post-2067705","post","type-post","status-publish","format-standard","hentry","category-romania","tag-crawlmanager","tag-ziaruldevrancea-ro"],"_links":{"self":[{"href":"https:\/\/analyse.optim.biz\/index.php?rest_route=\/wp\/v2\/posts\/2067705","targetHints":{"allow":["GET"]}}],"collection":[{"href":"https:\/\/analyse.optim.biz\/index.php?rest_route=\/wp\/v2\/posts"}],"about":[{"href":"https:\/\/analyse.optim.biz\/index.php?rest_route=\/wp\/v2\/types\/post"}],"author":[{"embeddable":true,"href":"https:\/\/analyse.optim.biz\/index.php?rest_route=\/wp\/v2\/users\/1"}],"replies":[{"embeddable":true,"href":"https:\/\/analyse.optim.biz\/index.php?rest_route=%2Fwp%2Fv2%2Fcomments&post=2067705"}],"version-history":[{"count":0,"href":"https:\/\/analyse.optim.biz\/index.php?rest_route=\/wp\/v2\/posts\/2067705\/revisions"}],"wp:attachment":[{"href":"https:\/\/analyse.optim.biz\/index.php?rest_route=%2Fwp%2Fv2%2Fmedia&parent=2067705"}],"wp:term":[{"taxonomy":"category","embeddable":true,"href":"https:\/\/analyse.optim.biz\/index.php?rest_route=%2Fwp%2Fv2%2Fcategories&post=2067705"},{"taxonomy":"post_tag","embeddable":true,"href":"https:\/\/analyse.optim.biz\/index.php?rest_route=%2Fwp%2Fv2%2Ftags&post=2067705"}],"curies":[{"name":"wp","href":"https:\/\/api.w.org\/{rel}","templated":true}]}}