{"id":2067700,"date":"2026-07-22T00:00:00","date_gmt":"2026-07-21T21:00:00","guid":{"rendered":"https:\/\/analyse.optim.biz\/?p=2067700"},"modified":"2026-07-22T00:00:00","modified_gmt":"2026-07-21T21:00:00","slug":"calendarul-zilei-de-22-iulie-o-zi-in-care-istoria-cultura-si-memoria-se-intalnesc","status":"publish","type":"post","link":"https:\/\/analyse.optim.biz\/?p=2067700","title":{"rendered":"Calendarul zilei de 22 iulie: O zi \u00een care istoria, cultura \u0219i memoria se \u00eent\u00e2lnesc"},"content":{"rendered":"<p>[analyse_image type=&#8221;featured&#8221; src=&#8221;https:\/\/zdvi.cname.ro\/_\/calendarul-zilei-de-22-iulie-o-zi-in-care-istoria-cultura-si-memoria-se-intalnesc\/mediaPool\/uD7mJ57.png&#8221;]<\/p>\n<div class=\"main-content detaliu-articol\"><a class=\"titlu-cat-list\" href=\"https:\/\/ziaruldevrancea.ro\/timp-liber\">Timp Liber<\/a><\/p>\n<h1>Calendarul zilei de 22 iulie: O zi \u00een care istoria, cultura \u0219i memoria se \u00eent\u00e2lnesc<\/h1>\n<div class=\"date-articol clearfix\">\n<div class=\"distribuie-articol dropdown\">\n    Distribuie: \u00a0<br \/>\n    <em>|<\/em><\/div>\n<div class=\"autor-articol\"><a href=\"https:\/\/ziaruldevrancea.ro\/autor\/rodica-condurache\/\"><img decoding=\"async\" class=\"img-circle\" src=\"https:\/\/zdvi.cname.ro\/50_50\/articleAuthor\/rodica-condurache\/articleAuthor\/uy6Kz5r.jpg\" alt><\/a><\/p>\n<h5><a href=\"https:\/\/ziaruldevrancea.ro\/autor\/rodica-condurache\/\">Rodica Condurache<\/a><\/h5>\n<div class=\"grup-spatiere\"><span class=\"cu-spatiere\">22 iul 2026<\/span><span class=\"cu-spatiere\">704 vizualiz\u0103ri<\/span><\/div>\n<\/div>\n<\/div>\n<div class=\"poza-mare\"><a href class=\"openGallery\"><img decoding=\"async\" class=\"img-responsive\" src=\"https:\/\/zdvi.cname.ro\/850_530\/calendarul-zilei-de-22-iulie-o-zi-in-care-istoria-cultura-si-memoria-se-intalnesc\/article\/mediaPool\/uD7mJ57.png\" alt><\/a><\/div>\n<p>Data de 22 iulie ocup\u0103 un loc aparte \u00een calendarul istoriei prin numeroase evenimente care au influen\u021bat evolu\u021bia Europei \u0219i a lumii, dar \u0219i prin momente relevante pentru spa\u021biul rom\u00e2nesc.<\/p>\n<p>Unul dintre cele mai importante repere istorice este 22 iulie 1456, c\u00e2nd Iancu de Hunedoara a ob\u021binut marea victorie de la Belgrad \u00eempotriva armatei otomane conduse de sultanul Mahomed al II-lea. Victoria a avut un rol decisiv \u00een oprirea expansiunii otomane spre centrul Europei, iar Papa Calixt al III-lea l-a numit pe voievodul rom\u00e2n \u201eatletul cel mai puternic al lui Hristos\u201d.<\/p>\n<p>\u00a0<\/p>\n<p>Tot \u00een aceast\u0103 zi, \u00een anul 1451, umanistul italian Poggio Bracciolini consemna existen\u021ba \u0219i continuitatea limbii rom\u00e2ne \u0219i a elementului romanic \u00een vechea Dacie, una dintre primele m\u0103rturii scrise referitoare la originea latin\u0103 a poporului rom\u00e2n.<\/p>\n<p>Pe plan interna\u021bional, 22 iulie 1946 marcheaz\u0103 \u00eenfiin\u021barea Organiza\u021biei Mondiale a S\u0103n\u0103t\u0103\u021bii (OMS), institu\u021bie specializat\u0103 a Organiza\u021biei Na\u021biunilor Unite care avea s\u0103 devin\u0103 principalul organism mondial \u00een domeniul s\u0103n\u0103t\u0103\u021bii publice. Rom\u00e2nia este membr\u0103 OMS \u00eenc\u0103 din anul 1948.<\/p>\n<p>Aceea\u0219i zi a anului 1946 a r\u0103mas \u00een istorie \u0219i prin atentatul asupra Hotelului \u201eKing David\u201d din Ierusalim, soldat cu 91 de victime.<\/p>\n<p>\u00cen 2005, compania Microsoft anun\u021ba oficial numele noului sistem de operare Windows Vista, iar \u00een 2009 avea loc cea mai lung\u0103 eclips\u0103 total\u0103 de Soare a secolului XXI, cu o durat\u0103 maxim\u0103 de 6 minute \u0219i 39 de secunde.<\/p>\n<p>Ziua de 22 iulie 2011 este asociat\u0103 \u0219i cu unul dintre cele mai grave atentate din Europa contemporan\u0103. \u00cen Norvegia, atacurile teroriste comise de extremistul Anders Behring Breivik au provocat moartea a 77 de persoane.<\/p>\n<p><strong>Personalit\u0103\u021bi n\u0103scute \u0219i comemorate la 22 iulie<\/strong><\/p>\n<p>Calendarul zilei aduce \u00een prim-plan \u0219i numeroase personalit\u0103\u021bi care au influen\u021bat cultura, \u0219tiin\u021ba, politica \u0219i sportul.<\/p>\n<p>Printre cei n\u0103scu\u021bi la 22 iulie se num\u0103r\u0103:<\/p>\n<p>Gregor Mendel, p\u0103rintele geneticii moderne;<\/p>\n<p>Edward Hopper, unul dintre cei mai importan\u021bi pictori americani;<\/p>\n<p>Gustav Ludwig Hertz, laureat al Premiului Nobel pentru Fizic\u0103;<\/p>\n<p>Petre Roman, fost prim-ministru al Rom\u00e2niei;<\/p>\n<p>Patriarhul Daniel, \u00cent\u00e2ist\u0103t\u0103torul Bisericii Ortodoxe Rom\u00e2ne;<\/p>\n<p>Mihaela Pene\u0219, campioan\u0103 olimpic\u0103 la atletism;<\/p>\n<p>actorii Danny Glover \u0219i Willem Dafoe;<\/p>\n<p>c\u00e2nt\u0103rea\u021ba Selena Gomez, una dintre cele mai cunoscute artiste ale genera\u021biei sale.<\/p>\n<p>\u00cen aceea\u0219i zi sunt comemora\u021bi:<\/p>\n<p>Ionel Fernic, compozitor rom\u00e2n \u0219i pionier al avia\u021biei;<\/p>\n<p>Aurelian Andreescu, una dintre vocile de aur ale muzicii u\u0219oare rom\u00e2ne\u0219ti;<\/p>\n<p>Vlad Mugur, reputat regizor de teatru;<\/p>\n<p>Dan Slu\u0219anschi, unul dintre cei mai aprecia\u021bi clasici\u0219ti \u0219i filologi rom\u00e2ni;<\/p>\n<p>Dumitru Lupu, compozitor rom\u00e2n;<\/p>\n<p>Ozzy Osbourne, legendara voce a trupei Black Sabbath, decedat \u00een 2025.<\/p>\n<p>Un loc aparte \u00eel ocup\u0103 Aurelian Andreescu (1942\u20131986), artist care a r\u0103mas \u00een memoria publicului prin interpret\u0103ri devenite emblematice ale muzicii u\u0219oare rom\u00e2ne\u0219ti. Vocea sa puternic\u0103 \u0219i sensibilitatea interpret\u0103rii continu\u0103 s\u0103 fie apreciate \u0219i ast\u0103zi de genera\u021bii \u00eentregi de rom\u00e2ni.<\/p>\n<p>Din punct de vedere religios, cre\u0219tinii o cinstesc la 22 iulie pe Sf\u00e2nta Maria Magdalena, unul dintre cei mai importan\u021bi discipoli ai lui Iisus Hristos<\/p>\n<p>\u00a0<\/p>\n<hr>\n<div class=\"bloc-widget widget-rosu\">\n<p>\u00cen lipsa unui acord scris din partea Ziarului de Vrancea, pute\u0163i prelua maxim 500 de caractere din acest articol dac\u0103 preciza\u0163i sursa \u015fi insera\u0163i vizibil link-ul articolului:\u00a0<span>#insertcurrentlinkhere<\/span><\/p>\n<\/div>\n<div class=\"extra-articol listing-anunturi\">\n<h6>Anun\u021buri <span class=\"text-primary\">ZdV<\/span> Premium<\/h6>\n<div class=\"row\">\n<div class=\"col-lg-4 col-md-6 bloc-egal\"><a class=\"card-anunt\" href=\"https:\/\/ziaruldevrancea.ro\/anunturi\/imobiliare\/vanzari-terenuri\/vand-teren-in-panciu\"><strong class=\"titlu\">V\u00e2nz\u0103ri terenuri<\/strong><span class=\"text-anunt\">Teren Panciu 1170 mp, cu num\u0103r cas\u0103, ap\u0103&#8230;<\/span><span class=\"data-anunt\">29.07.2026  <\/span><\/a><\/div>\n<div class=\"col-lg-4 col-md-6 bloc-egal\"><a class=\"card-anunt\" href=\"https:\/\/ziaruldevrancea.ro\/anunturi\/necrolog\/decese\/drum-lin-catre-ingeri-in-Imparatia-bunului-dumnezeu\"><strong class=\"titlu\">Decese<\/strong><span class=\"text-anunt\">At\u00e2t de fulger\u0103tor&#8230;incredibil!<\/p>\n<p>Tat\u0103l&#8230;<\/span><span class=\"data-anunt\">28.07.2026  <\/span><\/a><\/div>\n<div class=\"col-lg-4 col-md-6 bloc-egal\"><a class=\"card-anunt\" href=\"https:\/\/ziaruldevrancea.ro\/anunturi\/necrolog\/decese\/dumnezeu-sa-o-aseze-in-randul-celor-drepti\"><strong class=\"titlu\">Decese<\/strong><span class=\"text-anunt\">Cu profund\u0103 durere, familia anun\u021b\u0103 trecerea la&#8230;<\/span><span class=\"data-anunt\">28.07.2026  <\/span><\/a><\/div>\n<\/div>\n<\/div>\n<div class=\"extra-articol alte-articole\">\n<div class=\"row\">\n<div class=\"col-lg-6 bloc-egal\">\n<div class=\"card articol-listing\">\n<h6>\u00cen categoria <a href=\"https:\/\/ziaruldevrancea.ro\/timp-liber\">Timp Liber<\/a><\/h6>\n<div class=\"grup-articol-listing\">\n<div class=\"cont-pils\"><a href=\"https:\/\/ziaruldevrancea.ro\/timp-liber\/horoscop-29-iulie-2026\"><img decoding=\"async\" src=\"https:\/\/zdvi.cname.ro\/180_135\/timp-liber\/horoscop-29-iulie-2026\/mediaPool\/uA8enxT.jpg\" class=\"img-responsive img-180\" alt><\/a><\/div>\n<h2><a class=\"link-titlu\" href=\"https:\/\/ziaruldevrancea.ro\/timp-liber\/horoscop-29-iulie-2026\">Horoscop 29 iulie 2026 <\/a><\/h2>\n<div class=\"date-post\"><a href=\"https:\/\/ziaruldevrancea.ro\/autor\/rodica-condurache\">Rodica Condurache<\/a>, 29 iul 2026  <\/div>\n<\/div>\n<div class=\"grup-articol-listing\">\n<div class=\"cont-pils\"><a href=\"https:\/\/ziaruldevrancea.ro\/timp-liber\/calendarul-zilei-de-29-iulie-de-la-primul-desteapta-te-romane-la-prima-medalie-olimpica-de-aur-a-romaniei.-reperele-zilei-pe-care-si-vrancenii-merita-sa-le-cunoasca\"><img decoding=\"async\" src=\"https:\/\/zdvi.cname.ro\/180_135\/timp-liber\/calendarul-zilei-de-29-iulie-de-la-primul-desteapta-te-romane-la-prima-medalie-olimpica-de-aur-a-romaniei.-reperele-zilei-pe-care-si-vrancenii-merita-sa-le-cunoasca\/mediaPool\/uvmQvr7.png\" class=\"img-responsive img-180\" alt><\/a><\/div>\n<h2><a class=\"link-titlu\" href=\"https:\/\/ziaruldevrancea.ro\/timp-liber\/calendarul-zilei-de-29-iulie-de-la-primul-desteapta-te-romane-la-prima-medalie-olimpica-de-aur-a-romaniei.-reperele-zilei-pe-care-si-vrancenii-merita-sa-le-cunoasca\">Calendarul zilei de 29 iulie: de la primul \u201eDe\u0219teapt\u0103-te, rom\u00e2ne\u201d la prima medalie olimpic\u0103 de aur a Rom\u00e2niei. Reperele zilei pe care \u0219i vr\u00e2ncenii merit\u0103 s\u0103 le cunoasc\u0103<\/a><\/h2>\n<div class=\"date-post\"><a href=\"https:\/\/ziaruldevrancea.ro\/autor\/rodica-condurache\">Rodica Condurache<\/a>, 29 iul 2026  <\/div>\n<\/div>\n<div class=\"grup-articol-listing\">\n<div class=\"cont-pils\"><a href=\"https:\/\/ziaruldevrancea.ro\/timp-liber\/calendarul-zilei-de-28-iulie-ziua-in-care-a-inceput-primul-razboi-mondial.-evenimente-care-au-schimbat-lumea-personalitati-marcante-nascute-in-aceasta-zi-si-figuri-importante-care-au-ramas-in-istorie\"><img decoding=\"async\" src=\"https:\/\/zdvi.cname.ro\/180_135\/timp-liber\/calendarul-zilei-de-28-iulie-ziua-in-care-a-inceput-primul-razboi-mondial.-evenimente-care-au-schimbat-lumea-personalitati-marcante-nascute-in-aceasta-zi-si-figuri-importante-care-au-ramas-in-istorie\/mediaPool\/udFETKi.jpg\" class=\"img-responsive img-180\" alt><\/a><\/div>\n<h2><a class=\"link-titlu\" href=\"https:\/\/ziaruldevrancea.ro\/timp-liber\/calendarul-zilei-de-28-iulie-ziua-in-care-a-inceput-primul-razboi-mondial.-evenimente-care-au-schimbat-lumea-personalitati-marcante-nascute-in-aceasta-zi-si-figuri-importante-care-au-ramas-in-istorie\">Calendarul zilei de 28 iulie: Ziua \u00een care a \u00eenceput Primul R\u0103zboi Mondial. Evenimente care au schimbat lumea, personalit\u0103\u021bi marcante n\u0103scute \u00een aceast\u0103 zi \u0219i figuri importante care au r\u0103mas \u00een istorie<\/a><\/h2>\n<div class=\"date-post\"><a href=\"https:\/\/ziaruldevrancea.ro\/autor\/rodica-condurache\">Rodica Condurache<\/a>, 28 iul 2026  <\/div>\n<\/div>\n<\/div>\n<\/div>\n<div class=\"col-lg-6 bloc-egal\">\n<div class=\"card articol-listing\">\n<h6>De acela\u0219i <a href=\"https:\/\/ziaruldevrancea.ro\/autor\/rodica-condurache\/\">autor<\/a><\/h6>\n<div class=\"grup-articol-listing\">\n<div class=\"cont-pils\"><a href=\"https:\/\/ziaruldevrancea.ro\/actualitatea\/stiri-locale\/prima-pagina-a-editiei-tiparite-a-ziarului-de-vrancea-de-astazi-29-iulie-2026-investitii-oameni-sanatate-si-memoria-comunitatii\"><img decoding=\"async\" src=\"https:\/\/zdvi.cname.ro\/180_135\/actualitatea\/stiri-locale\/prima-pagina-a-editiei-tiparite-a-ziarului-de-vrancea-de-astazi-29-iulie-2026-investitii-oameni-sanatate-si-memoria-comunitatii\/mediaPool\/u86V8F8.jpg\" class=\"img-responsive img-180\" alt><\/a><\/div>\n<h2><a class=\"link-titlu\" href=\"https:\/\/ziaruldevrancea.ro\/actualitatea\/stiri-locale\/prima-pagina-a-editiei-tiparite-a-ziarului-de-vrancea-de-astazi-29-iulie-2026-investitii-oameni-sanatate-si-memoria-comunitatii\">Prima pagin\u0103 a edi\u021biei tip\u0103rite a Ziarului de Vrancea de ast\u0103zi, 29 iulie 2026: investi\u021bii, oameni, s\u0103n\u0103tate \u0219i memoria comunit\u0103\u021bii<\/a><\/h2>\n<div class=\"date-post\"><a href=\"https:\/\/ziaruldevrancea.ro\/autor\/rodica-condurache\">Rodica Condurache<\/a>, 29 iul 2026  <\/div>\n<\/div>\n<div class=\"grup-articol-listing\">\n<div class=\"cont-pils\"><a href=\"https:\/\/ziaruldevrancea.ro\/special\/educatie\/astazi-despre-fondatorul-unor-ramuri-noi-ale-chimiei-academicianul-costin-d.-nenitescu\"><img decoding=\"async\" src=\"https:\/\/zdvi.cname.ro\/180_135\/special\/educatie\/astazi-despre-fondatorul-unor-ramuri-noi-ale-chimiei-academicianul-costin-d.-nenitescu\/mediaPool\/uRJvAjd.jpg\" class=\"img-responsive img-180\" alt><\/a><\/div>\n<h2><a class=\"link-titlu\" href=\"https:\/\/ziaruldevrancea.ro\/special\/educatie\/astazi-despre-fondatorul-unor-ramuri-noi-ale-chimiei-academicianul-costin-d.-nenitescu\">Ast\u0103zi despre fondatorul unor ramuri noi ale chimiei: Academicianul Costin D. Neni\u021bescu. La 26 de ani a publicat prima edi\u021bie din cele dou\u0103 tratate \u201eChimie organic\u0103\u201d \u0219i \u201eChimie general\u0103\u201d dup\u0103 care peste 40 de genera\u021bii au \u00eenv\u0103\u021bat \u0219i \u00eenc\u0103 \u00eenva\u021b\u0103 <\/a><\/h2>\n<div class=\"date-post\"><a href=\"https:\/\/ziaruldevrancea.ro\/autor\/rodica-condurache\">Rodica Condurache<\/a>, 29 iul 2026  <\/div>\n<\/div>\n<div class=\"grup-articol-listing\">\n<div class=\"cont-pils\"><a href=\"https:\/\/ziaruldevrancea.ro\/special\/economic\/mozaic-Stiri-economice-termenul-de-achizitie-a-locuintelor-cu-tva-redus-a-fost-prelungit\"><img decoding=\"async\" src=\"https:\/\/zdvi.cname.ro\/180_135\/special\/economic\/mozaic-Stiri-economice-termenul-de-achizitie-a-locuintelor-cu-tva-redus-a-fost-prelungit\/mediaPool\/uFd4xKk.jpg\" class=\"img-responsive img-180\" alt><\/a><\/div>\n<h2><a class=\"link-titlu\" href=\"https:\/\/ziaruldevrancea.ro\/special\/economic\/mozaic-Stiri-economice-termenul-de-achizitie-a-locuintelor-cu-tva-redus-a-fost-prelungit\">MOZAIC \u0218TIRI ECONOMICE: Termenul de achizi\u021bie a locuin\u021belor cu TVA redus a fost prelungit <\/a><\/h2>\n<div class=\"date-post\"><a href=\"https:\/\/ziaruldevrancea.ro\/autor\/rodica-condurache\">Rodica Condurache<\/a>, 28 iul 2026  <\/div>\n<\/div>\n<\/div>\n<\/div>\n<\/div>\n<\/div>\n<div class=\"extra-articol listing-anunturi\">\n<h6>Anun\u021buri <span class=\"text-primary\">ZdV<\/span> Premium<\/h6>\n<div class=\"row\">\n<div class=\"col-lg-4 col-md-6 bloc-egal\"><a class=\"card-anunt\" href=\"https:\/\/ziaruldevrancea.ro\/anunturi\/imobiliare\/vanzari-case\/vand-casa-si-teren-in-panciu-anunt-72818\"><strong class=\"titlu\">V\u00e2nz\u0103ri case<\/strong><span class=\"text-anunt\">V\u00e2nd cas\u0103 cu 2 camere, buc\u0103t\u0103rie, baie,&#8230;<\/span><span class=\"data-anunt\">23.07.2026  <\/span><\/a><\/div>\n<div class=\"col-lg-4 col-md-6 bloc-egal\"><a class=\"card-anunt\" href=\"https:\/\/ziaruldevrancea.ro\/anunturi\/angajari\/cereri-angajari\/doresc-angajare-anunt-72815\"><strong class=\"titlu\">Cereri<\/strong><span class=\"text-anunt\">Doresc s\u0103 am grij\u0103 de un copil de gradini\u021b\u0103&#8230;<\/span><span class=\"data-anunt\">21.07.2026  <\/span><\/a><\/div>\n<div class=\"col-lg-4 col-md-6 bloc-egal\"><a class=\"card-anunt\" href=\"https:\/\/ziaruldevrancea.ro\/anunturi\/inchirieri\/locuinte-oferte\/primesc-in-gazda-anunt-72816\"><strong class=\"titlu\">Locuin\u021be oferte<\/strong><span class=\"text-anunt\">\u00a0Primesc \u00een gazd\u0103 la cas\u0103.<\/p>\n<p>Tel&#8230;.<\/span><span class=\"data-anunt\">21.07.2026  <\/span><\/a><\/div>\n<\/div>\n<\/div>\n<div class=\"bloc-widget widget-albastru\">\n    Ziarul de Vrancea \u00a0nu este responsabil juridic pentru con\u0163inutul textelor din comentariile de mai jos. Responsabilitatea pentru mesajele dumneavoastra v\u0103 revine \u00een exclusivitate.\n<\/div>\n<div class=\"comentarii-articol\" id=\"comentarii\">\n<h3>Comentarii: <span class=\"text-primary\">0<\/span><\/h3>\n<p><a href=\"https:\/\/ziaruldevrancea.ro\/timp-liber\/calendarul-zilei-de-22-iulie-o-zi-in-care-istoria-cultura-si-memoria-se-intalnesc\" class=\"btn btn-success btn-adauga-com\" data-toggle=\"modal\" data-parent=\"0\" data-target=\"#commentModal\">Adaug\u0103 comentariu<\/a><\/p>\n<div class=\"loadMask comments-mask\"><img decoding=\"async\" src=\"https:\/\/zdvs.cname.ro\/images\/loader_40.gif\"><\/div>\n<div class=\"comenteaza-jos\">Trebuie s\u0103 fii <a href=\"https:\/\/ziaruldevrancea.ro\/account\">autentificat<\/a> pentru a putea <a href=\"https:\/\/ziaruldevrancea.ro\/timp-liber\/calendarul-zilei-de-22-iulie-o-zi-in-care-istoria-cultura-si-memoria-se-intalnesc\" class data-toggle=\"modal\" data-parent=\"0\" data-target=\"#commentModal\">posta un comentariu<\/a>.<\/div>\n<\/div>\n<div class=\"modal fade\" id=\"commentModal\" role=\"dialog\" aria-labelledby=\"commentModalLabel\">\n<div class=\"modal-dialog modal-lg\" role=\"document\">\n<div class=\"modal-content\">\n<div class=\"modal-header\">\n<h3 class=\"modal-title\" id=\"commentModalLabel\">Comenteaz\u0103<\/h3>\n<\/div>\n<div class=\"modal-body\">\n<div class=\"tabel tabel-full\">\n<div class=\"celula\">\n              Trebuie s\u0103 fii <a href=\"https:\/\/ziaruldevrancea.ro\/account\">autentificat<\/a> pentru a putea posta un comentariu.\n            <\/div>\n<\/div>\n<\/div>\n<div class=\"modal-footer\">\n<div id=\"commentPending\" class=\"formPending pull-left\"><img decoding=\"async\" src=\"https:\/\/zdvs.cname.ro\/images\/loader_40.gif\"> In curs de procesare&#8230;<\/div>\n<p><a href=\"https:\/\/ziaruldevrancea.ro\/timp-liber\/calendarul-zilei-de-22-iulie-o-zi-in-care-istoria-cultura-si-memoria-se-intalnesc\" class=\"btn btn-default\" data-dismiss=\"modal\">Anuleaz\u0103<\/a><\/div>\n<\/div>\n<\/div>\n<\/div>\n<div class=\"modal fade\" id=\"commentReportModal\" role=\"dialog\" aria-labelledby=\"commentReportModalLabel\">\n<div class=\"modal-dialog modal-lg\" role=\"document\">\n<div class=\"modal-content\">\n<div class=\"modal-header\">\n<h3 class=\"modal-title\" id=\"commentReportModalLabel\">Raporteaza comentariu<\/h3>\n<\/div>\n<div class=\"modal-body\">\n<div class=\"tabel tabel-full\">\n<div class=\"celula\">\n              Trebuie s\u0103 fii <a href=\"https:\/\/ziaruldevrancea.ro\/account\">autentificat<\/a> pentru a putea raporta un comentariu.\n            <\/div>\n<\/div>\n<\/div>\n<div class=\"modal-footer\">\n<div id=\"commentReportPending\" class=\"formPending pull-left\"><img decoding=\"async\" src=\"https:\/\/zdvs.cname.ro\/images\/loader_40.gif\"> In curs de procesare&#8230;<\/div>\n<p><a href=\"https:\/\/ziaruldevrancea.ro\/timp-liber\/calendarul-zilei-de-22-iulie-o-zi-in-care-istoria-cultura-si-memoria-se-intalnesc\" class=\"btn btn-default\" data-dismiss=\"modal\">Anuleaz\u0103<\/a><\/div>\n<\/div>\n<\/div>\n<\/div>\n<div class=\"modal fade\" id=\"commentLikeModal\" role=\"dialog\" aria-labelledby=\"commentLikeModalLabel\">\n<div class=\"modal-dialog modal-lg\" role=\"document\">\n<div class=\"modal-content\">\n<div class=\"modal-header\">\n<h3 class=\"modal-title\" id=\"commentReportModalLabel\">Apreciaza comentariu<\/h3>\n<\/div>\n<div class=\"modal-body\">\n<div class=\"tabel tabel-full\">\n<div class=\"celula\">\n            Trebuie s\u0103 fii <a href=\"https:\/\/ziaruldevrancea.ro\/account\">autentificat<\/a> pentru a putea aprecia un comentariu.\n          <\/div>\n<\/div>\n<\/div>\n<div class=\"modal-footer\"><a href=\"https:\/\/ziaruldevrancea.ro\/timp-liber\/calendarul-zilei-de-22-iulie-o-zi-in-care-istoria-cultura-si-memoria-se-intalnesc\" class=\"btn btn-default\" data-dismiss=\"modal\">Anuleaz\u0103<\/a><\/div>\n<\/div>\n<\/div>\n<\/div>\n<div class=\"bloc-widget widget-rosu\"><span><small>Ziarul de Vrancea doreste ca acest site sa fie un spatiu al discutiilor civilizate, al comentariilor de bun simt. Din acest motiv, cei care posteaza comentarii la articole trebuie sa respecte urmatoarele reguli:<br \/>\n1. Sa se refere doar la articolul la care posteaza comentarii.<br \/>\n2. Sa foloseasca un limbaj civilizat, fara injurii, calomnii, comentarii antisemite, xenofobe sau rasiste.<br \/>\n3. Sunt interzise atacurile la adresa autorilor, daca acestea nu au legatura cu textul.<br \/>\n4. Username-ul sa nu fie nume de personalitati ale vietii publice sau parodieri ale acestora.<br \/>\nAutorul unui articol poate fi criticat pentru eventuale greseli, incoerenta, lipsa de documentare etc.<br \/>\nNerespectarea regulilor mentionate mai sus va duce la stergerea comentariilor, fara avertisment si fara explicatii.<br \/>\nAbaterile repetate vor avea drept consecinta interdictia accesului la aceasta facilitate a site-ului.<\/small><\/span><\/div>\n<\/div>\n<p>[analyse_source url=&#8221;https:\/\/ziaruldevrancea.ro\/timp-liber\/calendarul-zilei-de-22-iulie-o-zi-in-care-istoria-cultura-si-memoria-se-intalnesc&#8221;]<\/p>\n","protected":false},"excerpt":{"rendered":"<p>[analyse_image type=&#8221;featured&#8221; src=&#8221;https:\/\/zdvi.cname.ro\/_\/calendarul-zilei-de-22-iulie-o-zi-in-care-istoria-cultura-si-memoria-se-intalnesc\/mediaPool\/uD7mJ57.png&#8221;] Timp Liber Calendarul zilei de 22 iulie: O zi \u00een care istoria, cultura \u0219i memoria se \u00eent\u00e2lnesc Distribuie: \u00a0 | Rodica Condurache 22 iul 2026704 vizualiz\u0103ri Data de 22 iulie ocup\u0103 un loc aparte \u00een calendarul istoriei prin numeroase evenimente care au influen\u021bat evolu\u021bia Europei \u0219i a lumii, dar \u0219i prin momente [&hellip;]<\/p>\n","protected":false},"author":1,"featured_media":0,"comment_status":"open","ping_status":"","sticky":false,"template":"","format":"standard","meta":{"footnotes":""},"categories":[89],"tags":[226,208],"class_list":["post-2067700","post","type-post","status-publish","format-standard","hentry","category-romania","tag-crawlmanager","tag-ziaruldevrancea-ro"],"_links":{"self":[{"href":"https:\/\/analyse.optim.biz\/index.php?rest_route=\/wp\/v2\/posts\/2067700","targetHints":{"allow":["GET"]}}],"collection":[{"href":"https:\/\/analyse.optim.biz\/index.php?rest_route=\/wp\/v2\/posts"}],"about":[{"href":"https:\/\/analyse.optim.biz\/index.php?rest_route=\/wp\/v2\/types\/post"}],"author":[{"embeddable":true,"href":"https:\/\/analyse.optim.biz\/index.php?rest_route=\/wp\/v2\/users\/1"}],"replies":[{"embeddable":true,"href":"https:\/\/analyse.optim.biz\/index.php?rest_route=%2Fwp%2Fv2%2Fcomments&post=2067700"}],"version-history":[{"count":0,"href":"https:\/\/analyse.optim.biz\/index.php?rest_route=\/wp\/v2\/posts\/2067700\/revisions"}],"wp:attachment":[{"href":"https:\/\/analyse.optim.biz\/index.php?rest_route=%2Fwp%2Fv2%2Fmedia&parent=2067700"}],"wp:term":[{"taxonomy":"category","embeddable":true,"href":"https:\/\/analyse.optim.biz\/index.php?rest_route=%2Fwp%2Fv2%2Fcategories&post=2067700"},{"taxonomy":"post_tag","embeddable":true,"href":"https:\/\/analyse.optim.biz\/index.php?rest_route=%2Fwp%2Fv2%2Ftags&post=2067700"}],"curies":[{"name":"wp","href":"https:\/\/api.w.org\/{rel}","templated":true}]}}