{"id":2067690,"date":"2026-07-20T00:00:00","date_gmt":"2026-07-19T21:00:00","guid":{"rendered":"https:\/\/analyse.optim.biz\/?p=2067690"},"modified":"2026-07-20T00:00:00","modified_gmt":"2026-07-19T21:00:00","slug":"foto-vrancea-premiata-peste-prut","status":"publish","type":"post","link":"https:\/\/analyse.optim.biz\/?p=2067690","title":{"rendered":"Foto | Vrancea, premiat\u0103 peste Prut"},"content":{"rendered":"<p>[analyse_image type=&#8221;featured&#8221; src=&#8221;https:\/\/zdvi.cname.ro\/_\/foto-vrancea-premiata-peste-prut\/mediaPool\/uL23lCD.jpg&#8221;]<\/p>\n<div class=\"main-content detaliu-articol\"><a class=\"titlu-cat-list\" href=\"https:\/\/ziaruldevrancea.ro\/timp-liber\">Timp Liber<\/a><\/p>\n<h1>Foto | Vrancea, premiat\u0103 peste Prut<\/h1>\n<div class=\"date-articol clearfix\">\n<div class=\"distribuie-articol dropdown\">\n    Distribuie: \u00a0<br \/>\n    <em>|<\/em><\/div>\n<div class=\"autor-articol\"><a href=\"https:\/\/ziaruldevrancea.ro\/autor\/petre-paraschiv\/\"><img decoding=\"async\" class=\"img-circle\" src=\"https:\/\/zdvi.cname.ro\/50_50\/articleAuthor\/petre-paraschiv\/articleAuthor\/uWVWYPk.jpg\" alt><\/a><\/p>\n<h5><a href=\"https:\/\/ziaruldevrancea.ro\/autor\/petre-paraschiv\/\">Petre Paraschiv<\/a><\/h5>\n<div class=\"grup-spatiere\"><span class=\"cu-spatiere\">20 iul 2026<\/span><span class=\"cu-spatiere\">742 vizualiz\u0103ri<\/span><\/div>\n<\/div>\n<\/div>\n<div class=\"poza-mare\">\n<div class=\"poza-mare galerie-detaliu\">\n<div id=\"carousel-poza-mare\" class=\"carousel slide carusel-poza\" data-ride=\"carousel\" data-interval=\"0\">\n<div class=\"carousel-inner\" role=\"listbox\">\n<div class=\"item imagine-carusel active\"><a href class=\"openGallery\"><img decoding=\"async\" class=\"img-responsive\" src=\"https:\/\/zdvi.cname.ro\/850_530\/foto-vrancea-premiata-peste-prut\/article\/mediaPool\/uL23lCD.jpg\" alt><\/a><\/div>\n<div class=\"item imagine-carusel \"><a href class=\"openGallery\"><img decoding=\"async\" class=\"img-responsive\" src=\"https:\/\/zdvi.cname.ro\/850_530\/foto-vrancea-premiata-peste-prut\/article\/mediaPool\/uTPO3X6.jpg\" alt><\/a><\/div>\n<div class=\"item imagine-carusel \"><a href class=\"openGallery\"><img decoding=\"async\" class=\"img-responsive\" src=\"https:\/\/zdvi.cname.ro\/850_530\/foto-vrancea-premiata-peste-prut\/article\/mediaPool\/uXFamVP.jpg\" alt><\/a><\/div>\n<div class=\"item imagine-carusel \"><a href class=\"openGallery\"><img decoding=\"async\" class=\"img-responsive\" src=\"https:\/\/zdvi.cname.ro\/850_530\/foto-vrancea-premiata-peste-prut\/article\/mediaPool\/uVjqJSy.jpg\" alt><\/a><\/div>\n<div class=\"item imagine-carusel \"><a href class=\"openGallery\"><img decoding=\"async\" class=\"img-responsive\" src=\"https:\/\/zdvi.cname.ro\/850_530\/foto-vrancea-premiata-peste-prut\/article\/mediaPool\/ulzTaQh.jpg\" alt><\/a><\/div>\n<div class=\"item imagine-carusel \"><a href class=\"openGallery\"><img decoding=\"async\" class=\"img-responsive\" src=\"https:\/\/zdvi.cname.ro\/850_530\/foto-vrancea-premiata-peste-prut\/article\/mediaPool\/uh99GN0.jpg\" alt><\/a><\/div>\n<div class=\"item imagine-carusel \"><a href class=\"openGallery\"><img decoding=\"async\" class=\"img-responsive\" src=\"https:\/\/zdvi.cname.ro\/850_530\/foto-vrancea-premiata-peste-prut\/article\/mediaPool\/uz8zgLJ.jpg\" alt><\/a><\/div>\n<div class=\"item imagine-carusel \"><a href class=\"openGallery\"><img decoding=\"async\" class=\"img-responsive\" src=\"https:\/\/zdvi.cname.ro\/850_530\/foto-vrancea-premiata-peste-prut\/article\/mediaPool\/u391WIs.jpg\" alt><\/a><\/div>\n<div class=\"item imagine-carusel \"><a href class=\"openGallery\"><img decoding=\"async\" class=\"img-responsive\" src=\"https:\/\/zdvi.cname.ro\/850_530\/foto-vrancea-premiata-peste-prut\/article\/mediaPool\/udVYGGb.jpg\" alt><\/a><\/div>\n<div class=\"item imagine-carusel \"><a href class=\"openGallery\"><img decoding=\"async\" class=\"img-responsive\" src=\"https:\/\/zdvi.cname.ro\/850_530\/foto-vrancea-premiata-peste-prut\/article\/mediaPool\/uHDcuEU.jpg\" alt><\/a><\/div>\n<\/div>\n<\/div>\n<div id=\"carousel-poze-mici\" class=\"carousel slide carusel-mici\" data-ride=\"carousel\" data-interval=\"0\">\n<div class=\"carousel-inner\" role=\"listbox\">\n<div class=\"item active\">\n<ul class=\"navigare-carusel-imagini\">\n<li data-target=\"#carousel-poza-mare\" data-slide-to=\"0\"><img decoding=\"async\" class=\"img-responsive\" src=\"https:\/\/zdvi.cname.ro\/_90\/foto-vrancea-premiata-peste-prut\/article\/mediaPool\/uL23lCD.jpg\" alt><\/li>\n<li data-target=\"#carousel-poza-mare\" data-slide-to=\"1\"><img decoding=\"async\" class=\"img-responsive\" src=\"https:\/\/zdvi.cname.ro\/_90\/foto-vrancea-premiata-peste-prut\/article\/mediaPool\/uTPO3X6.jpg\" alt><\/li>\n<li data-target=\"#carousel-poza-mare\" data-slide-to=\"2\"><img decoding=\"async\" class=\"img-responsive\" src=\"https:\/\/zdvi.cname.ro\/_90\/foto-vrancea-premiata-peste-prut\/article\/mediaPool\/uXFamVP.jpg\" alt><\/li>\n<li data-target=\"#carousel-poza-mare\" data-slide-to=\"3\"><img decoding=\"async\" class=\"img-responsive\" src=\"https:\/\/zdvi.cname.ro\/_90\/foto-vrancea-premiata-peste-prut\/article\/mediaPool\/uVjqJSy.jpg\" alt><\/li>\n<li data-target=\"#carousel-poza-mare\" data-slide-to=\"4\"><img decoding=\"async\" class=\"img-responsive\" src=\"https:\/\/zdvi.cname.ro\/_90\/foto-vrancea-premiata-peste-prut\/article\/mediaPool\/ulzTaQh.jpg\" alt><\/li>\n<\/ul>\n<\/div>\n<div class=\"item \">\n<ul class=\"navigare-carusel-imagini\">\n<li data-target=\"#carousel-poza-mare\" data-slide-to=\"5\"><img decoding=\"async\" class=\"img-responsive\" src=\"https:\/\/zdvi.cname.ro\/_90\/foto-vrancea-premiata-peste-prut\/article\/mediaPool\/uh99GN0.jpg\" alt><\/li>\n<li data-target=\"#carousel-poza-mare\" data-slide-to=\"6\"><img decoding=\"async\" class=\"img-responsive\" src=\"https:\/\/zdvi.cname.ro\/_90\/foto-vrancea-premiata-peste-prut\/article\/mediaPool\/uz8zgLJ.jpg\" alt><\/li>\n<li data-target=\"#carousel-poza-mare\" data-slide-to=\"7\"><img decoding=\"async\" class=\"img-responsive\" src=\"https:\/\/zdvi.cname.ro\/_90\/foto-vrancea-premiata-peste-prut\/article\/mediaPool\/u391WIs.jpg\" alt><\/li>\n<li data-target=\"#carousel-poza-mare\" data-slide-to=\"8\"><img decoding=\"async\" class=\"img-responsive\" src=\"https:\/\/zdvi.cname.ro\/_90\/foto-vrancea-premiata-peste-prut\/article\/mediaPool\/udVYGGb.jpg\" alt><\/li>\n<li data-target=\"#carousel-poza-mare\" data-slide-to=\"9\"><img decoding=\"async\" class=\"img-responsive\" src=\"https:\/\/zdvi.cname.ro\/_90\/foto-vrancea-premiata-peste-prut\/article\/mediaPool\/uHDcuEU.jpg\" alt><\/li>\n<\/ul>\n<\/div>\n<\/div>\n<p><a class=\"control left\" href=\"https:\/\/ziaruldevrancea.ro\/timp-liber\/foto-vrancea-premiata-peste-prut#carousel-poze-mici\" role=\"button\" data-slide=\"prev\"><span class=\"sr-only\">Previous<\/span><\/a><a class=\"control right\" href=\"https:\/\/ziaruldevrancea.ro\/timp-liber\/foto-vrancea-premiata-peste-prut#carousel-poze-mici\" role=\"button\" data-slide=\"next\"><span class=\"sr-only\">Next<\/span><\/a><\/div>\n<\/div>\n<\/div>\n<p><strong>\u00a0Forma\u021bia de fluiera\u0219i \u201eP\u0103ltineanca\u201d din Paltin a c\u00e2\u0219tigat Marele Premiu la Festivalul \u201eNistrule cu ap\u0103 lin\u0103\u201d din Republica Moldova.<\/strong><\/p>\n<p><strong>Ansamblul coordonat de Vasile Darie a ob\u021binut cea mai important\u0103 distinc\u021bie a Festivalului-Concurs Na\u021bional al Interpre\u021bilor Fluierari \u0219i al Forma\u021biilor de Fluiera\u0219i \u201eNistrule cu ap\u0103 lin\u0103\u201d, edi\u021bia a XIII-a, desf\u0103\u0219urat la Corjova, confirm\u00e2nd valoarea tradi\u021biilor muzicale din Vrancea.<\/strong><\/p>\n<hr>\n<p><strong>Vrancea, premiat\u0103 peste Prut: Forma\u021bia de fluiera\u0219i \u201eP\u0103ltineanca\u201d din Paltin a c\u00e2\u0219tigat Marele Premiu la Festivalul \u201eNistrule cu ap\u0103 lin\u0103\u201d din Republica Moldova<\/strong><\/p>\n<p>Cultura tradi\u021bional\u0103 vr\u00e2ncean\u0103 a fost apreciat\u0103 la unul dintre cele mai importante festivaluri dedicate muzicii instrumentale populare din Republica Moldova. Forma\u021bia de fluiera\u0219i <strong>\u201eP\u0103ltineanca\u201d<\/strong>, din comuna <strong>Paltin<\/strong>, coordonat\u0103 de <strong>Vasile Darie<\/strong>, a ob\u021binut <strong>Marele Premiu<\/strong> la cea de-a XIII-a edi\u021bie a <strong>Festivalului-Concurs Na\u021bional al Interpre\u021bilor Fluierari \u0219i al Forma\u021biilor de Fluiera\u0219i \u201eNistrule cu ap\u0103 lin\u0103\u201d<\/strong>, desf\u0103\u0219urat la <strong>Corjova<\/strong>, \u00een raionul Criuleni.<\/p>\n<p>Anun\u021bul a fost f\u0103cut luni, <strong>20 iulie 2026<\/strong>, printr-un comunicat transmis redac\u021biei <strong>Ziarului de Vrancea<\/strong> de c\u0103tre <strong>Centrul Cultural Vrancea<\/strong>, institu\u021bie aflat\u0103 \u00een subordinea Consiliului Jude\u021bean Vrancea.<\/p>\n<p>Distinc\u021bia reprezint\u0103 o recunoa\u0219tere a activit\u0103\u021bii forma\u021biei \u0219i a modului \u00een care membrii acesteia p\u0103streaz\u0103 \u0219i promoveaz\u0103 tradi\u021bia c\u00e2ntecului de fluier, unul dintre elementele reprezentative ale patrimoniului cultural imaterial din zona de munte a jude\u021bului Vrancea.<\/p>\n<p>Potrivit comunicatului, participarea forma\u021biei vr\u00e2ncene la festivalul organizat \u00een Republica Moldova contribuie la promovarea valorilor culturale locale peste grani\u021bele Rom\u00e2niei \u0219i eviden\u021biaz\u0103 rolul tradi\u021biilor populare \u00een consolidarea leg\u0103turilor culturale dintre comunit\u0103\u021bile rom\u00e2ne\u0219ti de pe cele dou\u0103 maluri ale Prutului.<\/p>\n<p>\u00cen cadrul competi\u021biei, Forma\u021bia de fluiera\u0219i \u201eP\u0103ltineanca\u201d a fost recompensat\u0103 cu <strong>Marele Premiu<\/strong>, cea mai important\u0103 distinc\u021bie acordat\u0103 la aceast\u0103 edi\u021bie a festivalului, iar coordonatorul artistic <strong>Vasile Darie<\/strong> \u0219i membrii forma\u021biei au primit diploma \u0219i trofeul competi\u021biei \u00een cadrul festivit\u0103\u021bii de premiere.<\/p>\n<p>Imaginile transmise de Centrul Cultural Vrancea surprind momentele ceremoniei de premiere, presta\u021bia artistic\u0103 a forma\u021biei pe scena festivalului, precum \u0219i trofeul \u0219i diploma acordate reprezentan\u021bilor jude\u021bului Vrancea.<\/p>\n<p>Reprezentan\u021bii Centrului Cultural Vrancea apreciaz\u0103 c\u0103 rezultatul ob\u021binut confirm\u0103 importan\u021ba activit\u0103\u021bilor dedicate conserv\u0103rii \u0219i valorific\u0103rii patrimoniului cultural tradi\u021bional.<\/p>\n<p><strong><em>\u201eOb\u021binerea Marelui Premiu constituie, totodat\u0103, o confirmare a importan\u021bei demersurilor de conservare, valorificare \u0219i transmitere c\u0103tre genera\u021biile viitoare a patrimoniului cultural imaterial al jude\u021bului Vrancea, misiune pe care Centrul Cultural Vrancea o sus\u021bine \u0219i o promoveaz\u0103 constant<\/em><\/strong>\u201d, se arat\u0103 \u00een <strong>comunicatul institu\u021biei.<\/strong><\/p>\n<p>Succesul Forma\u021biei de fluiera\u0219i \u201eP\u0103ltineanca\u201d completeaz\u0103 seria rezultatelor ob\u021binute de reprezentan\u021bii culturii tradi\u021bionale vr\u00e2ncene la manifest\u0103ri na\u021bionale \u0219i interna\u021bionale \u0219i readuce \u00een aten\u021bie valoarea \u0219colii de fluier din zona montan\u0103 a jude\u021bului, unde acest instrument continu\u0103 s\u0103 fie transmis din genera\u021bie \u00een genera\u021bie.<\/p>\n<p><strong>Foto&gt;Contul de facebook<\/strong>\u00a0<strong><a href=\"https:\/\/www.facebook.com\/vrancea.centrul.cultural?__tn__=-UC*F\" target=\"_blank\">Centrul Cultural Vrancea<\/a><\/strong><\/p>\n<p><strong>Petre Paraschiv\u00a0<\/strong><\/p>\n<p><strong>Citi\u021bi \u00een documentul ata\u0219at \u0219i comunicatul de pres\u0103 transmis luni 20 iulie 2026 redac\u021biei cotidianului nostru de Centrul Cultural Vrancea \u00een leg\u0103tur\u0103 cu acest articol<\/strong><\/p>\n<hr>\n<p> Fisiere atasate<\/p>\n<ul class=\"list-group\">\n<li><a target=\"_blank\" href=\"https:\/\/zdvi.cname.ro\/static\/data\/mediaPool\/u9ov1hl.doc\">Comunicat.doc<\/a><\/li>\n<\/ul>\n<div class=\"bloc-widget widget-rosu\">\n<p>\u00cen lipsa unui acord scris din partea Ziarului de Vrancea, pute\u0163i prelua maxim 500 de caractere din acest articol dac\u0103 preciza\u0163i sursa \u015fi insera\u0163i vizibil link-ul articolului:\u00a0<span>#insertcurrentlinkhere<\/span><\/p>\n<\/div>\n<div class=\"extra-articol listing-anunturi\">\n<h6>Anun\u021buri <span class=\"text-primary\">ZdV<\/span> Premium<\/h6>\n<div class=\"row\">\n<div class=\"col-lg-4 col-md-6 bloc-egal\"><a class=\"card-anunt\" href=\"https:\/\/ziaruldevrancea.ro\/anunturi\/imobiliare\/vanzari-terenuri\/vand-teren-in-panciu\"><strong class=\"titlu\">V\u00e2nz\u0103ri terenuri<\/strong><span class=\"text-anunt\">Teren Panciu 1170 mp, cu num\u0103r cas\u0103, ap\u0103&#8230;<\/span><span class=\"data-anunt\">29.07.2026  <\/span><\/a><\/div>\n<div class=\"col-lg-4 col-md-6 bloc-egal\"><a class=\"card-anunt\" href=\"https:\/\/ziaruldevrancea.ro\/anunturi\/necrolog\/decese\/drum-lin-catre-ingeri-in-Imparatia-bunului-dumnezeu\"><strong class=\"titlu\">Decese<\/strong><span class=\"text-anunt\">At\u00e2t de fulger\u0103tor&#8230;incredibil!<\/p>\n<p>Tat\u0103l&#8230;<\/span><span class=\"data-anunt\">28.07.2026  <\/span><\/a><\/div>\n<div class=\"col-lg-4 col-md-6 bloc-egal\"><a class=\"card-anunt\" href=\"https:\/\/ziaruldevrancea.ro\/anunturi\/necrolog\/decese\/dumnezeu-sa-o-aseze-in-randul-celor-drepti\"><strong class=\"titlu\">Decese<\/strong><span class=\"text-anunt\">Cu profund\u0103 durere, familia anun\u021b\u0103 trecerea la&#8230;<\/span><span class=\"data-anunt\">28.07.2026  <\/span><\/a><\/div>\n<\/div>\n<\/div>\n<div class=\"extra-articol alte-articole\">\n<div class=\"row\">\n<div class=\"col-lg-6 bloc-egal\">\n<div class=\"card articol-listing\">\n<h6>\u00cen categoria <a href=\"https:\/\/ziaruldevrancea.ro\/timp-liber\">Timp Liber<\/a><\/h6>\n<div class=\"grup-articol-listing\">\n<div class=\"cont-pils\"><a href=\"https:\/\/ziaruldevrancea.ro\/timp-liber\/horoscop-29-iulie-2026\"><img decoding=\"async\" src=\"https:\/\/zdvi.cname.ro\/180_135\/timp-liber\/horoscop-29-iulie-2026\/mediaPool\/uA8enxT.jpg\" class=\"img-responsive img-180\" alt><\/a><\/div>\n<h2><a class=\"link-titlu\" href=\"https:\/\/ziaruldevrancea.ro\/timp-liber\/horoscop-29-iulie-2026\">Horoscop 29 iulie 2026 <\/a><\/h2>\n<div class=\"date-post\"><a href=\"https:\/\/ziaruldevrancea.ro\/autor\/rodica-condurache\">Rodica Condurache<\/a>, 29 iul 2026  <\/div>\n<\/div>\n<div class=\"grup-articol-listing\">\n<div class=\"cont-pils\"><a href=\"https:\/\/ziaruldevrancea.ro\/timp-liber\/calendarul-zilei-de-29-iulie-de-la-primul-desteapta-te-romane-la-prima-medalie-olimpica-de-aur-a-romaniei.-reperele-zilei-pe-care-si-vrancenii-merita-sa-le-cunoasca\"><img decoding=\"async\" src=\"https:\/\/zdvi.cname.ro\/180_135\/timp-liber\/calendarul-zilei-de-29-iulie-de-la-primul-desteapta-te-romane-la-prima-medalie-olimpica-de-aur-a-romaniei.-reperele-zilei-pe-care-si-vrancenii-merita-sa-le-cunoasca\/mediaPool\/uvmQvr7.png\" class=\"img-responsive img-180\" alt><\/a><\/div>\n<h2><a class=\"link-titlu\" href=\"https:\/\/ziaruldevrancea.ro\/timp-liber\/calendarul-zilei-de-29-iulie-de-la-primul-desteapta-te-romane-la-prima-medalie-olimpica-de-aur-a-romaniei.-reperele-zilei-pe-care-si-vrancenii-merita-sa-le-cunoasca\">Calendarul zilei de 29 iulie: de la primul \u201eDe\u0219teapt\u0103-te, rom\u00e2ne\u201d la prima medalie olimpic\u0103 de aur a Rom\u00e2niei. Reperele zilei pe care \u0219i vr\u00e2ncenii merit\u0103 s\u0103 le cunoasc\u0103<\/a><\/h2>\n<div class=\"date-post\"><a href=\"https:\/\/ziaruldevrancea.ro\/autor\/rodica-condurache\">Rodica Condurache<\/a>, 29 iul 2026  <\/div>\n<\/div>\n<div class=\"grup-articol-listing\">\n<div class=\"cont-pils\"><a href=\"https:\/\/ziaruldevrancea.ro\/timp-liber\/calendarul-zilei-de-28-iulie-ziua-in-care-a-inceput-primul-razboi-mondial.-evenimente-care-au-schimbat-lumea-personalitati-marcante-nascute-in-aceasta-zi-si-figuri-importante-care-au-ramas-in-istorie\"><img decoding=\"async\" src=\"https:\/\/zdvi.cname.ro\/180_135\/timp-liber\/calendarul-zilei-de-28-iulie-ziua-in-care-a-inceput-primul-razboi-mondial.-evenimente-care-au-schimbat-lumea-personalitati-marcante-nascute-in-aceasta-zi-si-figuri-importante-care-au-ramas-in-istorie\/mediaPool\/udFETKi.jpg\" class=\"img-responsive img-180\" alt><\/a><\/div>\n<h2><a class=\"link-titlu\" href=\"https:\/\/ziaruldevrancea.ro\/timp-liber\/calendarul-zilei-de-28-iulie-ziua-in-care-a-inceput-primul-razboi-mondial.-evenimente-care-au-schimbat-lumea-personalitati-marcante-nascute-in-aceasta-zi-si-figuri-importante-care-au-ramas-in-istorie\">Calendarul zilei de 28 iulie: Ziua \u00een care a \u00eenceput Primul R\u0103zboi Mondial. Evenimente care au schimbat lumea, personalit\u0103\u021bi marcante n\u0103scute \u00een aceast\u0103 zi \u0219i figuri importante care au r\u0103mas \u00een istorie<\/a><\/h2>\n<div class=\"date-post\"><a href=\"https:\/\/ziaruldevrancea.ro\/autor\/rodica-condurache\">Rodica Condurache<\/a>, 28 iul 2026  <\/div>\n<\/div>\n<\/div>\n<\/div>\n<div class=\"col-lg-6 bloc-egal\">\n<div class=\"card articol-listing\">\n<h6>De acela\u0219i <a href=\"https:\/\/ziaruldevrancea.ro\/autor\/petre-paraschiv\/\">autor<\/a><\/h6>\n<div class=\"grup-articol-listing\">\n<div class=\"cont-pils\"><a href=\"https:\/\/ziaruldevrancea.ro\/actualitatea\/stiri-locale\/sofer-din-ploscuteni-depistat-baut-la-volan-in-homocea\"><img decoding=\"async\" src=\"https:\/\/zdvi.cname.ro\/180_135\/actualitatea\/stiri-locale\/sofer-din-ploscuteni-depistat-baut-la-volan-in-homocea\/mediaPool\/uX5ePbC.jpg\" class=\"img-responsive img-180\" alt><\/a><\/div>\n<h2><a class=\"link-titlu\" href=\"https:\/\/ziaruldevrancea.ro\/actualitatea\/stiri-locale\/sofer-din-ploscuteni-depistat-baut-la-volan-in-homocea\">\u0218ofer din Ploscu\u021beni, depistat b\u0103ut la volan \u00een Homocea<\/a><\/h2>\n<div class=\"date-post\"><a href=\"https:\/\/ziaruldevrancea.ro\/autor\/petre-paraschiv\">Petre Paraschiv<\/a>, 29 iul 2026  <\/div>\n<\/div>\n<div class=\"grup-articol-listing\">\n<div class=\"cont-pils\"><a href=\"https:\/\/ziaruldevrancea.ro\/actualitatea\/stiri-locale\/sedinta-ordinara-a-consiliului-local-focsani-pe-30-iulie\"><img decoding=\"async\" src=\"https:\/\/zdvi.cname.ro\/180_135\/actualitatea\/stiri-locale\/sedinta-ordinara-a-consiliului-local-focsani-pe-30-iulie\/mediaPool\/u6Rslss.jpg\" class=\"img-responsive img-180\" alt><\/a><\/div>\n<h2><a class=\"link-titlu\" href=\"https:\/\/ziaruldevrancea.ro\/actualitatea\/stiri-locale\/sedinta-ordinara-a-consiliului-local-focsani-pe-30-iulie\">\u0218edin\u021b\u0103 ordinar\u0103 a Consiliului Local Foc\u0219ani pe 30 iulie<\/a><\/h2>\n<div class=\"date-post\"><a href=\"https:\/\/ziaruldevrancea.ro\/autor\/petre-paraschiv\">Petre Paraschiv<\/a>, 29 iul 2026  <\/div>\n<\/div>\n<div class=\"grup-articol-listing\">\n<div class=\"cont-pils\"><a href=\"https:\/\/ziaruldevrancea.ro\/actualitatea\/stiri-locale\/accident-pe-e85-la-sensul-giratoriu-de-la-cerdac-cotesti-trei-persoane-au-ajuns-la-upu-focsani-dupa-impactul-dintre-doua-autoturisme\"><img decoding=\"async\" src=\"https:\/\/zdvi.cname.ro\/180_135\/actualitatea\/stiri-locale\/accident-pe-e85-la-sensul-giratoriu-de-la-cerdac-cotesti-trei-persoane-au-ajuns-la-upu-focsani-dupa-impactul-dintre-doua-autoturisme\/mediaPool\/uPO1xlb.jpeg\" class=\"img-responsive img-180\" alt><\/a><\/div>\n<h2><a class=\"link-titlu\" href=\"https:\/\/ziaruldevrancea.ro\/actualitatea\/stiri-locale\/accident-pe-e85-la-sensul-giratoriu-de-la-cerdac-cotesti-trei-persoane-au-ajuns-la-upu-focsani-dupa-impactul-dintre-doua-autoturisme\">Accident pe E85, la sensul giratoriu de la Cerdac-Cote\u0219ti: trei persoane au ajuns la UPU Foc\u0219ani dup\u0103 impactul dintre dou\u0103 autoturisme<\/a><\/h2>\n<div class=\"date-post\"><a href=\"https:\/\/ziaruldevrancea.ro\/autor\/petre-paraschiv\">Petre Paraschiv<\/a>, 28 iul 2026  <\/div>\n<\/div>\n<\/div>\n<\/div>\n<\/div>\n<\/div>\n<div class=\"extra-articol listing-anunturi\">\n<h6>Anun\u021buri <span class=\"text-primary\">ZdV<\/span> Premium<\/h6>\n<div class=\"row\">\n<div class=\"col-lg-4 col-md-6 bloc-egal\"><a class=\"card-anunt\" href=\"https:\/\/ziaruldevrancea.ro\/anunturi\/imobiliare\/vanzari-case\/vand-casa-si-teren-in-panciu-anunt-72818\"><strong class=\"titlu\">V\u00e2nz\u0103ri case<\/strong><span class=\"text-anunt\">V\u00e2nd cas\u0103 cu 2 camere, buc\u0103t\u0103rie, baie,&#8230;<\/span><span class=\"data-anunt\">23.07.2026  <\/span><\/a><\/div>\n<div class=\"col-lg-4 col-md-6 bloc-egal\"><a class=\"card-anunt\" href=\"https:\/\/ziaruldevrancea.ro\/anunturi\/angajari\/cereri-angajari\/doresc-angajare-anunt-72815\"><strong class=\"titlu\">Cereri<\/strong><span class=\"text-anunt\">Doresc s\u0103 am grij\u0103 de un copil de gradini\u021b\u0103&#8230;<\/span><span class=\"data-anunt\">21.07.2026  <\/span><\/a><\/div>\n<div class=\"col-lg-4 col-md-6 bloc-egal\"><a class=\"card-anunt\" href=\"https:\/\/ziaruldevrancea.ro\/anunturi\/inchirieri\/locuinte-oferte\/primesc-in-gazda-anunt-72816\"><strong class=\"titlu\">Locuin\u021be oferte<\/strong><span class=\"text-anunt\">\u00a0Primesc \u00een gazd\u0103 la cas\u0103.<\/p>\n<p>Tel&#8230;.<\/span><span class=\"data-anunt\">21.07.2026  <\/span><\/a><\/div>\n<\/div>\n<\/div>\n<div class=\"bloc-widget widget-albastru\">\n    Ziarul de Vrancea \u00a0nu este responsabil juridic pentru con\u0163inutul textelor din comentariile de mai jos. Responsabilitatea pentru mesajele dumneavoastra v\u0103 revine \u00een exclusivitate.\n<\/div>\n<div class=\"comentarii-articol\" id=\"comentarii\">\n<h3>Comentarii: <span class=\"text-primary\">0<\/span><\/h3>\n<p><a href=\"https:\/\/ziaruldevrancea.ro\/timp-liber\/foto-vrancea-premiata-peste-prut\" class=\"btn btn-success btn-adauga-com\" data-toggle=\"modal\" data-parent=\"0\" data-target=\"#commentModal\">Adaug\u0103 comentariu<\/a><\/p>\n<div class=\"loadMask comments-mask\"><img decoding=\"async\" src=\"https:\/\/zdvs.cname.ro\/images\/loader_40.gif\"><\/div>\n<div class=\"comenteaza-jos\">Trebuie s\u0103 fii <a href=\"https:\/\/ziaruldevrancea.ro\/account\">autentificat<\/a> pentru a putea <a href=\"https:\/\/ziaruldevrancea.ro\/timp-liber\/foto-vrancea-premiata-peste-prut\" class data-toggle=\"modal\" data-parent=\"0\" data-target=\"#commentModal\">posta un comentariu<\/a>.<\/div>\n<\/div>\n<div class=\"modal fade\" id=\"commentModal\" role=\"dialog\" aria-labelledby=\"commentModalLabel\">\n<div class=\"modal-dialog modal-lg\" role=\"document\">\n<div class=\"modal-content\">\n<div class=\"modal-header\">\n<h3 class=\"modal-title\" id=\"commentModalLabel\">Comenteaz\u0103<\/h3>\n<\/div>\n<div class=\"modal-body\">\n<div class=\"tabel tabel-full\">\n<div class=\"celula\">\n              Trebuie s\u0103 fii <a href=\"https:\/\/ziaruldevrancea.ro\/account\">autentificat<\/a> pentru a putea posta un comentariu.\n            <\/div>\n<\/div>\n<\/div>\n<div class=\"modal-footer\">\n<div id=\"commentPending\" class=\"formPending pull-left\"><img decoding=\"async\" src=\"https:\/\/zdvs.cname.ro\/images\/loader_40.gif\"> In curs de procesare&#8230;<\/div>\n<p><a href=\"https:\/\/ziaruldevrancea.ro\/timp-liber\/foto-vrancea-premiata-peste-prut\" class=\"btn btn-default\" data-dismiss=\"modal\">Anuleaz\u0103<\/a><\/div>\n<\/div>\n<\/div>\n<\/div>\n<div class=\"modal fade\" id=\"commentReportModal\" role=\"dialog\" aria-labelledby=\"commentReportModalLabel\">\n<div class=\"modal-dialog modal-lg\" role=\"document\">\n<div class=\"modal-content\">\n<div class=\"modal-header\">\n<h3 class=\"modal-title\" id=\"commentReportModalLabel\">Raporteaza comentariu<\/h3>\n<\/div>\n<div class=\"modal-body\">\n<div class=\"tabel tabel-full\">\n<div class=\"celula\">\n              Trebuie s\u0103 fii <a href=\"https:\/\/ziaruldevrancea.ro\/account\">autentificat<\/a> pentru a putea raporta un comentariu.\n            <\/div>\n<\/div>\n<\/div>\n<div class=\"modal-footer\">\n<div id=\"commentReportPending\" class=\"formPending pull-left\"><img decoding=\"async\" src=\"https:\/\/zdvs.cname.ro\/images\/loader_40.gif\"> In curs de procesare&#8230;<\/div>\n<p><a href=\"https:\/\/ziaruldevrancea.ro\/timp-liber\/foto-vrancea-premiata-peste-prut\" class=\"btn btn-default\" data-dismiss=\"modal\">Anuleaz\u0103<\/a><\/div>\n<\/div>\n<\/div>\n<\/div>\n<div class=\"modal fade\" id=\"commentLikeModal\" role=\"dialog\" aria-labelledby=\"commentLikeModalLabel\">\n<div class=\"modal-dialog modal-lg\" role=\"document\">\n<div class=\"modal-content\">\n<div class=\"modal-header\">\n<h3 class=\"modal-title\" id=\"commentReportModalLabel\">Apreciaza comentariu<\/h3>\n<\/div>\n<div class=\"modal-body\">\n<div class=\"tabel tabel-full\">\n<div class=\"celula\">\n            Trebuie s\u0103 fii <a href=\"https:\/\/ziaruldevrancea.ro\/account\">autentificat<\/a> pentru a putea aprecia un comentariu.\n          <\/div>\n<\/div>\n<\/div>\n<div class=\"modal-footer\"><a href=\"https:\/\/ziaruldevrancea.ro\/timp-liber\/foto-vrancea-premiata-peste-prut\" class=\"btn btn-default\" data-dismiss=\"modal\">Anuleaz\u0103<\/a><\/div>\n<\/div>\n<\/div>\n<\/div>\n<div class=\"bloc-widget widget-rosu\"><span><small>Ziarul de Vrancea doreste ca acest site sa fie un spatiu al discutiilor civilizate, al comentariilor de bun simt. Din acest motiv, cei care posteaza comentarii la articole trebuie sa respecte urmatoarele reguli:<br \/>\n1. Sa se refere doar la articolul la care posteaza comentarii.<br \/>\n2. Sa foloseasca un limbaj civilizat, fara injurii, calomnii, comentarii antisemite, xenofobe sau rasiste.<br \/>\n3. Sunt interzise atacurile la adresa autorilor, daca acestea nu au legatura cu textul.<br \/>\n4. Username-ul sa nu fie nume de personalitati ale vietii publice sau parodieri ale acestora.<br \/>\nAutorul unui articol poate fi criticat pentru eventuale greseli, incoerenta, lipsa de documentare etc.<br \/>\nNerespectarea regulilor mentionate mai sus va duce la stergerea comentariilor, fara avertisment si fara explicatii.<br \/>\nAbaterile repetate vor avea drept consecinta interdictia accesului la aceasta facilitate a site-ului.<\/small><\/span><\/div>\n<\/div>\n<p>[analyse_source url=&#8221;https:\/\/ziaruldevrancea.ro\/timp-liber\/foto-vrancea-premiata-peste-prut&#8221;]<\/p>\n","protected":false},"excerpt":{"rendered":"<p>[analyse_image type=&#8221;featured&#8221; src=&#8221;https:\/\/zdvi.cname.ro\/_\/foto-vrancea-premiata-peste-prut\/mediaPool\/uL23lCD.jpg&#8221;] Timp Liber Foto | Vrancea, premiat\u0103 peste Prut Distribuie: \u00a0 | Petre Paraschiv 20 iul 2026742 vizualiz\u0103ri PreviousNext \u00a0Forma\u021bia de fluiera\u0219i \u201eP\u0103ltineanca\u201d din Paltin a c\u00e2\u0219tigat Marele Premiu la Festivalul \u201eNistrule cu ap\u0103 lin\u0103\u201d din Republica Moldova. Ansamblul coordonat de Vasile Darie a ob\u021binut cea mai important\u0103 distinc\u021bie a Festivalului-Concurs Na\u021bional al [&hellip;]<\/p>\n","protected":false},"author":1,"featured_media":0,"comment_status":"open","ping_status":"","sticky":false,"template":"","format":"standard","meta":{"footnotes":""},"categories":[89],"tags":[226,208],"class_list":["post-2067690","post","type-post","status-publish","format-standard","hentry","category-romania","tag-crawlmanager","tag-ziaruldevrancea-ro"],"_links":{"self":[{"href":"https:\/\/analyse.optim.biz\/index.php?rest_route=\/wp\/v2\/posts\/2067690","targetHints":{"allow":["GET"]}}],"collection":[{"href":"https:\/\/analyse.optim.biz\/index.php?rest_route=\/wp\/v2\/posts"}],"about":[{"href":"https:\/\/analyse.optim.biz\/index.php?rest_route=\/wp\/v2\/types\/post"}],"author":[{"embeddable":true,"href":"https:\/\/analyse.optim.biz\/index.php?rest_route=\/wp\/v2\/users\/1"}],"replies":[{"embeddable":true,"href":"https:\/\/analyse.optim.biz\/index.php?rest_route=%2Fwp%2Fv2%2Fcomments&post=2067690"}],"version-history":[{"count":0,"href":"https:\/\/analyse.optim.biz\/index.php?rest_route=\/wp\/v2\/posts\/2067690\/revisions"}],"wp:attachment":[{"href":"https:\/\/analyse.optim.biz\/index.php?rest_route=%2Fwp%2Fv2%2Fmedia&parent=2067690"}],"wp:term":[{"taxonomy":"category","embeddable":true,"href":"https:\/\/analyse.optim.biz\/index.php?rest_route=%2Fwp%2Fv2%2Fcategories&post=2067690"},{"taxonomy":"post_tag","embeddable":true,"href":"https:\/\/analyse.optim.biz\/index.php?rest_route=%2Fwp%2Fv2%2Ftags&post=2067690"}],"curies":[{"name":"wp","href":"https:\/\/api.w.org\/{rel}","templated":true}]}}