{"id":2067685,"date":"2026-07-29T00:00:00","date_gmt":"2026-07-28T21:00:00","guid":{"rendered":"https:\/\/analyse.optim.biz\/?p=2067685"},"modified":"2026-07-29T00:00:00","modified_gmt":"2026-07-28T21:00:00","slug":"calendarul-zilei-de-29-iulie-de-la-primul-desteapta-te-romane-la-prima-medalie-olimpica-de-aur-a-romaniei-reperele-zilei-pe-care-si-vrancenii-merita-sa-le-cunoasca","status":"publish","type":"post","link":"https:\/\/analyse.optim.biz\/?p=2067685","title":{"rendered":"Calendarul zilei de 29 iulie: de la primul \u201eDe\u0219teapt\u0103-te, rom\u00e2ne\u201d la prima medalie olimpic\u0103 de aur a Rom\u00e2niei. Reperele zilei pe care \u0219i vr\u00e2ncenii merit\u0103 s\u0103 le cunoasc\u0103"},"content":{"rendered":"<p>[analyse_image type=&#8221;featured&#8221; src=&#8221;https:\/\/zdvi.cname.ro\/_\/calendarul-zilei-de-29-iulie-de-la-primul-desteapta-te-romane-la-prima-medalie-olimpica-de-aur-a-romaniei.-reperele-zilei-pe-care-si-vrancenii-merita-sa-le-cunoasca\/mediaPool\/uvmQvr7.png&#8221;]<\/p>\n<div class=\"main-content detaliu-articol\"><a class=\"titlu-cat-list\" href=\"https:\/\/ziaruldevrancea.ro\/timp-liber\">Timp Liber<\/a><\/p>\n<h1>Calendarul zilei de 29 iulie: de la primul \u201eDe\u0219teapt\u0103-te, rom\u00e2ne\u201d la prima medalie olimpic\u0103 de aur a Rom\u00e2niei. Reperele zilei pe care \u0219i vr\u00e2ncenii merit\u0103 s\u0103 le cunoasc\u0103<\/h1>\n<div class=\"date-articol clearfix\">\n<div class=\"distribuie-articol dropdown\">\n    Distribuie: \u00a0<br \/>\n    <em>|<\/em><\/div>\n<div class=\"autor-articol\"><a href=\"https:\/\/ziaruldevrancea.ro\/autor\/rodica-condurache\/\"><img decoding=\"async\" class=\"img-circle\" src=\"https:\/\/zdvi.cname.ro\/50_50\/articleAuthor\/rodica-condurache\/articleAuthor\/uy6Kz5r.jpg\" alt><\/a><\/p>\n<h5><a href=\"https:\/\/ziaruldevrancea.ro\/autor\/rodica-condurache\/\">Rodica Condurache<\/a><\/h5>\n<div class=\"grup-spatiere\"><span class=\"cu-spatiere\">29 iul 2026<\/span><span class=\"cu-spatiere\">306 vizualiz\u0103ri<\/span><\/div>\n<\/div>\n<\/div>\n<div class=\"poza-mare\"><a href class=\"openGallery\"><img decoding=\"async\" class=\"img-responsive\" src=\"https:\/\/zdvi.cname.ro\/850_530\/calendarul-zilei-de-29-iulie-de-la-primul-desteapta-te-romane-la-prima-medalie-olimpica-de-aur-a-romaniei.-reperele-zilei-pe-care-si-vrancenii-merita-sa-le-cunoasca\/article\/mediaPool\/uvmQvr7.png\" alt><\/a><\/div>\n<p><strong>29 iulie<\/strong> este cea de-a <strong>210-a zi a anului<\/strong> \u00een calendarul gregorian (211-a \u00een anii bisec\u021bi), iar p\u00e2n\u0103 la finalul anului mai r\u0103m\u00e2n <strong>155 de zile<\/strong>. Data este legat\u0103 de evenimente istorice majore, de na\u0219terea unor personalit\u0103\u021bi care au influen\u021bat cultura, sportul \u0219i \u0219tiin\u021ba, dar \u0219i de dispari\u021bia unor nume importante din patrimoniul universal \u0219i rom\u00e2nesc. Pentru cititorii <strong>Ziarului de Vrancea<\/strong>, calendarul zilei reprezint\u0103 o incursiune \u00een momentele care au modelat lumea \u0219i Rom\u00e2nia.<\/p>\n<p><strong>Rom\u00e2nia, \u00een prim-planul zilei de 29 iulie<\/strong><\/p>\n<p>Una dintre cele mai importante semnifica\u021bii istorice ale acestei date este legat\u0103 de anul <strong>1848<\/strong>, c\u00e2nd \u00een <strong>Parcul Z\u0103voi din R\u00e2mnicu V\u00e2lcea<\/strong> a fost intonat pentru prima dat\u0103 imnul Revolu\u021biei pa\u0219optiste <strong>\u201eDe\u0219teapt\u0103-te, rom\u00e2ne!\u201d<\/strong>, \u00een prezen\u021ba unei numeroase mul\u021bimi. C\u00e2ntecul avea s\u0103 devin\u0103, dup\u0103 Revolu\u021bia din decembrie 1989, <strong>Imnul Na\u021bional al Rom\u00e2niei<\/strong>.<\/p>\n<p>Tot \u00een 1848, <strong>Poarta Otoman\u0103<\/strong> a recunoscut pentru scurt timp legitimitatea Locotenen\u021bei Domne\u0219ti din \u021aara Rom\u00e2neasc\u0103, un episod important al Revolu\u021biei pa\u0219optiste.<\/p>\n<p>La <strong>29 iulie 1857<\/strong> a fost \u00eenfiin\u021bat\u0103 <strong>\u0218coala Na\u021bional\u0103 de Medicin\u0103 \u0219i Farmacie din Bucure\u0219ti<\/strong>, institu\u021bie care a contribuit decisiv la dezvoltarea \u00eenv\u0103\u021b\u0103m\u00e2ntului medical rom\u00e2nesc.<\/p>\n<p>\u00cen timpul R\u0103zboiului de Independen\u021b\u0103, la <strong>29 iulie 1877<\/strong>, principele <strong>Carol I<\/strong> a aprobat construirea unui pod de pontoane peste Dun\u0103re, facilit\u00e2nd opera\u021biunile armatei rom\u00e2ne.<\/p>\n<p>Un alt moment memorabil s-a produs \u00een <strong>1952<\/strong>, c\u00e2nd, la Jocurile Olimpice de la Helsinki, <strong>Iosif S\u00e2rbu<\/strong> a c\u00e2\u0219tigat prima medalie olimpic\u0103 de aur din istoria Rom\u00e2niei, la proba de tir.<\/p>\n<p>\u00cen <strong>1946<\/strong> \u00eencepea la Paris Conferin\u021ba de Pace la care Rom\u00e2nia participa al\u0103turi de alte state europene \u00een vederea stabilirii tratatelor de dup\u0103 cel de-Al Doilea R\u0103zboi Mondial, iar \u00een <strong>1947<\/strong> era dizolvat Partidul Na\u021bional \u021a\u0103r\u0103nesc.<\/p>\n<p><strong>Evenimente importante din lume<\/strong><\/p>\n<p>Printre cele mai cunoscute evenimente petrecute \u00eentr-o zi de 29 iulie se num\u0103r\u0103:<\/p>\n<ul>\n<li><strong>1565<\/strong> \u2013 Maria Stuart, regina Sco\u021biei, se c\u0103s\u0103tore\u0219te cu Henric Stuart (Lord Darnley);<\/li>\n<li><strong>1836<\/strong> \u2013 este inaugurat Arcul de Triumf din Paris;<\/li>\n<li><strong>1957<\/strong> \u2013 \u00ee\u0219i \u00eencepe activitatea Agen\u021bia Interna\u021bional\u0103 pentru Energie Atomic\u0103 (AIEA);<\/li>\n<li><strong>1958<\/strong> \u2013 este creat\u0103 oficial NASA, agen\u021bia spa\u021bial\u0103 american\u0103;<\/li>\n<li><strong>1981<\/strong> \u2013 are loc nunta Prin\u021bului Charles cu Lady Diana Spencer;<\/li>\n<li><strong>1984<\/strong> \u2013 \u00eencepe Olimpiada de la Los Angeles, competi\u021bie \u00een care Rom\u00e2nia avea s\u0103 ob\u021bin\u0103 un rezultat istoric: 53 de medalii, dintre care 20 de aur;<\/li>\n<li><strong>1994<\/strong> \u2013 este adoptat\u0103 prima Constitu\u021bie a Republicii Moldova;<\/li>\n<li><strong>2005<\/strong> \u2013 astronomii anun\u021b\u0103 descoperirea planetei pitice <strong>Eris<\/strong>, una dintre cele mai importante descoperiri astronomice ale \u00eenceputului de secol XXI.<\/li>\n<\/ul>\n<p><strong>Personalit\u0103\u021bi n\u0103scute pe 29 iulie<\/strong><\/p>\n<p>Aceast\u0103 zi marcheaz\u0103 aniversarea unor personalit\u0103\u021bi importante:<\/p>\n<ul>\n<li><strong>Victor Ion Popa<\/strong> (1895), dramaturg \u0219i prozator rom\u00e2n;<\/li>\n<li><strong>Nicolae Steinhardt<\/strong> (1912), scriitor \u0219i monah rom\u00e2n;<\/li>\n<li><strong>Carmen St\u0103nescu<\/strong> (1925), una dintre marile actri\u021be ale teatrului rom\u00e2nesc;<\/li>\n<li><strong>Maricica Puic\u0103<\/strong> (1950), campioan\u0103 olimpic\u0103 la atletism;<\/li>\n<li><strong>Radu Voina<\/strong> (1950), fost mare handbalist \u0219i antrenor;<\/li>\n<li><strong>Marius Tuc\u0103<\/strong> (1966), jurnalist;<\/li>\n<li><strong>Fernando Alonso<\/strong> (1981), dublu campion mondial de Formula 1;<\/li>\n<li><strong>Dorin Rotariu<\/strong> (1995), fotbalist rom\u00e2n.<\/li>\n<\/ul>\n<p><strong>Personalit\u0103\u021bi comemorate la 29 iulie<\/strong><\/p>\n<p>Ziua de 29 iulie aminte\u0219te \u0219i de dispari\u021bia unor figuri marcante ale culturii \u0219i artei:<\/p>\n<ul>\n<li><strong>Robert Schumann<\/strong> (1856), compozitor german;<\/li>\n<li><strong>Vincent van Gogh<\/strong> (1890), unul dintre cei mai influen\u021bi pictori ai lumii;<\/li>\n<li><strong>Ion C. Pena<\/strong> (1944), poet \u0219i publicist rom\u00e2n;<\/li>\n<li><strong>Ionel Perlea<\/strong> (1970), compozitor \u0219i dirijor rom\u00e2n;<\/li>\n<li><strong>Luis Bu\u00f1uel<\/strong> (1983), regizor spaniol;<\/li>\n<li><strong>David Niven<\/strong> (1983), actor britanic;<\/li>\n<li><strong>Lucia Demetrius<\/strong> (1992), prozatoare \u0219i dramaturg rom\u00e2n.<\/li>\n<\/ul>\n<p>Calendarul zilei de <strong>29 iulie<\/strong> reune\u0219te astfel momente definitorii pentru istoria Rom\u00e2niei \u0219i a lumii, performan\u021be sportive remarcabile, evenimente politice, descoperiri \u0219tiin\u021bifice \u0219i anivers\u0103rile unor personalit\u0103\u021bi care continu\u0103 s\u0103 inspire genera\u021bii \u00eentregi. Pentru vr\u00e2nceni, asemenea repere istorice reprezint\u0103 o bun\u0103 ocazie de a redescoperi trecutul \u0219i de a \u00een\u021belege mai bine leg\u0103tura dintre istorie \u0219i prezent.<\/p>\n<hr>\n<div class=\"bloc-widget widget-rosu\">\n<p>\u00cen lipsa unui acord scris din partea Ziarului de Vrancea, pute\u0163i prelua maxim 500 de caractere din acest articol dac\u0103 preciza\u0163i sursa \u015fi insera\u0163i vizibil link-ul articolului:\u00a0<span>#insertcurrentlinkhere<\/span><\/p>\n<\/div>\n<div class=\"extra-articol listing-anunturi\">\n<h6>Anun\u021buri <span class=\"text-primary\">ZdV<\/span> Premium<\/h6>\n<div class=\"row\">\n<div class=\"col-lg-4 col-md-6 bloc-egal\"><a class=\"card-anunt\" href=\"https:\/\/ziaruldevrancea.ro\/anunturi\/imobiliare\/vanzari-terenuri\/vand-teren-in-panciu\"><strong class=\"titlu\">V\u00e2nz\u0103ri terenuri<\/strong><span class=\"text-anunt\">Teren Panciu 1170 mp, cu num\u0103r cas\u0103, ap\u0103&#8230;<\/span><span class=\"data-anunt\">29.07.2026  <\/span><\/a><\/div>\n<div class=\"col-lg-4 col-md-6 bloc-egal\"><a class=\"card-anunt\" href=\"https:\/\/ziaruldevrancea.ro\/anunturi\/necrolog\/decese\/drum-lin-catre-ingeri-in-Imparatia-bunului-dumnezeu\"><strong class=\"titlu\">Decese<\/strong><span class=\"text-anunt\">At\u00e2t de fulger\u0103tor&#8230;incredibil!<\/p>\n<p>Tat\u0103l&#8230;<\/span><span class=\"data-anunt\">28.07.2026  <\/span><\/a><\/div>\n<div class=\"col-lg-4 col-md-6 bloc-egal\"><a class=\"card-anunt\" href=\"https:\/\/ziaruldevrancea.ro\/anunturi\/necrolog\/decese\/dumnezeu-sa-o-aseze-in-randul-celor-drepti\"><strong class=\"titlu\">Decese<\/strong><span class=\"text-anunt\">Cu profund\u0103 durere, familia anun\u021b\u0103 trecerea la&#8230;<\/span><span class=\"data-anunt\">28.07.2026  <\/span><\/a><\/div>\n<\/div>\n<\/div>\n<div class=\"extra-articol alte-articole\">\n<div class=\"row\">\n<div class=\"col-lg-6 bloc-egal\">\n<div class=\"card articol-listing\">\n<h6>\u00cen categoria <a href=\"https:\/\/ziaruldevrancea.ro\/timp-liber\">Timp Liber<\/a><\/h6>\n<div class=\"grup-articol-listing\">\n<div class=\"cont-pils\"><a href=\"https:\/\/ziaruldevrancea.ro\/timp-liber\/horoscop-29-iulie-2026\"><img decoding=\"async\" src=\"https:\/\/zdvi.cname.ro\/180_135\/timp-liber\/horoscop-29-iulie-2026\/mediaPool\/uA8enxT.jpg\" class=\"img-responsive img-180\" alt><\/a><\/div>\n<h2><a class=\"link-titlu\" href=\"https:\/\/ziaruldevrancea.ro\/timp-liber\/horoscop-29-iulie-2026\">Horoscop 29 iulie 2026 <\/a><\/h2>\n<div class=\"date-post\"><a href=\"https:\/\/ziaruldevrancea.ro\/autor\/rodica-condurache\">Rodica Condurache<\/a>, 29 iul 2026  <\/div>\n<\/div>\n<div class=\"grup-articol-listing\">\n<div class=\"cont-pils\"><a href=\"https:\/\/ziaruldevrancea.ro\/timp-liber\/calendarul-zilei-de-28-iulie-ziua-in-care-a-inceput-primul-razboi-mondial.-evenimente-care-au-schimbat-lumea-personalitati-marcante-nascute-in-aceasta-zi-si-figuri-importante-care-au-ramas-in-istorie\"><img decoding=\"async\" src=\"https:\/\/zdvi.cname.ro\/180_135\/timp-liber\/calendarul-zilei-de-28-iulie-ziua-in-care-a-inceput-primul-razboi-mondial.-evenimente-care-au-schimbat-lumea-personalitati-marcante-nascute-in-aceasta-zi-si-figuri-importante-care-au-ramas-in-istorie\/mediaPool\/udFETKi.jpg\" class=\"img-responsive img-180\" alt><\/a><\/div>\n<h2><a class=\"link-titlu\" href=\"https:\/\/ziaruldevrancea.ro\/timp-liber\/calendarul-zilei-de-28-iulie-ziua-in-care-a-inceput-primul-razboi-mondial.-evenimente-care-au-schimbat-lumea-personalitati-marcante-nascute-in-aceasta-zi-si-figuri-importante-care-au-ramas-in-istorie\">Calendarul zilei de 28 iulie: Ziua \u00een care a \u00eenceput Primul R\u0103zboi Mondial. Evenimente care au schimbat lumea, personalit\u0103\u021bi marcante n\u0103scute \u00een aceast\u0103 zi \u0219i figuri importante care au r\u0103mas \u00een istorie<\/a><\/h2>\n<div class=\"date-post\"><a href=\"https:\/\/ziaruldevrancea.ro\/autor\/rodica-condurache\">Rodica Condurache<\/a>, 28 iul 2026  <\/div>\n<\/div>\n<div class=\"grup-articol-listing\">\n<div class=\"cont-pils\"><a href=\"https:\/\/ziaruldevrancea.ro\/timp-liber\/calendarul-zilei-de-27-iunie-ziua-in-care-romania-a-intrat-in-razboi-iar-episcopul-martir-ioan-suciu-a-intrat-in-vesnicie-reperele-istorice-ale-zilei\"><img decoding=\"async\" src=\"https:\/\/zdvi.cname.ro\/180_135\/timp-liber\/calendarul-zilei-de-27-iunie-ziua-in-care-romania-a-intrat-in-razboi-iar-episcopul-martir-ioan-suciu-a-intrat-in-vesnicie-reperele-istorice-ale-zilei\/mediaPool\/uILbxkc.PNG\" class=\"img-responsive img-180\" alt><\/a><\/div>\n<h2><a class=\"link-titlu\" href=\"https:\/\/ziaruldevrancea.ro\/timp-liber\/calendarul-zilei-de-27-iunie-ziua-in-care-romania-a-intrat-in-razboi-iar-episcopul-martir-ioan-suciu-a-intrat-in-vesnicie-reperele-istorice-ale-zilei\">Calendarul zilei de 27 iunie: ziua \u00een care Rom\u00e2nia a intrat \u00een r\u0103zboi, iar episcopul martir Ioan Suciu a intrat \u00een ve\u0219nicie | Reperele istorice ale zilei<\/a><\/h2>\n<div class=\"date-post\"><a href=\"https:\/\/ziaruldevrancea.ro\/autor\/rodica-condurache\">Rodica Condurache<\/a>, 27 iul 2026  <\/div>\n<\/div>\n<\/div>\n<\/div>\n<div class=\"col-lg-6 bloc-egal\">\n<div class=\"card articol-listing\">\n<h6>De acela\u0219i <a href=\"https:\/\/ziaruldevrancea.ro\/autor\/rodica-condurache\/\">autor<\/a><\/h6>\n<div class=\"grup-articol-listing\">\n<div class=\"cont-pils\"><a href=\"https:\/\/ziaruldevrancea.ro\/actualitatea\/stiri-locale\/prima-pagina-a-editiei-tiparite-a-ziarului-de-vrancea-de-astazi-29-iulie-2026-investitii-oameni-sanatate-si-memoria-comunitatii\"><img decoding=\"async\" src=\"https:\/\/zdvi.cname.ro\/180_135\/actualitatea\/stiri-locale\/prima-pagina-a-editiei-tiparite-a-ziarului-de-vrancea-de-astazi-29-iulie-2026-investitii-oameni-sanatate-si-memoria-comunitatii\/mediaPool\/u86V8F8.jpg\" class=\"img-responsive img-180\" alt><\/a><\/div>\n<h2><a class=\"link-titlu\" href=\"https:\/\/ziaruldevrancea.ro\/actualitatea\/stiri-locale\/prima-pagina-a-editiei-tiparite-a-ziarului-de-vrancea-de-astazi-29-iulie-2026-investitii-oameni-sanatate-si-memoria-comunitatii\">Prima pagin\u0103 a edi\u021biei tip\u0103rite a Ziarului de Vrancea de ast\u0103zi, 29 iulie 2026: investi\u021bii, oameni, s\u0103n\u0103tate \u0219i memoria comunit\u0103\u021bii<\/a><\/h2>\n<div class=\"date-post\"><a href=\"https:\/\/ziaruldevrancea.ro\/autor\/rodica-condurache\">Rodica Condurache<\/a>, 29 iul 2026  <\/div>\n<\/div>\n<div class=\"grup-articol-listing\">\n<div class=\"cont-pils\"><a href=\"https:\/\/ziaruldevrancea.ro\/special\/educatie\/astazi-despre-fondatorul-unor-ramuri-noi-ale-chimiei-academicianul-costin-d.-nenitescu\"><img decoding=\"async\" src=\"https:\/\/zdvi.cname.ro\/180_135\/special\/educatie\/astazi-despre-fondatorul-unor-ramuri-noi-ale-chimiei-academicianul-costin-d.-nenitescu\/mediaPool\/uRJvAjd.jpg\" class=\"img-responsive img-180\" alt><\/a><\/div>\n<h2><a class=\"link-titlu\" href=\"https:\/\/ziaruldevrancea.ro\/special\/educatie\/astazi-despre-fondatorul-unor-ramuri-noi-ale-chimiei-academicianul-costin-d.-nenitescu\">Ast\u0103zi despre fondatorul unor ramuri noi ale chimiei: Academicianul Costin D. Neni\u021bescu. La 26 de ani a publicat prima edi\u021bie din cele dou\u0103 tratate \u201eChimie organic\u0103\u201d \u0219i \u201eChimie general\u0103\u201d dup\u0103 care peste 40 de genera\u021bii au \u00eenv\u0103\u021bat \u0219i \u00eenc\u0103 \u00eenva\u021b\u0103 <\/a><\/h2>\n<div class=\"date-post\"><a href=\"https:\/\/ziaruldevrancea.ro\/autor\/rodica-condurache\">Rodica Condurache<\/a>, 29 iul 2026  <\/div>\n<\/div>\n<div class=\"grup-articol-listing\">\n<div class=\"cont-pils\"><a href=\"https:\/\/ziaruldevrancea.ro\/special\/economic\/mozaic-Stiri-economice-termenul-de-achizitie-a-locuintelor-cu-tva-redus-a-fost-prelungit\"><img decoding=\"async\" src=\"https:\/\/zdvi.cname.ro\/180_135\/special\/economic\/mozaic-Stiri-economice-termenul-de-achizitie-a-locuintelor-cu-tva-redus-a-fost-prelungit\/mediaPool\/uFd4xKk.jpg\" class=\"img-responsive img-180\" alt><\/a><\/div>\n<h2><a class=\"link-titlu\" href=\"https:\/\/ziaruldevrancea.ro\/special\/economic\/mozaic-Stiri-economice-termenul-de-achizitie-a-locuintelor-cu-tva-redus-a-fost-prelungit\">MOZAIC \u0218TIRI ECONOMICE: Termenul de achizi\u021bie a locuin\u021belor cu TVA redus a fost prelungit <\/a><\/h2>\n<div class=\"date-post\"><a href=\"https:\/\/ziaruldevrancea.ro\/autor\/rodica-condurache\">Rodica Condurache<\/a>, 28 iul 2026  <\/div>\n<\/div>\n<\/div>\n<\/div>\n<\/div>\n<\/div>\n<div class=\"extra-articol listing-anunturi\">\n<h6>Anun\u021buri <span class=\"text-primary\">ZdV<\/span> Premium<\/h6>\n<div class=\"row\">\n<div class=\"col-lg-4 col-md-6 bloc-egal\"><a class=\"card-anunt\" href=\"https:\/\/ziaruldevrancea.ro\/anunturi\/imobiliare\/vanzari-case\/vand-casa-si-teren-in-panciu-anunt-72818\"><strong class=\"titlu\">V\u00e2nz\u0103ri case<\/strong><span class=\"text-anunt\">V\u00e2nd cas\u0103 cu 2 camere, buc\u0103t\u0103rie, baie,&#8230;<\/span><span class=\"data-anunt\">23.07.2026  <\/span><\/a><\/div>\n<div class=\"col-lg-4 col-md-6 bloc-egal\"><a class=\"card-anunt\" href=\"https:\/\/ziaruldevrancea.ro\/anunturi\/angajari\/cereri-angajari\/doresc-angajare-anunt-72815\"><strong class=\"titlu\">Cereri<\/strong><span class=\"text-anunt\">Doresc s\u0103 am grij\u0103 de un copil de gradini\u021b\u0103&#8230;<\/span><span class=\"data-anunt\">21.07.2026  <\/span><\/a><\/div>\n<div class=\"col-lg-4 col-md-6 bloc-egal\"><a class=\"card-anunt\" href=\"https:\/\/ziaruldevrancea.ro\/anunturi\/inchirieri\/locuinte-oferte\/primesc-in-gazda-anunt-72816\"><strong class=\"titlu\">Locuin\u021be oferte<\/strong><span class=\"text-anunt\">\u00a0Primesc \u00een gazd\u0103 la cas\u0103.<\/p>\n<p>Tel&#8230;.<\/span><span class=\"data-anunt\">21.07.2026  <\/span><\/a><\/div>\n<\/div>\n<\/div>\n<div class=\"bloc-widget widget-albastru\">\n    Ziarul de Vrancea \u00a0nu este responsabil juridic pentru con\u0163inutul textelor din comentariile de mai jos. Responsabilitatea pentru mesajele dumneavoastra v\u0103 revine \u00een exclusivitate.\n<\/div>\n<div class=\"comentarii-articol\" id=\"comentarii\">\n<h3>Comentarii: <span class=\"text-primary\">0<\/span><\/h3>\n<p><a href=\"https:\/\/ziaruldevrancea.ro\/timp-liber\/calendarul-zilei-de-29-iulie-de-la-primul-desteapta-te-romane-la-prima-medalie-olimpica-de-aur-a-romaniei.-reperele-zilei-pe-care-si-vrancenii-merita-sa-le-cunoasca\" class=\"btn btn-success btn-adauga-com\" data-toggle=\"modal\" data-parent=\"0\" data-target=\"#commentModal\">Adaug\u0103 comentariu<\/a><\/p>\n<div class=\"loadMask comments-mask\"><img decoding=\"async\" src=\"https:\/\/zdvs.cname.ro\/images\/loader_40.gif\"><\/div>\n<div class=\"comenteaza-jos\">Trebuie s\u0103 fii <a href=\"https:\/\/ziaruldevrancea.ro\/account\">autentificat<\/a> pentru a putea <a href=\"https:\/\/ziaruldevrancea.ro\/timp-liber\/calendarul-zilei-de-29-iulie-de-la-primul-desteapta-te-romane-la-prima-medalie-olimpica-de-aur-a-romaniei.-reperele-zilei-pe-care-si-vrancenii-merita-sa-le-cunoasca\" class data-toggle=\"modal\" data-parent=\"0\" data-target=\"#commentModal\">posta un comentariu<\/a>.<\/div>\n<\/div>\n<div class=\"modal fade\" id=\"commentModal\" role=\"dialog\" aria-labelledby=\"commentModalLabel\">\n<div class=\"modal-dialog modal-lg\" role=\"document\">\n<div class=\"modal-content\">\n<div class=\"modal-header\">\n<h3 class=\"modal-title\" id=\"commentModalLabel\">Comenteaz\u0103<\/h3>\n<\/div>\n<div class=\"modal-body\">\n<div class=\"tabel tabel-full\">\n<div class=\"celula\">\n              Trebuie s\u0103 fii <a href=\"https:\/\/ziaruldevrancea.ro\/account\">autentificat<\/a> pentru a putea posta un comentariu.\n            <\/div>\n<\/div>\n<\/div>\n<div class=\"modal-footer\">\n<div id=\"commentPending\" class=\"formPending pull-left\"><img decoding=\"async\" src=\"https:\/\/zdvs.cname.ro\/images\/loader_40.gif\"> In curs de procesare&#8230;<\/div>\n<p><a href=\"https:\/\/ziaruldevrancea.ro\/timp-liber\/calendarul-zilei-de-29-iulie-de-la-primul-desteapta-te-romane-la-prima-medalie-olimpica-de-aur-a-romaniei.-reperele-zilei-pe-care-si-vrancenii-merita-sa-le-cunoasca\" class=\"btn btn-default\" data-dismiss=\"modal\">Anuleaz\u0103<\/a><\/div>\n<\/div>\n<\/div>\n<\/div>\n<div class=\"modal fade\" id=\"commentReportModal\" role=\"dialog\" aria-labelledby=\"commentReportModalLabel\">\n<div class=\"modal-dialog modal-lg\" role=\"document\">\n<div class=\"modal-content\">\n<div class=\"modal-header\">\n<h3 class=\"modal-title\" id=\"commentReportModalLabel\">Raporteaza comentariu<\/h3>\n<\/div>\n<div class=\"modal-body\">\n<div class=\"tabel tabel-full\">\n<div class=\"celula\">\n              Trebuie s\u0103 fii <a href=\"https:\/\/ziaruldevrancea.ro\/account\">autentificat<\/a> pentru a putea raporta un comentariu.\n            <\/div>\n<\/div>\n<\/div>\n<div class=\"modal-footer\">\n<div id=\"commentReportPending\" class=\"formPending pull-left\"><img decoding=\"async\" src=\"https:\/\/zdvs.cname.ro\/images\/loader_40.gif\"> In curs de procesare&#8230;<\/div>\n<p><a href=\"https:\/\/ziaruldevrancea.ro\/timp-liber\/calendarul-zilei-de-29-iulie-de-la-primul-desteapta-te-romane-la-prima-medalie-olimpica-de-aur-a-romaniei.-reperele-zilei-pe-care-si-vrancenii-merita-sa-le-cunoasca\" class=\"btn btn-default\" data-dismiss=\"modal\">Anuleaz\u0103<\/a><\/div>\n<\/div>\n<\/div>\n<\/div>\n<div class=\"modal fade\" id=\"commentLikeModal\" role=\"dialog\" aria-labelledby=\"commentLikeModalLabel\">\n<div class=\"modal-dialog modal-lg\" role=\"document\">\n<div class=\"modal-content\">\n<div class=\"modal-header\">\n<h3 class=\"modal-title\" id=\"commentReportModalLabel\">Apreciaza comentariu<\/h3>\n<\/div>\n<div class=\"modal-body\">\n<div class=\"tabel tabel-full\">\n<div class=\"celula\">\n            Trebuie s\u0103 fii <a href=\"https:\/\/ziaruldevrancea.ro\/account\">autentificat<\/a> pentru a putea aprecia un comentariu.\n          <\/div>\n<\/div>\n<\/div>\n<div class=\"modal-footer\"><a href=\"https:\/\/ziaruldevrancea.ro\/timp-liber\/calendarul-zilei-de-29-iulie-de-la-primul-desteapta-te-romane-la-prima-medalie-olimpica-de-aur-a-romaniei.-reperele-zilei-pe-care-si-vrancenii-merita-sa-le-cunoasca\" class=\"btn btn-default\" data-dismiss=\"modal\">Anuleaz\u0103<\/a><\/div>\n<\/div>\n<\/div>\n<\/div>\n<div class=\"bloc-widget widget-rosu\"><span><small>Ziarul de Vrancea doreste ca acest site sa fie un spatiu al discutiilor civilizate, al comentariilor de bun simt. Din acest motiv, cei care posteaza comentarii la articole trebuie sa respecte urmatoarele reguli:<br \/>\n1. Sa se refere doar la articolul la care posteaza comentarii.<br \/>\n2. Sa foloseasca un limbaj civilizat, fara injurii, calomnii, comentarii antisemite, xenofobe sau rasiste.<br \/>\n3. Sunt interzise atacurile la adresa autorilor, daca acestea nu au legatura cu textul.<br \/>\n4. Username-ul sa nu fie nume de personalitati ale vietii publice sau parodieri ale acestora.<br \/>\nAutorul unui articol poate fi criticat pentru eventuale greseli, incoerenta, lipsa de documentare etc.<br \/>\nNerespectarea regulilor mentionate mai sus va duce la stergerea comentariilor, fara avertisment si fara explicatii.<br \/>\nAbaterile repetate vor avea drept consecinta interdictia accesului la aceasta facilitate a site-ului.<\/small><\/span><\/div>\n<\/div>\n<p>[analyse_source url=&#8221;https:\/\/ziaruldevrancea.ro\/timp-liber\/calendarul-zilei-de-29-iulie-de-la-primul-desteapta-te-romane-la-prima-medalie-olimpica-de-aur-a-romaniei.-reperele-zilei-pe-care-si-vrancenii-merita-sa-le-cunoasca&#8221;]<\/p>\n","protected":false},"excerpt":{"rendered":"<p>[analyse_image type=&#8221;featured&#8221; src=&#8221;https:\/\/zdvi.cname.ro\/_\/calendarul-zilei-de-29-iulie-de-la-primul-desteapta-te-romane-la-prima-medalie-olimpica-de-aur-a-romaniei.-reperele-zilei-pe-care-si-vrancenii-merita-sa-le-cunoasca\/mediaPool\/uvmQvr7.png&#8221;] Timp Liber Calendarul zilei de 29 iulie: de la primul \u201eDe\u0219teapt\u0103-te, rom\u00e2ne\u201d la prima medalie olimpic\u0103 de aur a Rom\u00e2niei. Reperele zilei pe care \u0219i vr\u00e2ncenii merit\u0103 s\u0103 le cunoasc\u0103 Distribuie: \u00a0 | Rodica Condurache 29 iul 2026306 vizualiz\u0103ri 29 iulie este cea de-a 210-a zi a anului \u00een calendarul gregorian (211-a [&hellip;]<\/p>\n","protected":false},"author":1,"featured_media":0,"comment_status":"open","ping_status":"","sticky":false,"template":"","format":"standard","meta":{"footnotes":""},"categories":[89],"tags":[226,208],"class_list":["post-2067685","post","type-post","status-publish","format-standard","hentry","category-romania","tag-crawlmanager","tag-ziaruldevrancea-ro"],"_links":{"self":[{"href":"https:\/\/analyse.optim.biz\/index.php?rest_route=\/wp\/v2\/posts\/2067685","targetHints":{"allow":["GET"]}}],"collection":[{"href":"https:\/\/analyse.optim.biz\/index.php?rest_route=\/wp\/v2\/posts"}],"about":[{"href":"https:\/\/analyse.optim.biz\/index.php?rest_route=\/wp\/v2\/types\/post"}],"author":[{"embeddable":true,"href":"https:\/\/analyse.optim.biz\/index.php?rest_route=\/wp\/v2\/users\/1"}],"replies":[{"embeddable":true,"href":"https:\/\/analyse.optim.biz\/index.php?rest_route=%2Fwp%2Fv2%2Fcomments&post=2067685"}],"version-history":[{"count":0,"href":"https:\/\/analyse.optim.biz\/index.php?rest_route=\/wp\/v2\/posts\/2067685\/revisions"}],"wp:attachment":[{"href":"https:\/\/analyse.optim.biz\/index.php?rest_route=%2Fwp%2Fv2%2Fmedia&parent=2067685"}],"wp:term":[{"taxonomy":"category","embeddable":true,"href":"https:\/\/analyse.optim.biz\/index.php?rest_route=%2Fwp%2Fv2%2Fcategories&post=2067685"},{"taxonomy":"post_tag","embeddable":true,"href":"https:\/\/analyse.optim.biz\/index.php?rest_route=%2Fwp%2Fv2%2Ftags&post=2067685"}],"curies":[{"name":"wp","href":"https:\/\/api.w.org\/{rel}","templated":true}]}}